{"id":96089,"date":"2025-03-24T10:20:50","date_gmt":"2025-03-24T14:20:50","guid":{"rendered":"https:\/\/lasprimeras.com.do\/?p=96089"},"modified":"2025-03-25T10:24:21","modified_gmt":"2025-03-25T14:24:21","slug":"comision-especial-escoge-las-ternas-para-elegir-a-los-integrantes-de-la-camara-de-cuentas","status":"publish","type":"post","link":"https:\/\/lasprimeras.com.do\/index.php\/2025\/03\/24\/comision-especial-escoge-las-ternas-para-elegir-a-los-integrantes-de-la-camara-de-cuentas\/","title":{"rendered":"Comisi\u00f3n Especial escoge las ternas para elegir a los integrantes de la C\u00e1mara de Cuentas"},"content":{"rendered":"\n<p>La Comisi\u00f3n Permanente de C\u00e1mara de Cuentas de la C\u00e1mara de Diputados, seleccion\u00f3 este lunes a los integrantes de las cinco ternas que ser\u00e1n presentadas al pleno del organismo para la escogencia de los miembros de la C\u00e1mara de Cuentas.<\/p>\n\n\n\n<p>Aunque la comisi\u00f3n que preside el diputado Rogelio Alfonso Genao no ha presentado a\u00fan de manera oficial el informe, Panorama tuvo acceso al documento.<\/p>\n\n\n\n<p>A continuaci\u00f3n, presentamos las 5 ternas organizadas en orden alfab\u00e9tico por apellido en cada quinteto:<\/p>\n\n\n\n<p>Quinteto 1<\/p>\n\n\n\n<p>-Francisco Alberto Franco Soto<\/p>\n\n\n\n<p>-Ces\u00e1reo Radham\u00e9s Guillermo Veloz<\/p>\n\n\n\n<p>-Yira Manuela Henr\u00edquez de S\u00e1nchez<\/p>\n\n\n\n<p>-Delta Corkidis Paniagua Feliz<\/p>\n\n\n\n<p>-Yovanny Abrahan Tabar Rosario<\/p>\n\n\n\n<p>Quinteto 2<\/p>\n\n\n\n<p>-Ferdinan De Le\u00f3n<\/p>\n\n\n\n<p>-Claudio Dur\u00e1n Hilario<\/p>\n\n\n\n<p>-Mar\u00eda Aurelina Est\u00e9vez Abreu<\/p>\n\n\n\n<p>-Emma Polanco Melo de Mercedes<\/p>\n\n\n\n<p>-Jos\u00e9 Miguel V\u00e1squez Garc\u00eda<\/p>\n\n\n\n<p>Quinteto 3<\/p>\n\n\n\n<p>-Charles Isaac Betances Tejada<\/p>\n\n\n\n<p>-Yrcania Ibelice Casado Pimentel<\/p>\n\n\n\n<p>-Pablo Gonz\u00e1lez Suberv\u00ed<\/p>\n\n\n\n<p>-Maribel del Carmen Reyes Morillo<\/p>\n\n\n\n<p>-Francisco Tam\u00e1rez Florentino<\/p>\n\n\n\n<p>Quinteto 4<\/p>\n\n\n\n<p>-Rayner Jos\u00e9 Castillo Mart\u00ednez<\/p>\n\n\n\n<p>-Edward Manuel L\u00f3pez Ulloa<\/p>\n\n\n\n<p>-Ram\u00f3n M\u00e9ndez Acosta<\/p>\n\n\n\n<p>-Ivanna Rodr\u00edguez Hern\u00e1ndez<\/p>\n\n\n\n<p>-Enelia Santos de los Santos<\/p>\n\n\n\n<p>Quinteto 5<\/p>\n\n\n\n<p>-Claudia Catherine \u00c1lvarez Troncoso<\/p>\n\n\n\n<p>-Francisco Fa\u00f1a Mart\u00ednez<\/p>\n\n\n\n<p>-Jos\u00e9 Miguel Fern\u00e1ndez de la Cruz<\/p>\n\n\n\n<p>-Griselda G\u00f3mez Santana<\/p>\n\n\n\n<p>-Yv\u00e1n Lenin Yvanovick Rosario Contreras<\/p>\n\n\n\n<p>De acuerdo con las disposiciones de la Constituci\u00f3n de la Rep\u00fablica Dominicana, en su Art\u00edculo 248, se establece que los Miembros de la C\u00e1mara de Cuentas ser\u00e1n \u201celegidos por el Senado de la Rep\u00fablica de las ternas que le presente la C\u00e1mara de Diputados, por un per\u00edodo de cuatro a\u00f1os y permanecer\u00e1n en sus funciones hasta que sean designados sus sustitutos\u201d.<\/p>\n\n\n\n<p>Luego, el Senado de la Rep\u00fablica conforma una Comisi\u00f3n Especial para la evaluaci\u00f3n del informe remitido por la C\u00e1mara de Diputados y selecci\u00f3n de los miembros de la C\u00e1mara de Cuentas.<\/p>\n\n\n\n<p>La Comisi\u00f3n Especial del Senado somete los aspirantes a una evaluaci\u00f3n, rinde un informe favorable al pleno senatorial sobre el proceso de estudio y an\u00e1lisis de las ternas enviadas por la C\u00e1mara de Diputados y presenta los cinco aspirantes seleccionados para ser miembros del organismo de fiscalizaci\u00f3n externa del Estado.<\/p>\n\n\n\n<p>Finalmente, el Senado de la Rep\u00fablica aprueba el informe de la Comisi\u00f3n Especial y la selecci\u00f3n de los Miembros de la C\u00e1mara de Cuentas.<\/p>\n","protected":false},"excerpt":{"rendered":"<p>La Comisi\u00f3n Permanente de C\u00e1mara de Cuentas de la C\u00e1mara de Diputados, seleccion\u00f3 este lunes a los integrantes de las cinco ternas que ser\u00e1n presentadas al pleno del organismo para&hellip;<\/p>\n","protected":false},"author":10,"featured_media":96090,"comment_status":"open","ping_status":"open","sticky":false,"template":"","format":"standard","meta":{"content-type":"","jetpack_post_was_ever_published":false,"_jetpack_newsletter_access":"","_jetpack_dont_email_post_to_subs":false,"_jetpack_newsletter_tier_id":0,"_jetpack_memberships_contains_paywalled_content":false,"_jetpack_memberships_contains_paid_content":false,"footnotes":""},"categories":[35,25],"tags":[340,10366,4487,18391],"class_list":["post-96089","post","type-post","status-publish","format-standard","has-post-thumbnail","hentry","category-nacionales","category-portada","tag-camara-de-cuentas","tag-comision-especial","tag-integrantes","tag-ternas"],"jetpack_featured_media_url":"https:\/\/lasprimeras.com.do\/wp-content\/uploads\/2025\/03\/camara-diputados.jpg","jetpack-related-posts":[{"id":96476,"url":"https:\/\/lasprimeras.com.do\/index.php\/2025\/04\/01\/concluye-entrevistas-a-postulantes-a-dirigir-camara-de-cuentas-2024-2028\/","url_meta":{"origin":96089,"position":0},"title":"Concluye entrevistas a postulantes a dirigir C\u00e1mara de Cuentas 2024-2028","author":"Nelson Feliz","date":"1 de abril de 2025","format":false,"excerpt":"El presidente de la comisi\u00f3n inform\u00f3 que los miembros de la comisi\u00f3n se reunir\u00e1n ma\u00f1ana martes a las 10:00 am para analizar cinco ternas cada una de ellas compuestas por tres aspirante. Por Adalgisa S\u00e1nchez La Comisi\u00f3n Especial del Senado que estudia las ternas conformadas para la elecci\u00f3n de los\u2026","rel":"","context":"En \u00abNACIONALES\u00bb","block_context":{"text":"NACIONALES","link":"https:\/\/lasprimeras.com.do\/index.php\/category\/nacionales\/"},"img":{"alt_text":"","src":"https:\/\/i0.wp.com\/lasprimeras.com.do\/wp-content\/uploads\/2025\/04\/comision.jpg?resize=350%2C200&ssl=1","width":350,"height":200,"srcset":"https:\/\/i0.wp.com\/lasprimeras.com.do\/wp-content\/uploads\/2025\/04\/comision.jpg?resize=350%2C200&ssl=1 1x, https:\/\/i0.wp.com\/lasprimeras.com.do\/wp-content\/uploads\/2025\/04\/comision.jpg?resize=525%2C300&ssl=1 1.5x"},"classes":[]},{"id":96275,"url":"https:\/\/lasprimeras.com.do\/index.php\/2025\/03\/28\/senado-anuncia-para-el-proximo-lunes-seleccion-de-miembros-de-la-camara-de-cuentas\/","url_meta":{"origin":96089,"position":1},"title":"Senado anuncia para el pr\u00f3ximo lunes selecci\u00f3n de miembros de la C\u00e1mara de Cuentas","author":"Nelson Feliz","date":"28 de marzo de 2025","format":false,"excerpt":"La Comisi\u00f3n especial del Senado que estudia las ternas conformadas para la elecci\u00f3n de los nuevos miembros de la C\u00e1mara de Cuentas durante el per\u00edodo 2024-2028 estableci\u00f3 este viernes la metodolog\u00eda de trabajo. El presidente de la comisi\u00f3n, Andr\u00e9s Guillermo Lama, decidi\u00f3 convocar a los aspirantes a partir del pr\u00f3ximo\u2026","rel":"","context":"En \u00abPOLITICA\u00bb","block_context":{"text":"POLITICA","link":"https:\/\/lasprimeras.com.do\/index.php\/category\/politica\/"},"img":{"alt_text":"","src":"https:\/\/i0.wp.com\/lasprimeras.com.do\/wp-content\/uploads\/2025\/03\/senado-2.jpg?resize=350%2C200&ssl=1","width":350,"height":200,"srcset":"https:\/\/i0.wp.com\/lasprimeras.com.do\/wp-content\/uploads\/2025\/03\/senado-2.jpg?resize=350%2C200&ssl=1 1x, https:\/\/i0.wp.com\/lasprimeras.com.do\/wp-content\/uploads\/2025\/03\/senado-2.jpg?resize=525%2C300&ssl=1 1.5x, https:\/\/i0.wp.com\/lasprimeras.com.do\/wp-content\/uploads\/2025\/03\/senado-2.jpg?resize=700%2C400&ssl=1 2x"},"classes":[]},{"id":97547,"url":"https:\/\/lasprimeras.com.do\/index.php\/2025\/04\/22\/senado-de-la-republica-escoge-nuevos-miembros-de-la-camara-de-cuentas-para-el-periodo-2025-2029\/","url_meta":{"origin":96089,"position":2},"title":"Senado de la Rep\u00fablica escoge nuevos miembros de la C\u00e1mara de Cuentas para el periodo 2025-2029","author":"Nelson Feliz","date":"22 de abril de 2025","format":false,"excerpt":"El Senado de la Rep\u00fablica escogi\u00f3 este martes los nuevos integrantes de la C\u00e1mara de Cuentas de la Rep\u00fablica Dominicana y dej\u00f3 conformado el bufete directivo de ese \u00f3rgano, que ser\u00e1 presidido por Emma Polanco Melo de Mercedes, presidente; Francisco Tam\u00e1rez Florentino, vicepresidente; as\u00ed como los miembros Francisco Alberto Franco\u2026","rel":"","context":"En \u00abNACIONALES\u00bb","block_context":{"text":"NACIONALES","link":"https:\/\/lasprimeras.com.do\/index.php\/category\/nacionales\/"},"img":{"alt_text":"","src":"https:\/\/i0.wp.com\/lasprimeras.com.do\/wp-content\/uploads\/2025\/04\/senado.jpeg?resize=350%2C200&ssl=1","width":350,"height":200,"srcset":"https:\/\/i0.wp.com\/lasprimeras.com.do\/wp-content\/uploads\/2025\/04\/senado.jpeg?resize=350%2C200&ssl=1 1x, https:\/\/i0.wp.com\/lasprimeras.com.do\/wp-content\/uploads\/2025\/04\/senado.jpeg?resize=525%2C300&ssl=1 1.5x, https:\/\/i0.wp.com\/lasprimeras.com.do\/wp-content\/uploads\/2025\/04\/senado.jpeg?resize=700%2C400&ssl=1 2x"},"classes":[]},{"id":97600,"url":"https:\/\/lasprimeras.com.do\/index.php\/2025\/04\/23\/senado-de-la-republica-juramenta-y-posesiona-a-los-nuevos-miembros-de-la-camara-de-cuentas\/","url_meta":{"origin":96089,"position":3},"title":"Senado de la Rep\u00fablica juramenta y posesiona a los nuevos miembros de la C\u00e1mara de Cuentas","author":"Nelson Feliz","date":"23 de abril de 2025","format":false,"excerpt":"Por Adalgisa S\u00e1nchez El presidente del Senado de la Rep\u00fablica Dominicana, Ricardo de los Santos, jurament\u00f3 y posesion\u00f3 a los nuevos miembros de la C\u00e1mara de Cuentas, para el periodo 2025-2029. Durante el acto de juramentaci\u00f3n, De los Santos recomend\u00f3 realizar una buena labor apegada a la \u00e9tica, aplicando el\u2026","rel":"","context":"En \u00abNACIONALES\u00bb","block_context":{"text":"NACIONALES","link":"https:\/\/lasprimeras.com.do\/index.php\/category\/nacionales\/"},"img":{"alt_text":"","src":"https:\/\/i0.wp.com\/lasprimeras.com.do\/wp-content\/uploads\/2025\/04\/cuentas-miembros.jpg?resize=350%2C200&ssl=1","width":350,"height":200,"srcset":"https:\/\/i0.wp.com\/lasprimeras.com.do\/wp-content\/uploads\/2025\/04\/cuentas-miembros.jpg?resize=350%2C200&ssl=1 1x, https:\/\/i0.wp.com\/lasprimeras.com.do\/wp-content\/uploads\/2025\/04\/cuentas-miembros.jpg?resize=525%2C300&ssl=1 1.5x, https:\/\/i0.wp.com\/lasprimeras.com.do\/wp-content\/uploads\/2025\/04\/cuentas-miembros.jpg?resize=700%2C400&ssl=1 2x"},"classes":[]},{"id":90310,"url":"https:\/\/lasprimeras.com.do\/index.php\/2024\/10\/19\/comision-especial-de-senadores-finaliza-entrevistas-aspirantes-a-integrar-jce\/","url_meta":{"origin":96089,"position":4},"title":"Comisi\u00f3n Especial de Senadores finaliza entrevistas aspirantes a integrar JCE","author":"Nelson Feliz","date":"19 de octubre de 2024","format":false,"excerpt":"La Comisi\u00f3n Especial del Senado de la Rep\u00fablica, conformada para estudiar las propuestas de candidaturas para la escogencia de los miembros de la Junta Central Electoral (JCE), para el per\u00edodo 2024-2028, finaliz\u00f3 este viernes las entrevistas a 102 aspirantes a integrar el organismo electoral. Seg\u00fan explic\u00f3 el presidente de la\u2026","rel":"","context":"En \u00abNACIONALES\u00bb","block_context":{"text":"NACIONALES","link":"https:\/\/lasprimeras.com.do\/index.php\/category\/nacionales\/"},"img":{"alt_text":"","src":"https:\/\/i0.wp.com\/lasprimeras.com.do\/wp-content\/uploads\/2024\/10\/SENA.jpg?resize=350%2C200&ssl=1","width":350,"height":200,"srcset":"https:\/\/i0.wp.com\/lasprimeras.com.do\/wp-content\/uploads\/2024\/10\/SENA.jpg?resize=350%2C200&ssl=1 1x, https:\/\/i0.wp.com\/lasprimeras.com.do\/wp-content\/uploads\/2024\/10\/SENA.jpg?resize=525%2C300&ssl=1 1.5x, https:\/\/i0.wp.com\/lasprimeras.com.do\/wp-content\/uploads\/2024\/10\/SENA.jpg?resize=700%2C400&ssl=1 2x"},"classes":[]},{"id":51713,"url":"https:\/\/lasprimeras.com.do\/index.php\/2023\/06\/02\/diputados-entrevistan-miembros-camara-cuentas-por-crisis-interna\/","url_meta":{"origin":96089,"position":5},"title":"Diputados entrevistan miembros C\u00e1mara Cuentas por crisis interna","author":"prenxa100","date":"2 de junio de 2023","format":false,"excerpt":"SANTO DOMINGO.- La comisi\u00f3n de la C\u00e1mara de Diputados designada para investigar la crisis interna en la C\u00e1mara de Cuentas comenz\u00f3 este viernes a entrevistar, a puertas cerradas, a los miembros del pleno de la entidad fiscalizadora. Est\u00e1 previsto que a lo largo del d\u00eda sean entrevistados los cinco miembros\u2026","rel":"","context":"En \u00abNACIONALES\u00bb","block_context":{"text":"NACIONALES","link":"https:\/\/lasprimeras.com.do\/index.php\/category\/nacionales\/"},"img":{"alt_text":"","src":"","width":0,"height":0},"classes":[]}],"jetpack_sharing_enabled":true,"_links":{"self":[{"href":"https:\/\/lasprimeras.com.do\/index.php\/wp-json\/wp\/v2\/posts\/96089","targetHints":{"allow":["GET"]}}],"collection":[{"href":"https:\/\/lasprimeras.com.do\/index.php\/wp-json\/wp\/v2\/posts"}],"about":[{"href":"https:\/\/lasprimeras.com.do\/index.php\/wp-json\/wp\/v2\/types\/post"}],"author":[{"embeddable":true,"href":"https:\/\/lasprimeras.com.do\/index.php\/wp-json\/wp\/v2\/users\/10"}],"replies":[{"embeddable":true,"href":"https:\/\/lasprimeras.com.do\/index.php\/wp-json\/wp\/v2\/comments?post=96089"}],"version-history":[{"count":1,"href":"https:\/\/lasprimeras.com.do\/index.php\/wp-json\/wp\/v2\/posts\/96089\/revisions"}],"predecessor-version":[{"id":96091,"href":"https:\/\/lasprimeras.com.do\/index.php\/wp-json\/wp\/v2\/posts\/96089\/revisions\/96091"}],"wp:featuredmedia":[{"embeddable":true,"href":"https:\/\/lasprimeras.com.do\/index.php\/wp-json\/wp\/v2\/media\/96090"}],"wp:attachment":[{"href":"https:\/\/lasprimeras.com.do\/index.php\/wp-json\/wp\/v2\/media?parent=96089"}],"wp:term":[{"taxonomy":"category","embeddable":true,"href":"https:\/\/lasprimeras.com.do\/index.php\/wp-json\/wp\/v2\/categories?post=96089"},{"taxonomy":"post_tag","embeddable":true,"href":"https:\/\/lasprimeras.com.do\/index.php\/wp-json\/wp\/v2\/tags?post=96089"}],"curies":[{"name":"wp","href":"https:\/\/api.w.org\/{rel}","templated":true}]}}