{"id":96121,"date":"2025-03-25T23:34:06","date_gmt":"2025-03-26T03:34:06","guid":{"rendered":"https:\/\/lasprimeras.com.do\/?p=96121"},"modified":"2025-03-25T23:34:07","modified_gmt":"2025-03-26T03:34:07","slug":"gobierno-presenta-programa-de-apoyo-al-fortalecimiento-del-sistema-nacional-de-salud","status":"publish","type":"post","link":"https:\/\/lasprimeras.com.do\/index.php\/2025\/03\/25\/gobierno-presenta-programa-de-apoyo-al-fortalecimiento-del-sistema-nacional-de-salud\/","title":{"rendered":"Gobierno presenta Programa de Apoyo al Fortalecimiento del Sistema Nacional de Salud"},"content":{"rendered":"\n<p><strong>Esta iniciativa financiada por el Banco Mundial con una inversi\u00f3n de US$190 millones, tiene entre sus objetivos mejorar la capacidad de los prestadores de servicios p\u00fablicos de salud para brindar servicios de calidad, con \u00e9nfasis en la atenci\u00f3n materna y neonatal, y fortalecer la capacidad de rector\u00eda del Ministerio de Salud.<\/strong><\/p>\n\n\n\n<p>El Ministerio de Salud P\u00fablica, en alianza con el Ministerio de Vivienda y Edificaciones (MIVED) y el Servicio Nacional de Salud (SNS) present\u00f3 el Programa de Apoyo al Fortalecimiento del Sistema de Salud de Rep\u00fablica Dominicana, que tiene entre sus objetivos, mejorar las instalaciones de centros m\u00e9dicos p\u00fablicos, los sistemas digitales de salud y capacitar a los prestadores de servicios para incrementar el bienestar de la poblaci\u00f3n.<\/p>\n\n\n\n<p>El lanzamiento de la iniciativa, que ser\u00e1 ejecutada con una inversi\u00f3n de US$190 millones, fue encabezado por los ministros V\u00edctor Atallah y Carlos Bonilla, de Salud y el MIVED, respectivamente, adem\u00e1s del director del SNS, Mario Lama, y la representante del Banco Mundial en el pa\u00eds, Alexandria Valerio, entidad que financia este proyecto.<\/p>\n\n\n\n<p>El proyecto, a ser ejecutado en un plazo de cinco a\u00f1os, apunta a la rehabilitaci\u00f3n de 250 Centros de Primer Nivel en todo el territorio nacional, al dise\u00f1o e implementaci\u00f3n de la Estrategia para el Cuidado Unificado para la Calidad de la Atenci\u00f3n Materno-Neonatal (CUNA), y al reforzamiento de los sistemas de informaci\u00f3n en salud y herramientas digitales, alineado con la Agenda Digital 2030, lo que incluye contribuir con el desarrollo del Expediente \u00danico Electr\u00f3nico y con el proceso de transformaci\u00f3n digital del MISPAS.<\/p>\n\n\n\n<p>Adem\u00e1s, ser\u00e1 fortalecida la capacidad de rector\u00eda y vigilancia de salud p\u00fablica del MISPAS. Ese componente incluye inversiones para mejorar las Direcciones Provinciales de Salud (DPS\/DAS) en t\u00e9rminos de infraestructura y equipamiento, capacidad de almacenamiento y distribuci\u00f3n, as\u00ed como habilidades del personal del MISPAS a trav\u00e9s del fortalecimiento de sus capacidades.<\/p>\n\n\n\n<p>Al pronunciar las palabras centrales de esta actividad, el ministro de Salud, V\u00edctor Atallah, destac\u00f3 la importancia del proyecto para mejorar los servicios de salud a la poblaci\u00f3n y garantizar su bienestar.<\/p>\n\n\n\n<p>\u201cEs un honor para el Ministerio de Salud ser una de las entidades ejecutoras de esta trascendental iniciativa, que estamos seguros transformar\u00e1 nuestro sistema de salud y garantizar\u00e1 un derecho fundamental, como el acceso a una atenci\u00f3n m\u00e9dica de calidad para todos los dominicanos y dominicanas. Ese es el m\u00e1s noble prop\u00f3sito que puede tener un ministerio de salud y un gobierno\u201d, agreg\u00f3 el funcionario.<\/p>\n\n\n\n<p>Indic\u00f3 que la salud no es un privilegio, sino un derecho, que para garantizarlo se requiere de un sistema de salud fuerte, con una infraestructura moderna, tecnolog\u00eda adecuada, personal capacitado y una gesti\u00f3n eficiente, como se busca con este proyecto, mediante la transformaci\u00f3n de la atenci\u00f3n sanitaria, mejor\u00eda de la calidad de los servicios y el acercamiento de la salud a quienes m\u00e1s la necesitan.<\/p>\n\n\n\n<p>De su lado, el director ejecutivo del SNS, doctor Mario Lama, resalt\u00f3 la importancia del proyecto, para fortalecer la atenci\u00f3n primaria en Rep\u00fablica Dominicana. Se\u00f1al\u00f3 que este esfuerzo contribuir\u00e1 a mejorar la calidad de los servicios y a reducir las tasas de mortalidad materna y neonatal.<\/p>\n\n\n\n<p>Lama indic\u00f3 que el proyecto tiene un impacto en la gesti\u00f3n de los Servicios Regionales de Salud. &#8220;Como parte de este plan, se construir\u00e1n tres almacenes en distintas zonas del pa\u00eds, uno en Santiago, otro en la provincia Duarte y uno el Sur, lo que permitir\u00e1 una distribuci\u00f3n m\u00e1s eficiente de insumos y medicamentos&#8221;.<\/p>\n\n\n\n<p>Expres\u00f3 que el programa en marcha traer\u00e1 resultados visibles a mediano plazo, y asegur\u00f3 que se invertir\u00e1 en la infraestructura, equipamiento y capacitaci\u00f3n del personal, \u201celementos clave para mejorar la calidad de la atenci\u00f3n sanitaria en el pa\u00eds\u201d.<\/p>\n\n\n\n<p>Mientras que el ministro de Vivienda y Edificaciones, Carlos Bonilla, manifest\u00f3 que el pa\u00eds est\u00e1 dando un gran paso para fortalecer el sistema de salud p\u00fablica, la gobernanza y supervisi\u00f3n del MISPAS en esta materia.<\/p>\n\n\n\n<p>Se\u00f1al\u00f3 que esta cooperaci\u00f3n representa una solidaria y comprometida colaboraci\u00f3n institucional, que va de la mano con la Estrategia Nacional de Desarrollo 2030, los objetivos de la Agenda 2030 para el Desarrollo Sostenible y una visi\u00f3n compartida de impactar positivamente en la calidad de vida de los dominicanos.<\/p>\n\n\n\n<p>\u201cEn este programa se plasma la esperanza y la confianza de todo un pa\u00eds. Cuenten con la voluntad decidida del MIVED de seguir construyendo una Rep\u00fablica Dominicana donde el derecho a la salud est\u00e9 garantizado con obras de los m\u00e1s altos est\u00e1ndares\u201d, a\u00f1adi\u00f3 el funcionario.<\/p>\n\n\n\n<p>Mientras que la representante residente en el pa\u00eds del Banco Mundial, Alexandria Valerio, dijo que este proyecto marca un hito relevante en la historia la colaboraci\u00f3n entre la Rep\u00fablica Dominicana y el Banco Mundial en el sector salud, y muestra el inter\u00e9s y el compromiso de ambos por la salud de los dominicanos.<\/p>\n\n\n\n<p>Los aspectos t\u00e9cnicos principales, avances del proyecto, el acuerdo interinstitucional entre MISPAS, MIVED y SNS para la implementaci\u00f3n del Proyecto, y la contribuci\u00f3n del Proyecto a la Alianza para la Atenci\u00f3n Primaria de Salud entre el Banco Mundial, el Banco Interamericano de Desarrollo y la Organizaci\u00f3n Panamericana de Salud, fueron presentados en la actividad por el viceministro de Fortalecimiento y Desarrollo del Sector Salud del MISPAS, Miguel Rodr\u00edguez Vi\u00f1as, quien lo coordina, por el Gerente de Proyecto del Banco Mundial, Gianluca Cafagna, y por la Gerente de Practica de Salud, Nutrici\u00f3n y Poblaci\u00f3n para Am\u00e9rica Latina y el Caribe, Tania Dmytraczenko.<\/p>\n","protected":false},"excerpt":{"rendered":"<p>Esta iniciativa financiada por el Banco Mundial con una inversi\u00f3n de US$190 millones, tiene entre sus objetivos mejorar la capacidad de los prestadores de servicios p\u00fablicos de salud para brindar&hellip;<\/p>\n","protected":false},"author":2,"featured_media":96122,"comment_status":"open","ping_status":"open","sticky":false,"template":"","format":"standard","meta":{"content-type":"","jetpack_post_was_ever_published":false,"_jetpack_newsletter_access":"","_jetpack_dont_email_post_to_subs":false,"_jetpack_newsletter_tier_id":0,"_jetpack_memberships_contains_paywalled_content":false,"_jetpack_memberships_contains_paid_content":false,"footnotes":""},"categories":[16558],"tags":[2720,3883,171,13833,172,198,813,2227,532,2756],"class_list":["post-96121","post","type-post","status-publish","format-standard","has-post-thumbnail","hentry","category-salud","tag-apoyo","tag-fortalecimiento","tag-gobierno","tag-mived","tag-nacional","tag-programa","tag-salud","tag-salud-publica","tag-sistema","tag-sns"],"jetpack_featured_media_url":"https:\/\/lasprimeras.com.do\/wp-content\/uploads\/2025\/03\/una-1.jpg","jetpack-related-posts":[{"id":101801,"url":"https:\/\/lasprimeras.com.do\/index.php\/2025\/06\/26\/ministerio-de-salud-impulsa-transformacion-del-sistema-de-salud-dominicano-con-respaldo-del-banco-mundial\/","url_meta":{"origin":96121,"position":0},"title":"Ministerio de Salud impulsa transformaci\u00f3n del sistema de salud dominicano con respaldo del Banco Mundial","author":"Nelson Feliz","date":"26 de junio de 2025","format":false,"excerpt":"Realiza taller de lanzamiento del Proyecto de Apoyo al Fortalecimiento del Sistema Nacional de Salud El Ministerio de Salud, a trav\u00e9s del Viceministerio de Fortalecimiento y Desarrollo del Sector Salud y la Direcci\u00f3n de Conducci\u00f3n Sectorial - Unidad Ejecutora de Proyectos, realiz\u00f3 el taller de lanzamiento del \"Proyecto de Apoyo\u2026","rel":"","context":"En \u00abSALUD\u00bb","block_context":{"text":"SALUD","link":"https:\/\/lasprimeras.com.do\/index.php\/category\/salud\/"},"img":{"alt_text":"","src":"https:\/\/i0.wp.com\/lasprimeras.com.do\/wp-content\/uploads\/2025\/06\/victor-atallah.jpg?resize=350%2C200&ssl=1","width":350,"height":200,"srcset":"https:\/\/i0.wp.com\/lasprimeras.com.do\/wp-content\/uploads\/2025\/06\/victor-atallah.jpg?resize=350%2C200&ssl=1 1x, https:\/\/i0.wp.com\/lasprimeras.com.do\/wp-content\/uploads\/2025\/06\/victor-atallah.jpg?resize=525%2C300&ssl=1 1.5x, https:\/\/i0.wp.com\/lasprimeras.com.do\/wp-content\/uploads\/2025\/06\/victor-atallah.jpg?resize=700%2C400&ssl=1 2x"},"classes":[]},{"id":101840,"url":"https:\/\/lasprimeras.com.do\/index.php\/2025\/06\/27\/ministerio-de-salud-y-el-banco-mundial-impulsa-transformacion-del-sistema-de-salud-dominicano\/","url_meta":{"origin":96121,"position":1},"title":"Ministerio de Salud y el Banco Mundial impulsa transformaci\u00f3n del sistema de salud dominicano","author":"Nelson Feliz","date":"27 de junio de 2025","format":false,"excerpt":"Realiza taller de lanzamiento del Proyecto de Apoyo al Fortalecimiento del Sistema Nacional de Salud. El Ministerio de Salud, a trav\u00e9s del Viceministerio de Fortalecimiento y Desarrollo del Sector Salud y la Direcci\u00f3n de Conducci\u00f3n Sectorial - Unidad Ejecutora de Proyectos, realiz\u00f3 el taller de lanzamiento del \"Proyecto de Apoyo\u2026","rel":"","context":"En \u00abSALUD\u00bb","block_context":{"text":"SALUD","link":"https:\/\/lasprimeras.com.do\/index.php\/category\/salud\/"},"img":{"alt_text":"","src":"https:\/\/i0.wp.com\/lasprimeras.com.do\/wp-content\/uploads\/2025\/06\/taller-2.jpg?resize=350%2C200&ssl=1","width":350,"height":200,"srcset":"https:\/\/i0.wp.com\/lasprimeras.com.do\/wp-content\/uploads\/2025\/06\/taller-2.jpg?resize=350%2C200&ssl=1 1x, https:\/\/i0.wp.com\/lasprimeras.com.do\/wp-content\/uploads\/2025\/06\/taller-2.jpg?resize=525%2C300&ssl=1 1.5x, https:\/\/i0.wp.com\/lasprimeras.com.do\/wp-content\/uploads\/2025\/06\/taller-2.jpg?resize=700%2C400&ssl=1 2x"},"classes":[]},{"id":70407,"url":"https:\/\/lasprimeras.com.do\/index.php\/2023\/12\/11\/sns-exhibe-tres-anos-de-logros-y-avances-en-la-red-publica-de-servicios-de-salud\/","url_meta":{"origin":96121,"position":2},"title":"SNS exhibe tres a\u00f1os de logros y avances en la Red P\u00fablica de Servicios de Salud","author":"Nelson Feliz","date":"11 de diciembre de 2023","format":false,"excerpt":"45 hospitales construidos y remozados Por Mart\u00edn Restituyo El titular del Servicio Nacional de Salud (SNS), doctor Mario Lama, present\u00f3 este lunes los logros y avances de la Red P\u00fablica en tres a\u00f1os de gesti\u00f3n, entre los que destac\u00f3 el fortalecimiento de infraestructuras, dotaci\u00f3n de equipos y aumento en la\u2026","rel":"","context":"En \u00abECONOM\u00cdA\u00bb","block_context":{"text":"ECONOM\u00cdA","link":"https:\/\/lasprimeras.com.do\/index.php\/category\/economia\/"},"img":{"alt_text":"Mario Lama","src":"https:\/\/i0.wp.com\/lasprimeras.com.do\/wp-content\/uploads\/2023\/12\/Mario-Lama-1.jpg?resize=350%2C200&ssl=1","width":350,"height":200,"srcset":"https:\/\/i0.wp.com\/lasprimeras.com.do\/wp-content\/uploads\/2023\/12\/Mario-Lama-1.jpg?resize=350%2C200&ssl=1 1x, https:\/\/i0.wp.com\/lasprimeras.com.do\/wp-content\/uploads\/2023\/12\/Mario-Lama-1.jpg?resize=525%2C300&ssl=1 1.5x, https:\/\/i0.wp.com\/lasprimeras.com.do\/wp-content\/uploads\/2023\/12\/Mario-Lama-1.jpg?resize=700%2C400&ssl=1 2x"},"classes":[]},{"id":95452,"url":"https:\/\/lasprimeras.com.do\/index.php\/2025\/03\/13\/gobierno-amplia-sismap-salud-para-fortalecer-eficiencia-hospitalaria-del-pais\/","url_meta":{"origin":96121,"position":3},"title":"Gobierno ampl\u00eda SISMAP Salud para fortalecer eficiencia hospitalaria del pa\u00eds","author":"Nelson Feliz","date":"13 de marzo de 2025","format":false,"excerpt":"El ministro de Administraci\u00f3n P\u00fablica, Sigmund Freund, y el director del SNS, Dr. Mario Lama, reafirmaron su compromiso con la mejora continua y la transparencia en la administraci\u00f3n hospitalaria. Por Martin Restituyo El Ministerio de Administraci\u00f3n P\u00fablica (MAP) y el Servicio Nacional de Salud (SNS), formalizaron un acuerdo para la\u2026","rel":"","context":"En \u00abPORTADA\u00bb","block_context":{"text":"PORTADA","link":"https:\/\/lasprimeras.com.do\/index.php\/category\/portada\/"},"img":{"alt_text":"Sigmund Freund y Dr. Mario Lama","src":"https:\/\/i0.wp.com\/lasprimeras.com.do\/wp-content\/uploads\/2025\/03\/Sigmund-Freund-y-Dr.-Mario-Lama.jpg?resize=350%2C200&ssl=1","width":350,"height":200,"srcset":"https:\/\/i0.wp.com\/lasprimeras.com.do\/wp-content\/uploads\/2025\/03\/Sigmund-Freund-y-Dr.-Mario-Lama.jpg?resize=350%2C200&ssl=1 1x, https:\/\/i0.wp.com\/lasprimeras.com.do\/wp-content\/uploads\/2025\/03\/Sigmund-Freund-y-Dr.-Mario-Lama.jpg?resize=525%2C300&ssl=1 1.5x, https:\/\/i0.wp.com\/lasprimeras.com.do\/wp-content\/uploads\/2025\/03\/Sigmund-Freund-y-Dr.-Mario-Lama.jpg?resize=700%2C400&ssl=1 2x"},"classes":[]},{"id":116915,"url":"https:\/\/lasprimeras.com.do\/index.php\/2025\/12\/05\/ministerio-de-salud-impulsa-programas-de-vih-tuberculosis-y-hepatitis-con-la-creacion-del-fonsap\/","url_meta":{"origin":96121,"position":4},"title":"Ministerio de Salud impulsa programas de VIH, Tuberculosis y Hepatitis con la creaci\u00f3n del FONSAP","author":"Nelson Feliz","date":"5 de diciembre de 2025","format":false,"excerpt":"A trav\u00e9s de este fondo los medicamentos esenciales para estas enfermedades quedar\u00e1n incorporados al esquema de seguridad social. El Ministerio de Salud logr\u00f3 la aprobaci\u00f3n del Fondo Especial para Programas Prioritarios de Salud P\u00fablica (FONSAP), mediante la Resoluci\u00f3n No. 624-06 del Consejo Nacional de la Seguridad Social (CNSS), un paso\u2026","rel":"","context":"En \u00abPORTADA\u00bb","block_context":{"text":"PORTADA","link":"https:\/\/lasprimeras.com.do\/index.php\/category\/portada\/"},"img":{"alt_text":"","src":"https:\/\/i0.wp.com\/lasprimeras.com.do\/wp-content\/uploads\/2025\/12\/Victor-Atallah.jpeg?resize=350%2C200&ssl=1","width":350,"height":200,"srcset":"https:\/\/i0.wp.com\/lasprimeras.com.do\/wp-content\/uploads\/2025\/12\/Victor-Atallah.jpeg?resize=350%2C200&ssl=1 1x, https:\/\/i0.wp.com\/lasprimeras.com.do\/wp-content\/uploads\/2025\/12\/Victor-Atallah.jpeg?resize=525%2C300&ssl=1 1.5x, https:\/\/i0.wp.com\/lasprimeras.com.do\/wp-content\/uploads\/2025\/12\/Victor-Atallah.jpeg?resize=700%2C400&ssl=1 2x"},"classes":[]},{"id":88782,"url":"https:\/\/lasprimeras.com.do\/index.php\/2024\/09\/06\/ministerio-de-salud-fortalece-planes-para-enfrentar-pandemia-o-epidemia-respiratoria\/","url_meta":{"origin":96121,"position":5},"title":"Ministerio de Salud fortalece planes para enfrentar pandemia o epidemia respiratoria","author":"Nelson Feliz","date":"6 de septiembre de 2024","format":false,"excerpt":"Expertos del sector salud evaluaron las oportunidades de mejoras para tratar con m\u00e1s efectividad esos males. El Ministerio de Salud, con el apoyo de la Organizaci\u00f3n Panamericana de Salud (OPS) y otros actores del sector salud, fortalecen las capacidades del pa\u00eds para responder de forma exitosa cualquier situaci\u00f3n de salud\u2026","rel":"","context":"En \u00abSin categor\u00eda\u00bb","block_context":{"text":"Sin categor\u00eda","link":"https:\/\/lasprimeras.com.do\/index.php\/category\/sin-categoria\/"},"img":{"alt_text":"","src":"https:\/\/i0.wp.com\/lasprimeras.com.do\/wp-content\/uploads\/2024\/09\/salud.jpg?resize=350%2C200&ssl=1","width":350,"height":200,"srcset":"https:\/\/i0.wp.com\/lasprimeras.com.do\/wp-content\/uploads\/2024\/09\/salud.jpg?resize=350%2C200&ssl=1 1x, https:\/\/i0.wp.com\/lasprimeras.com.do\/wp-content\/uploads\/2024\/09\/salud.jpg?resize=525%2C300&ssl=1 1.5x, https:\/\/i0.wp.com\/lasprimeras.com.do\/wp-content\/uploads\/2024\/09\/salud.jpg?resize=700%2C400&ssl=1 2x"},"classes":[]}],"jetpack_sharing_enabled":true,"_links":{"self":[{"href":"https:\/\/lasprimeras.com.do\/index.php\/wp-json\/wp\/v2\/posts\/96121","targetHints":{"allow":["GET"]}}],"collection":[{"href":"https:\/\/lasprimeras.com.do\/index.php\/wp-json\/wp\/v2\/posts"}],"about":[{"href":"https:\/\/lasprimeras.com.do\/index.php\/wp-json\/wp\/v2\/types\/post"}],"author":[{"embeddable":true,"href":"https:\/\/lasprimeras.com.do\/index.php\/wp-json\/wp\/v2\/users\/2"}],"replies":[{"embeddable":true,"href":"https:\/\/lasprimeras.com.do\/index.php\/wp-json\/wp\/v2\/comments?post=96121"}],"version-history":[{"count":1,"href":"https:\/\/lasprimeras.com.do\/index.php\/wp-json\/wp\/v2\/posts\/96121\/revisions"}],"predecessor-version":[{"id":96123,"href":"https:\/\/lasprimeras.com.do\/index.php\/wp-json\/wp\/v2\/posts\/96121\/revisions\/96123"}],"wp:featuredmedia":[{"embeddable":true,"href":"https:\/\/lasprimeras.com.do\/index.php\/wp-json\/wp\/v2\/media\/96122"}],"wp:attachment":[{"href":"https:\/\/lasprimeras.com.do\/index.php\/wp-json\/wp\/v2\/media?parent=96121"}],"wp:term":[{"taxonomy":"category","embeddable":true,"href":"https:\/\/lasprimeras.com.do\/index.php\/wp-json\/wp\/v2\/categories?post=96121"},{"taxonomy":"post_tag","embeddable":true,"href":"https:\/\/lasprimeras.com.do\/index.php\/wp-json\/wp\/v2\/tags?post=96121"}],"curies":[{"name":"wp","href":"https:\/\/api.w.org\/{rel}","templated":true}]}}