{"id":96163,"date":"2025-03-26T09:33:28","date_gmt":"2025-03-26T13:33:28","guid":{"rendered":"https:\/\/lasprimeras.com.do\/?p=96163"},"modified":"2025-03-26T09:33:28","modified_gmt":"2025-03-26T13:33:28","slug":"senasa-ha-afiliado-a-mas-de-400-mil-ninos-y-ninas-en-los-ultimos-tres-anos","status":"publish","type":"post","link":"https:\/\/lasprimeras.com.do\/index.php\/2025\/03\/26\/senasa-ha-afiliado-a-mas-de-400-mil-ninos-y-ninas-en-los-ultimos-tres-anos\/","title":{"rendered":"SeNaSa ha afiliado a m\u00e1s de 400 mil ni\u00f1os y ni\u00f1as en los \u00faltimos tres a\u00f1os"},"content":{"rendered":"\n<p>En los \u00faltimos tres a\u00f1os, el Seguro Nacional de Salud (SeNaSa) ha brindado protecci\u00f3n a m\u00e1s de 400,215 ni\u00f1os y ni\u00f1as desde su nacimiento hasta los cinco a\u00f1os, con un promedio anual de 133,405 nuevos afiliados.<\/p>\n\n\n\n<p>As\u00ed lo destac\u00f3 el director de la instituci\u00f3n, doctor Santiago Hazim, quien reafirm\u00f3 el compromiso de seguir garantizando el acceso a la salud para los m\u00e1s peque\u00f1os.<\/p>\n\n\n\n<p>El anuncio se hizo durante un emotivo acto en el que el doctor Hazim entreg\u00f3 carn\u00e9s a las madres de los primeros beb\u00e9s nacidos en las principales maternidades durante las primeras horas del 2025.<\/p>\n\n\n\n<p>En su mensaje, record\u00f3 a las familias que proteger la salud de sus hijos es una prioridad y un derecho fundamental.<\/p>\n\n\n\n<figure class=\"wp-block-image size-full is-resized\"><img decoding=\"async\" width=\"600\" height=\"420\" src=\"https:\/\/lasprimeras.com.do\/wp-content\/uploads\/2025\/03\/afiliados.jpg\" alt=\"\" class=\"wp-image-96165\" style=\"width:740px;height:auto\" srcset=\"https:\/\/lasprimeras.com.do\/wp-content\/uploads\/2025\/03\/afiliados.jpg 600w, https:\/\/lasprimeras.com.do\/wp-content\/uploads\/2025\/03\/afiliados-300x210.jpg 300w\" sizes=\"(max-width: 600px) 100vw, 600px\" \/><\/figure>\n\n\n\n<p>\u201cFelicitamos a todas las madres y padres por su amor y dedicaci\u00f3n en brindar un hogar seguro y cari\u00f1oso para sus peque\u00f1os. Sabemos que la crianza es un desaf\u00edo, pero tambi\u00e9n una de las mayores bendiciones de la vida. Cada sonrisa, cada palabra aprendida y cada paso que dan sus hijos es reflejo del esfuerzo y amor que ponen en su educaci\u00f3n y bienestar\u201d, expres\u00f3 Hazim.<\/p>\n\n\n\n<p>En la sede principal de SeNaSa, el doctor Hazim entreg\u00f3 carn\u00e9s a Luz del Alba de la Cruz, Mar\u00eda Alm\u00e1nzar y Lourdes Gonz\u00e1lez, madres de Eithan de Le\u00f3n, Maike Caminero y Jayden Rodr\u00edguez, respectivamente.<\/p>\n\n\n\n<p>Durante el encuentro, las motiv\u00f3 a cuidar el desarrollo integral de sus hijos e inculcarles valores para que en el futuro sean ciudadanos ejemplares.<\/p>\n\n\n\n<p>Mientras tanto, en El Lim\u00f3n, Saman\u00e1, la gerente regional de SeNaSa, Mary Ann Patricia Brito Castillo, tambi\u00e9n entreg\u00f3 carn\u00e9 a Jesideni Rustan, madre de Hancelis Denisse Sierra.<\/p>\n\n\n\n<p>Las progenitoras compartieron su alegr\u00eda y agradecimiento, destacando la importancia de contar con la seguridad de que sus hijos est\u00e1n protegidos desde el primer d\u00eda de vida.<\/p>\n\n\n\n<p>Por su parte, la licenciada Carmen Jos\u00e9, gerente Comercial y de Afiliaci\u00f3n de SeNaSa, record\u00f3 que los reci\u00e9n nacidos reciben sus primeras atenciones de salud a trav\u00e9s del seguro de la madre, garantizando as\u00ed su protecci\u00f3n inmediata.<\/p>\n\n\n\n<p>Los funcionarios aprovecharon la ocasi\u00f3n para agradecer a todos los afiliados su compromiso con la salud y el bienestar de sus familias. Adem\u00e1s, hicieron un llamado especial a los titulares con hijos pr\u00f3ximos a cumplir la mayor\u00eda de edad para que gestionen su continuidad en el sistema.<\/p>\n","protected":false},"excerpt":{"rendered":"<p>En los \u00faltimos tres a\u00f1os, el Seguro Nacional de Salud (SeNaSa) ha brindado protecci\u00f3n a m\u00e1s de 400,215 ni\u00f1os y ni\u00f1as desde su nacimiento hasta los cinco a\u00f1os, con un&hellip;<\/p>\n","protected":false},"author":10,"featured_media":96164,"comment_status":"open","ping_status":"open","sticky":false,"template":"","format":"standard","meta":{"content-type":"","jetpack_post_was_ever_published":false,"_jetpack_newsletter_access":"","_jetpack_dont_email_post_to_subs":false,"_jetpack_newsletter_tier_id":0,"_jetpack_memberships_contains_paywalled_content":false,"_jetpack_memberships_contains_paid_content":false,"footnotes":""},"categories":[16558],"tags":[5172,580],"class_list":["post-96163","post","type-post","status-publish","format-standard","has-post-thumbnail","hentry","category-salud","tag-santiago-hazim","tag-senasa"],"jetpack_featured_media_url":"https:\/\/lasprimeras.com.do\/wp-content\/uploads\/2025\/03\/Santiago-Hazim.jpg","jetpack-related-posts":[{"id":63263,"url":"https:\/\/lasprimeras.com.do\/index.php\/2023\/10\/11\/santiago-hazimsenasa-es-principal-aseguradora-rd-con-75-millones-afiliados\/","url_meta":{"origin":96163,"position":0},"title":"Santiago Hazim:&#8221;SENASA es principal aseguradora RD con 7,5 millones afiliados&#8221;","author":"Nelson Feliz","date":"11 de octubre de 2023","format":false,"excerpt":"Por Mart\u00edn Restituyo El Seguro Nacional de Salud (SENASA) se ha convertido en la principal aseguradora del pa\u00eds, impactando en la vida de m\u00e1s de 7,5 millones dominicanos afiliados activos con una inversi\u00f3n que sobre pasa los 102 mil 321 millones de pesos. El director ejecutivo del Seguro Nacional de\u2026","rel":"","context":"En \u00abECONOM\u00cdA\u00bb","block_context":{"text":"ECONOM\u00cdA","link":"https:\/\/lasprimeras.com.do\/index.php\/category\/economia\/"},"img":{"alt_text":"Santiago Hazim","src":"https:\/\/i0.wp.com\/lasprimeras.com.do\/wp-content\/uploads\/2023\/10\/Santiago-Hazim.jpg?resize=350%2C200&ssl=1","width":350,"height":200,"srcset":"https:\/\/i0.wp.com\/lasprimeras.com.do\/wp-content\/uploads\/2023\/10\/Santiago-Hazim.jpg?resize=350%2C200&ssl=1 1x, https:\/\/i0.wp.com\/lasprimeras.com.do\/wp-content\/uploads\/2023\/10\/Santiago-Hazim.jpg?resize=525%2C300&ssl=1 1.5x, https:\/\/i0.wp.com\/lasprimeras.com.do\/wp-content\/uploads\/2023\/10\/Santiago-Hazim.jpg?resize=700%2C400&ssl=1 2x"},"classes":[]},{"id":102920,"url":"https:\/\/lasprimeras.com.do\/index.php\/2025\/07\/10\/senasa-con-mas-de-7-millones-de-afiliados-y-94-2-de-satisfaccion-se-consolida-como-columna-vertebral-del-sistema-de-salud-dominicano\/","url_meta":{"origin":96163,"position":1},"title":"Senasa con m\u00e1s de 7 millones de afiliados y 94.2% de satisfacci\u00f3n se consolida como columna vertebral del sistema de salud dominicano","author":"Nelson Feliz","date":"10 de julio de 2025","format":false,"excerpt":"El director ejecutivo del Seguro Nacional de Salud (Senasa), doctor Santiago Hazim, manifest\u00f3 que con m\u00e1s de siete millones de afiliados y un \u00edndice de satisfacci\u00f3n de 94.2%, esa entidad mantiene todos sus servicios a sus afiliados, por lo que se ha convertido en la columna vertebral del sistema de\u2026","rel":"","context":"En \u00abPORTADA\u00bb","block_context":{"text":"PORTADA","link":"https:\/\/lasprimeras.com.do\/index.php\/category\/portada\/"},"img":{"alt_text":"Santiago Hazim","src":"https:\/\/i0.wp.com\/lasprimeras.com.do\/wp-content\/uploads\/2025\/07\/Santiago-Hazim.jpg?resize=350%2C200&ssl=1","width":350,"height":200,"srcset":"https:\/\/i0.wp.com\/lasprimeras.com.do\/wp-content\/uploads\/2025\/07\/Santiago-Hazim.jpg?resize=350%2C200&ssl=1 1x, https:\/\/i0.wp.com\/lasprimeras.com.do\/wp-content\/uploads\/2025\/07\/Santiago-Hazim.jpg?resize=525%2C300&ssl=1 1.5x, https:\/\/i0.wp.com\/lasprimeras.com.do\/wp-content\/uploads\/2025\/07\/Santiago-Hazim.jpg?resize=700%2C400&ssl=1 2x"},"classes":[]},{"id":91761,"url":"https:\/\/lasprimeras.com.do\/index.php\/2024\/12\/01\/santiago-hazim-alerta-que-12990-jovenes-cumpliran-la-mayoria-de-edad\/","url_meta":{"origin":96163,"position":2},"title":"Santiago Hazim alerta que 12,990 j\u00f3venes cumplir\u00e1n la mayor\u00eda de edad","author":"Nelson Feliz","date":"1 de diciembre de 2024","format":false,"excerpt":"El director ejecutivo del Seguro Nacional de Salud (SeNaSa), Santiago Hazim, alert\u00f3 que, para diciembre, 12,990 j\u00f3venes cumplir\u00e1n la mayor\u00eda de edad. Por ello, exhort\u00f3 a los titulares de los reg\u00edmenes Contributivo y Subsidiado del Seguro Familiar de Salud a afiliar a estos j\u00f3venes nuevamente, sin costo adicional, para asegurar\u2026","rel":"","context":"En \u00abSALUD\u00bb","block_context":{"text":"SALUD","link":"https:\/\/lasprimeras.com.do\/index.php\/category\/salud\/"},"img":{"alt_text":"Santiago Hazim","src":"https:\/\/i0.wp.com\/lasprimeras.com.do\/wp-content\/uploads\/2023\/10\/Santiago-Hazim.jpg?resize=350%2C200&ssl=1","width":350,"height":200,"srcset":"https:\/\/i0.wp.com\/lasprimeras.com.do\/wp-content\/uploads\/2023\/10\/Santiago-Hazim.jpg?resize=350%2C200&ssl=1 1x, https:\/\/i0.wp.com\/lasprimeras.com.do\/wp-content\/uploads\/2023\/10\/Santiago-Hazim.jpg?resize=525%2C300&ssl=1 1.5x, https:\/\/i0.wp.com\/lasprimeras.com.do\/wp-content\/uploads\/2023\/10\/Santiago-Hazim.jpg?resize=700%2C400&ssl=1 2x"},"classes":[]},{"id":104053,"url":"https:\/\/lasprimeras.com.do\/index.php\/2025\/07\/21\/senasa-exhorta-a-hombres-los-afiliados-realizar-chequeos-medicos-y-prevenir-enfermedades\/","url_meta":{"origin":96163,"position":3},"title":"SeNaSa exhorta a hombres los afiliados realizar chequeos m\u00e9dicos y prevenir enfermedades","author":"Nelson Feliz","date":"21 de julio de 2025","format":false,"excerpt":"En el marco del D\u00eda del Padre, el director ejecutivo del Seguro Nacional de Salud (SeNaSa), doctor Santiago Hazim, junto al doctor William Cuello, de la Gerencia de Salud, reiteraron el compromiso de la instituci\u00f3n con la salud integral de los hombres dominicanos y la importancia de fomentar una cultura\u2026","rel":"","context":"En \u00abSALUD\u00bb","block_context":{"text":"SALUD","link":"https:\/\/lasprimeras.com.do\/index.php\/category\/salud\/"},"img":{"alt_text":"","src":"https:\/\/i0.wp.com\/lasprimeras.com.do\/wp-content\/uploads\/2025\/02\/SeNaSa.jpg?resize=350%2C200&ssl=1","width":350,"height":200,"srcset":"https:\/\/i0.wp.com\/lasprimeras.com.do\/wp-content\/uploads\/2025\/02\/SeNaSa.jpg?resize=350%2C200&ssl=1 1x, https:\/\/i0.wp.com\/lasprimeras.com.do\/wp-content\/uploads\/2025\/02\/SeNaSa.jpg?resize=525%2C300&ssl=1 1.5x, https:\/\/i0.wp.com\/lasprimeras.com.do\/wp-content\/uploads\/2025\/02\/SeNaSa.jpg?resize=700%2C400&ssl=1 2x"},"classes":[]},{"id":110001,"url":"https:\/\/lasprimeras.com.do\/index.php\/2025\/09\/24\/santiago-hazim-defiende-honradez-de-su-gestion-en-senasa\/","url_meta":{"origin":96163,"position":4},"title":"Santiago Hazim defiende honradez de su gesti\u00f3n  en Senasa","author":"Nelson Feliz","date":"24 de septiembre de 2025","format":false,"excerpt":"Hazim recuerda que fue \u00e9l quien denunci\u00f3 las irregularidades en Senasa El exdirector ejecutivo del Seguro Nacional de Salud (Senasa), doctor Santiago Hazim, defendi\u00f3 su paso por la instituci\u00f3n asegurando que actu\u00f3 siempre con honradez en el ejercicio de la funci\u00f3n p\u00fablica, y record\u00f3 que fue su gesti\u00f3n que present\u00f3\u2026","rel":"","context":"En \u00abNACIONALES\u00bb","block_context":{"text":"NACIONALES","link":"https:\/\/lasprimeras.com.do\/index.php\/category\/nacionales\/"},"img":{"alt_text":"","src":"https:\/\/i0.wp.com\/lasprimeras.com.do\/wp-content\/uploads\/2025\/09\/Santiago-Hazim.jpg?resize=350%2C200&ssl=1","width":350,"height":200,"srcset":"https:\/\/i0.wp.com\/lasprimeras.com.do\/wp-content\/uploads\/2025\/09\/Santiago-Hazim.jpg?resize=350%2C200&ssl=1 1x, https:\/\/i0.wp.com\/lasprimeras.com.do\/wp-content\/uploads\/2025\/09\/Santiago-Hazim.jpg?resize=525%2C300&ssl=1 1.5x, https:\/\/i0.wp.com\/lasprimeras.com.do\/wp-content\/uploads\/2025\/09\/Santiago-Hazim.jpg?resize=700%2C400&ssl=1 2x"},"classes":[]},{"id":87583,"url":"https:\/\/lasprimeras.com.do\/index.php\/2024\/08\/14\/santiago-hazim-el-98-de-la-poblacion-tiene-acceso-al-seguro-familiar-de-salud\/","url_meta":{"origin":96163,"position":5},"title":"Santiago Hazim: El 98% de la poblaci\u00f3n tiene acceso al Seguro Familiar de Salud","author":"Nelson Feliz","date":"14 de agosto de 2024","format":false,"excerpt":"En 4 a\u00f1os SeNaSa ofreci\u00f3 m\u00e1s 336 millones de servicios de salud. Con la celebraci\u00f3n de una eucarist\u00eda de acci\u00f3n de gracia en la Parroquia San Judas Tadeo, el Seguro Nacional de Salud (SeNaSa) agradeci\u00f3 a Dios por cada uno de los colaboradores quienes han hecho posible que el 72%\u2026","rel":"","context":"En \u00abECONOM\u00cdA\u00bb","block_context":{"text":"ECONOM\u00cdA","link":"https:\/\/lasprimeras.com.do\/index.php\/category\/economia\/"},"img":{"alt_text":"misa","src":"https:\/\/i0.wp.com\/lasprimeras.com.do\/wp-content\/uploads\/2024\/08\/misa.jpeg?resize=350%2C200&ssl=1","width":350,"height":200,"srcset":"https:\/\/i0.wp.com\/lasprimeras.com.do\/wp-content\/uploads\/2024\/08\/misa.jpeg?resize=350%2C200&ssl=1 1x, https:\/\/i0.wp.com\/lasprimeras.com.do\/wp-content\/uploads\/2024\/08\/misa.jpeg?resize=525%2C300&ssl=1 1.5x, https:\/\/i0.wp.com\/lasprimeras.com.do\/wp-content\/uploads\/2024\/08\/misa.jpeg?resize=700%2C400&ssl=1 2x"},"classes":[]}],"jetpack_sharing_enabled":true,"_links":{"self":[{"href":"https:\/\/lasprimeras.com.do\/index.php\/wp-json\/wp\/v2\/posts\/96163","targetHints":{"allow":["GET"]}}],"collection":[{"href":"https:\/\/lasprimeras.com.do\/index.php\/wp-json\/wp\/v2\/posts"}],"about":[{"href":"https:\/\/lasprimeras.com.do\/index.php\/wp-json\/wp\/v2\/types\/post"}],"author":[{"embeddable":true,"href":"https:\/\/lasprimeras.com.do\/index.php\/wp-json\/wp\/v2\/users\/10"}],"replies":[{"embeddable":true,"href":"https:\/\/lasprimeras.com.do\/index.php\/wp-json\/wp\/v2\/comments?post=96163"}],"version-history":[{"count":1,"href":"https:\/\/lasprimeras.com.do\/index.php\/wp-json\/wp\/v2\/posts\/96163\/revisions"}],"predecessor-version":[{"id":96166,"href":"https:\/\/lasprimeras.com.do\/index.php\/wp-json\/wp\/v2\/posts\/96163\/revisions\/96166"}],"wp:featuredmedia":[{"embeddable":true,"href":"https:\/\/lasprimeras.com.do\/index.php\/wp-json\/wp\/v2\/media\/96164"}],"wp:attachment":[{"href":"https:\/\/lasprimeras.com.do\/index.php\/wp-json\/wp\/v2\/media?parent=96163"}],"wp:term":[{"taxonomy":"category","embeddable":true,"href":"https:\/\/lasprimeras.com.do\/index.php\/wp-json\/wp\/v2\/categories?post=96163"},{"taxonomy":"post_tag","embeddable":true,"href":"https:\/\/lasprimeras.com.do\/index.php\/wp-json\/wp\/v2\/tags?post=96163"}],"curies":[{"name":"wp","href":"https:\/\/api.w.org\/{rel}","templated":true}]}}