{"id":96204,"date":"2025-03-26T23:10:43","date_gmt":"2025-03-27T03:10:43","guid":{"rendered":"https:\/\/lasprimeras.com.do\/?p=96204"},"modified":"2025-03-26T23:10:44","modified_gmt":"2025-03-27T03:10:44","slug":"directora-del-robert-reid-dice-nina-quemada-por-adolescente-en-cancino-esta-estable","status":"publish","type":"post","link":"https:\/\/lasprimeras.com.do\/index.php\/2025\/03\/26\/directora-del-robert-reid-dice-nina-quemada-por-adolescente-en-cancino-esta-estable\/","title":{"rendered":"Directora del Robert Reid dice ni\u00f1a quemada por \u00abadolescente\u00bb en Cancino esta estable"},"content":{"rendered":"\n<p>Por Fernando Suero<\/p>\n\n\n\n<p>La ni\u00f1a de 8 a\u00f1os de edad quien fue quemada tras una adolescente rosearla con gasolina y luego prenderle fuego en el sector de Cancino Adentro del municipio Santo Domingo Este, se encuentra en condici\u00f3n estable producto de las quemaduras que sufri\u00f3 en diversas partes del cuerpo.<\/p>\n\n\n\n<p>Seg\u00fan inform\u00f3 la directora del hospital pedi\u00e1trico, Robert Reid Cabral, Mabel Jones, la menor presenta quemaduras de segundo y tercer grado, lo que representa el 27 % de su superficie corporal.<\/p>\n\n\n\n<p>La especialista puntualiz\u00f3 que, a pesar de la gravedad de algunas lesiones, las quemaduras localizadas en la cara se consideran de primer grado, lo que permite un manejo cl\u00ednico menos complejo.<\/p>\n\n\n\n<p>\u201cLa ni\u00f1a en este momento est\u00e1 estable dentro de su condici\u00f3n de cuidado\u201d, declar\u00f3 la directora, quien destac\u00f3 el trabajo del equipo m\u00e9dico.<\/p>\n\n\n\n<p>Jones explic\u00f3 que el proceso de recuperaci\u00f3n ser\u00e1 extenso y que, sin duda, impactar\u00e1 la vida de la menor no solo en el \u00e1mbito f\u00edsico y emocional, sino tambi\u00e9n en su desarrollo educativo.<\/p>\n\n\n\n<p>\u201cEstamos haciendo todos los esfuerzos para que su estad\u00eda en el hospital sea lo m\u00e1s corta posible, sin dejar de priorizar la salud general de la ni\u00f1a\u201d, asegur\u00f3.<\/p>\n\n\n\n<p>Debido a su estado, la paciente no ha sido ingresada en la unidad de cuidados intensivos, aunque s\u00ed se encuentra bajo vigilancia en la unidad especializada de quemados, atendida por un equipo multidisciplinario.<\/p>\n\n\n\n<p>La ni\u00f1a de 8 a\u00f1os de edad, muestra estabilidad dentro de su cuadro cl\u00ednico en el hospital pedi\u00e1trico Robert Reid Cabral.<\/p>\n\n\n\n<p>La ni\u00f1a de 8 a\u00f1os de edad, muestra estabilidad dentro de su cuadro cl\u00ednico en el hospital pedi\u00e1trico Robert Reid Cabral.<\/p>\n\n\n\n<p>Cabe destacar que, seg\u00fan declaraciones de los familiares, el ataque se produjo el pasado domingo 23 de marzo en un solar bald\u00edo del sector.<\/p>\n\n\n\n<p>Durante el incidente, la ni\u00f1a fue tirada al piso, posteriormente, ba\u00f1ada de gasolina, presuntamente por otra menor de 14 a\u00f1os, residente del mismo sector.<\/p>\n\n\n\n<p>Cancino Adentro, sector donde ocurrio la tragedia en Santo Domingo Este<br>Cancino Adentro, sector donde ocurrio la tragedia en Santo Domingo Este<br>Las autoridades contin\u00faan investigando el caso, mientras se esperan los avances en el estado de salud de la peque\u00f1a y a las medidas que se implementen para prevenir futuros incidentes en la zona.<\/p>\n","protected":false},"excerpt":{"rendered":"<p>Por Fernando Suero La ni\u00f1a de 8 a\u00f1os de edad quien fue quemada tras una adolescente rosearla con gasolina y luego prenderle fuego en el sector de Cancino Adentro del&hellip;<\/p>\n","protected":false},"author":2,"featured_media":96205,"comment_status":"open","ping_status":"open","sticky":false,"template":"","format":"standard","meta":{"content-type":"","jetpack_post_was_ever_published":false,"_jetpack_newsletter_access":"","_jetpack_dont_email_post_to_subs":false,"_jetpack_newsletter_tier_id":0,"_jetpack_memberships_contains_paywalled_content":false,"_jetpack_memberships_contains_paid_content":false,"footnotes":""},"categories":[16558],"tags":[2974,288,811,4849,18429,18428],"class_list":["post-96204","post","type-post","status-publish","format-standard","has-post-thumbnail","hentry","category-salud","tag-adolescente","tag-cancino","tag-directora","tag-estable","tag-nina-quemada","tag-robert-reid"],"jetpack_featured_media_url":"https:\/\/lasprimeras.com.do\/wp-content\/uploads\/2025\/03\/Mabel-Jones.jpg","jetpack-related-posts":[{"id":79788,"url":"https:\/\/lasprimeras.com.do\/index.php\/2024\/03\/31\/trasladan-a-hospital-de-boston-joven-quemado-durante-carnaval-de-salcedo\/","url_meta":{"origin":96204,"position":0},"title":"Trasladan a Hospital de Boston joven quemado durante Carnaval de Salcedo","author":"Nelson Feliz","date":"31 de marzo de 2024","format":false,"excerpt":"El Servicio Nacional de Salud inform\u00f3 que el adolescente de 15 a\u00f1os de edad, quien result\u00f3 afectado por quemaduras en un incendio durante el Carnaval de Salcedo, fue trasladado a un Hospital de Boston, Estados Unidos, para recibir tratamiento especializado. La gesti\u00f3n del traslado fue realizada por la direcci\u00f3n del\u2026","rel":"","context":"En \u00abSin categor\u00eda\u00bb","block_context":{"text":"Sin categor\u00eda","link":"https:\/\/lasprimeras.com.do\/index.php\/category\/sin-categoria\/"},"img":{"alt_text":"","src":"https:\/\/i0.wp.com\/lasprimeras.com.do\/wp-content\/uploads\/2024\/03\/quemado.jpg?resize=350%2C200&ssl=1","width":350,"height":200},"classes":[]},{"id":104473,"url":"https:\/\/lasprimeras.com.do\/index.php\/2025\/07\/24\/trasladaran-a-santo-domingo-a-una-de-las-victimas-del-incendio-en-santiago\/","url_meta":{"origin":96204,"position":1},"title":"Trasladar\u00e1n a Santo Domingo a una de las v\u00edctimas del incendio en Santiago","author":"Nelson Feliz","date":"24 de julio de 2025","format":false,"excerpt":"Una de las v\u00edctimas del incendio ocurrido el pasado lunes 21 de julio en el sector Semillero 2, en Cienfuegos, distrito municipal Santiago Oeste, ser\u00e1 trasladada en las pr\u00f3ximas horas a un centro especializado para quemados en Santo Domingo, mientras que su pareja contin\u00faa en estado cr\u00edtico. As\u00ed lo inform\u00f3\u2026","rel":"","context":"En \u00abNACIONALES\u00bb","block_context":{"text":"NACIONALES","link":"https:\/\/lasprimeras.com.do\/index.php\/category\/nacionales\/"},"img":{"alt_text":"","src":"https:\/\/i0.wp.com\/lasprimeras.com.do\/wp-content\/uploads\/2025\/07\/una-5.jpg?resize=350%2C200&ssl=1","width":350,"height":200},"classes":[]},{"id":105416,"url":"https:\/\/lasprimeras.com.do\/index.php\/2025\/08\/03\/sepultan-a-los-dos-adolescentes-alcanzados-por-un-rayo-en-santo-domingo-oeste\/","url_meta":{"origin":96204,"position":2},"title":"Sepultan a los dos adolescentes alcanzados por un rayo en Santo Domingo Oeste","author":"Nelson Feliz","date":"3 de agosto de 2025","format":false,"excerpt":"En medio de l\u00e1grimas y profunda tristeza fueron sepultados este domingo los restos de los dos adolescentes de nacionalidad haitiana que, la tarde del s\u00e1bado, perdieron la vida tras ser alcanzados por un rayo mientras jugaban bajo la lluvia en un play del batey Palav\u00e9 en el en el sector\u2026","rel":"","context":"En \u00abNACIONALES\u00bb","block_context":{"text":"NACIONALES","link":"https:\/\/lasprimeras.com.do\/index.php\/category\/nacionales\/"},"img":{"alt_text":"","src":"https:\/\/i0.wp.com\/lasprimeras.com.do\/wp-content\/uploads\/2024\/07\/rayo.jpg?resize=350%2C200&ssl=1","width":350,"height":200,"srcset":"https:\/\/i0.wp.com\/lasprimeras.com.do\/wp-content\/uploads\/2024\/07\/rayo.jpg?resize=350%2C200&ssl=1 1x, https:\/\/i0.wp.com\/lasprimeras.com.do\/wp-content\/uploads\/2024\/07\/rayo.jpg?resize=525%2C300&ssl=1 1.5x"},"classes":[]},{"id":78808,"url":"https:\/\/lasprimeras.com.do\/index.php\/2024\/03\/20\/muere-sexta-victima-afectada-por-quemaduras-en-carnaval-de-salcedo\/","url_meta":{"origin":96204,"position":3},"title":"Muere sexta victima afectada por quemaduras en carnaval de Salcedo","author":"BIMARY DE JES\u00daS Matos","date":"20 de marzo de 2024","format":false,"excerpt":"Santo Domingo.- Falleci\u00f3 este mi\u00e9rcoles C\u00e9sar Polonia de 15 a\u00f1os de edad, sexta victima del incendio durante el incendio durante carnaval de Salcedo, quien se encontraba ingresado en el Hospital Infantil Dr. Robert Reid Cabral. El infante, quien hab\u00eda sufrido quemaduras en el 80 por ciento de su cuerpo, perdi\u00f3\u2026","rel":"","context":"En \u00abPORTADA\u00bb","block_context":{"text":"PORTADA","link":"https:\/\/lasprimeras.com.do\/index.php\/category\/portada\/"},"img":{"alt_text":"","src":"","width":0,"height":0},"classes":[]},{"id":104781,"url":"https:\/\/lasprimeras.com.do\/index.php\/2025\/07\/27\/muere-joven-padre-que-rescato-a-sus-hijos-de-un-incendio-en-santiago-oeste\/","url_meta":{"origin":96204,"position":4},"title":"Muere joven padre que rescat\u00f3 a sus hijos de un incendio en Santiago Oeste","author":"Nelson Feliz","date":"27 de julio de 2025","format":false,"excerpt":"Willy Beltr\u00e9, de 25 a\u00f1os, ten\u00eda el 85 % de su cuerpo quemado; su esposa y sus dos hijos peque\u00f1os contin\u00faan ingresados en centros de salud. Falleci\u00f3 anoche el joven padre Willy Beltr\u00e9, de 25 a\u00f1os, quien result\u00f3 gravemente herido mientras intentaba salvar a sus hijos durante un incendio que\u2026","rel":"","context":"En \u00abNACIONALES\u00bb","block_context":{"text":"NACIONALES","link":"https:\/\/lasprimeras.com.do\/index.php\/category\/nacionales\/"},"img":{"alt_text":"","src":"https:\/\/i0.wp.com\/lasprimeras.com.do\/wp-content\/uploads\/2025\/07\/willy.jpg?resize=350%2C200&ssl=1","width":350,"height":200,"srcset":"https:\/\/i0.wp.com\/lasprimeras.com.do\/wp-content\/uploads\/2025\/07\/willy.jpg?resize=350%2C200&ssl=1 1x, https:\/\/i0.wp.com\/lasprimeras.com.do\/wp-content\/uploads\/2025\/07\/willy.jpg?resize=525%2C300&ssl=1 1.5x, https:\/\/i0.wp.com\/lasprimeras.com.do\/wp-content\/uploads\/2025\/07\/willy.jpg?resize=700%2C400&ssl=1 2x"},"classes":[]},{"id":59456,"url":"https:\/\/lasprimeras.com.do\/index.php\/2023\/09\/04\/robert-reid-cabral-recibe-entre-60-y-70-pacientes-febriles-diarios\/","url_meta":{"origin":96204,"position":5},"title":"Robert Reid Cabral recibe entre 60 y 70 pacientes febriles diarios","author":"Nelson Feliz","date":"4 de septiembre de 2023","format":false,"excerpt":"El Hospital Pedi\u00e1trico Robert Reid Cabral recibe diariamente entre 60 y 70 pacientes con fiebre, un dato que resulta alarmante ante la consideraci\u00f3n del Ministerio de Salud P\u00fablica de determinar todo caso febril como una sospecha de dengue. De acuerdo con la directora del centro m\u00e9dico infantil, Mabel Jones, quien\u2026","rel":"","context":"En \u00abSin categor\u00eda\u00bb","block_context":{"text":"Sin categor\u00eda","link":"https:\/\/lasprimeras.com.do\/index.php\/category\/sin-categoria\/"},"img":{"alt_text":"Directora del centro m\u00e9dico infantil, Mabel JonesJORGE LU\u00cdS MARTINEZ","src":"https:\/\/i0.wp.com\/lasprimeras.com.do\/wp-content\/uploads\/2023\/09\/Mabel-Jones.jpeg?resize=350%2C200&ssl=1","width":350,"height":200,"srcset":"https:\/\/i0.wp.com\/lasprimeras.com.do\/wp-content\/uploads\/2023\/09\/Mabel-Jones.jpeg?resize=350%2C200&ssl=1 1x, https:\/\/i0.wp.com\/lasprimeras.com.do\/wp-content\/uploads\/2023\/09\/Mabel-Jones.jpeg?resize=525%2C300&ssl=1 1.5x, https:\/\/i0.wp.com\/lasprimeras.com.do\/wp-content\/uploads\/2023\/09\/Mabel-Jones.jpeg?resize=700%2C400&ssl=1 2x"},"classes":[]}],"jetpack_sharing_enabled":true,"_links":{"self":[{"href":"https:\/\/lasprimeras.com.do\/index.php\/wp-json\/wp\/v2\/posts\/96204","targetHints":{"allow":["GET"]}}],"collection":[{"href":"https:\/\/lasprimeras.com.do\/index.php\/wp-json\/wp\/v2\/posts"}],"about":[{"href":"https:\/\/lasprimeras.com.do\/index.php\/wp-json\/wp\/v2\/types\/post"}],"author":[{"embeddable":true,"href":"https:\/\/lasprimeras.com.do\/index.php\/wp-json\/wp\/v2\/users\/2"}],"replies":[{"embeddable":true,"href":"https:\/\/lasprimeras.com.do\/index.php\/wp-json\/wp\/v2\/comments?post=96204"}],"version-history":[{"count":1,"href":"https:\/\/lasprimeras.com.do\/index.php\/wp-json\/wp\/v2\/posts\/96204\/revisions"}],"predecessor-version":[{"id":96206,"href":"https:\/\/lasprimeras.com.do\/index.php\/wp-json\/wp\/v2\/posts\/96204\/revisions\/96206"}],"wp:featuredmedia":[{"embeddable":true,"href":"https:\/\/lasprimeras.com.do\/index.php\/wp-json\/wp\/v2\/media\/96205"}],"wp:attachment":[{"href":"https:\/\/lasprimeras.com.do\/index.php\/wp-json\/wp\/v2\/media?parent=96204"}],"wp:term":[{"taxonomy":"category","embeddable":true,"href":"https:\/\/lasprimeras.com.do\/index.php\/wp-json\/wp\/v2\/categories?post=96204"},{"taxonomy":"post_tag","embeddable":true,"href":"https:\/\/lasprimeras.com.do\/index.php\/wp-json\/wp\/v2\/tags?post=96204"}],"curies":[{"name":"wp","href":"https:\/\/api.w.org\/{rel}","templated":true}]}}