{"id":96264,"date":"2025-03-28T09:14:29","date_gmt":"2025-03-28T13:14:29","guid":{"rendered":"https:\/\/lasprimeras.com.do\/?p=96264"},"modified":"2025-03-28T09:14:29","modified_gmt":"2025-03-28T13:14:29","slug":"israel-ataca-beirut-por-1ra-vez-desde-el-alto-el-fuego-que-puso-fin-a-la-ultima-guerra-con-hezbollah","status":"publish","type":"post","link":"https:\/\/lasprimeras.com.do\/index.php\/2025\/03\/28\/israel-ataca-beirut-por-1ra-vez-desde-el-alto-el-fuego-que-puso-fin-a-la-ultima-guerra-con-hezbollah\/","title":{"rendered":"Israel ataca Beirut por 1ra vez desde el alto el fuego que puso fin a la \u00faltima guerra con Hezbollah"},"content":{"rendered":"\n<p>BEIRUT (AP) \u2014 Israel lanz\u00f3 un ataque sobre Beirut por primera vez desde que un alto el fuego puso fin a la guerra m\u00e1s reciente entre Israel y Hezbollah en noviembre.<\/p>\n\n\n\n<p>Reporteros de The Associated Press en la capital libanesa escucharon un fuerte estruendo y vieron humo elev\u00e1ndose desde el \u00e1rea que el ej\u00e9rcito de Israel hab\u00eda prometido atacar.<\/p>\n\n\n\n<p>Esto ocurri\u00f3 despu\u00e9s de que el ej\u00e9rcito de Israel advirtiera urgentemente a la gente que evacuara partes de un suburbio de Beirut, prometiendo represalias contra los ataques que, seg\u00fan dijo, fueron lanzados desde L\u00edbano hacia el norte de Israel.<\/p>\n\n\n\n<p>El ministro de defensa de Israel afirm\u00f3 el viernes que, si no hab\u00eda paz en las comunidades del norte de Israel, tampoco habr\u00eda paz en Beirut.<\/p>\n\n\n\n<p>Hezbollah neg\u00f3 haber disparado los cohetes hacia el norte de Israel y acus\u00f3 al gobierno israel\u00ed de buscar un pretexto para continuar atacando al L\u00edbano.<\/p>\n\n\n\n<p>El gobierno liban\u00e9s orden\u00f3 el cierre de todas las escuelas y universidades en el suburbio sure\u00f1o de Hadath en Beirut por el d\u00eda. Se vio a los residentes huyendo del \u00e1rea en coches y a pie antes del ataque.<\/p>\n\n\n\n<p>Fue el primer ataque sobre Beirut desde que un alto el fuego entr\u00f3 en vigor el 27 de noviembre de 2024, entre Israel y el grupo militante Hezbollah, aunque desde entonces Israel ha atacado objetivos en el sur de L\u00edbano casi a diario.<\/p>\n","protected":false},"excerpt":{"rendered":"<p>BEIRUT (AP) \u2014 Israel lanz\u00f3 un ataque sobre Beirut por primera vez desde que un alto el fuego puso fin a la guerra m\u00e1s reciente entre Israel y Hezbollah en&hellip;<\/p>\n","protected":false},"author":10,"featured_media":96266,"comment_status":"open","ping_status":"open","sticky":false,"template":"","format":"standard","meta":{"content-type":"","jetpack_post_was_ever_published":false,"_jetpack_newsletter_access":"","_jetpack_dont_email_post_to_subs":false,"_jetpack_newsletter_tier_id":0,"_jetpack_memberships_contains_paywalled_content":false,"_jetpack_memberships_contains_paid_content":false,"footnotes":""},"categories":[16289],"tags":[9062,2060,14355,18453],"class_list":["post-96264","post","type-post","status-publish","format-standard","has-post-thumbnail","hentry","category-internacionales","tag-alto-el-fuego","tag-guerra","tag-hezbollah","tag-israel-ataca-beirut"],"jetpack_featured_media_url":"https:\/\/lasprimeras.com.do\/wp-content\/uploads\/2025\/03\/israel-ataca-beirut-por-1ra-vez-desde-el-alto-el-fuego-que-puso-fin-a-la-ultima-guerra-con-hezbollah.webp","jetpack-related-posts":[{"id":86683,"url":"https:\/\/lasprimeras.com.do\/index.php\/2024\/07\/30\/israel-perpetra-ataque-en-beirut-que-segun-dice-mato-a-un-comandante-de-hezbollah\/","url_meta":{"origin":96264,"position":0},"title":"Israel perpetra ataque en Beirut que, seg\u00fan dice, mat\u00f3 a un comandante de Hezbollah","author":"Nelson Feliz","date":"30 de julio de 2024","format":false,"excerpt":"By BASSEM MROUE and TIA GOLDENBERG BEIRUT (AP) \u2014 Israel llev\u00f3 a cabo el martes un atentado en Beirut que, seg\u00fan inform\u00f3, caus\u00f3 la muerte de un comandante de Hezbollah que presuntamente estuvo detr\u00e1s de un ataque con cohetes perpetrado el fin de semana que dej\u00f3 a 12 j\u00f3venes sin\u2026","rel":"","context":"En \u00abSin categor\u00eda\u00bb","block_context":{"text":"Sin categor\u00eda","link":"https:\/\/lasprimeras.com.do\/index.php\/category\/sin-categoria\/"},"img":{"alt_text":"","src":"https:\/\/i0.wp.com\/lasprimeras.com.do\/wp-content\/uploads\/2024\/07\/ATAQUE-1.png?resize=350%2C200&ssl=1","width":350,"height":200,"srcset":"https:\/\/i0.wp.com\/lasprimeras.com.do\/wp-content\/uploads\/2024\/07\/ATAQUE-1.png?resize=350%2C200&ssl=1 1x, https:\/\/i0.wp.com\/lasprimeras.com.do\/wp-content\/uploads\/2024\/07\/ATAQUE-1.png?resize=525%2C300&ssl=1 1.5x, https:\/\/i0.wp.com\/lasprimeras.com.do\/wp-content\/uploads\/2024\/07\/ATAQUE-1.png?resize=700%2C400&ssl=1 2x"},"classes":[]},{"id":92489,"url":"https:\/\/lasprimeras.com.do\/index.php\/2025\/01\/05\/lider-de-hezbollah-fue-asesinado-en-la-sala-de-operaciones-belicas-dice-asistente\/","url_meta":{"origin":96264,"position":1},"title":"L\u00edder de Hezbollah fue asesinado en la sala de operaciones b\u00e9licas, dice asistente","author":"Nelson Feliz","date":"5 de enero de 2025","format":false,"excerpt":"By KAREEM CHEHAYEB BEIRUT (AP) \u2014 El l\u00edder de Hezbollah Has\u00e1n Nasrala fue asesinado en un ataque a\u00e9reo israel\u00ed el a\u00f1o pasado mientras se encontraba dentro de la sala de operaciones de guerra del grupo militante, seg\u00fan nuevos detalles revelados el domingo por un alto oficial de Hezbollah. Una serie\u2026","rel":"","context":"En \u00abINTERNACIONALES\u00bb","block_context":{"text":"INTERNACIONALES","link":"https:\/\/lasprimeras.com.do\/index.php\/category\/sin-categoria\/internacionales\/"},"img":{"alt_text":"","src":"https:\/\/i0.wp.com\/lasprimeras.com.do\/wp-content\/uploads\/2025\/01\/muerto.jpg?resize=350%2C200&ssl=1","width":350,"height":200,"srcset":"https:\/\/i0.wp.com\/lasprimeras.com.do\/wp-content\/uploads\/2025\/01\/muerto.jpg?resize=350%2C200&ssl=1 1x, https:\/\/i0.wp.com\/lasprimeras.com.do\/wp-content\/uploads\/2025\/01\/muerto.jpg?resize=525%2C300&ssl=1 1.5x, https:\/\/i0.wp.com\/lasprimeras.com.do\/wp-content\/uploads\/2025\/01\/muerto.jpg?resize=700%2C400&ssl=1 2x"},"classes":[]},{"id":89263,"url":"https:\/\/lasprimeras.com.do\/index.php\/2024\/09\/20\/al-menos-14-muertos-en-un-ataque-aereo-de-israel-sobre-beirut\/","url_meta":{"origin":96264,"position":2},"title":"Al menos 14 muertos en un ataque a\u00e9reo de Israel sobre Beirut","author":"Nelson Feliz","date":"20 de septiembre de 2024","format":false,"excerpt":"Redacci\u00f3n - BBC News Mundo Israel llev\u00f3 a cabo este viernes un ataque a\u00e9reo en la capital de L\u00edbano, Beirut, en el que han muerto al menos 14 personas, entre las que estar\u00edan miembros claves de la milicia Hezbol\u00e1. Las Fuerzas de Defensa de Israel (FDI) definieron el ataque como\u2026","rel":"","context":"En \u00abSin categor\u00eda\u00bb","block_context":{"text":"Sin categor\u00eda","link":"https:\/\/lasprimeras.com.do\/index.php\/category\/sin-categoria\/"},"img":{"alt_text":"","src":"https:\/\/i0.wp.com\/lasprimeras.com.do\/wp-content\/uploads\/2024\/09\/Ataque.jpg?resize=350%2C200&ssl=1","width":350,"height":200,"srcset":"https:\/\/i0.wp.com\/lasprimeras.com.do\/wp-content\/uploads\/2024\/09\/Ataque.jpg?resize=350%2C200&ssl=1 1x, https:\/\/i0.wp.com\/lasprimeras.com.do\/wp-content\/uploads\/2024\/09\/Ataque.jpg?resize=525%2C300&ssl=1 1.5x, https:\/\/i0.wp.com\/lasprimeras.com.do\/wp-content\/uploads\/2024\/09\/Ataque.jpg?resize=700%2C400&ssl=1 2x"},"classes":[]},{"id":89695,"url":"https:\/\/lasprimeras.com.do\/index.php\/2024\/10\/03\/al-menos-seis-fallecidos-tras-ataque-de-israel-a-beirut\/","url_meta":{"origin":96264,"position":3},"title":"Al menos seis fallecidos tras ataque de Israel a Beirut","author":"Paola Castillo","date":"3 de octubre de 2024","format":false,"excerpt":"BEIRUT\/JERUSAL\u00c9N \u2014 Israel bombarde\u00f3 Beirut a primera hora del jueves, matando al menos a seis personas, despu\u00e9s de que sus fuerzas sufrieran su d\u00eda m\u00e1s mort\u00edfero en el frente liban\u00e9s en un a\u00f1o de enfrentamientos con Hezbol\u00e1. Israel dijo que hab\u00eda llevado a cabo un ataque a\u00e9reo preciso sobre la\u2026","rel":"","context":"En \u00abSin categor\u00eda\u00bb","block_context":{"text":"Sin categor\u00eda","link":"https:\/\/lasprimeras.com.do\/index.php\/category\/sin-categoria\/"},"img":{"alt_text":"","src":"https:\/\/i0.wp.com\/lasprimeras.com.do\/wp-content\/uploads\/2024\/10\/israel.jpg?resize=350%2C200&ssl=1","width":350,"height":200,"srcset":"https:\/\/i0.wp.com\/lasprimeras.com.do\/wp-content\/uploads\/2024\/10\/israel.jpg?resize=350%2C200&ssl=1 1x, https:\/\/i0.wp.com\/lasprimeras.com.do\/wp-content\/uploads\/2024\/10\/israel.jpg?resize=525%2C300&ssl=1 1.5x, https:\/\/i0.wp.com\/lasprimeras.com.do\/wp-content\/uploads\/2024\/10\/israel.jpg?resize=700%2C400&ssl=1 2x"},"classes":[]},{"id":127210,"url":"https:\/\/lasprimeras.com.do\/index.php\/2026\/04\/09\/israel-bombardea-beirut-y-mata-a-182-personas-alega-que-tregua-con-iran-no-es-valida-para-libano\/","url_meta":{"origin":96264,"position":4},"title":"Israel bombardea Beirut y mata a 182 personas; alega que tregua con Ir\u00e1n no es v\u00e1lida para L\u00edbano","author":"Nelson Feliz","date":"9 de abril de 2026","format":false,"excerpt":"POR KAREEM CHEHAYEB and ABBY SEWELL BEIRUT (AP) \u2014 Israel bombarde\u00f3 el mi\u00e9rcoles varias zonas densamente pobladas en el centro de Beirut, horas despu\u00e9s de que se anunciara un alto al fuego en la guerra entre Estados Unidos e Israel con Ir\u00e1n. El L\u00edbano dijo que al menos 182 personas\u2026","rel":"","context":"En \u00abINTERNACIONALES\u00bb","block_context":{"text":"INTERNACIONALES","link":"https:\/\/lasprimeras.com.do\/index.php\/category\/sin-categoria\/internacionales\/"},"img":{"alt_text":"","src":"https:\/\/i0.wp.com\/lasprimeras.com.do\/wp-content\/uploads\/2026\/04\/bombardeos.jpg?resize=350%2C200&ssl=1","width":350,"height":200,"srcset":"https:\/\/i0.wp.com\/lasprimeras.com.do\/wp-content\/uploads\/2026\/04\/bombardeos.jpg?resize=350%2C200&ssl=1 1x, https:\/\/i0.wp.com\/lasprimeras.com.do\/wp-content\/uploads\/2026\/04\/bombardeos.jpg?resize=525%2C300&ssl=1 1.5x, https:\/\/i0.wp.com\/lasprimeras.com.do\/wp-content\/uploads\/2026\/04\/bombardeos.jpg?resize=700%2C400&ssl=1 2x"},"classes":[]},{"id":89593,"url":"https:\/\/lasprimeras.com.do\/index.php\/2024\/09\/29\/biden-considera-que-el-ataque-israeli-donde-murio-al-dirigente-de-hezbollah-fue-medida-de-justicia\/","url_meta":{"origin":96264,"position":5},"title":"Biden considera que el ataque israel\u00ed d\u00f3nde muri\u00f3 al dirigente de Hezbollah fue \u201cmedida de justicia\u201d","author":"Nelson Feliz","date":"29 de septiembre de 2024","format":false,"excerpt":"AAMER MADHANI y MATTHEW LEE REHOBOTH BEACH, Delaware, EE.UU. (AP) \u2014 El ataque israel\u00ed que mat\u00f3 a Hassan Nasrallah, dirigente del grupo pol\u00edtico-paramilitar Hezbollah, fue una \u201cmedida de justicia\u201d para las v\u00edctimas por su \u201creinado de terror\u201d de cuatro d\u00e9cadas, se\u00f1al\u00f3 el s\u00e1bado el presidente estadounidense Joe Biden. Los comentarios\u2026","rel":"","context":"En \u00abSin categor\u00eda\u00bb","block_context":{"text":"Sin categor\u00eda","link":"https:\/\/lasprimeras.com.do\/index.php\/category\/sin-categoria\/"},"img":{"alt_text":"Joe Biden","src":"https:\/\/i0.wp.com\/lasprimeras.com.do\/wp-content\/uploads\/2024\/09\/Joe-Biden.jpg?resize=350%2C200&ssl=1","width":350,"height":200,"srcset":"https:\/\/i0.wp.com\/lasprimeras.com.do\/wp-content\/uploads\/2024\/09\/Joe-Biden.jpg?resize=350%2C200&ssl=1 1x, https:\/\/i0.wp.com\/lasprimeras.com.do\/wp-content\/uploads\/2024\/09\/Joe-Biden.jpg?resize=525%2C300&ssl=1 1.5x, https:\/\/i0.wp.com\/lasprimeras.com.do\/wp-content\/uploads\/2024\/09\/Joe-Biden.jpg?resize=700%2C400&ssl=1 2x"},"classes":[]}],"jetpack_sharing_enabled":true,"_links":{"self":[{"href":"https:\/\/lasprimeras.com.do\/index.php\/wp-json\/wp\/v2\/posts\/96264","targetHints":{"allow":["GET"]}}],"collection":[{"href":"https:\/\/lasprimeras.com.do\/index.php\/wp-json\/wp\/v2\/posts"}],"about":[{"href":"https:\/\/lasprimeras.com.do\/index.php\/wp-json\/wp\/v2\/types\/post"}],"author":[{"embeddable":true,"href":"https:\/\/lasprimeras.com.do\/index.php\/wp-json\/wp\/v2\/users\/10"}],"replies":[{"embeddable":true,"href":"https:\/\/lasprimeras.com.do\/index.php\/wp-json\/wp\/v2\/comments?post=96264"}],"version-history":[{"count":1,"href":"https:\/\/lasprimeras.com.do\/index.php\/wp-json\/wp\/v2\/posts\/96264\/revisions"}],"predecessor-version":[{"id":96265,"href":"https:\/\/lasprimeras.com.do\/index.php\/wp-json\/wp\/v2\/posts\/96264\/revisions\/96265"}],"wp:featuredmedia":[{"embeddable":true,"href":"https:\/\/lasprimeras.com.do\/index.php\/wp-json\/wp\/v2\/media\/96266"}],"wp:attachment":[{"href":"https:\/\/lasprimeras.com.do\/index.php\/wp-json\/wp\/v2\/media?parent=96264"}],"wp:term":[{"taxonomy":"category","embeddable":true,"href":"https:\/\/lasprimeras.com.do\/index.php\/wp-json\/wp\/v2\/categories?post=96264"},{"taxonomy":"post_tag","embeddable":true,"href":"https:\/\/lasprimeras.com.do\/index.php\/wp-json\/wp\/v2\/tags?post=96264"}],"curies":[{"name":"wp","href":"https:\/\/api.w.org\/{rel}","templated":true}]}}