{"id":96275,"date":"2025-03-28T21:45:14","date_gmt":"2025-03-29T01:45:14","guid":{"rendered":"https:\/\/lasprimeras.com.do\/?p=96275"},"modified":"2025-03-28T21:45:16","modified_gmt":"2025-03-29T01:45:16","slug":"senado-anuncia-para-el-proximo-lunes-seleccion-de-miembros-de-la-camara-de-cuentas","status":"publish","type":"post","link":"https:\/\/lasprimeras.com.do\/index.php\/2025\/03\/28\/senado-anuncia-para-el-proximo-lunes-seleccion-de-miembros-de-la-camara-de-cuentas\/","title":{"rendered":"Senado anuncia para el pr\u00f3ximo lunes selecci\u00f3n de miembros de la C\u00e1mara de Cuentas"},"content":{"rendered":"\n<p>La Comisi\u00f3n especial del Senado que estudia las ternas conformadas para la elecci\u00f3n de los nuevos miembros de la C\u00e1mara de Cuentas durante el per\u00edodo 2024-2028 estableci\u00f3 este viernes la metodolog\u00eda de trabajo.<\/p>\n\n\n\n<p>El presidente de la comisi\u00f3n, Andr\u00e9s Guillermo Lama, decidi\u00f3 convocar a los aspirantes a partir del pr\u00f3ximo lunes para entrevistarlos a fin de conocer sus perfiles de manera m\u00e1s detallada.<\/p>\n\n\n\n<p>Lama, inform\u00f3 que el proceso de entrevistas iniciar\u00e1 la ma\u00f1ana del pr\u00f3ximo lunes en el sal\u00f3n Polivalente de la C\u00e1mara Alta, donde cada postulante tendr\u00e1 cinco minutos para realizar una exposici\u00f3n sobre su curr\u00edculum.<\/p>\n\n\n\n<p>\u201cEn ese momento, los senadores les realizar\u00e1n las preguntas que consideren necesarias\u201d, dijo el senador de Bahoruco.<\/p>\n\n\n\n<p>El legislador explic\u00f3, adem\u00e1s, que para tener una idea sobre la preparaci\u00f3n y capacidad de los postulantes, la comisi\u00f3n revisar\u00e1 un informe con los resultados de la evaluaci\u00f3n realizada por la C\u00e1mara de Diputados, en la que se escogieron cinco ternas.<\/p>\n\n\n\n<p>La comisi\u00f3n especial tiene un plazo de dos semanas para escoger los cinco nuevos titulares de la C\u00e1mara de Cuentas y rendir un informe ante el pleno del Senado.<\/p>\n\n\n\n<p>Adem\u00e1s, estuvieron en la reuni\u00f3n los senadores Pedro Tineo (Monte Plata), Aneudy Ortiz (San Jos\u00e9 de Ocoa), Mois\u00e9s Ayala (Barahona), F\u00e9lix Bautista (San Juan), Antonio Marte (Santiago Rodr\u00edguez), Franklin Romero (Duarte), Omar Fern\u00e1ndez (Distrito Nacional) y Ram\u00f3n Rogelio Genao Dur\u00e1n (La Vega).<\/p>\n","protected":false},"excerpt":{"rendered":"<p>La Comisi\u00f3n especial del Senado que estudia las ternas conformadas para la elecci\u00f3n de los nuevos miembros de la C\u00e1mara de Cuentas durante el per\u00edodo 2024-2028 estableci\u00f3 este viernes la&hellip;<\/p>\n","protected":false},"author":2,"featured_media":96276,"comment_status":"open","ping_status":"open","sticky":false,"template":"","format":"standard","meta":{"content-type":"","jetpack_post_was_ever_published":false,"_jetpack_newsletter_access":"","_jetpack_dont_email_post_to_subs":false,"_jetpack_newsletter_tier_id":0,"_jetpack_memberships_contains_paywalled_content":false,"_jetpack_memberships_contains_paid_content":false,"footnotes":""},"categories":[16559,25],"tags":[340,664,2259,413],"class_list":["post-96275","post","type-post","status-publish","format-standard","has-post-thumbnail","hentry","category-politica","category-portada","tag-camara-de-cuentas","tag-proceso","tag-seleccion","tag-senado"],"jetpack_featured_media_url":"https:\/\/lasprimeras.com.do\/wp-content\/uploads\/2025\/03\/senado-2.jpg","jetpack-related-posts":[{"id":96476,"url":"https:\/\/lasprimeras.com.do\/index.php\/2025\/04\/01\/concluye-entrevistas-a-postulantes-a-dirigir-camara-de-cuentas-2024-2028\/","url_meta":{"origin":96275,"position":0},"title":"Concluye entrevistas a postulantes a dirigir C\u00e1mara de Cuentas 2024-2028","author":"Nelson Feliz","date":"1 de abril de 2025","format":false,"excerpt":"El presidente de la comisi\u00f3n inform\u00f3 que los miembros de la comisi\u00f3n se reunir\u00e1n ma\u00f1ana martes a las 10:00 am para analizar cinco ternas cada una de ellas compuestas por tres aspirante. Por Adalgisa S\u00e1nchez La Comisi\u00f3n Especial del Senado que estudia las ternas conformadas para la elecci\u00f3n de los\u2026","rel":"","context":"En \u00abNACIONALES\u00bb","block_context":{"text":"NACIONALES","link":"https:\/\/lasprimeras.com.do\/index.php\/category\/nacionales\/"},"img":{"alt_text":"","src":"https:\/\/i0.wp.com\/lasprimeras.com.do\/wp-content\/uploads\/2025\/04\/comision.jpg?resize=350%2C200&ssl=1","width":350,"height":200,"srcset":"https:\/\/i0.wp.com\/lasprimeras.com.do\/wp-content\/uploads\/2025\/04\/comision.jpg?resize=350%2C200&ssl=1 1x, https:\/\/i0.wp.com\/lasprimeras.com.do\/wp-content\/uploads\/2025\/04\/comision.jpg?resize=525%2C300&ssl=1 1.5x"},"classes":[]},{"id":97600,"url":"https:\/\/lasprimeras.com.do\/index.php\/2025\/04\/23\/senado-de-la-republica-juramenta-y-posesiona-a-los-nuevos-miembros-de-la-camara-de-cuentas\/","url_meta":{"origin":96275,"position":1},"title":"Senado de la Rep\u00fablica juramenta y posesiona a los nuevos miembros de la C\u00e1mara de Cuentas","author":"Nelson Feliz","date":"23 de abril de 2025","format":false,"excerpt":"Por Adalgisa S\u00e1nchez El presidente del Senado de la Rep\u00fablica Dominicana, Ricardo de los Santos, jurament\u00f3 y posesion\u00f3 a los nuevos miembros de la C\u00e1mara de Cuentas, para el periodo 2025-2029. Durante el acto de juramentaci\u00f3n, De los Santos recomend\u00f3 realizar una buena labor apegada a la \u00e9tica, aplicando el\u2026","rel":"","context":"En \u00abNACIONALES\u00bb","block_context":{"text":"NACIONALES","link":"https:\/\/lasprimeras.com.do\/index.php\/category\/nacionales\/"},"img":{"alt_text":"","src":"https:\/\/i0.wp.com\/lasprimeras.com.do\/wp-content\/uploads\/2025\/04\/cuentas-miembros.jpg?resize=350%2C200&ssl=1","width":350,"height":200,"srcset":"https:\/\/i0.wp.com\/lasprimeras.com.do\/wp-content\/uploads\/2025\/04\/cuentas-miembros.jpg?resize=350%2C200&ssl=1 1x, https:\/\/i0.wp.com\/lasprimeras.com.do\/wp-content\/uploads\/2025\/04\/cuentas-miembros.jpg?resize=525%2C300&ssl=1 1.5x, https:\/\/i0.wp.com\/lasprimeras.com.do\/wp-content\/uploads\/2025\/04\/cuentas-miembros.jpg?resize=700%2C400&ssl=1 2x"},"classes":[]},{"id":96089,"url":"https:\/\/lasprimeras.com.do\/index.php\/2025\/03\/24\/comision-especial-escoge-las-ternas-para-elegir-a-los-integrantes-de-la-camara-de-cuentas\/","url_meta":{"origin":96275,"position":2},"title":"Comisi\u00f3n Especial escoge las ternas para elegir a los integrantes de la C\u00e1mara de Cuentas","author":"Nelson Feliz","date":"24 de marzo de 2025","format":false,"excerpt":"La Comisi\u00f3n Permanente de C\u00e1mara de Cuentas de la C\u00e1mara de Diputados, seleccion\u00f3 este lunes a los integrantes de las cinco ternas que ser\u00e1n presentadas al pleno del organismo para la escogencia de los miembros de la C\u00e1mara de Cuentas. Aunque la comisi\u00f3n que preside el diputado Rogelio Alfonso Genao\u2026","rel":"","context":"En \u00abNACIONALES\u00bb","block_context":{"text":"NACIONALES","link":"https:\/\/lasprimeras.com.do\/index.php\/category\/nacionales\/"},"img":{"alt_text":"","src":"https:\/\/i0.wp.com\/lasprimeras.com.do\/wp-content\/uploads\/2025\/03\/camara-diputados.jpg?resize=350%2C200&ssl=1","width":350,"height":200,"srcset":"https:\/\/i0.wp.com\/lasprimeras.com.do\/wp-content\/uploads\/2025\/03\/camara-diputados.jpg?resize=350%2C200&ssl=1 1x, https:\/\/i0.wp.com\/lasprimeras.com.do\/wp-content\/uploads\/2025\/03\/camara-diputados.jpg?resize=525%2C300&ssl=1 1.5x, https:\/\/i0.wp.com\/lasprimeras.com.do\/wp-content\/uploads\/2025\/03\/camara-diputados.jpg?resize=700%2C400&ssl=1 2x"},"classes":[]},{"id":97535,"url":"https:\/\/lasprimeras.com.do\/index.php\/2025\/04\/22\/legisladores-de-fp-rechazan-eleccion-de-camara-de-cuentas\/","url_meta":{"origin":96275,"position":3},"title":"Legisladores de FP rechazan elecci\u00f3n de C\u00e1mara de Cuentas","author":"Nelson Feliz","date":"22 de abril de 2025","format":false,"excerpt":"Exigen una revisi\u00f3n \"transparente\" del proceso. El Senado de la Rep\u00fablica aprob\u00f3 este martes la escogencia de los cinco dominicanos que integrar\u00e1n el nuevo pleno de la C\u00e1mara de Cuentas, durante el periodo 2025-2029, el cual ser\u00e1 juramentado este mi\u00e9rcoles. A pesar de que los 29 legisladores que representan al\u2026","rel":"","context":"En \u00abPOLITICA\u00bb","block_context":{"text":"POLITICA","link":"https:\/\/lasprimeras.com.do\/index.php\/category\/politica\/"},"img":{"alt_text":"","src":"https:\/\/i0.wp.com\/lasprimeras.com.do\/wp-content\/uploads\/2025\/04\/senado.jpeg?resize=350%2C200&ssl=1","width":350,"height":200,"srcset":"https:\/\/i0.wp.com\/lasprimeras.com.do\/wp-content\/uploads\/2025\/04\/senado.jpeg?resize=350%2C200&ssl=1 1x, https:\/\/i0.wp.com\/lasprimeras.com.do\/wp-content\/uploads\/2025\/04\/senado.jpeg?resize=525%2C300&ssl=1 1.5x, https:\/\/i0.wp.com\/lasprimeras.com.do\/wp-content\/uploads\/2025\/04\/senado.jpeg?resize=700%2C400&ssl=1 2x"},"classes":[]},{"id":97547,"url":"https:\/\/lasprimeras.com.do\/index.php\/2025\/04\/22\/senado-de-la-republica-escoge-nuevos-miembros-de-la-camara-de-cuentas-para-el-periodo-2025-2029\/","url_meta":{"origin":96275,"position":4},"title":"Senado de la Rep\u00fablica escoge nuevos miembros de la C\u00e1mara de Cuentas para el periodo 2025-2029","author":"Nelson Feliz","date":"22 de abril de 2025","format":false,"excerpt":"El Senado de la Rep\u00fablica escogi\u00f3 este martes los nuevos integrantes de la C\u00e1mara de Cuentas de la Rep\u00fablica Dominicana y dej\u00f3 conformado el bufete directivo de ese \u00f3rgano, que ser\u00e1 presidido por Emma Polanco Melo de Mercedes, presidente; Francisco Tam\u00e1rez Florentino, vicepresidente; as\u00ed como los miembros Francisco Alberto Franco\u2026","rel":"","context":"En \u00abNACIONALES\u00bb","block_context":{"text":"NACIONALES","link":"https:\/\/lasprimeras.com.do\/index.php\/category\/nacionales\/"},"img":{"alt_text":"","src":"https:\/\/i0.wp.com\/lasprimeras.com.do\/wp-content\/uploads\/2025\/04\/senado.jpeg?resize=350%2C200&ssl=1","width":350,"height":200,"srcset":"https:\/\/i0.wp.com\/lasprimeras.com.do\/wp-content\/uploads\/2025\/04\/senado.jpeg?resize=350%2C200&ssl=1 1x, https:\/\/i0.wp.com\/lasprimeras.com.do\/wp-content\/uploads\/2025\/04\/senado.jpeg?resize=525%2C300&ssl=1 1.5x, https:\/\/i0.wp.com\/lasprimeras.com.do\/wp-content\/uploads\/2025\/04\/senado.jpeg?resize=700%2C400&ssl=1 2x"},"classes":[]},{"id":85242,"url":"https:\/\/lasprimeras.com.do\/index.php\/2024\/06\/26\/senado-aprueba-la-ley-organica-de-la-camara-de-cuentas-de-la-autoria-de-felix-bautista\/","url_meta":{"origin":96275,"position":5},"title":"Senado aprueba la Ley Org\u00e1nica de la C\u00e1mara de Cuentas de la Autor\u00eda de F\u00e9lix Bautista","author":"Nelson Feliz","date":"26 de junio de 2024","format":false,"excerpt":"LA INICIATIVA FUE APROBADA ACOGIENDO LAS OBSERVACIONES DEL PODER EJECUTIVO. El Senado de la Rep\u00fablica aprob\u00f3 en \u00fanica lectura el Proyecto de Ley Org\u00e1nica de C\u00e1mara de Cuentas de la Autor\u00eda del Senador F\u00e9lix Bautista, acogiendo las observaciones del poder ejecutivo. La pieza aprobada deroga en todas sus partes la\u2026","rel":"","context":"En \u00abNACIONALES\u00bb","block_context":{"text":"NACIONALES","link":"https:\/\/lasprimeras.com.do\/index.php\/category\/nacionales\/"},"img":{"alt_text":"F\u00e9lix Bautista","src":"https:\/\/i0.wp.com\/lasprimeras.com.do\/wp-content\/uploads\/2024\/06\/Felix-Bautista.jpg?resize=350%2C200&ssl=1","width":350,"height":200,"srcset":"https:\/\/i0.wp.com\/lasprimeras.com.do\/wp-content\/uploads\/2024\/06\/Felix-Bautista.jpg?resize=350%2C200&ssl=1 1x, https:\/\/i0.wp.com\/lasprimeras.com.do\/wp-content\/uploads\/2024\/06\/Felix-Bautista.jpg?resize=525%2C300&ssl=1 1.5x, https:\/\/i0.wp.com\/lasprimeras.com.do\/wp-content\/uploads\/2024\/06\/Felix-Bautista.jpg?resize=700%2C400&ssl=1 2x"},"classes":[]}],"jetpack_sharing_enabled":true,"_links":{"self":[{"href":"https:\/\/lasprimeras.com.do\/index.php\/wp-json\/wp\/v2\/posts\/96275","targetHints":{"allow":["GET"]}}],"collection":[{"href":"https:\/\/lasprimeras.com.do\/index.php\/wp-json\/wp\/v2\/posts"}],"about":[{"href":"https:\/\/lasprimeras.com.do\/index.php\/wp-json\/wp\/v2\/types\/post"}],"author":[{"embeddable":true,"href":"https:\/\/lasprimeras.com.do\/index.php\/wp-json\/wp\/v2\/users\/2"}],"replies":[{"embeddable":true,"href":"https:\/\/lasprimeras.com.do\/index.php\/wp-json\/wp\/v2\/comments?post=96275"}],"version-history":[{"count":1,"href":"https:\/\/lasprimeras.com.do\/index.php\/wp-json\/wp\/v2\/posts\/96275\/revisions"}],"predecessor-version":[{"id":96277,"href":"https:\/\/lasprimeras.com.do\/index.php\/wp-json\/wp\/v2\/posts\/96275\/revisions\/96277"}],"wp:featuredmedia":[{"embeddable":true,"href":"https:\/\/lasprimeras.com.do\/index.php\/wp-json\/wp\/v2\/media\/96276"}],"wp:attachment":[{"href":"https:\/\/lasprimeras.com.do\/index.php\/wp-json\/wp\/v2\/media?parent=96275"}],"wp:term":[{"taxonomy":"category","embeddable":true,"href":"https:\/\/lasprimeras.com.do\/index.php\/wp-json\/wp\/v2\/categories?post=96275"},{"taxonomy":"post_tag","embeddable":true,"href":"https:\/\/lasprimeras.com.do\/index.php\/wp-json\/wp\/v2\/tags?post=96275"}],"curies":[{"name":"wp","href":"https:\/\/api.w.org\/{rel}","templated":true}]}}