{"id":96284,"date":"2025-03-28T22:38:16","date_gmt":"2025-03-29T02:38:16","guid":{"rendered":"https:\/\/lasprimeras.com.do\/?p=96284"},"modified":"2025-03-28T22:53:15","modified_gmt":"2025-03-29T02:53:15","slug":"intrant-concluye-consulta-regional-en-san-cristobal","status":"publish","type":"post","link":"https:\/\/lasprimeras.com.do\/index.php\/2025\/03\/28\/intrant-concluye-consulta-regional-en-san-cristobal\/","title":{"rendered":"INTRANT concluye consulta regional en San Crist\u00f3bal"},"content":{"rendered":"\n<p><strong>Realizan en San Crist\u00f3bal consulta regional para elaboraci\u00f3n del Plan Nacional de Seguridad Vial 2025-2030<\/strong><\/p>\n\n\n\n<p>El Instituto Nacional de Tr\u00e1nsito y Transporte Terrestre (Intrant), concluy\u00f3 este viernes en San Crist\u00f3bal las consultas regionales para la formulaci\u00f3n del Plan Estrat\u00e9gico Nacional de Seguridad Vial (PENSV) 2025-2030, abarcando las provincias de Peravia, San Jos\u00e9 de Ocoa y Azua.<\/p>\n\n\n\n<p>Estas cuatro provincias, en su conjunto, tienen una tasa de 45.5 % de muertes a causa de siniestros viales, por cada 100 mil habitantes, y constituyen la Regi\u00f3n \u00danica de Planificaci\u00f3n con la mayor tasa de muertes por accidentes de tr\u00e1nsito del pa\u00eds, seg\u00fan datos del Observatorio Permanente de Seguridad Vial (OPSEVI).<\/p>\n\n\n\n<figure class=\"wp-block-image size-full\"><img decoding=\"async\" width=\"700\" height=\"509\" src=\"https:\/\/lasprimeras.com.do\/wp-content\/uploads\/2025\/03\/milton-2.jpg\" alt=\"\" class=\"wp-image-96286\" srcset=\"https:\/\/lasprimeras.com.do\/wp-content\/uploads\/2025\/03\/milton-2.jpg 700w, https:\/\/lasprimeras.com.do\/wp-content\/uploads\/2025\/03\/milton-2-300x218.jpg 300w\" sizes=\"(max-width: 700px) 100vw, 700px\" \/><\/figure>\n\n\n\n<p>El director ejecutivo del Intrant, Milton Morrison, se\u00f1al\u00f3 que tras conocer esta realidad se deben acelerar los esfuerzos para que, con la colaboraci\u00f3n intersectorial y la voluntad pol\u00edtica ya manifestada, se dise\u00f1e un Plan, que d\u00e9 respuesta a la problem\u00e1tica, a la cual denomin\u00f3 como una \u201cpandemia silente\u201d.<\/p>\n\n\n\n<p>Morrison anunci\u00f3 la instalaci\u00f3n de una oficina del Intrant en San Crist\u00f3bal, un pedido anhelado por la comunidad desde hace a\u00f1os.<\/p>\n\n\n\n<figure class=\"wp-block-image size-full is-resized\"><img decoding=\"async\" width=\"600\" height=\"399\" src=\"https:\/\/lasprimeras.com.do\/wp-content\/uploads\/2025\/03\/milton-3.jpg\" alt=\"\" class=\"wp-image-96287\" style=\"width:729px;height:auto\" srcset=\"https:\/\/lasprimeras.com.do\/wp-content\/uploads\/2025\/03\/milton-3.jpg 600w, https:\/\/lasprimeras.com.do\/wp-content\/uploads\/2025\/03\/milton-3-300x200.jpg 300w\" sizes=\"(max-width: 600px) 100vw, 600px\" \/><\/figure>\n\n\n\n<p>De esta quinta consulta regional participaron la Gobernadora provincial,Pura Casilla; el alcalde de San Crist\u00f3bal, Nelson de la Rosa, y el Senador, Gustavo Lara Salazar; Vladimir Ruiz, del Plan Estrat\u00e9gico de San Crist\u00f3bal, la gobernadora de Az\u00faa, Mar\u00eda Navarro; la gobernadora municipal de Estebania, Manuela Ortiz S\u00e1nchez; adem\u00e1s, de Rosa Urania Abreu, consultora de la OPS\/OMS, y m\u00e1s de 150 representantes del sector p\u00fablico, privado, industrial, juntas de vecinos y organizaciones de la sociedad civil, as\u00ed como transportistas y motoconchistas.<\/p>\n\n\n\n<p>En todo el proceso metodol\u00f3gico, se parte del plan vigente 2021-2030, que contiene un diagn\u00f3stico y l\u00edneas estrat\u00e9gicas que se han valorado.<\/p>\n\n\n\n<p>Sin embargo, debido a la revisi\u00f3n de medio t\u00e9rmino de la d\u00e9cada mundial por la seguridad vial, se recomend\u00f3 elaborar un Plan 2025-2030, como un nuevo instrumento de priorizaci\u00f3n de las acciones que m\u00e1s impactar\u00e1n la tasa de mortalidad por siniestros viales<\/p>\n\n\n\n<figure class=\"wp-block-embed is-type-video is-provider-youtube wp-block-embed-youtube wp-embed-aspect-16-9 wp-has-aspect-ratio\"><div class=\"wp-block-embed__wrapper\">\n<iframe title=\"Milton Morrison anunci\u00f3 la instalaci\u00f3n de oficina del INTRANT en San Crist\u00f3bal\" width=\"500\" height=\"281\" src=\"https:\/\/www.youtube.com\/embed\/y4rFyNHYFZI?feature=oembed\" frameborder=\"0\" allow=\"accelerometer; autoplay; clipboard-write; encrypted-media; gyroscope; picture-in-picture; web-share\" referrerpolicy=\"strict-origin-when-cross-origin\" allowfullscreen><\/iframe>\n<\/div><\/figure>\n\n\n\n<p><strong>Pr\u00f3ximas acciones<\/strong><\/p>\n\n\n\n<p>Este pr\u00f3ximo 9 de abril, se realizar\u00e1 el Foro Nacional para el uso responsable de la motocicleta; en una pr\u00f3xima etapa se realizar\u00e1n consultas sectoriales con ni\u00f1os, ni\u00f1as y adolescentes, j\u00f3venes, personas con discapacidad, peatones y juntas de vecinos.<\/p>\n\n\n\n<p>Adem\u00e1s, de que el PENSV 2025-2030 involucra amplias consultas con actores de la sociedad civil,sector privado,comunitarios,entre otros, as\u00ed como contendr\u00e1 un conjunto de indicadores y un mecanismo permanente de monitoreo y seguimiento.<\/p>\n\n\n\n<p>El Pacto Nacional por la Seguridad Vial, rubricado el pasado 18 de noviembre de 2024, por el presidente de la Rep\u00fablica, Luis Abinader, junto a 121 entidades p\u00fablicas, privadas y de la sociedad civil, establece un marco de acci\u00f3n para la formulaci\u00f3n de este plan, comprometi\u00e9ndose el pa\u00eds a reducir las muertes y traumatismos debidos al tr\u00e1nsito en m\u00ednimo un 50 %, durante este per\u00edodo.<\/p>\n","protected":false},"excerpt":{"rendered":"<p>Realizan en San Crist\u00f3bal consulta regional para elaboraci\u00f3n del Plan Nacional de Seguridad Vial 2025-2030 El Instituto Nacional de Tr\u00e1nsito y Transporte Terrestre (Intrant), concluy\u00f3 este viernes en San Crist\u00f3bal&hellip;<\/p>\n","protected":false},"author":2,"featured_media":96285,"comment_status":"open","ping_status":"open","sticky":false,"template":"","format":"standard","meta":{"content-type":"","jetpack_post_was_ever_published":false,"_jetpack_newsletter_access":"","_jetpack_dont_email_post_to_subs":false,"_jetpack_newsletter_tier_id":0,"_jetpack_memberships_contains_paywalled_content":false,"_jetpack_memberships_contains_paid_content":false,"footnotes":""},"categories":[35,25],"tags":[971,349,14228,1785,651],"class_list":["post-96284","post","type-post","status-publish","format-standard","has-post-thumbnail","hentry","category-nacionales","category-portada","tag-instalacion-2","tag-intrant","tag-milton-morrison","tag-oficina","tag-san-cristobal"],"jetpack_featured_media_url":"https:\/\/lasprimeras.com.do\/wp-content\/uploads\/2025\/03\/milton.jpg","jetpack-related-posts":[{"id":96315,"url":"https:\/\/lasprimeras.com.do\/index.php\/2025\/03\/29\/concluyen-consultas-sobre-plan-nacional-de-seguridad-vial-2025-2030-en-san-cristobal\/","url_meta":{"origin":96284,"position":0},"title":"Concluyen consultas sobre Plan Nacional de Seguridad Vial 2025-2030 en San Crist\u00f3bal","author":"Nelson Feliz","date":"29 de marzo de 2025","format":false,"excerpt":"Con el respaldo decisivo de la Oficina de Gesti\u00f3n Senatorial de San Crist\u00f3bal, encabezada por el senador Gustavo Lara Salazar, concluyeron este viernes las consultas regionales para la formulaci\u00f3n del Plan Estrat\u00e9gico Nacional de Seguridad Vial (PENSV) 2025-2030, iniciativa del Instituto Nacional de Tr\u00e1nsito y Transporte Terrestre (Intrant). Este proceso,\u2026","rel":"","context":"En \u00abNACIONALES\u00bb","block_context":{"text":"NACIONALES","link":"https:\/\/lasprimeras.com.do\/index.php\/category\/nacionales\/"},"img":{"alt_text":"","src":"https:\/\/i0.wp.com\/lasprimeras.com.do\/wp-content\/uploads\/2025\/03\/senador-sc.jpg?resize=350%2C200&ssl=1","width":350,"height":200,"srcset":"https:\/\/i0.wp.com\/lasprimeras.com.do\/wp-content\/uploads\/2025\/03\/senador-sc.jpg?resize=350%2C200&ssl=1 1x, https:\/\/i0.wp.com\/lasprimeras.com.do\/wp-content\/uploads\/2025\/03\/senador-sc.jpg?resize=525%2C300&ssl=1 1.5x, https:\/\/i0.wp.com\/lasprimeras.com.do\/wp-content\/uploads\/2025\/03\/senador-sc.jpg?resize=700%2C400&ssl=1 2x"},"classes":[]},{"id":94965,"url":"https:\/\/lasprimeras.com.do\/index.php\/2025\/03\/07\/intrant-lleva-a-san-pedro-de-macoris-consultas-regionales-del-pensv-2025-2030\/","url_meta":{"origin":96284,"position":1},"title":"INTRANT lleva a San Pedro de Macor\u00eds consultas regionales del PENSV 2025-2030","author":"Nelson Feliz","date":"7 de marzo de 2025","format":false,"excerpt":"M\u00e1s de 40 entidades de La Altagracia, La Romana, El Seibo, San Pedro de Macor\u00eds, Hato Mayor y Monte Plata participaron del proceso Por Martin Restituyo El Instituto Nacional de Tr\u00e1nsito y Transporte Terrestre (Intrant), llev\u00f3 a cabo los d\u00edas 6 y 7 de marzo, en San Pedro de Macor\u00eds,\u2026","rel":"","context":"En \u00abNACIONALES\u00bb","block_context":{"text":"NACIONALES","link":"https:\/\/lasprimeras.com.do\/index.php\/category\/nacionales\/"},"img":{"alt_text":"","src":"https:\/\/i0.wp.com\/lasprimeras.com.do\/wp-content\/uploads\/2025\/03\/Milton-Morrison-1-1.jpg?resize=350%2C200&ssl=1","width":350,"height":200,"srcset":"https:\/\/i0.wp.com\/lasprimeras.com.do\/wp-content\/uploads\/2025\/03\/Milton-Morrison-1-1.jpg?resize=350%2C200&ssl=1 1x, https:\/\/i0.wp.com\/lasprimeras.com.do\/wp-content\/uploads\/2025\/03\/Milton-Morrison-1-1.jpg?resize=525%2C300&ssl=1 1.5x, https:\/\/i0.wp.com\/lasprimeras.com.do\/wp-content\/uploads\/2025\/03\/Milton-Morrison-1-1.jpg?resize=700%2C400&ssl=1 2x"},"classes":[]},{"id":95341,"url":"https:\/\/lasprimeras.com.do\/index.php\/2025\/03\/12\/santiago-y-el-cibao-se-suman-a-jornadas-para-elaboracion-plan-nacional-de-seguridad-vial-2025-2030\/","url_meta":{"origin":96284,"position":2},"title":"Santiago y el Cibao se suman a jornadas para elaboraci\u00f3n Plan Nacional de Seguridad Vial 2025-2030","author":"Nelson Feliz","date":"12 de marzo de 2025","format":false,"excerpt":"De esta tercera consulta regional participaron m\u00e1s de seis provincias de la regi\u00f3n Cibao Norte y Cibao Noroeste El Instituto Nacional de Tr\u00e1nsito y Transporte Terrestre (Intrant), llev\u00f3 a Santiago de los Caballeros su consulta regional para la elaboraci\u00f3n del Plan Estrat\u00e9gico Nacional de Seguridad Vial 2025-2030. Despu\u00e9s de escuchar\u2026","rel":"","context":"En \u00abNACIONALES\u00bb","block_context":{"text":"NACIONALES","link":"https:\/\/lasprimeras.com.do\/index.php\/category\/nacionales\/"},"img":{"alt_text":"","src":"https:\/\/i0.wp.com\/lasprimeras.com.do\/wp-content\/uploads\/2025\/03\/intrant.jpg?resize=350%2C200&ssl=1","width":350,"height":200,"srcset":"https:\/\/i0.wp.com\/lasprimeras.com.do\/wp-content\/uploads\/2025\/03\/intrant.jpg?resize=350%2C200&ssl=1 1x, https:\/\/i0.wp.com\/lasprimeras.com.do\/wp-content\/uploads\/2025\/03\/intrant.jpg?resize=525%2C300&ssl=1 1.5x, https:\/\/i0.wp.com\/lasprimeras.com.do\/wp-content\/uploads\/2025\/03\/intrant.jpg?resize=700%2C400&ssl=1 2x"},"classes":[]},{"id":94699,"url":"https:\/\/lasprimeras.com.do\/index.php\/2025\/03\/04\/inician-consultas-regionales-sobre-el-plan-estrategico-nacional-de-seguridad-vial-en-la-vega\/","url_meta":{"origin":96284,"position":3},"title":"Inician consultas regionales sobre el Plan Estrat\u00e9gico Nacional de Seguridad Vial en La Vega","author":"Nelson Feliz","date":"4 de marzo de 2025","format":false,"excerpt":"Estos procesos regionales abarcar\u00e1n las regiones Este, Sur y Norte durante marzo. Por Martin Restituyo\u00a0El Instituto Nacional de Tr\u00e1nsito y Transporte Terrestre (Intrant), dej\u00f3 abiertas las consultas regionales para la elaboraci\u00f3n del Plan Estrat\u00e9gico Nacional de Seguridad Vial 2025-2030, con representantes de 121 entidades p\u00fablicas, privadas y de la sociedad\u2026","rel":"","context":"En \u00abNACIONALES\u00bb","block_context":{"text":"NACIONALES","link":"https:\/\/lasprimeras.com.do\/index.php\/category\/nacionales\/"},"img":{"alt_text":"Milton Morrison","src":"https:\/\/i0.wp.com\/lasprimeras.com.do\/wp-content\/uploads\/2025\/03\/Milton-Morrison.jpg?resize=350%2C200&ssl=1","width":350,"height":200,"srcset":"https:\/\/i0.wp.com\/lasprimeras.com.do\/wp-content\/uploads\/2025\/03\/Milton-Morrison.jpg?resize=350%2C200&ssl=1 1x, https:\/\/i0.wp.com\/lasprimeras.com.do\/wp-content\/uploads\/2025\/03\/Milton-Morrison.jpg?resize=525%2C300&ssl=1 1.5x, https:\/\/i0.wp.com\/lasprimeras.com.do\/wp-content\/uploads\/2025\/03\/Milton-Morrison.jpg?resize=700%2C400&ssl=1 2x"},"classes":[]},{"id":101897,"url":"https:\/\/lasprimeras.com.do\/index.php\/2025\/06\/29\/director-de-intrant-restablece-la-red-semaforica-de-san-cristobal-en-tiempo-record\/","url_meta":{"origin":96284,"position":4},"title":"Director de INTRANT restablece la red semaf\u00f3rica de San Crist\u00f3bal en tiempo r\u00e9cord","author":"Nelson Feliz","date":"29 de junio de 2025","format":false,"excerpt":"A pesar de que la instalaci\u00f3n, gesti\u00f3n y mantenimiento de la red semaf\u00f3rica es responsabilidad directa de las Alcald\u00edas, el director ejecutivo del Instituto Nacional de Tr\u00e1nsito y Transporte Terrestre (Intrant), Milton Morrison, culmin\u00f3 los trabajos de restablecimiento de la red semaf\u00f3rica del casco urbano de San Crist\u00f3bal. El sistema\u2026","rel":"","context":"En \u00abNACIONALES\u00bb","block_context":{"text":"NACIONALES","link":"https:\/\/lasprimeras.com.do\/index.php\/category\/nacionales\/"},"img":{"alt_text":"Milton Morrison","src":"https:\/\/i0.wp.com\/lasprimeras.com.do\/wp-content\/uploads\/2025\/06\/Milton-Morrison.jpg?resize=350%2C200&ssl=1","width":350,"height":200,"srcset":"https:\/\/i0.wp.com\/lasprimeras.com.do\/wp-content\/uploads\/2025\/06\/Milton-Morrison.jpg?resize=350%2C200&ssl=1 1x, https:\/\/i0.wp.com\/lasprimeras.com.do\/wp-content\/uploads\/2025\/06\/Milton-Morrison.jpg?resize=525%2C300&ssl=1 1.5x, https:\/\/i0.wp.com\/lasprimeras.com.do\/wp-content\/uploads\/2025\/06\/Milton-Morrison.jpg?resize=700%2C400&ssl=1 2x"},"classes":[]},{"id":100318,"url":"https:\/\/lasprimeras.com.do\/index.php\/2025\/05\/30\/intrant-presenta-avances-del-plan-estrategico-nacional-de-seguridad-vial-2025-2030-en-reunion-en-la-aird\/","url_meta":{"origin":96284,"position":5},"title":"INTRANT presenta avances del Plan Estrat\u00e9gico Nacional de Seguridad Vial 2025-2030 en reuni\u00f3n en la AIRD","author":"Nelson Feliz","date":"30 de mayo de 2025","format":false,"excerpt":"El Instituto Nacional de Tr\u00e1nsito y Transporte Terrestre (Intrant) present\u00f3 este viernes los avances del Plan Estrat\u00e9gico Nacional de Seguridad Vial (PENSV 2025-2030), durante la cuarta reuni\u00f3n del Comit\u00e9 Consultivo de Participaci\u00f3n Social de Movilidad, Transporte Terrestre, Tr\u00e1nsito y Seguridad Vial, celebrada junto a representantes de la Asociaci\u00f3n de Industrias\u2026","rel":"","context":"En \u00abSin categor\u00eda\u00bb","block_context":{"text":"Sin categor\u00eda","link":"https:\/\/lasprimeras.com.do\/index.php\/category\/sin-categoria\/"},"img":{"alt_text":"","src":"https:\/\/i0.wp.com\/lasprimeras.com.do\/wp-content\/uploads\/2025\/06\/INTRANT-1.jpg?resize=350%2C200&ssl=1","width":350,"height":200,"srcset":"https:\/\/i0.wp.com\/lasprimeras.com.do\/wp-content\/uploads\/2025\/06\/INTRANT-1.jpg?resize=350%2C200&ssl=1 1x, https:\/\/i0.wp.com\/lasprimeras.com.do\/wp-content\/uploads\/2025\/06\/INTRANT-1.jpg?resize=525%2C300&ssl=1 1.5x"},"classes":[]}],"jetpack_sharing_enabled":true,"_links":{"self":[{"href":"https:\/\/lasprimeras.com.do\/index.php\/wp-json\/wp\/v2\/posts\/96284","targetHints":{"allow":["GET"]}}],"collection":[{"href":"https:\/\/lasprimeras.com.do\/index.php\/wp-json\/wp\/v2\/posts"}],"about":[{"href":"https:\/\/lasprimeras.com.do\/index.php\/wp-json\/wp\/v2\/types\/post"}],"author":[{"embeddable":true,"href":"https:\/\/lasprimeras.com.do\/index.php\/wp-json\/wp\/v2\/users\/2"}],"replies":[{"embeddable":true,"href":"https:\/\/lasprimeras.com.do\/index.php\/wp-json\/wp\/v2\/comments?post=96284"}],"version-history":[{"count":2,"href":"https:\/\/lasprimeras.com.do\/index.php\/wp-json\/wp\/v2\/posts\/96284\/revisions"}],"predecessor-version":[{"id":96292,"href":"https:\/\/lasprimeras.com.do\/index.php\/wp-json\/wp\/v2\/posts\/96284\/revisions\/96292"}],"wp:featuredmedia":[{"embeddable":true,"href":"https:\/\/lasprimeras.com.do\/index.php\/wp-json\/wp\/v2\/media\/96285"}],"wp:attachment":[{"href":"https:\/\/lasprimeras.com.do\/index.php\/wp-json\/wp\/v2\/media?parent=96284"}],"wp:term":[{"taxonomy":"category","embeddable":true,"href":"https:\/\/lasprimeras.com.do\/index.php\/wp-json\/wp\/v2\/categories?post=96284"},{"taxonomy":"post_tag","embeddable":true,"href":"https:\/\/lasprimeras.com.do\/index.php\/wp-json\/wp\/v2\/tags?post=96284"}],"curies":[{"name":"wp","href":"https:\/\/api.w.org\/{rel}","templated":true}]}}