{"id":96289,"date":"2025-03-28T22:44:36","date_gmt":"2025-03-29T02:44:36","guid":{"rendered":"https:\/\/lasprimeras.com.do\/?p=96289"},"modified":"2025-03-28T22:44:37","modified_gmt":"2025-03-29T02:44:37","slug":"caasd-trabaja-para-solucionar-averia-en-la-luperon","status":"publish","type":"post","link":"https:\/\/lasprimeras.com.do\/index.php\/2025\/03\/28\/caasd-trabaja-para-solucionar-averia-en-la-luperon\/","title":{"rendered":"CAASD trabaja para solucionar aver\u00eda en la Luper\u00f3n"},"content":{"rendered":"\n<p>La Corporaci\u00f3n del Acueducto y Alcantarillado de Santo Domingo (CAASD) inform\u00f3 este viernes sobre una interrupci\u00f3n en el servicio de agua potable que limitar\u00e1 a varios sectores ubicados al sur de la avenida Independencia, debido a una aver\u00eda provocada por los trabajos de construcci\u00f3n del paso a desnivel en la Plaza de la Bandera, en la avenida Luper\u00f3n.<\/p>\n\n\n\n<p>El encargado de operaciones de la CAASD, Luis Salcedo, explic\u00f3 que la aver\u00eda se produjo en una tuber\u00eda de 36 pulgadas de hierro d\u00factil, que es una arteria vital para el suministro de agua desde los tanques situados en el kil\u00f3metro 9 de la autopista Duarte hacia los sectores localizados en la avenida Independencia.<\/p>\n\n\n\n<p>&#8220;Este tipo de tuber\u00eda es fundamental para garantizar el flujo constante de agua a estas zonas, y su da\u00f1o impacta directamente en el servicio que reciben los residentes&#8221;, expres\u00f3.<\/p>\n\n\n\n<p>De acuerdo con Salcedo, los sectores que se ver\u00e1n afectados por esta aver\u00eda incluyen las siguientes \u00e1reas: 30 de Mayo, El Cacique, Mar Azul, INVI, Urb. Aesa, Costa Caribe, Pradera Verde, Residencial Jos\u00e9 Contreras, Residencial Sandra, entre otros.<\/p>\n\n\n\n<p>En ese sentido el funcionario destac\u00f3 que las brigadas de la direcci\u00f3n de operaciones de la CAASD est\u00e1n trabajando arduamente en la reparaci\u00f3n de esta aver\u00eda, realizando los esfuerzos necesarios para resolver la situaci\u00f3n lo m\u00e1s r\u00e1pido posible.<\/p>\n\n\n\n<p>&#8220;El personal de la CAASD est\u00e1 trabajando sin descanso, realizando todos los esfuerzos necesarios para resolver esta situaci\u00f3n a la mayor brevedad posible. Mantendremos informada a la poblaci\u00f3n sobre el progreso de los trabajos&#8221;, asegur\u00f3.<\/p>\n\n\n\n<p>Estim\u00f3 que los trabajos de reparaci\u00f3n podr\u00edan extenderse hasta el domingo y pidi\u00f3 a la poblaci\u00f3n afectada que tome las precauciones necesarias mientras se restablece el servicio.<\/p>\n\n\n\n<p>&#8220;Pedimos a la poblaci\u00f3n almacenar agua y utilizarla de manera racional mientras restablecemos el servicio&#8221;, dijo.<\/p>\n","protected":false},"excerpt":{"rendered":"<p>La Corporaci\u00f3n del Acueducto y Alcantarillado de Santo Domingo (CAASD) inform\u00f3 este viernes sobre una interrupci\u00f3n en el servicio de agua potable que limitar\u00e1 a varios sectores ubicados al sur&hellip;<\/p>\n","protected":false},"author":2,"featured_media":96290,"comment_status":"open","ping_status":"open","sticky":false,"template":"","format":"standard","meta":{"content-type":"","jetpack_post_was_ever_published":false,"_jetpack_newsletter_access":"","_jetpack_dont_email_post_to_subs":false,"_jetpack_newsletter_tier_id":0,"_jetpack_memberships_contains_paywalled_content":false,"_jetpack_memberships_contains_paid_content":false,"footnotes":""},"categories":[35,25],"tags":[10033,682,697,6445],"class_list":["post-96289","post","type-post","status-publish","format-standard","has-post-thumbnail","hentry","category-nacionales","category-portada","tag-avenida-luperon","tag-averia","tag-caasd","tag-plaza-de-la-bandera"],"jetpack_featured_media_url":"https:\/\/lasprimeras.com.do\/wp-content\/uploads\/2025\/03\/averia2-min.jpg","jetpack-related-posts":[{"id":120489,"url":"https:\/\/lasprimeras.com.do\/index.php\/2026\/01\/24\/caasd-anuncia-trabajos-de-empalme-de-tuberias-y-drenado-de-linea-en-la-avenida-gregorio-luperon\/","url_meta":{"origin":96289,"position":0},"title":"CAASD anuncia trabajos de empalme de tuber\u00edas y drenado de l\u00ednea en la avenida Gregorio Luper\u00f3n","author":"Nelson Feliz","date":"24 de enero de 2026","format":false,"excerpt":"Sectores afectados recibir\u00e1n asistencia continua a trav\u00e9s de flotilla de 40 camiones cisternas La Corporaci\u00f3n del Acueducto y Alcantarillado de Santo Domingo (CAASD), inform\u00f3 que durante este fin de semana se ejecutar\u00e1n trabajos de interconexi\u00f3n de tuber\u00edas de 16 y 36 pulgadas, las cuales fueron previamente reubicadas por interferir con\u2026","rel":"","context":"En \u00abNACIONALES\u00bb","block_context":{"text":"NACIONALES","link":"https:\/\/lasprimeras.com.do\/index.php\/category\/nacionales\/"},"img":{"alt_text":"","src":"https:\/\/i0.wp.com\/lasprimeras.com.do\/wp-content\/uploads\/2025\/10\/El-director-de-la-CAASD.jpg?resize=350%2C200&ssl=1","width":350,"height":200,"srcset":"https:\/\/i0.wp.com\/lasprimeras.com.do\/wp-content\/uploads\/2025\/10\/El-director-de-la-CAASD.jpg?resize=350%2C200&ssl=1 1x, https:\/\/i0.wp.com\/lasprimeras.com.do\/wp-content\/uploads\/2025\/10\/El-director-de-la-CAASD.jpg?resize=525%2C300&ssl=1 1.5x, https:\/\/i0.wp.com\/lasprimeras.com.do\/wp-content\/uploads\/2025\/10\/El-director-de-la-CAASD.jpg?resize=700%2C400&ssl=1 2x"},"classes":[]},{"id":102700,"url":"https:\/\/lasprimeras.com.do\/index.php\/2025\/07\/07\/caasd-trabaja-correccion-de-averia-en-avenida-maximo-gomez-esquina-nicolas-ovando\/","url_meta":{"origin":96289,"position":1},"title":"CAASD trabaja correcci\u00f3n de aver\u00eda en avenida M\u00e1ximo G\u00f3mez esquina Nicol\u00e1s Ovando","author":"Nelson Feliz","date":"7 de julio de 2025","format":false,"excerpt":"Las brigadas de la instituci\u00f3n ejecutan el cambio de una v\u00e1lvula de 16 pulgadas a fin de optimizar el servicio de agua potable. La Corporaci\u00f3n del Acueducto y Alcantarillado de Santo Domingo (CAASD) trabaja de manera acelerada para solucionar una aver\u00eda en la l\u00ednea de distribuci\u00f3n, ubicada en las intersecciones\u2026","rel":"","context":"En \u00abNACIONALES\u00bb","block_context":{"text":"NACIONALES","link":"https:\/\/lasprimeras.com.do\/index.php\/category\/nacionales\/"},"img":{"alt_text":"","src":"https:\/\/i0.wp.com\/lasprimeras.com.do\/wp-content\/uploads\/2025\/07\/caasd-1.jpg?resize=350%2C200&ssl=1","width":350,"height":200,"srcset":"https:\/\/i0.wp.com\/lasprimeras.com.do\/wp-content\/uploads\/2025\/07\/caasd-1.jpg?resize=350%2C200&ssl=1 1x, https:\/\/i0.wp.com\/lasprimeras.com.do\/wp-content\/uploads\/2025\/07\/caasd-1.jpg?resize=525%2C300&ssl=1 1.5x, https:\/\/i0.wp.com\/lasprimeras.com.do\/wp-content\/uploads\/2025\/07\/caasd-1.jpg?resize=700%2C400&ssl=1 2x"},"classes":[]},{"id":108426,"url":"https:\/\/lasprimeras.com.do\/index.php\/2025\/09\/07\/caasd-repara-averia-en-tuberia-de-agua-potable-en-avenida-maximo-gomez-con-nicolas-de-ovando\/","url_meta":{"origin":96289,"position":2},"title":"CAASD repara aver\u00eda en tuber\u00eda de agua potable en avenida M\u00e1ximo G\u00f3mez con Nicol\u00e1s de Ovando","author":"Nelson Feliz","date":"7 de septiembre de 2025","format":false,"excerpt":"La Corporaci\u00f3n del Acueducto y Alcantarillado de Santo Domingo (CAASD) inform\u00f3 que fue solucionada una aver\u00eda en una tuber\u00eda de 16 pulgadas de la red de agua potable, ubicada en la intersecci\u00f3n de las avenidas M\u00e1ximo G\u00f3mez y Nicol\u00e1s de Ovando, en el Distrito Nacional. En un comunicado, la entidad\u2026","rel":"","context":"En \u00abNACIONALES\u00bb","block_context":{"text":"NACIONALES","link":"https:\/\/lasprimeras.com.do\/index.php\/category\/nacionales\/"},"img":{"alt_text":"","src":"https:\/\/i0.wp.com\/lasprimeras.com.do\/wp-content\/uploads\/2025\/09\/CAASD-1-1.jpg?resize=350%2C200&ssl=1","width":350,"height":200,"srcset":"https:\/\/i0.wp.com\/lasprimeras.com.do\/wp-content\/uploads\/2025\/09\/CAASD-1-1.jpg?resize=350%2C200&ssl=1 1x, https:\/\/i0.wp.com\/lasprimeras.com.do\/wp-content\/uploads\/2025\/09\/CAASD-1-1.jpg?resize=525%2C300&ssl=1 1.5x, https:\/\/i0.wp.com\/lasprimeras.com.do\/wp-content\/uploads\/2025\/09\/CAASD-1-1.jpg?resize=700%2C400&ssl=1 2x"},"classes":[]},{"id":120619,"url":"https:\/\/lasprimeras.com.do\/index.php\/2026\/01\/26\/caasd-informa-sobre-operativos-de-drenado-en-la-avenida-luperon-para-optimizar-el-suministro-de-agua-potable\/","url_meta":{"origin":96289,"position":3},"title":"CAASD informa sobre operativos de drenado en la avenida Luper\u00f3n para optimizar el suministro de agua potable","author":"Nelson Feliz","date":"26 de enero de 2026","format":false,"excerpt":"La Corporaci\u00f3n del Acueducto y Alcantarillado de Santo Domingo (CAASD) inform\u00f3 este lunes 26 de enero de 2026 que brigadas t\u00e9cnicas realizan el drenado de una l\u00ednea de distribuci\u00f3n de 36 pulgadas de di\u00e1metro en la avenida General Gregorio Luper\u00f3n. Estos trabajos son fundamentales para garantizar la operatividad del sistema\u2026","rel":"","context":"En \u00abNACIONALES\u00bb","block_context":{"text":"NACIONALES","link":"https:\/\/lasprimeras.com.do\/index.php\/category\/nacionales\/"},"img":{"alt_text":"Felipe \u201cFellito\u201d Suberv\u00ed","src":"https:\/\/i0.wp.com\/lasprimeras.com.do\/wp-content\/uploads\/2026\/01\/Felipe-Fellito-Subervi-1.jpg?resize=350%2C200&ssl=1","width":350,"height":200,"srcset":"https:\/\/i0.wp.com\/lasprimeras.com.do\/wp-content\/uploads\/2026\/01\/Felipe-Fellito-Subervi-1.jpg?resize=350%2C200&ssl=1 1x, https:\/\/i0.wp.com\/lasprimeras.com.do\/wp-content\/uploads\/2026\/01\/Felipe-Fellito-Subervi-1.jpg?resize=525%2C300&ssl=1 1.5x, https:\/\/i0.wp.com\/lasprimeras.com.do\/wp-content\/uploads\/2026\/01\/Felipe-Fellito-Subervi-1.jpg?resize=700%2C400&ssl=1 2x"},"classes":[]},{"id":123398,"url":"https:\/\/lasprimeras.com.do\/index.php\/2026\/02\/28\/caasd-trabaja-en-solucion-de-tres-importantes-averias-en-el-gsd\/","url_meta":{"origin":96289,"position":4},"title":"CAASD trabaja en soluci\u00f3n de tres importantes aver\u00edas en el GSD","author":"Nelson Feliz","date":"28 de febrero de 2026","format":false,"excerpt":"El director general de la Corporaci\u00f3n del Acueducto y Alcantarillado de Santo Domingo (CAASD), ingeniero Felipe -Fellito- Suberv\u00ed, design\u00f3 un equipo de t\u00e9cnicos para que le den acompa\u00f1amiento a la empresa que solucionar\u00e1 una aver\u00eda en la Prolongaci\u00f3n de la Avenida 27 de Febrero en Santo Domingo Oeste, mientras otro\u2026","rel":"","context":"En \u00abNACIONALES\u00bb","block_context":{"text":"NACIONALES","link":"https:\/\/lasprimeras.com.do\/index.php\/category\/nacionales\/"},"img":{"alt_text":"","src":"https:\/\/i0.wp.com\/lasprimeras.com.do\/wp-content\/uploads\/2026\/02\/caasd-1.jpg?resize=350%2C200&ssl=1","width":350,"height":200,"srcset":"https:\/\/i0.wp.com\/lasprimeras.com.do\/wp-content\/uploads\/2026\/02\/caasd-1.jpg?resize=350%2C200&ssl=1 1x, https:\/\/i0.wp.com\/lasprimeras.com.do\/wp-content\/uploads\/2026\/02\/caasd-1.jpg?resize=525%2C300&ssl=1 1.5x, https:\/\/i0.wp.com\/lasprimeras.com.do\/wp-content\/uploads\/2026\/02\/caasd-1.jpg?resize=700%2C400&ssl=1 2x"},"classes":[]},{"id":101919,"url":"https:\/\/lasprimeras.com.do\/index.php\/2025\/06\/29\/caasd-resuelve-mas-de-550-averias-busca-optimizar-servicio-de-agua-potable-en-el-gsd\/","url_meta":{"origin":96289,"position":5},"title":"CAASD resuelve m\u00e1s de 550 aver\u00edas, busca optimizar servicio de agua potable en el GSD","author":"Nelson Feliz","date":"29 de junio de 2025","format":false,"excerpt":"Los trabajos comprenden correcci\u00f3n de aver\u00edas, reparaci\u00f3n de v\u00e1lvulas y desobstrucci\u00f3n de l\u00edneas sanitarias en distintas zonas del Gran Santo Domingo La Corporaci\u00f3n del Acueducto y Alcantarillado de Santo Domingo (CAASD) ejecut\u00f3 alrededor de 554 intervenciones durante el mes de junio, orientadas a la correcci\u00f3n de aver\u00edas, reparaci\u00f3n de v\u00e1lvulas\u2026","rel":"","context":"En \u00abNACIONALES\u00bb","block_context":{"text":"NACIONALES","link":"https:\/\/lasprimeras.com.do\/index.php\/category\/nacionales\/"},"img":{"alt_text":"","src":"https:\/\/i0.wp.com\/lasprimeras.com.do\/wp-content\/uploads\/2025\/06\/averias.jpg?resize=350%2C200&ssl=1","width":350,"height":200,"srcset":"https:\/\/i0.wp.com\/lasprimeras.com.do\/wp-content\/uploads\/2025\/06\/averias.jpg?resize=350%2C200&ssl=1 1x, https:\/\/i0.wp.com\/lasprimeras.com.do\/wp-content\/uploads\/2025\/06\/averias.jpg?resize=525%2C300&ssl=1 1.5x, https:\/\/i0.wp.com\/lasprimeras.com.do\/wp-content\/uploads\/2025\/06\/averias.jpg?resize=700%2C400&ssl=1 2x"},"classes":[]}],"jetpack_sharing_enabled":true,"_links":{"self":[{"href":"https:\/\/lasprimeras.com.do\/index.php\/wp-json\/wp\/v2\/posts\/96289","targetHints":{"allow":["GET"]}}],"collection":[{"href":"https:\/\/lasprimeras.com.do\/index.php\/wp-json\/wp\/v2\/posts"}],"about":[{"href":"https:\/\/lasprimeras.com.do\/index.php\/wp-json\/wp\/v2\/types\/post"}],"author":[{"embeddable":true,"href":"https:\/\/lasprimeras.com.do\/index.php\/wp-json\/wp\/v2\/users\/2"}],"replies":[{"embeddable":true,"href":"https:\/\/lasprimeras.com.do\/index.php\/wp-json\/wp\/v2\/comments?post=96289"}],"version-history":[{"count":1,"href":"https:\/\/lasprimeras.com.do\/index.php\/wp-json\/wp\/v2\/posts\/96289\/revisions"}],"predecessor-version":[{"id":96291,"href":"https:\/\/lasprimeras.com.do\/index.php\/wp-json\/wp\/v2\/posts\/96289\/revisions\/96291"}],"wp:featuredmedia":[{"embeddable":true,"href":"https:\/\/lasprimeras.com.do\/index.php\/wp-json\/wp\/v2\/media\/96290"}],"wp:attachment":[{"href":"https:\/\/lasprimeras.com.do\/index.php\/wp-json\/wp\/v2\/media?parent=96289"}],"wp:term":[{"taxonomy":"category","embeddable":true,"href":"https:\/\/lasprimeras.com.do\/index.php\/wp-json\/wp\/v2\/categories?post=96289"},{"taxonomy":"post_tag","embeddable":true,"href":"https:\/\/lasprimeras.com.do\/index.php\/wp-json\/wp\/v2\/tags?post=96289"}],"curies":[{"name":"wp","href":"https:\/\/api.w.org\/{rel}","templated":true}]}}