{"id":96293,"date":"2025-03-28T23:00:21","date_gmt":"2025-03-29T03:00:21","guid":{"rendered":"https:\/\/lasprimeras.com.do\/?p=96293"},"modified":"2025-03-28T23:00:24","modified_gmt":"2025-03-29T03:00:24","slug":"ruben-dario-hernandez-gana-apoyo-y-simpatia-en-santo-domingo-norte","status":"publish","type":"post","link":"https:\/\/lasprimeras.com.do\/index.php\/2025\/03\/28\/ruben-dario-hernandez-gana-apoyo-y-simpatia-en-santo-domingo-norte\/","title":{"rendered":"Ruben Dar\u00edo Hern\u00e1ndez gana apoyo y simpat\u00eda en Santo Domingo Norte"},"content":{"rendered":"\n<p><strong>Hern\u00e1ndez rumbo a la Direcci\u00f3n Central de Fuerza del Pueblo en SDN.<\/strong><\/p>\n\n\n\n<p>El dirigente pol\u00edtico y comunitario, Rub\u00e9n Dar\u00edo Hern\u00e1ndez, se perfila como uno de los aspirantes favoritos para ocupar un puesto en la Direcci\u00f3n Central del partido Fuerza del Pueblo (FP), gracias al respaldo y entusiasmo que ha generado su candidatura en los diferentes sectores de Santo Domingo Norte.<\/p>\n\n\n\n<p>Esta tendencia qued\u00f3 evidenciada durante la Asamblea de Dirigentes celebrada la tarde de este viernes en el populoso sector de Los Guaricanos, donde Hern\u00e1ndez fue recibido con muestras de apoyo, algarab\u00eda y aplausos por parte de decenas de militantes y simpatizantes de la organizaci\u00f3n pol\u00edtica.<\/p>\n\n\n\n<p>El aspirante agradeci\u00f3 la calurosa bienvenida y expres\u00f3 su compromiso de seguir trabajando en favor del fortalecimiento de la Fuerza del Pueblo, destacando que mantiene grandes expectativas sobre el futuro de la entidad pol\u00edtica, liderada por el expresidente de la Rep\u00fablica, doctor Leonel Fern\u00e1ndez.<\/p>\n\n\n\n<p>&#8220;Conf\u00edo plenamente en el liderazgo visionario y la capacidad de estadista del presidente Leonel Fern\u00e1ndez, un hombre que ha demostrado, desde el Gobierno y ahora desde la oposici\u00f3n, que est\u00e1 comprometido con el desarrollo de nuestro pa\u00eds y la construcci\u00f3n de un mejor futuro para todos los dominicanos&#8221;, expres\u00f3 Hern\u00e1ndez.<\/p>\n\n\n\n<p>El dirigente, con m\u00e1s de 15 a\u00f1os de experiencia en la vida pol\u00edtica y comunitaria en Santo Domingo Norte, record\u00f3 que ha estado vinculado al trabajo territorial desde los inicios de la Fuerza del Pueblo, participando activamente en los procesos de organizaci\u00f3n, movilizaci\u00f3n y crecimiento del partido en esa demarcaci\u00f3n.<\/p>\n\n\n\n<p>Adem\u00e1s, el tambi\u00e9n empresario, resalt\u00f3 que ha sido un colaborador cercano y coordinador pol\u00edtico del exalcalde de Santo Domingo Norte, Jes\u00fas F\u00e9liz, con quien trabaj\u00f3 de manera directa en la articulaci\u00f3n de estrategias y acciones para fortalecer la presencia del partido en el municipio.<\/p>\n\n\n\n<p>Rub\u00e9n Dar\u00edo Hern\u00e1ndez, asegur\u00f3 que continuar\u00e1 promoviendo la integraci\u00f3n y participaci\u00f3n de la militancia en los procesos internos de la organizaci\u00f3n, convencido de que la Fuerza del Pueblo es la opci\u00f3n que garantiza un verdadero cambio y transformaci\u00f3n para el pa\u00eds.<\/p>\n\n\n\n<p>La asamblea cont\u00f3 con la presencia de Jes\u00fas F\u00e9liz, exalcalde de Santo Domingo Norte y el ex candidato a diputado por esa demarcacion, V\u00edctor Pavon, as\u00ed como una muy concurrida asistencia de miembros y dirigentes.<\/p>\n\n\n\n<p>La actividad forma parte de los encuentros que desarrolla la estructura dirigencial del partido de cara al proceso de escogencia de los nuevos miembros de la Direcci\u00f3n Central, \u00f3rgano de direcci\u00f3n nacional que jugar\u00e1 un papel clave en los pr\u00f3ximos desaf\u00edos pol\u00edticos de la organizaci\u00f3n.<\/p>\n","protected":false},"excerpt":{"rendered":"<p>Hern\u00e1ndez rumbo a la Direcci\u00f3n Central de Fuerza del Pueblo en SDN. El dirigente pol\u00edtico y comunitario, Rub\u00e9n Dar\u00edo Hern\u00e1ndez, se perfila como uno de los aspirantes favoritos para ocupar&hellip;<\/p>\n","protected":false},"author":2,"featured_media":96294,"comment_status":"open","ping_status":"open","sticky":false,"template":"","format":"standard","meta":{"content-type":"","jetpack_post_was_ever_published":false,"_jetpack_newsletter_access":"","_jetpack_dont_email_post_to_subs":false,"_jetpack_newsletter_tier_id":0,"_jetpack_memberships_contains_paywalled_content":false,"_jetpack_memberships_contains_paid_content":false,"footnotes":""},"categories":[16559],"tags":[2720,223,18457,2716,12731],"class_list":["post-96293","post","type-post","status-publish","format-standard","has-post-thumbnail","hentry","category-politica","tag-apoyo","tag-gana","tag-ruben-dario-hernandez","tag-santo-domingo-norte","tag-simpatia"],"jetpack_featured_media_url":"https:\/\/lasprimeras.com.do\/wp-content\/uploads\/2025\/03\/Ruben-Dario-Hernandez.jpg","jetpack-related-posts":[{"id":103210,"url":"https:\/\/lasprimeras.com.do\/index.php\/2025\/07\/13\/ruben-dario-hernandez-resalta-exito-del-proceso-de-inscripcion-de-candidaturas-de-la-fuerza-del-pueblo\/","url_meta":{"origin":96293,"position":0},"title":"Rub\u00e9n Dar\u00edo Hern\u00e1ndez resalta \u00e9xito del proceso de inscripci\u00f3n de candidaturas de la Fuerza del Pueblo","author":"Nelson Feliz","date":"13 de julio de 2025","format":false,"excerpt":"Por Orlando Arias El aspirante a la Direcci\u00f3n Central del partido Fuerza del Pueblo (FP) por el municipio Santo Domingo Norte, Rub\u00e9n Dar\u00edo Hern\u00e1ndez, calific\u00f3 como \u201caltamente exitoso y ejemplar\u201d el proceso de inscripci\u00f3n de candidaturas internas que se realiz\u00f3 este domingo 13 de julio en el marco del Congreso\u2026","rel":"","context":"En \u00abPOLITICA\u00bb","block_context":{"text":"POLITICA","link":"https:\/\/lasprimeras.com.do\/index.php\/category\/politica\/"},"img":{"alt_text":"","src":"https:\/\/i0.wp.com\/lasprimeras.com.do\/wp-content\/uploads\/2025\/07\/FR.jpg?resize=350%2C200&ssl=1","width":350,"height":200,"srcset":"https:\/\/i0.wp.com\/lasprimeras.com.do\/wp-content\/uploads\/2025\/07\/FR.jpg?resize=350%2C200&ssl=1 1x, https:\/\/i0.wp.com\/lasprimeras.com.do\/wp-content\/uploads\/2025\/07\/FR.jpg?resize=525%2C300&ssl=1 1.5x, https:\/\/i0.wp.com\/lasprimeras.com.do\/wp-content\/uploads\/2025\/07\/FR.jpg?resize=700%2C400&ssl=1 2x"},"classes":[]},{"id":60477,"url":"https:\/\/lasprimeras.com.do\/index.php\/2023\/09\/14\/leandra-acosta-y-su-equipo-dan-contundente-apoyo-a-ruben-maldonado\/","url_meta":{"origin":96293,"position":1},"title":"Leandra Acosta y su equipo dan contundente apoyo a Rub\u00e9n Maldonado","author":"Nelson Feliz","date":"14 de septiembre de 2023","format":false,"excerpt":"El diputado y candidato a senador por el Partido la Fuerza del Pueblo, Rub\u00e9n Maldonado, recibi\u00f3 este jueves el respaldo de la dirigente de la FP, Leandra Acosta, quien junto a su equipo de trabajo, se sumar\u00e1n a las actividades pol\u00edticas que ser\u00e1n realizadas a favor de su proyecto. La\u2026","rel":"","context":"En \u00abPORTADA\u00bb","block_context":{"text":"PORTADA","link":"https:\/\/lasprimeras.com.do\/index.php\/category\/portada\/"},"img":{"alt_text":"Leandra Acosta","src":"https:\/\/i0.wp.com\/lasprimeras.com.do\/wp-content\/uploads\/2023\/09\/Leandra-Acosta-1.jpg?resize=350%2C200&ssl=1","width":350,"height":200,"srcset":"https:\/\/i0.wp.com\/lasprimeras.com.do\/wp-content\/uploads\/2023\/09\/Leandra-Acosta-1.jpg?resize=350%2C200&ssl=1 1x, https:\/\/i0.wp.com\/lasprimeras.com.do\/wp-content\/uploads\/2023\/09\/Leandra-Acosta-1.jpg?resize=525%2C300&ssl=1 1.5x, https:\/\/i0.wp.com\/lasprimeras.com.do\/wp-content\/uploads\/2023\/09\/Leandra-Acosta-1.jpg?resize=700%2C400&ssl=1 2x"},"classes":[]},{"id":60619,"url":"https:\/\/lasprimeras.com.do\/index.php\/2023\/09\/16\/dirigentes-y-simpatizantes-de-la-fuerza-del-pueblo-ponen-a-temblar-a-sde-con-dos-multitudinarias-marchas\/","url_meta":{"origin":96293,"position":2},"title":"Dirigentes y simpatizantes de la Fuerza del Pueblo ponen a temblar a SDE con dos multitudinarias marchas","author":"Nelson Feliz","date":"16 de septiembre de 2023","format":false,"excerpt":"Cientos de hombres y mujeres pertenecientes al Partido la Fuerza del Pueblo (FP) realizaron dos multitudinaria caminatas en Santo Domingo Este, en contra de la delincuencia, los apagones, el alto costo de la vida y la inseguridad; para demostrarles a los perremeista palaciegos, que el pueblo est\u00e1 cansado de su\u2026","rel":"","context":"En \u00abPORTADA\u00bb","block_context":{"text":"PORTADA","link":"https:\/\/lasprimeras.com.do\/index.php\/category\/portada\/"},"img":{"alt_text":"Fuerza del Pueblo","src":"https:\/\/i0.wp.com\/lasprimeras.com.do\/wp-content\/uploads\/2023\/08\/Fuerza-del-Pueblo.jpg?resize=350%2C200&ssl=1","width":350,"height":200,"srcset":"https:\/\/i0.wp.com\/lasprimeras.com.do\/wp-content\/uploads\/2023\/08\/Fuerza-del-Pueblo.jpg?resize=350%2C200&ssl=1 1x, https:\/\/i0.wp.com\/lasprimeras.com.do\/wp-content\/uploads\/2023\/08\/Fuerza-del-Pueblo.jpg?resize=525%2C300&ssl=1 1.5x, https:\/\/i0.wp.com\/lasprimeras.com.do\/wp-content\/uploads\/2023\/08\/Fuerza-del-Pueblo.jpg?resize=700%2C400&ssl=1 2x"},"classes":[]},{"id":80933,"url":"https:\/\/lasprimeras.com.do\/index.php\/2024\/04\/14\/leonel-e-ingrid-mendoza-encabezan-caravana-en-santo-domingo-norte\/","url_meta":{"origin":96293,"position":3},"title":"Leonel e Ingrid Mendoza encabezan caravana en Santo Domingo Norte","author":"Nelson Feliz","date":"14 de abril de 2024","format":false,"excerpt":"La actividad comenz\u00f3 en el sector de San Felipe de Villa Mella y culmin\u00f3 en Los Guaricanos. El candidato presidencial del partido Fuerza del Pueblo (FP), Leonel Fern\u00e1ndez, junto a organizaciones aliadas, encabez\u00f3 este domingo una marcha-caravana, que inici\u00f3 en el sector de San Felipe, de Villa Mella, enel municipio\u2026","rel":"","context":"En \u00abPORTADA\u00bb","block_context":{"text":"PORTADA","link":"https:\/\/lasprimeras.com.do\/index.php\/category\/portada\/"},"img":{"alt_text":"Leonel Fern\u00e1ndez eIngrid Mendoza","src":"https:\/\/i0.wp.com\/lasprimeras.com.do\/wp-content\/uploads\/2024\/04\/Leonel-Fernandez-eIngrid-Mendoza.jpg?resize=350%2C200&ssl=1","width":350,"height":200,"srcset":"https:\/\/i0.wp.com\/lasprimeras.com.do\/wp-content\/uploads\/2024\/04\/Leonel-Fernandez-eIngrid-Mendoza.jpg?resize=350%2C200&ssl=1 1x, https:\/\/i0.wp.com\/lasprimeras.com.do\/wp-content\/uploads\/2024\/04\/Leonel-Fernandez-eIngrid-Mendoza.jpg?resize=525%2C300&ssl=1 1.5x, https:\/\/i0.wp.com\/lasprimeras.com.do\/wp-content\/uploads\/2024\/04\/Leonel-Fernandez-eIngrid-Mendoza.jpg?resize=700%2C400&ssl=1 2x"},"classes":[]},{"id":70185,"url":"https:\/\/lasprimeras.com.do\/index.php\/2023\/12\/09\/fuerza-del-pueblo-proclamara-el-domingo-candidatos-municipales-de-santo-domingo-este\/","url_meta":{"origin":96293,"position":4},"title":"Fuerza del Pueblo proclamar\u00e1 el domingo candidatos municipales de Santo Domingo Este","author":"BIMARY DE JES\u00daS Matos","date":"9 de diciembre de 2023","format":false,"excerpt":"Santo Domingo, RD.- La Fuerza del Pueblo (FP) proclamar\u00e1 el domingo los candidatos escogidos en la Circunscripci\u00f3n Uno de Santo Domingo Este para las elecciones municipales del pr\u00f3ximo a\u00f1o. La proclamaci\u00f3n de los candidatos tendr\u00e1 lugar a partir de las tres de la tarde, en el local del Club Calero,\u2026","rel":"","context":"En \u00abSin categor\u00eda\u00bb","block_context":{"text":"Sin categor\u00eda","link":"https:\/\/lasprimeras.com.do\/index.php\/category\/sin-categoria\/"},"img":{"alt_text":"","src":"https:\/\/i0.wp.com\/lasprimeras.com.do\/wp-content\/uploads\/2023\/12\/WhatsApp-Image-2023-12-07-at-7.22.09-PM-5-10.jpeg?resize=350%2C200&ssl=1","width":350,"height":200,"srcset":"https:\/\/i0.wp.com\/lasprimeras.com.do\/wp-content\/uploads\/2023\/12\/WhatsApp-Image-2023-12-07-at-7.22.09-PM-5-10.jpeg?resize=350%2C200&ssl=1 1x, https:\/\/i0.wp.com\/lasprimeras.com.do\/wp-content\/uploads\/2023\/12\/WhatsApp-Image-2023-12-07-at-7.22.09-PM-5-10.jpeg?resize=525%2C300&ssl=1 1.5x"},"classes":[]},{"id":59254,"url":"https:\/\/lasprimeras.com.do\/index.php\/2023\/09\/01\/fp-aclara-rumores-en-torno-a-la-candidatura-de-julio-romero\/","url_meta":{"origin":96293,"position":5},"title":"FP aclara rumores en torno a la candidatura de Julio Romero","author":"Nelson Feliz","date":"1 de septiembre de 2023","format":false,"excerpt":"El presidente de la Circunscripci\u00f3n Uno de la Fuerza del Pueblo ((FP)) en Santo Domingo Este Luis Hern\u00e1ndez aclar\u00f3 que no hay ning\u00fan tipo de negociaci\u00f3n de candidaturas congresuales y municipales con otros partidos en ese municipio. Hern\u00e1ndez hizo la aclaraci\u00f3n en una asamblea celebrada por el organismo de la\u2026","rel":"","context":"En \u00abPORTADA\u00bb","block_context":{"text":"PORTADA","link":"https:\/\/lasprimeras.com.do\/index.php\/category\/portada\/"},"img":{"alt_text":"Luis Hern\u00e1ndez","src":"https:\/\/i0.wp.com\/lasprimeras.com.do\/wp-content\/uploads\/2023\/09\/Luis-Hernandez.jpg?resize=350%2C200&ssl=1","width":350,"height":200,"srcset":"https:\/\/i0.wp.com\/lasprimeras.com.do\/wp-content\/uploads\/2023\/09\/Luis-Hernandez.jpg?resize=350%2C200&ssl=1 1x, https:\/\/i0.wp.com\/lasprimeras.com.do\/wp-content\/uploads\/2023\/09\/Luis-Hernandez.jpg?resize=525%2C300&ssl=1 1.5x, https:\/\/i0.wp.com\/lasprimeras.com.do\/wp-content\/uploads\/2023\/09\/Luis-Hernandez.jpg?resize=700%2C400&ssl=1 2x"},"classes":[]}],"jetpack_sharing_enabled":true,"_links":{"self":[{"href":"https:\/\/lasprimeras.com.do\/index.php\/wp-json\/wp\/v2\/posts\/96293","targetHints":{"allow":["GET"]}}],"collection":[{"href":"https:\/\/lasprimeras.com.do\/index.php\/wp-json\/wp\/v2\/posts"}],"about":[{"href":"https:\/\/lasprimeras.com.do\/index.php\/wp-json\/wp\/v2\/types\/post"}],"author":[{"embeddable":true,"href":"https:\/\/lasprimeras.com.do\/index.php\/wp-json\/wp\/v2\/users\/2"}],"replies":[{"embeddable":true,"href":"https:\/\/lasprimeras.com.do\/index.php\/wp-json\/wp\/v2\/comments?post=96293"}],"version-history":[{"count":1,"href":"https:\/\/lasprimeras.com.do\/index.php\/wp-json\/wp\/v2\/posts\/96293\/revisions"}],"predecessor-version":[{"id":96295,"href":"https:\/\/lasprimeras.com.do\/index.php\/wp-json\/wp\/v2\/posts\/96293\/revisions\/96295"}],"wp:featuredmedia":[{"embeddable":true,"href":"https:\/\/lasprimeras.com.do\/index.php\/wp-json\/wp\/v2\/media\/96294"}],"wp:attachment":[{"href":"https:\/\/lasprimeras.com.do\/index.php\/wp-json\/wp\/v2\/media?parent=96293"}],"wp:term":[{"taxonomy":"category","embeddable":true,"href":"https:\/\/lasprimeras.com.do\/index.php\/wp-json\/wp\/v2\/categories?post=96293"},{"taxonomy":"post_tag","embeddable":true,"href":"https:\/\/lasprimeras.com.do\/index.php\/wp-json\/wp\/v2\/tags?post=96293"}],"curies":[{"name":"wp","href":"https:\/\/api.w.org\/{rel}","templated":true}]}}