{"id":96300,"date":"2025-03-28T23:17:17","date_gmt":"2025-03-29T03:17:17","guid":{"rendered":"https:\/\/lasprimeras.com.do\/?p=96300"},"modified":"2025-03-28T23:17:18","modified_gmt":"2025-03-29T03:17:18","slug":"prodominicana-y-lideres-del-sector-exportador-evaluan-resultados-plan-nacional-de-fomento-a-las-exportaciones","status":"publish","type":"post","link":"https:\/\/lasprimeras.com.do\/index.php\/2025\/03\/28\/prodominicana-y-lideres-del-sector-exportador-evaluan-resultados-plan-nacional-de-fomento-a-las-exportaciones\/","title":{"rendered":"ProDominicana y l\u00edderes del sector exportador eval\u00faan resultados Plan Nacional de Fomento a las Exportaciones"},"content":{"rendered":"\n<p>El Centro de Exportaci\u00f3n e Inversi\u00f3n de la Rep\u00fablica Dominicana (ProDominicana), realiz\u00f3 un encuentro con l\u00edderes institucionales y miembros del Comit\u00e9 T\u00e9cnico de Implementaci\u00f3n del Plan Nacional de Fomento a las Exportaciones (PNFE) para presentar los avances alcanzados hasta la fecha y las estrategias para fortalecer el crecimiento del sector exportador del pa\u00eds.<\/p>\n\n\n\n<p>La directora ejecutiva de ProDominicana, Biviana Riveiro, destac\u00f3 la importancia del PNFE como una iniciativa clave dentro del Plan de Gobierno 2024-2028, alineada con la Estrategia Nacional de Competitividad y el Plan Meta RD 2036 de duplicar el Producto Interno Bruto (PIB) real de la Rep\u00fablica Dominicana.<\/p>\n\n\n\n<p>El subdirector general de ProDominicana y coordinador del PNFE, Vladimir Pimentel Florenz\u00e1n, inform\u00f3 que hasta el 2024 se han celebrado 38 encuentros del Comit\u00e9 T\u00e9cnico de Implementaci\u00f3n, tres Encuentros de L\u00edderes Institucionales y dos Encuentros Presidenciales como parte de la evaluaci\u00f3n y monitoreo del Plan, adem\u00e1s de la actualizaci\u00f3n continua de las acciones a trav\u00e9s de herramientas digitales colaborativas.<\/p>\n\n\n\n<p>Avances en el Plan Nacional de Fomento a las Exportaciones (PNFE)<\/p>\n\n\n\n<p>De las 278 medidas contempladas para el per\u00edodo 2020-2030, el 87% han tenido alg\u00fan nivel de impacto: el 41% est\u00e1n totalmente implementadas y el 46% se encuentran en fase de ejecuci\u00f3n.<\/p>\n\n\n\n<p>Asimismo, se present\u00f3 un balance sobre la ejecuci\u00f3n de medidas en el marco del PNFE, analizando su impacto por instituci\u00f3n y por sector. Se destac\u00f3 que el plan ha permitido la acumulaci\u00f3n de m\u00e1s de US$50,000 millones en exportaciones en los \u00faltimos cuatro a\u00f1os y el crecimiento sostenido de las exportaciones agropecuarias en un 48%, beneficiando a peque\u00f1os productores.<\/p>\n\n\n\n<p>En este encuentro donde participaron m\u00e1s de 40 entidades, tanto p\u00fablicas como privadas, tambi\u00e9n sirvi\u00f3 para definir las acciones estrat\u00e9gicas para el a\u00f1o 2025, entre ellas la actualizaci\u00f3n de la plataforma de seguimiento, el fortalecimiento del compromiso de las entidades con medidas vinculantes y la alineaci\u00f3n de esfuerzos con la Agenda 2036.<\/p>\n\n\n\n<p>Adem\u00e1s, se anunci\u00f3 la revisi\u00f3n y actualizaci\u00f3n del PNFE para el pr\u00f3ximo quinquenio 2026-2030, con miras a seguir impulsando el desarrollo exportador del pa\u00eds.<\/p>\n\n\n\n<p>En cuanto, a las exportaciones dominicanas han mostrado un crecimiento constante en los \u00faltimos a\u00f1os.<\/p>\n\n\n\n<p>Seg\u00fan datos del Banco Central de la Rep\u00fablica Dominicana, el valor total de las exportaciones del pa\u00eds totaliz\u00f3 los US$13,852.8 millones de d\u00f3lares en 2024, con un incremento del 7.12% en comparaci\u00f3n con el a\u00f1o anterior. Este crecimiento ha sido impulsado principalmente por sectores como la agroindustria, las manufacturas de dispositivos m\u00e9dicos y la miner\u00eda.<\/p>\n\n\n\n<p>En t\u00e9rminos de diversificaci\u00f3n de mercados, las exportaciones de productos dominicanos registraron un crecimiento constante hacia mercados estrat\u00e9gicos para la Rep\u00fablica Dominicana, entre ellos Estados Unidos, Reino Unido, Cuba, Francia, Jamaica, Guyana, M\u00e9xico y Turqu\u00eda.<\/p>\n\n\n\n<p>La estrategia del PNFE busca continuar ampliando la presencia de productos dominicanos en mercados europeos, caribe\u00f1os y asi\u00e1ticos.<\/p>\n\n\n\n<p>Por otro lado, se destac\u00f3 el crecimiento de las exportaciones de bienes de alto valor agregado, como los instrumentos m\u00e9dicos y los productos el\u00e9ctricos, que han aumentado en un 74 % y un 15 %, respectivamente, desde 2020.<\/p>\n\n\n\n<p>Este crecimiento responde a los esfuerzos del gobierno y el sector privado por fortalecer la capacidad productiva y la innovaci\u00f3n en sectores estrat\u00e9gicos.<\/p>\n\n\n\n<p>Con estas cifras alentadoras, el PNFE se consolida como un pilar clave en la transformaci\u00f3n econ\u00f3mica del pa\u00eds y su inserci\u00f3n competitiva en el comercio global.<\/p>\n","protected":false},"excerpt":{"rendered":"<p>El Centro de Exportaci\u00f3n e Inversi\u00f3n de la Rep\u00fablica Dominicana (ProDominicana), realiz\u00f3 un encuentro con l\u00edderes institucionales y miembros del Comit\u00e9 T\u00e9cnico de Implementaci\u00f3n del Plan Nacional de Fomento a&hellip;<\/p>\n","protected":false},"author":2,"featured_media":96301,"comment_status":"open","ping_status":"open","sticky":false,"template":"","format":"standard","meta":{"content-type":"","jetpack_post_was_ever_published":false,"_jetpack_newsletter_access":"","_jetpack_dont_email_post_to_subs":false,"_jetpack_newsletter_tier_id":0,"_jetpack_memberships_contains_paywalled_content":false,"_jetpack_memberships_contains_paid_content":false,"footnotes":""},"categories":[39,25],"tags":[1116,2832,172,145,752,18459],"class_list":["post-96300","post","type-post","status-publish","format-standard","has-post-thumbnail","hentry","category-economia","category-portada","tag-exportaciones","tag-fomento","tag-nacional","tag-plan","tag-prodominicana","tag-sector-exportador"],"jetpack_featured_media_url":"https:\/\/lasprimeras.com.do\/wp-content\/uploads\/2025\/03\/prodominicana.jpg","jetpack-related-posts":[{"id":97188,"url":"https:\/\/lasprimeras.com.do\/index.php\/2025\/04\/17\/prodominicana-exportaciones-dominicanas-superan-los-us3166-2-millones-en-primer-trimestre-2025\/","url_meta":{"origin":96300,"position":0},"title":"ProDominicana: Exportaciones dominicanas superan los US$3,166.2 millones en primer trimestre 2025","author":"Nelson Feliz","date":"17 de abril de 2025","format":false,"excerpt":"El crecimiento interanual de las exportaciones de mercanc\u00edas registr\u00f3 un 12.2%. La directora ejecutiva del Centro de Exportaci\u00f3n e Inversi\u00f3n de la Rep\u00fablica Dominicana (ProDominicana), Biviana Riveiro Disla, inform\u00f3 que Rep\u00fablica Dominicana alcanz\u00f3 el r\u00e9cord de US$3,166.2 millones en exportaciones de mercanc\u00edas durante el primer trimestre de 2025. Este resultado\u2026","rel":"","context":"En \u00abECONOM\u00cdA\u00bb","block_context":{"text":"ECONOM\u00cdA","link":"https:\/\/lasprimeras.com.do\/index.php\/category\/economia\/"},"img":{"alt_text":"","src":"https:\/\/i0.wp.com\/lasprimeras.com.do\/wp-content\/uploads\/2025\/04\/ProDominicana.jpg?resize=350%2C200&ssl=1","width":350,"height":200,"srcset":"https:\/\/i0.wp.com\/lasprimeras.com.do\/wp-content\/uploads\/2025\/04\/ProDominicana.jpg?resize=350%2C200&ssl=1 1x, https:\/\/i0.wp.com\/lasprimeras.com.do\/wp-content\/uploads\/2025\/04\/ProDominicana.jpg?resize=525%2C300&ssl=1 1.5x, https:\/\/i0.wp.com\/lasprimeras.com.do\/wp-content\/uploads\/2025\/04\/ProDominicana.jpg?resize=700%2C400&ssl=1 2x"},"classes":[]},{"id":63793,"url":"https:\/\/lasprimeras.com.do\/index.php\/2023\/10\/15\/prodominicana-concluye-exitosamente-ronda-de-negocios-con-mas-46-compradores-internacionales\/","url_meta":{"origin":96300,"position":1},"title":"ProDominicana concluye exitosamente ronda de negocios con m\u00e1s 46 compradores internacionales","author":"Nelson Feliz","date":"15 de octubre de 2023","format":false,"excerpt":"La directora ejecutiva del Centro de Exportaci\u00f3n e Inversi\u00f3n de la Rep\u00fablica Dominicana (ProDominicana), Biviana Riveiro Disla, inform\u00f3 que durante las rondas de negocios celebradas con el objetivo de continuar diversificando los mercados de exportaciones cerraron intenciones de negocios con compradores internacionales por m\u00e1s de US$11.5 millones. El evento, organizado\u2026","rel":"","context":"En \u00abECONOM\u00cdA\u00bb","block_context":{"text":"ECONOM\u00cdA","link":"https:\/\/lasprimeras.com.do\/index.php\/category\/economia\/"},"img":{"alt_text":"Prodominicana","src":"https:\/\/i0.wp.com\/lasprimeras.com.do\/wp-content\/uploads\/2023\/10\/Prodominicana.jpg?resize=350%2C200&ssl=1","width":350,"height":200,"srcset":"https:\/\/i0.wp.com\/lasprimeras.com.do\/wp-content\/uploads\/2023\/10\/Prodominicana.jpg?resize=350%2C200&ssl=1 1x, https:\/\/i0.wp.com\/lasprimeras.com.do\/wp-content\/uploads\/2023\/10\/Prodominicana.jpg?resize=525%2C300&ssl=1 1.5x, https:\/\/i0.wp.com\/lasprimeras.com.do\/wp-content\/uploads\/2023\/10\/Prodominicana.jpg?resize=700%2C400&ssl=1 2x"},"classes":[]},{"id":87557,"url":"https:\/\/lasprimeras.com.do\/index.php\/2024\/08\/13\/prodominicana-culmina-gestion-con-reconocimientos-a-empresas-y-personalidades\/","url_meta":{"origin":96300,"position":2},"title":"ProDominicana culmina gesti\u00f3n con reconocimientos a empresas y personalidades","author":"Nelson Feliz","date":"13 de agosto de 2024","format":false,"excerpt":"El Centro de Exportaci\u00f3n e Inversi\u00f3n de la Rep\u00fablica Dominicana (ProDominicana) se ha consolidado como una instituci\u00f3n l\u00edder en la promoci\u00f3n de exportaciones e inversiones extranjeras directas en el pa\u00eds, durante la gesti\u00f3n 2020-2024. Bajo la direcci\u00f3n de Biviana Riveiro, la entidad ha implementado una serie de iniciativas que han\u2026","rel":"","context":"En \u00abECONOM\u00cdA\u00bb","block_context":{"text":"ECONOM\u00cdA","link":"https:\/\/lasprimeras.com.do\/index.php\/category\/economia\/"},"img":{"alt_text":"Biviana Riveiro Disla Directora de ProDominicana","src":"https:\/\/i0.wp.com\/lasprimeras.com.do\/wp-content\/uploads\/2024\/08\/Biviana-Riveiro-Disla-Directora-de-ProDominicana.jpg?resize=350%2C200&ssl=1","width":350,"height":200,"srcset":"https:\/\/i0.wp.com\/lasprimeras.com.do\/wp-content\/uploads\/2024\/08\/Biviana-Riveiro-Disla-Directora-de-ProDominicana.jpg?resize=350%2C200&ssl=1 1x, https:\/\/i0.wp.com\/lasprimeras.com.do\/wp-content\/uploads\/2024\/08\/Biviana-Riveiro-Disla-Directora-de-ProDominicana.jpg?resize=525%2C300&ssl=1 1.5x, https:\/\/i0.wp.com\/lasprimeras.com.do\/wp-content\/uploads\/2024\/08\/Biviana-Riveiro-Disla-Directora-de-ProDominicana.jpg?resize=700%2C400&ssl=1 2x"},"classes":[]},{"id":62527,"url":"https:\/\/lasprimeras.com.do\/index.php\/2023\/10\/05\/prodominicana-invita-a-ronda-de-negocios-el-13-de-octubre\/","url_meta":{"origin":96300,"position":3},"title":"ProDominicana invita a ronda de negocios el 13 de octubre","author":"Nelson Feliz","date":"5 de octubre de 2023","format":false,"excerpt":"RD fortalece estrategia de exportaci\u00f3n hacia Am\u00e9rica Central, Am\u00e9rica del Sur y el Caribe El Centro de Exportaci\u00f3n e Inversi\u00f3n de la Rep\u00fablica Dominicana (ProDominicana), convoca a la Ronda de Negocios Estrat\u00e9gica, este 13 de octubre, de 9:00 am a 4:00 pm, en modalidad virtual para los compradores internacionales y\u2026","rel":"","context":"En \u00abECONOM\u00cdA\u00bb","block_context":{"text":"ECONOM\u00cdA","link":"https:\/\/lasprimeras.com.do\/index.php\/category\/economia\/"},"img":{"alt_text":"Biviana Riveiro Disla","src":"https:\/\/i0.wp.com\/lasprimeras.com.do\/wp-content\/uploads\/2023\/10\/Biviana-Riveiro-Disla-Directora-Ejecutiva-de-Prodominicana-.jpg.jpg?resize=350%2C200&ssl=1","width":350,"height":200,"srcset":"https:\/\/i0.wp.com\/lasprimeras.com.do\/wp-content\/uploads\/2023\/10\/Biviana-Riveiro-Disla-Directora-Ejecutiva-de-Prodominicana-.jpg.jpg?resize=350%2C200&ssl=1 1x, https:\/\/i0.wp.com\/lasprimeras.com.do\/wp-content\/uploads\/2023\/10\/Biviana-Riveiro-Disla-Directora-Ejecutiva-de-Prodominicana-.jpg.jpg?resize=525%2C300&ssl=1 1.5x, https:\/\/i0.wp.com\/lasprimeras.com.do\/wp-content\/uploads\/2023\/10\/Biviana-Riveiro-Disla-Directora-Ejecutiva-de-Prodominicana-.jpg.jpg?resize=700%2C400&ssl=1 2x"},"classes":[]},{"id":90465,"url":"https:\/\/lasprimeras.com.do\/index.php\/2024\/10\/22\/abinader-presenta-crecimiento-de-exportaciones-nacionales\/","url_meta":{"origin":96300,"position":4},"title":"Abinader presenta crecimiento de exportaciones nacionales","author":"Nelson Feliz","date":"22 de octubre de 2024","format":false,"excerpt":"RD alcanza cifras r\u00e9cord en \u00faltimos cuatro a\u00f1os. En el periodo 2020-2023 se produjeron 45,804.3 millones de d\u00f3lares en exportaciones, creciendo un 23.5% respecto al 2016-2019, previo a la pandemia El presidente Luis Abinader present\u00f3 este lunes en LA Semanal con la Prensa, el crecimiento de las exportaciones nacionales y\u2026","rel":"","context":"En \u00abECONOM\u00cdA\u00bb","block_context":{"text":"ECONOM\u00cdA","link":"https:\/\/lasprimeras.com.do\/index.php\/category\/economia\/"},"img":{"alt_text":"","src":"https:\/\/i0.wp.com\/lasprimeras.com.do\/wp-content\/uploads\/2024\/10\/Luis-Abinader-LA.jpg?resize=350%2C200&ssl=1","width":350,"height":200,"srcset":"https:\/\/i0.wp.com\/lasprimeras.com.do\/wp-content\/uploads\/2024\/10\/Luis-Abinader-LA.jpg?resize=350%2C200&ssl=1 1x, https:\/\/i0.wp.com\/lasprimeras.com.do\/wp-content\/uploads\/2024\/10\/Luis-Abinader-LA.jpg?resize=525%2C300&ssl=1 1.5x, https:\/\/i0.wp.com\/lasprimeras.com.do\/wp-content\/uploads\/2024\/10\/Luis-Abinader-LA.jpg?resize=700%2C400&ssl=1 2x"},"classes":[]},{"id":91231,"url":"https:\/\/lasprimeras.com.do\/index.php\/2024\/11\/14\/prodominicana-revela-exportaciones-crecen-un-20-durante-el-mes-de-octubre-2024\/","url_meta":{"origin":96300,"position":5},"title":"ProDominicana revela exportaciones crecen un 20 % durante el mes de octubre 2024","author":"Nelson Feliz","date":"14 de noviembre de 2024","format":false,"excerpt":"En octubre de 2024, las exportaciones dominicanas alcanzaron cifras r\u00e9cord por s\u00e9ptimo mes consecutivo, totalizando 1,165.0 millones de d\u00f3lares, con una tasa de crecimiento interanual de 20.4 %. La directora ejecutiva del Centro de Exportaci\u00f3n e Inversi\u00f3n de la Rep\u00fablica Dominicana (ProDominicana), Biviana Riveiro, explic\u00f3 que, entre enero y octubre\u2026","rel":"","context":"En \u00abECONOM\u00cdA\u00bb","block_context":{"text":"ECONOM\u00cdA","link":"https:\/\/lasprimeras.com.do\/index.php\/category\/economia\/"},"img":{"alt_text":"Biviana Riveiro","src":"https:\/\/i0.wp.com\/lasprimeras.com.do\/wp-content\/uploads\/2024\/11\/Biviana-Riveiro.jpg?resize=350%2C200&ssl=1","width":350,"height":200,"srcset":"https:\/\/i0.wp.com\/lasprimeras.com.do\/wp-content\/uploads\/2024\/11\/Biviana-Riveiro.jpg?resize=350%2C200&ssl=1 1x, https:\/\/i0.wp.com\/lasprimeras.com.do\/wp-content\/uploads\/2024\/11\/Biviana-Riveiro.jpg?resize=525%2C300&ssl=1 1.5x, https:\/\/i0.wp.com\/lasprimeras.com.do\/wp-content\/uploads\/2024\/11\/Biviana-Riveiro.jpg?resize=700%2C400&ssl=1 2x"},"classes":[]}],"jetpack_sharing_enabled":true,"_links":{"self":[{"href":"https:\/\/lasprimeras.com.do\/index.php\/wp-json\/wp\/v2\/posts\/96300","targetHints":{"allow":["GET"]}}],"collection":[{"href":"https:\/\/lasprimeras.com.do\/index.php\/wp-json\/wp\/v2\/posts"}],"about":[{"href":"https:\/\/lasprimeras.com.do\/index.php\/wp-json\/wp\/v2\/types\/post"}],"author":[{"embeddable":true,"href":"https:\/\/lasprimeras.com.do\/index.php\/wp-json\/wp\/v2\/users\/2"}],"replies":[{"embeddable":true,"href":"https:\/\/lasprimeras.com.do\/index.php\/wp-json\/wp\/v2\/comments?post=96300"}],"version-history":[{"count":1,"href":"https:\/\/lasprimeras.com.do\/index.php\/wp-json\/wp\/v2\/posts\/96300\/revisions"}],"predecessor-version":[{"id":96302,"href":"https:\/\/lasprimeras.com.do\/index.php\/wp-json\/wp\/v2\/posts\/96300\/revisions\/96302"}],"wp:featuredmedia":[{"embeddable":true,"href":"https:\/\/lasprimeras.com.do\/index.php\/wp-json\/wp\/v2\/media\/96301"}],"wp:attachment":[{"href":"https:\/\/lasprimeras.com.do\/index.php\/wp-json\/wp\/v2\/media?parent=96300"}],"wp:term":[{"taxonomy":"category","embeddable":true,"href":"https:\/\/lasprimeras.com.do\/index.php\/wp-json\/wp\/v2\/categories?post=96300"},{"taxonomy":"post_tag","embeddable":true,"href":"https:\/\/lasprimeras.com.do\/index.php\/wp-json\/wp\/v2\/tags?post=96300"}],"curies":[{"name":"wp","href":"https:\/\/api.w.org\/{rel}","templated":true}]}}