{"id":96303,"date":"2025-03-28T23:23:58","date_gmt":"2025-03-29T03:23:58","guid":{"rendered":"https:\/\/lasprimeras.com.do\/?p=96303"},"modified":"2025-03-28T23:23:59","modified_gmt":"2025-03-29T03:23:59","slug":"dice-meta-rd-2036-es-la-ruta-para-convertir-rd-en-un-pais-plenamente-desarrollado","status":"publish","type":"post","link":"https:\/\/lasprimeras.com.do\/index.php\/2025\/03\/28\/dice-meta-rd-2036-es-la-ruta-para-convertir-rd-en-un-pais-plenamente-desarrollado\/","title":{"rendered":"Dice Meta RD 2036 es la ruta para convertir RD en un pa\u00eds plenamente desarrollado"},"content":{"rendered":"\n<p>El presidente Luis Abinader encabez\u00f3 la presentaci\u00f3n e inicio formal de los trabajos de los Comit\u00e9s Sectoriales de Meta RD 2036, con el fin de impulsar iniciativas priorizadas para duplicar el PIB real del pa\u00eds en los pr\u00f3ximos 11 a\u00f1os, generando mayor bienestar para toda la poblaci\u00f3n.<\/p>\n\n\n\n<p>\u201cYo estoy optimista con poder lograrlo\u201d, asever\u00f3 Abinader al destacar el buen rumbo que llevan el turismo, las zonas francas o las remesas. De igual forma agreg\u00f3 que nuestra econom\u00eda tiene que seguir progresando y cada d\u00eda abrir m\u00e1s nichos de negocios y de empresas, considerando que contamos con el personal humano para alcanzarlo.<\/p>\n\n\n\n<p>Reiter\u00f3 adem\u00e1s el gran potencial de la explotaci\u00f3n de las tierras raras.<\/p>\n\n\n\n<p>Para esto consider\u00f3 indispensable la coordinaci\u00f3n entre los sectores p\u00fablico y privado en favor de las pol\u00edticas generales, nacionales, macroecon\u00f3micas, de desarrollo, as\u00ed como sectoriales.<\/p>\n\n\n\n<p>Asimismo, el ministro de la Presidencia, Jos\u00e9 Ignacio Paliza, resalt\u00f3 que la meta de duplicar la econom\u00eda nacional para el a\u00f1o 2036 persigue adem\u00e1s \u201cmejorar la calidad de vida de nuestros ciudadanos, aumentar su expectativa de vida, poder generar mejores empleos, elevar el nivel de formalidad de nuestra econom\u00eda, poder entregar casas mucho m\u00e1s dignas para nuestra gente, elevar la calidad de nuestra ense\u00f1anza y el promedio de a\u00f1os de escolaridad por ense\u00f1anza\u201d.<\/p>\n\n\n\n<p>En ese sentido record\u00f3 que todos estos esfuerzos est\u00e1n contemplados en el programa de gobierno 2024-2028 pero resulta imprescindible mantener esfuerzos transversales entre los sectores p\u00fablico y privado para que verdaderamente sea duradero en el tiempo.<\/p>\n\n\n\n<p>Rol y composici\u00f3n de Comit\u00e9s Sectoriales<\/p>\n\n\n\n<p>El director ejecutivo del Consejo Nacional de Competitividad (CNC), Peter Prazmowski, explic\u00f3 que los Comit\u00e9s Sectoriales ser\u00e1n el eje articulador de las estrategias necesarias para transformar la econom\u00eda dominicana en 12 sectores, que son el agropecuario, comercio, construcci\u00f3n e inmobiliario, energ\u00eda, financiero, industria local, miner\u00eda, turismo, zonas francas, transporte y log\u00edstica, MiPymes, tecnolog\u00eda y comunicaciones.<\/p>\n\n\n\n<p>Cada comit\u00e9 est\u00e1 compuesto por tres representantes del sector p\u00fablico, tres representantes del sector privado, dos expertos sectoriales y un coordinador encargado de articular los trabajos.<\/p>\n\n\n\n<p>Por su parte, el viceministro de Planificaci\u00f3n e Inversi\u00f3n P\u00fablica del Ministerio de Econom\u00eda, Planificaci\u00f3n y Desarrollo (MEPyD), Mart\u00edn Francos, destac\u00f3 que uno de los mandatos clave del Decreto 337-24 es garantizar que las iniciativas priorizadas en Meta RD 2036 sean incorporadas en la planificaci\u00f3n p\u00fablica, a trav\u00e9s del Plan Nacional Plurianual del Sector P\u00fablico (PNPSP), los Planes Estrat\u00e9gicos Institucionales (PEI) y los Planes Operativos Anuales (POA), y asegurar su seguimiento.<\/p>\n\n\n\n<p>Dicho seguimiento estar\u00e1 a cargo de los ministerios de la Presidencia y Econom\u00eda, as\u00ed como la Direcci\u00f3n del Consejo Nacional de Competitividad. Adem\u00e1s, se busca vincular este esfuerzo con los Consejos de Desarrollo Territorial, de manera que cada pol\u00edtica sectorial contemple una perspectiva territorial.<\/p>\n\n\n\n<p>Tambi\u00e9n cuentan con el respaldo del Banco Interamericano de Desarrollo (BID), el PNUD, Bloomberg Philanthropies y el Tony Blair Institute.<\/p>\n","protected":false},"excerpt":{"rendered":"<p>El presidente Luis Abinader encabez\u00f3 la presentaci\u00f3n e inicio formal de los trabajos de los Comit\u00e9s Sectoriales de Meta RD 2036, con el fin de impulsar iniciativas priorizadas para duplicar&hellip;<\/p>\n","protected":false},"author":2,"featured_media":96304,"comment_status":"open","ping_status":"open","sticky":false,"template":"","format":"standard","meta":{"content-type":"","jetpack_post_was_ever_published":false,"_jetpack_newsletter_access":"","_jetpack_dont_email_post_to_subs":false,"_jetpack_newsletter_tier_id":0,"_jetpack_memberships_contains_paywalled_content":false,"_jetpack_memberships_contains_paid_content":false,"footnotes":""},"categories":[39,25],"tags":[15265,127],"class_list":["post-96303","post","type-post","status-publish","format-standard","has-post-thumbnail","hentry","category-economia","category-portada","tag-meta-rd-2036","tag-rd"],"jetpack_featured_media_url":"https:\/\/lasprimeras.com.do\/wp-content\/uploads\/2025\/03\/lUIS-aBINADER-5.jpg","jetpack-related-posts":[{"id":123232,"url":"https:\/\/lasprimeras.com.do\/index.php\/2026\/02\/27\/abinader-apuesta-con-%c2%a8meta-rd-2036%c2%a8-duplicar-la-economia-dominicana\/","url_meta":{"origin":96303,"position":0},"title":"Abinader apuesta con \u00a8Meta RD 2036\u00a8, duplicar la econom\u00eda dominicana","author":"Nelson Feliz","date":"27 de febrero de 2026","format":false,"excerpt":"El presidente Luis Abinader present\u00f3 este 27 de febrero la Meta RD 2036 como el eje central de su visi\u00f3n econ\u00f3mica, con el objetivo de convertir a la Rep\u00fablica Dominicana en un pa\u00eds desarrollado en el plazo de una generaci\u00f3n. Durante su discurso ante la Asamblea Nacional, el mandatario sostuvo\u2026","rel":"","context":"En \u00abECONOM\u00cdA\u00bb","block_context":{"text":"ECONOM\u00cdA","link":"https:\/\/lasprimeras.com.do\/index.php\/category\/economia\/"},"img":{"alt_text":"","src":"https:\/\/i0.wp.com\/lasprimeras.com.do\/wp-content\/uploads\/2026\/02\/Luis-Abinader-c.jpg?resize=350%2C200&ssl=1","width":350,"height":200,"srcset":"https:\/\/i0.wp.com\/lasprimeras.com.do\/wp-content\/uploads\/2026\/02\/Luis-Abinader-c.jpg?resize=350%2C200&ssl=1 1x, https:\/\/i0.wp.com\/lasprimeras.com.do\/wp-content\/uploads\/2026\/02\/Luis-Abinader-c.jpg?resize=525%2C300&ssl=1 1.5x, https:\/\/i0.wp.com\/lasprimeras.com.do\/wp-content\/uploads\/2026\/02\/Luis-Abinader-c.jpg?resize=700%2C400&ssl=1 2x"},"classes":[]},{"id":88748,"url":"https:\/\/lasprimeras.com.do\/index.php\/2024\/09\/05\/ministerio-de-la-presidencia-presenta-meta-rd-2036-a-directiva-de-asiex\/","url_meta":{"origin":96303,"position":1},"title":"Ministerio de la Presidencia presenta \u201cMeta RD 2036\u201d a directiva de ASIEX","author":"Nelson Feliz","date":"5 de septiembre de 2024","format":false,"excerpt":"El ambicioso proyecto busca duplicar el PIB del pa\u00eds para el a\u00f1o 2036 El ministro de la Presidencia, Jos\u00e9 Ignacio Paliza, present\u00f3 este jueves a la directiva de la Asociaci\u00f3n de Inversi\u00f3n Extranjera (ASIEX), el proyecto \u201cMeta RD 2036\u201d que busca identificar las acciones y reformas a implementar para duplicar\u2026","rel":"","context":"En \u00abECONOM\u00cdA\u00bb","block_context":{"text":"ECONOM\u00cdA","link":"https:\/\/lasprimeras.com.do\/index.php\/category\/economia\/"},"img":{"alt_text":"","src":"https:\/\/i0.wp.com\/lasprimeras.com.do\/wp-content\/uploads\/2024\/09\/cacon.jpg?resize=350%2C200&ssl=1","width":350,"height":200,"srcset":"https:\/\/i0.wp.com\/lasprimeras.com.do\/wp-content\/uploads\/2024\/09\/cacon.jpg?resize=350%2C200&ssl=1 1x, https:\/\/i0.wp.com\/lasprimeras.com.do\/wp-content\/uploads\/2024\/09\/cacon.jpg?resize=525%2C300&ssl=1 1.5x, https:\/\/i0.wp.com\/lasprimeras.com.do\/wp-content\/uploads\/2024\/09\/cacon.jpg?resize=700%2C400&ssl=1 2x"},"classes":[]},{"id":84987,"url":"https:\/\/lasprimeras.com.do\/index.php\/2024\/06\/19\/presidente-abinader-emite-decreto-337-24-que-crea-comision-meta-rd-2036\/","url_meta":{"origin":96303,"position":2},"title":"Presidente Abinader emite decreto 337-24 que crea Comisi\u00f3n Meta RD 2036","author":"Nelson Feliz","date":"19 de junio de 2024","format":false,"excerpt":"El presidente de la Rep\u00fablica, Luis Abinader, emiti\u00f3 este lunes 17 de junio el Decreto n\u00fam. 337-24, que crea la comisi\u00f3n presidencial denominada \u201cComisi\u00f3n Meta RD 2036\u201d, con el objetivo de identificar las acciones y reformas necesarias para duplicar el tama\u00f1o del PIB real dominicano al a\u00f1o 2036, as\u00ed como\u2026","rel":"","context":"En \u00abNACIONALES\u00bb","block_context":{"text":"NACIONALES","link":"https:\/\/lasprimeras.com.do\/index.php\/category\/nacionales\/"},"img":{"alt_text":"","src":"https:\/\/i0.wp.com\/lasprimeras.com.do\/wp-content\/uploads\/2024\/02\/FOTO-PRINCIPAL-PALACIO-NACIONAL-e1708074506177-1.jpg?resize=350%2C200&ssl=1","width":350,"height":200,"srcset":"https:\/\/i0.wp.com\/lasprimeras.com.do\/wp-content\/uploads\/2024\/02\/FOTO-PRINCIPAL-PALACIO-NACIONAL-e1708074506177-1.jpg?resize=350%2C200&ssl=1 1x, https:\/\/i0.wp.com\/lasprimeras.com.do\/wp-content\/uploads\/2024\/02\/FOTO-PRINCIPAL-PALACIO-NACIONAL-e1708074506177-1.jpg?resize=525%2C300&ssl=1 1.5x, https:\/\/i0.wp.com\/lasprimeras.com.do\/wp-content\/uploads\/2024\/02\/FOTO-PRINCIPAL-PALACIO-NACIONAL-e1708074506177-1.jpg?resize=700%2C400&ssl=1 2x, https:\/\/i0.wp.com\/lasprimeras.com.do\/wp-content\/uploads\/2024\/02\/FOTO-PRINCIPAL-PALACIO-NACIONAL-e1708074506177-1.jpg?resize=1050%2C600&ssl=1 3x"},"classes":[]},{"id":111340,"url":"https:\/\/lasprimeras.com.do\/index.php\/2025\/10\/08\/ministro-paliza-presenta-al-senado-estrategia-meta-rd-2036\/","url_meta":{"origin":96303,"position":3},"title":"Ministro Paliza presenta al Senado estrategia Meta RD 2036","author":"Nelson Feliz","date":"8 de octubre de 2025","format":false,"excerpt":"Plantean los diez objetivos prioritarios del Gobierno para el cuatrenio 2024-2028 como el primer paso hacia la meta. El ministro de la Presidencia, Jos\u00e9 Ignacio Paliza, y director general de Consejo Nacional de Competitividad, Peter Prazmowski, presentaron este martes a los legisladores del Senado el plan Meta RD 2036, que\u2026","rel":"","context":"En \u00abECONOM\u00cdA\u00bb","block_context":{"text":"ECONOM\u00cdA","link":"https:\/\/lasprimeras.com.do\/index.php\/category\/economia\/"},"img":{"alt_text":"","src":"https:\/\/i0.wp.com\/lasprimeras.com.do\/wp-content\/uploads\/2025\/10\/Jose-Ignacio-Paliza.jpg?resize=350%2C200&ssl=1","width":350,"height":200,"srcset":"https:\/\/i0.wp.com\/lasprimeras.com.do\/wp-content\/uploads\/2025\/10\/Jose-Ignacio-Paliza.jpg?resize=350%2C200&ssl=1 1x, https:\/\/i0.wp.com\/lasprimeras.com.do\/wp-content\/uploads\/2025\/10\/Jose-Ignacio-Paliza.jpg?resize=525%2C300&ssl=1 1.5x, https:\/\/i0.wp.com\/lasprimeras.com.do\/wp-content\/uploads\/2025\/10\/Jose-Ignacio-Paliza.jpg?resize=700%2C400&ssl=1 2x"},"classes":[]},{"id":123256,"url":"https:\/\/lasprimeras.com.do\/index.php\/2026\/02\/27\/presidente-luis-abinader-reafirma-compromiso-con-la-transparencia-y-presenta-meta-rd-2036\/","url_meta":{"origin":96303,"position":4},"title":"Presidente Luis Abinader reafirma compromiso con la transparencia y presenta Meta RD 2036","author":"Nelson Feliz","date":"27 de febrero de 2026","format":false,"excerpt":"Esta hoja de ruta se fundamenta en el aumento de la productividad, la innovaci\u00f3n, el fortalecimiento del capital humano y la consolidaci\u00f3n de un Estado m\u00e1s eficiente. En el segundo discurso de rendici\u00f3n de cuentas correspondiente a su segundo mandato, pronunciado ante la Asamblea Nacional al conmemorarse el 182 aniversario\u2026","rel":"","context":"En \u00abNACIONALES\u00bb","block_context":{"text":"NACIONALES","link":"https:\/\/lasprimeras.com.do\/index.php\/category\/nacionales\/"},"img":{"alt_text":"Luis Abinader","src":"https:\/\/i0.wp.com\/lasprimeras.com.do\/wp-content\/uploads\/2026\/02\/Luis-Abinader-c-Obras-2.jpg?resize=350%2C200&ssl=1","width":350,"height":200,"srcset":"https:\/\/i0.wp.com\/lasprimeras.com.do\/wp-content\/uploads\/2026\/02\/Luis-Abinader-c-Obras-2.jpg?resize=350%2C200&ssl=1 1x, https:\/\/i0.wp.com\/lasprimeras.com.do\/wp-content\/uploads\/2026\/02\/Luis-Abinader-c-Obras-2.jpg?resize=525%2C300&ssl=1 1.5x, https:\/\/i0.wp.com\/lasprimeras.com.do\/wp-content\/uploads\/2026\/02\/Luis-Abinader-c-Obras-2.jpg?resize=700%2C400&ssl=1 2x"},"classes":[]},{"id":125161,"url":"https:\/\/lasprimeras.com.do\/index.php\/2026\/03\/19\/gobierno-y-sector-productivo-pasan-balance-a-avances-de-meta-rd-2036-en-consejo-de-ministros\/","url_meta":{"origin":96303,"position":5},"title":"Gobierno y sector productivo pasan balance a avances de Meta RD 2036 en Consejo de Ministros","author":"Nelson Feliz","date":"19 de marzo de 2026","format":false,"excerpt":"Paliza: sectores p\u00fablico y privado alineamos esfuerzos para transformar la estructura productiva del pa\u00eds y acelerar el crecimiento econ\u00f3mico. Ministro de Hacienda abord\u00f3 la planificaci\u00f3n pa\u00eds ante los impactos econ\u00f3micos de los conflictos b\u00e9licos en el Medio Oriente. El presidente de la Rep\u00fablica, Luis Abinader, y la vicepresidenta Raquel Pe\u00f1a\u2026","rel":"","context":"En \u00abECONOM\u00cdA\u00bb","block_context":{"text":"ECONOM\u00cdA","link":"https:\/\/lasprimeras.com.do\/index.php\/category\/economia\/"},"img":{"alt_text":"Luis Abinader","src":"https:\/\/i0.wp.com\/lasprimeras.com.do\/wp-content\/uploads\/2026\/03\/Luis-Abinader-6-3.jpg?resize=350%2C200&ssl=1","width":350,"height":200,"srcset":"https:\/\/i0.wp.com\/lasprimeras.com.do\/wp-content\/uploads\/2026\/03\/Luis-Abinader-6-3.jpg?resize=350%2C200&ssl=1 1x, https:\/\/i0.wp.com\/lasprimeras.com.do\/wp-content\/uploads\/2026\/03\/Luis-Abinader-6-3.jpg?resize=525%2C300&ssl=1 1.5x, https:\/\/i0.wp.com\/lasprimeras.com.do\/wp-content\/uploads\/2026\/03\/Luis-Abinader-6-3.jpg?resize=700%2C400&ssl=1 2x"},"classes":[]}],"jetpack_sharing_enabled":true,"_links":{"self":[{"href":"https:\/\/lasprimeras.com.do\/index.php\/wp-json\/wp\/v2\/posts\/96303","targetHints":{"allow":["GET"]}}],"collection":[{"href":"https:\/\/lasprimeras.com.do\/index.php\/wp-json\/wp\/v2\/posts"}],"about":[{"href":"https:\/\/lasprimeras.com.do\/index.php\/wp-json\/wp\/v2\/types\/post"}],"author":[{"embeddable":true,"href":"https:\/\/lasprimeras.com.do\/index.php\/wp-json\/wp\/v2\/users\/2"}],"replies":[{"embeddable":true,"href":"https:\/\/lasprimeras.com.do\/index.php\/wp-json\/wp\/v2\/comments?post=96303"}],"version-history":[{"count":1,"href":"https:\/\/lasprimeras.com.do\/index.php\/wp-json\/wp\/v2\/posts\/96303\/revisions"}],"predecessor-version":[{"id":96305,"href":"https:\/\/lasprimeras.com.do\/index.php\/wp-json\/wp\/v2\/posts\/96303\/revisions\/96305"}],"wp:featuredmedia":[{"embeddable":true,"href":"https:\/\/lasprimeras.com.do\/index.php\/wp-json\/wp\/v2\/media\/96304"}],"wp:attachment":[{"href":"https:\/\/lasprimeras.com.do\/index.php\/wp-json\/wp\/v2\/media?parent=96303"}],"wp:term":[{"taxonomy":"category","embeddable":true,"href":"https:\/\/lasprimeras.com.do\/index.php\/wp-json\/wp\/v2\/categories?post=96303"},{"taxonomy":"post_tag","embeddable":true,"href":"https:\/\/lasprimeras.com.do\/index.php\/wp-json\/wp\/v2\/tags?post=96303"}],"curies":[{"name":"wp","href":"https:\/\/api.w.org\/{rel}","templated":true}]}}