{"id":96331,"date":"2025-03-29T23:43:44","date_gmt":"2025-03-30T03:43:44","guid":{"rendered":"https:\/\/lasprimeras.com.do\/?p=96331"},"modified":"2025-03-29T23:43:44","modified_gmt":"2025-03-30T03:43:44","slug":"robert-de-la-cruz-advierte-sobre-riesgos-de-manifestaciones-en-friusa","status":"publish","type":"post","link":"https:\/\/lasprimeras.com.do\/index.php\/2025\/03\/29\/robert-de-la-cruz-advierte-sobre-riesgos-de-manifestaciones-en-friusa\/","title":{"rendered":"Robert de la Cruz advierte sobre riesgos de manifestaciones en Friusa"},"content":{"rendered":"\n<p>El miembro del Comit\u00e9 Pol\u00edtico del Partido de la Liberaci\u00f3n Dominicana (PLD), Robert de la Cruz, expres\u00f3 este s\u00e1bado su preocupaci\u00f3n por la convocatoria de una marcha en el sector conocido como hoyo de Friusa, un \u00e1rea con alta concentraci\u00f3n de inmigrantes haitianos en la provincia La Altagracia.<\/p>\n\n\n\n<p>De la Cruz advirti\u00f3 que, si bien el control de la inmigraci\u00f3n irregular es un tema leg\u00edtimo, realizar una manifestaci\u00f3n en una zona tan sensible podr\u00eda generar incidentes lamentables con repercusiones negativas para el pa\u00eds, afectando no solo a los inmigrantes, sino a la poblaci\u00f3n dominicana en general.<\/p>\n\n\n\n<p>\u00abEl hoyo de Friusa es un territorio donde la presencia haitiana es predominante. Cualquier enfrentamiento o altercado que se produzca all\u00ed podr\u00eda derivar en una crisis innecesaria, afectando la imagen de Rep\u00fablica Dominicana y, sobre todo, su principal fuente de ingresos: el turismo\u00bb, enfatiz\u00f3 el dirigente pol\u00edtico.<\/p>\n\n\n\n<p>En ese sentido, se\u00f1al\u00f3 que la industria tur\u00edstica depende en gran medida de la percepci\u00f3n de seguridad y estabilidad. \u00abUn solo incidente podr\u00eda generar titulares internacionales que cuestionen la seguridad en la zona tur\u00edstica m\u00e1s importante del pa\u00eds.<\/p>\n\n\n\n<p>\u00bfEstamos preparados para asumir las consecuencias de una crisis medi\u00e1tica que impacte nuestras divisas y el sustento de millas de familias?\u00bb, cuestion\u00f3.<\/p>\n\n\n\n<p>De la Cruz record\u00f3 que la problem\u00e1tica migratoria no se resuelve con protestas en lugares donde los inmigrantes ya est\u00e1n asentados. En cambio, hizo un llamado a que las manifestaciones se dirigen hacia los organismos responsables de aplicar la Ley General de Migraci\u00f3n, tales como: La Direcci\u00f3n General de Migraci\u00f3n, encargada de regular la permanencia de extranjeros en el pa\u00eds, El Palacio Nacional, donde el presidente de la Rep\u00fablica debe responder por los compromisos asumidos en campa\u00f1a sobre la aplicaci\u00f3n rigurosa de la normativa migratoria.<\/p>\n\n\n\n<p>\u00abEl pa\u00eds necesita soluciones, no crisis. Si realmente se busca una respuesta estructural al problema migratorio, la lucha debe enfocarse en exigir a las autoridades competentes que cumplan con su deber\u00bb, subray\u00f3.<\/p>\n\n\n\n<p>Robert de la Cruz inst\u00f3 a los organizadores de la marcha ya las autoridades a evaluar las posibles repercusiones de esta convocatoria en Friusa. \u00abLas manifestaciones tienen su valor en una democracia, pero deben realizarse con inteligencia estrat\u00e9gica.<\/p>\n\n\n\n<p>Evitemos convertir un problema en una crisis de mayor escala que perjudique la estabilidad nacional\u00bb, concluy\u00f3.<\/p>\n","protected":false},"excerpt":{"rendered":"<p>El miembro del Comit\u00e9 Pol\u00edtico del Partido de la Liberaci\u00f3n Dominicana (PLD), Robert de la Cruz, expres\u00f3 este s\u00e1bado su preocupaci\u00f3n por la convocatoria de una marcha en el sector&hellip;<\/p>\n","protected":false},"author":2,"featured_media":96332,"comment_status":"open","ping_status":"open","sticky":false,"template":"","format":"standard","meta":{"content-type":"","jetpack_post_was_ever_published":false,"_jetpack_newsletter_access":"","_jetpack_dont_email_post_to_subs":false,"_jetpack_newsletter_tier_id":0,"_jetpack_memberships_contains_paywalled_content":false,"_jetpack_memberships_contains_paid_content":false,"footnotes":""},"categories":[16559,25],"tags":[18380,18484,480,5409],"class_list":["post-96331","post","type-post","status-publish","format-standard","has-post-thumbnail","hentry","category-politica","category-portada","tag-friusa","tag-manifestaciones","tag-riesgos","tag-robert-de-la-cruz"],"jetpack_featured_media_url":"https:\/\/lasprimeras.com.do\/wp-content\/uploads\/2025\/03\/Robert-de-la-Cruz.jpg","jetpack-related-posts":[{"id":96357,"url":"https:\/\/lasprimeras.com.do\/index.php\/2025\/03\/30\/friusa-un-riesgo-para-el-turismo-y-la-estabilidad-nacional\/","url_meta":{"origin":96331,"position":0},"title":"Friusa: un riesgo para el turismo y la estabilidad nacional","author":"Nelson Feliz","date":"30 de marzo de 2025","format":false,"excerpt":"Es una zona sensible que requiere prudencia, no provocaci\u00f3n. En los \u00faltimos d\u00edas, ha generado inquietud la decisi\u00f3n de la organizaci\u00f3n de corte patri\u00f3tico \"La Antigua Orden Dominicana\" de realizar una marcha en el conocido hoyo de Friusa, una zona caracterizada por una alta concentraci\u00f3n de inmigrantes haitianos. Si bien\u2026","rel":"","context":"En \u00abNACIONALES\u00bb","block_context":{"text":"NACIONALES","link":"https:\/\/lasprimeras.com.do\/index.php\/category\/nacionales\/"},"img":{"alt_text":"","src":"https:\/\/i0.wp.com\/lasprimeras.com.do\/wp-content\/uploads\/2025\/03\/Friusa.jpg?resize=350%2C200&ssl=1","width":350,"height":200,"srcset":"https:\/\/i0.wp.com\/lasprimeras.com.do\/wp-content\/uploads\/2025\/03\/Friusa.jpg?resize=350%2C200&ssl=1 1x, https:\/\/i0.wp.com\/lasprimeras.com.do\/wp-content\/uploads\/2025\/03\/Friusa.jpg?resize=525%2C300&ssl=1 1.5x, https:\/\/i0.wp.com\/lasprimeras.com.do\/wp-content\/uploads\/2025\/03\/Friusa.jpg?resize=700%2C400&ssl=1 2x"},"classes":[]},{"id":96458,"url":"https:\/\/lasprimeras.com.do\/index.php\/2025\/04\/01\/friusa-vivio-presencia-militar-sin-parangon-ante-jornada-de-manifestacion-por-caso-haitiano\/","url_meta":{"origin":96331,"position":1},"title":"Friusa vivi\u00f3 presencia militar sin parang\u00f3n ante jornada de manifestaci\u00f3n por caso haitiano","author":"Nelson Feliz","date":"1 de abril de 2025","format":false,"excerpt":"\u00c1ngelo V\u00e1squez ha convocado a una jornada el 24 de abril, esta vez frente al Palacio Nacional, mientras Santiago Mat\u00edas, alias Alofoke, tramita un permiso para entrar a Mata Mosquito, donde viven miles de haitianos. La marcha liderada el pasado domingo por la Antigua Orden Dominicana en el asentamiento de\u2026","rel":"","context":"En \u00abNACIONALES\u00bb","block_context":{"text":"NACIONALES","link":"https:\/\/lasprimeras.com.do\/index.php\/category\/nacionales\/"},"img":{"alt_text":"","src":"https:\/\/i0.wp.com\/lasprimeras.com.do\/wp-content\/uploads\/2025\/04\/militares.jpeg?resize=350%2C200&ssl=1","width":350,"height":200,"srcset":"https:\/\/i0.wp.com\/lasprimeras.com.do\/wp-content\/uploads\/2025\/04\/militares.jpeg?resize=350%2C200&ssl=1 1x, https:\/\/i0.wp.com\/lasprimeras.com.do\/wp-content\/uploads\/2025\/04\/militares.jpeg?resize=525%2C300&ssl=1 1.5x, https:\/\/i0.wp.com\/lasprimeras.com.do\/wp-content\/uploads\/2025\/04\/militares.jpeg?resize=700%2C400&ssl=1 2x"},"classes":[]},{"id":96216,"url":"https:\/\/lasprimeras.com.do\/index.php\/2025\/03\/26\/mario-diaz-respalda-protesta-en-friusa\/","url_meta":{"origin":96331,"position":2},"title":"Mario D\u00edaz respalda protesta en Friusa","author":"Nelson Feliz","date":"26 de marzo de 2025","format":false,"excerpt":"Dice asistir\u00e1 a la misma; llama a que se realice sin violencia. El secretario general de la Federaci\u00f3n Nacional de Trabajadores del Transporte Social Cristianos (Fenattransc), Mario D\u00edaz, manifest\u00f3 su apoyo a la marcha convocada por la Antigua Orden Dominicana en el Hoyo de Friusa contra la inmigraci\u00f3n haitiana, a\u2026","rel":"","context":"En \u00abNACIONALES\u00bb","block_context":{"text":"NACIONALES","link":"https:\/\/lasprimeras.com.do\/index.php\/category\/nacionales\/"},"img":{"alt_text":"","src":"https:\/\/i0.wp.com\/lasprimeras.com.do\/wp-content\/uploads\/2025\/03\/Mario-Diaz.jpg?resize=350%2C200&ssl=1","width":350,"height":200,"srcset":"https:\/\/i0.wp.com\/lasprimeras.com.do\/wp-content\/uploads\/2025\/03\/Mario-Diaz.jpg?resize=350%2C200&ssl=1 1x, https:\/\/i0.wp.com\/lasprimeras.com.do\/wp-content\/uploads\/2025\/03\/Mario-Diaz.jpg?resize=525%2C300&ssl=1 1.5x, https:\/\/i0.wp.com\/lasprimeras.com.do\/wp-content\/uploads\/2025\/03\/Mario-Diaz.jpg?resize=700%2C400&ssl=1 2x"},"classes":[]},{"id":96402,"url":"https:\/\/lasprimeras.com.do\/index.php\/2025\/03\/30\/abel-martinez-condena-agresion-en-el-hoyo-de-friusa\/","url_meta":{"origin":96331,"position":3},"title":"Abel Mart\u00ednez condena agresi\u00f3n en El Hoyo de Friusa","author":"Nelson Feliz","date":"30 de marzo de 2025","format":false,"excerpt":"El excandidato presidencial del Partido de la Liberaci\u00f3n Dominicana, Abel Mart\u00ednez conden\u00f3 en\u00e9rgicamente la agresi\u00f3n cometida contra dominicanos que marchaban pac\u00edficamente en la comunidad de El Hoyo de Friusa, en B\u00e1varo, exigiendo el respeto a la soberan\u00eda nacional y el cumplimiento de la ley ante la creciente presencia de haitianos\u2026","rel":"","context":"En \u00abPOLITICA\u00bb","block_context":{"text":"POLITICA","link":"https:\/\/lasprimeras.com.do\/index.php\/category\/politica\/"},"img":{"alt_text":"","src":"https:\/\/i0.wp.com\/lasprimeras.com.do\/wp-content\/uploads\/2025\/03\/abel-Martinez.jpg?resize=350%2C200&ssl=1","width":350,"height":200},"classes":[]},{"id":96738,"url":"https:\/\/lasprimeras.com.do\/index.php\/2025\/04\/06\/haitiano-indocumentado-se-enfrenta-con-miembro-del-ejercito-en-friusa\/","url_meta":{"origin":96331,"position":4},"title":"Haitiano indocumentado se enfrenta con miembro del Ejercito en Friusa","author":"Nelson Feliz","date":"6 de abril de 2025","format":false,"excerpt":"Un miembro del Ej\u00e9rcito de la Rep\u00fablica Dominicana (ERD), hiri\u00f3 de bala en el brazo izquierdo al haitiano, con este intento herirlo con una arma blanca en el sector Mata Mosquito - Friusa - en Punta Cana. El raso raso Javier De Le\u00f3n Riqui, participaba en un operativo conjunto con\u2026","rel":"","context":"En \u00abMILITARES\u00bb","block_context":{"text":"MILITARES","link":"https:\/\/lasprimeras.com.do\/index.php\/category\/militares\/"},"img":{"alt_text":"","src":"https:\/\/i0.wp.com\/lasprimeras.com.do\/wp-content\/uploads\/2025\/04\/una.jpg?resize=350%2C200&ssl=1","width":350,"height":200},"classes":[]},{"id":96446,"url":"https:\/\/lasprimeras.com.do\/index.php\/2025\/03\/31\/pld-condena-agresion-brutal-una-marcha-pacifica-en-la-altagracia\/","url_meta":{"origin":96331,"position":5},"title":"PLD condena agresi\u00f3n brutal una marcha pac\u00edfica en La Altagracia","author":"Nelson Feliz","date":"31 de marzo de 2025","format":false,"excerpt":"Dirigentes del Partido de la Liberaci\u00f3n Dominicana (PLD), condenaron por separado la represi\u00f3n oficial de que fue objeto la marcha ciudadana que se dirig\u00eda a la comunidad Friusa de la provincia La Altagracia. Abel Mart\u00ednez, Francisco Dom\u00ednguez Brito, Francisco Javier Garc\u00eda, El\u00edas Cornelio y Dilen Montero, se pronunciaron condenando la\u2026","rel":"","context":"En \u00abPOLITICA\u00bb","block_context":{"text":"POLITICA","link":"https:\/\/lasprimeras.com.do\/index.php\/category\/politica\/"},"img":{"alt_text":"","src":"https:\/\/i0.wp.com\/lasprimeras.com.do\/wp-content\/uploads\/2025\/03\/friusa-1.jpeg?resize=350%2C200&ssl=1","width":350,"height":200,"srcset":"https:\/\/i0.wp.com\/lasprimeras.com.do\/wp-content\/uploads\/2025\/03\/friusa-1.jpeg?resize=350%2C200&ssl=1 1x, https:\/\/i0.wp.com\/lasprimeras.com.do\/wp-content\/uploads\/2025\/03\/friusa-1.jpeg?resize=525%2C300&ssl=1 1.5x, https:\/\/i0.wp.com\/lasprimeras.com.do\/wp-content\/uploads\/2025\/03\/friusa-1.jpeg?resize=700%2C400&ssl=1 2x, https:\/\/i0.wp.com\/lasprimeras.com.do\/wp-content\/uploads\/2025\/03\/friusa-1.jpeg?resize=1050%2C600&ssl=1 3x, https:\/\/i0.wp.com\/lasprimeras.com.do\/wp-content\/uploads\/2025\/03\/friusa-1.jpeg?resize=1400%2C800&ssl=1 4x"},"classes":[]}],"jetpack_sharing_enabled":true,"_links":{"self":[{"href":"https:\/\/lasprimeras.com.do\/index.php\/wp-json\/wp\/v2\/posts\/96331","targetHints":{"allow":["GET"]}}],"collection":[{"href":"https:\/\/lasprimeras.com.do\/index.php\/wp-json\/wp\/v2\/posts"}],"about":[{"href":"https:\/\/lasprimeras.com.do\/index.php\/wp-json\/wp\/v2\/types\/post"}],"author":[{"embeddable":true,"href":"https:\/\/lasprimeras.com.do\/index.php\/wp-json\/wp\/v2\/users\/2"}],"replies":[{"embeddable":true,"href":"https:\/\/lasprimeras.com.do\/index.php\/wp-json\/wp\/v2\/comments?post=96331"}],"version-history":[{"count":1,"href":"https:\/\/lasprimeras.com.do\/index.php\/wp-json\/wp\/v2\/posts\/96331\/revisions"}],"predecessor-version":[{"id":96333,"href":"https:\/\/lasprimeras.com.do\/index.php\/wp-json\/wp\/v2\/posts\/96331\/revisions\/96333"}],"wp:featuredmedia":[{"embeddable":true,"href":"https:\/\/lasprimeras.com.do\/index.php\/wp-json\/wp\/v2\/media\/96332"}],"wp:attachment":[{"href":"https:\/\/lasprimeras.com.do\/index.php\/wp-json\/wp\/v2\/media?parent=96331"}],"wp:term":[{"taxonomy":"category","embeddable":true,"href":"https:\/\/lasprimeras.com.do\/index.php\/wp-json\/wp\/v2\/categories?post=96331"},{"taxonomy":"post_tag","embeddable":true,"href":"https:\/\/lasprimeras.com.do\/index.php\/wp-json\/wp\/v2\/tags?post=96331"}],"curies":[{"name":"wp","href":"https:\/\/api.w.org\/{rel}","templated":true}]}}