{"id":96334,"date":"2025-03-30T00:02:41","date_gmt":"2025-03-30T04:02:41","guid":{"rendered":"https:\/\/lasprimeras.com.do\/?p=96334"},"modified":"2025-03-31T06:40:52","modified_gmt":"2025-03-31T10:40:52","slug":"salud-publica-retrocedio-23-anos-por-mala-gestion-del-prm","status":"publish","type":"post","link":"https:\/\/lasprimeras.com.do\/index.php\/2025\/03\/30\/salud-publica-retrocedio-23-anos-por-mala-gestion-del-prm\/","title":{"rendered":"Salud P\u00fablica retrocedi\u00f3 23 a\u00f1os por mala gesti\u00f3n del PRM"},"content":{"rendered":"\n<p><strong>Rafael Gonz\u00e1lez, secretario Salud del PLD , responsabiliz\u00f3 al Gobierno de la crisis que afecta el sector salud<\/strong><\/p>\n\n\n\n<p>El titular de la Secretar\u00eda de Salud del Partido de la Liberaci\u00f3n Dominicana (PLD), Rafael Gonz\u00e1lez, denunci\u00f3 hoy que el sistema sanitario p\u00fablico atraviesa una profunda crisis debido a la mala gesti\u00f3n de las autoridades del actual gobierno del PRM, lo que ha hecho retroceder el pa\u00eds m\u00e1s de dos d\u00e9cadas en materia de salud p\u00fablica.<\/p>\n\n\n\n<p>Gonz\u00e1lez critic\u00f3 las declaraciones recientes del director del Servicio Nacional de Salud (SNS), Mario Lama, quien afirm\u00f3 que los hospitales dominicanos atraviesan su mejor momento.<\/p>\n\n\n\n<p>Seg\u00fan Gonz\u00e1lez, estas declaraciones est\u00e1n \u201cfuera de la realidad\u201d y \u201cofenden a la poblaci\u00f3n dominicana\u201d que diariamente enfrenta un servicio hospitalario deplorable.<\/p>\n\n\n\n<p>Afirm\u00f3 que el sistema sanitario p\u00fablico est\u00e1 en despojo; regresando hace 23 a\u00f1os en gesti\u00f3n y calidad hospitalaria, comprometiendo la dignidad y la salud de la poblaci\u00f3n dominicana.<\/p>\n\n\n\n<p>\u201cLos hospitales no tienen discreci\u00f3n en el personal que manejan porque le han quitado esa prerrogativa as\u00ed, con este director de la SNS hemos retrocedido 23 a\u00f1os en la ejecuci\u00f3n\u201d, precis\u00f3 el dirigente pelede\u00edsta durante una entrevista concedida al programa radial \u201cPanorama\u201d FM 96.9,<\/p>\n\n\n\n<p>Record\u00f3 que durante las administraciones del expresidente Danilo Medina se realiz\u00f3 una transformaci\u00f3n significativa del sistema sanitario, ejemplificada en hospitales como el Dar\u00edo Contreras, el Moscoso Puello y el Marcelino V\u00e9lez Santana, donde se pas\u00f3 de salas con m\u00faltiples camas sin privacidad, a habitaciones privadas o semiprivadas con calidad cl\u00ednica y hospitalaria, respetando la dignidad del paciente.<\/p>\n\n\n\n<p>Sin embargo, Gonz\u00e1lez afirm\u00f3 que estos avances se han deteriorado notablemente bajo el actual gobierno, que ha centralizado excesivamente la administraci\u00f3n y el presupuesto en la figura del director del SNS, limitando la autonom\u00eda de los hospitales para gestionar personal y recursos esenciales.<\/p>\n\n\n\n<p>El dirigente pelede\u00edsta expres\u00f3 que actualmente los pacientes sufren condiciones precarias en hospitales como el Salvador B. Gautier y Marcelino V\u00e9lez Santana, donde escasean insumos b\u00e1sicos como s\u00e1banas y ventilaci\u00f3n adecuada, afectando severamente la calidad del servicio.<\/p>\n\n\n\n<p>Adem\u00e1s, denunci\u00f3 que las pol\u00edticas implementadas por SENASA han complicado a\u00fan m\u00e1s el acceso a servicios m\u00e9dicos oportunos, aumentando la burocracia y afectando negativamente a pacientes con seguros b\u00e1sicos que se ven obligados a enfrentar tr\u00e1mites excesivos.<\/p>\n\n\n\n<p>Gonz\u00e1lez responsabiliz\u00f3 al presidente Luis Abinader por la situaci\u00f3n actual, se\u00f1alando que el mandatario ha designado en puestos vitales de la salud p\u00fablica a personas sin experiencia previa en gesti\u00f3n sanitaria, lo que ha generado descoordinaci\u00f3n y una evidente ineficiencia en la gesti\u00f3n del sector.<\/p>\n\n\n\n<p>En tal sentido, dijo que el sistema de salud cuenta con un ministro y director del SNS que nunca han hecho ejercicio p\u00fablico en este pa\u00eds, por lo que el culpable de la situaci\u00f3n del sistema de salud es quien ha hecho la elecci\u00f3n de esos funcionarios.<\/p>\n","protected":false},"excerpt":{"rendered":"<p>Rafael Gonz\u00e1lez, secretario Salud del PLD , responsabiliz\u00f3 al Gobierno de la crisis que afecta el sector salud El titular de la Secretar\u00eda de Salud del Partido de la Liberaci\u00f3n&hellip;<\/p>\n","protected":false},"author":2,"featured_media":83887,"comment_status":"open","ping_status":"open","sticky":false,"template":"","format":"standard","meta":{"content-type":"","jetpack_post_was_ever_published":false,"_jetpack_newsletter_access":"","_jetpack_dont_email_post_to_subs":false,"_jetpack_newsletter_tier_id":0,"_jetpack_memberships_contains_paywalled_content":false,"_jetpack_memberships_contains_paid_content":false,"footnotes":""},"categories":[16559,25],"tags":[31],"class_list":["post-96334","post","type-post","status-publish","format-standard","has-post-thumbnail","hentry","category-politica","category-portada","tag-prm"],"jetpack_featured_media_url":"https:\/\/lasprimeras.com.do\/wp-content\/uploads\/2024\/05\/CN-PLD.jpg","jetpack-related-posts":[{"id":96501,"url":"https:\/\/lasprimeras.com.do\/index.php\/2025\/04\/02\/rafael-gonzalez-accion-de-intolerancia-y-violacion-a-la-libertad-de-expresion\/","url_meta":{"origin":96334,"position":0},"title":"Rafael Gonz\u00e1lez: Acci\u00f3n de intolerancia y violaci\u00f3n a la Libertad de Expresi\u00f3n","author":"Nelson Feliz","date":"2 de abril de 2025","format":false,"excerpt":"Por represalia, director del SNS sustituye al Dr. Rafael Gonz\u00e1lez Garc\u00eda de la coordinaci\u00f3n de la divisi\u00f3n de cirug\u00eda del hospital Marcelino V\u00e9lez Santana En una muestra de intolerancia y burla a la libertad de expresi\u00f3n, el director del Servicio Nacional de Salud sustituy\u00f3 al Doctor Rafael Gonz\u00e1lez Garc\u00eda, como\u2026","rel":"","context":"En \u00abPOLITICA\u00bb","block_context":{"text":"POLITICA","link":"https:\/\/lasprimeras.com.do\/index.php\/category\/politica\/"},"img":{"alt_text":"","src":"https:\/\/i0.wp.com\/lasprimeras.com.do\/wp-content\/uploads\/2025\/04\/Rafael-Gonzalez-Garcia.jpg?resize=350%2C200&ssl=1","width":350,"height":200,"srcset":"https:\/\/i0.wp.com\/lasprimeras.com.do\/wp-content\/uploads\/2025\/04\/Rafael-Gonzalez-Garcia.jpg?resize=350%2C200&ssl=1 1x, https:\/\/i0.wp.com\/lasprimeras.com.do\/wp-content\/uploads\/2025\/04\/Rafael-Gonzalez-Garcia.jpg?resize=525%2C300&ssl=1 1.5x, https:\/\/i0.wp.com\/lasprimeras.com.do\/wp-content\/uploads\/2025\/04\/Rafael-Gonzalez-Garcia.jpg?resize=700%2C400&ssl=1 2x"},"classes":[]},{"id":96687,"url":"https:\/\/lasprimeras.com.do\/index.php\/2025\/04\/05\/pld-denuncia-retroceso-en-servicios-de-salud\/","url_meta":{"origin":96334,"position":1},"title":"PLD denuncia retroceso en servicios de salud","author":"Nelson Feliz","date":"5 de abril de 2025","format":false,"excerpt":"El titular de la Secretar\u00eda de Salud del Partido de la Liberaci\u00f3n Dominicana (PLD), Rafael Gonz\u00e1lez, defini\u00f3 como de alta preocupaci\u00f3n la actual situaci\u00f3n del sistema sanitario de Rep\u00fablica Dominicana por el visible deterioro de los hospitales y la precariedad de los servicios. \u201cUn sistema que es ineficiente por razones\u2026","rel":"","context":"En \u00abPOLITICA\u00bb","block_context":{"text":"POLITICA","link":"https:\/\/lasprimeras.com.do\/index.php\/category\/politica\/"},"img":{"alt_text":"","src":"https:\/\/i0.wp.com\/lasprimeras.com.do\/wp-content\/uploads\/2025\/04\/Secretaria-Salud-PLD-1.jpg?resize=350%2C200&ssl=1","width":350,"height":200,"srcset":"https:\/\/i0.wp.com\/lasprimeras.com.do\/wp-content\/uploads\/2025\/04\/Secretaria-Salud-PLD-1.jpg?resize=350%2C200&ssl=1 1x, https:\/\/i0.wp.com\/lasprimeras.com.do\/wp-content\/uploads\/2025\/04\/Secretaria-Salud-PLD-1.jpg?resize=525%2C300&ssl=1 1.5x, https:\/\/i0.wp.com\/lasprimeras.com.do\/wp-content\/uploads\/2025\/04\/Secretaria-Salud-PLD-1.jpg?resize=700%2C400&ssl=1 2x"},"classes":[]},{"id":107313,"url":"https:\/\/lasprimeras.com.do\/index.php\/2025\/08\/25\/pld-exige-al-gobierno-soluciones-inmediatas-a-la-crisis-en-educacion-salud-y-servicios-basicos\/","url_meta":{"origin":96334,"position":2},"title":"PLD exige al Gobierno soluciones inmediatas a la crisis en educaci\u00f3n, salud y servicios b\u00e1sicos","author":"Nelson Feliz","date":"25 de agosto de 2025","format":false,"excerpt":"El Partido de la Liberaci\u00f3n Dominicana (PLD) exigi\u00f3 este lunes al Gobierno del PRM acciones urgentes y resultados concretos para detener el deterioro de los servicios b\u00e1sicos en el pa\u00eds, en especial el colapso del sistema educativo. La vicepresidenta de la organizaci\u00f3n, Zoraima Cuello, dio lectura a un comunicado en\u2026","rel":"","context":"En \u00abPOLITICA\u00bb","block_context":{"text":"POLITICA","link":"https:\/\/lasprimeras.com.do\/index.php\/category\/politica\/"},"img":{"alt_text":"","src":"https:\/\/i0.wp.com\/lasprimeras.com.do\/wp-content\/uploads\/2025\/08\/Zoraima-Cuello-1.jpg?resize=350%2C200&ssl=1","width":350,"height":200,"srcset":"https:\/\/i0.wp.com\/lasprimeras.com.do\/wp-content\/uploads\/2025\/08\/Zoraima-Cuello-1.jpg?resize=350%2C200&ssl=1 1x, https:\/\/i0.wp.com\/lasprimeras.com.do\/wp-content\/uploads\/2025\/08\/Zoraima-Cuello-1.jpg?resize=525%2C300&ssl=1 1.5x, https:\/\/i0.wp.com\/lasprimeras.com.do\/wp-content\/uploads\/2025\/08\/Zoraima-Cuello-1.jpg?resize=700%2C400&ssl=1 2x"},"classes":[]},{"id":110762,"url":"https:\/\/lasprimeras.com.do\/index.php\/2025\/10\/01\/domingo-jimenez-considera-como-una-falla-del-gobierno-del-prm-que-no-planifica\/","url_meta":{"origin":96334,"position":3},"title":"Domingo Jim\u00e9nez considera como una falla del Gobierno del PRM, que no planifica","author":"Nelson Feliz","date":"1 de octubre de 2025","format":false,"excerpt":"El titular de la Secretar\u00eda de Tecnolog\u00eda de la Informaci\u00f3n del Partido de la Liberaci\u00f3n Dominicana (PLD), Domingo Jim\u00e9nez, cuestion\u00f3 la planificaci\u00f3n del Gobierno culp\u00e1ndolo de la crisis del sector el\u00e9ctrico que afecta al pa\u00eds. \u201cEs un panorama sombr\u00edo. Uno no quiere que la situaci\u00f3n empeore, pero este gobierno no\u2026","rel":"","context":"En \u00abPOLITICA\u00bb","block_context":{"text":"POLITICA","link":"https:\/\/lasprimeras.com.do\/index.php\/category\/politica\/"},"img":{"alt_text":"","src":"https:\/\/i0.wp.com\/lasprimeras.com.do\/wp-content\/uploads\/2025\/10\/Domingo-Jimenez.jpg?resize=350%2C200&ssl=1","width":350,"height":200,"srcset":"https:\/\/i0.wp.com\/lasprimeras.com.do\/wp-content\/uploads\/2025\/10\/Domingo-Jimenez.jpg?resize=350%2C200&ssl=1 1x, https:\/\/i0.wp.com\/lasprimeras.com.do\/wp-content\/uploads\/2025\/10\/Domingo-Jimenez.jpg?resize=525%2C300&ssl=1 1.5x, https:\/\/i0.wp.com\/lasprimeras.com.do\/wp-content\/uploads\/2025\/10\/Domingo-Jimenez.jpg?resize=700%2C400&ssl=1 2x"},"classes":[]},{"id":101880,"url":"https:\/\/lasprimeras.com.do\/index.php\/2025\/06\/27\/jhovanny-leyba-denuncia-crisis-financiera-en-senasa-por-mala-gestion-administrativa\/","url_meta":{"origin":96334,"position":4},"title":"Jhovanny Leyba denuncia crisis financiera en SeNaSa por mala gesti\u00f3n administrativa","author":"Nelson Feliz","date":"27 de junio de 2025","format":false,"excerpt":"El miembro del Comit\u00e9 Central del Partido de la Liberaci\u00f3n Dominicana (PLD), Jhovanny Leyba, responsabiliz\u00f3 al presidente Luis Abinader por la crisis financiera que atraviesa el Servicio Nacional de Salud (SeNaSa), denunci\u00f3 la mala gesti\u00f3n del actual director, Santiago Hazim, como factores determinantes del deterioro del sistema. Leyba se\u00f1ala que\u2026","rel":"","context":"En \u00abPOLITICA\u00bb","block_context":{"text":"POLITICA","link":"https:\/\/lasprimeras.com.do\/index.php\/category\/politica\/"},"img":{"alt_text":"","src":"https:\/\/i0.wp.com\/lasprimeras.com.do\/wp-content\/uploads\/2025\/06\/Jhovanny-Leyba.jpg?resize=350%2C200&ssl=1","width":350,"height":200,"srcset":"https:\/\/i0.wp.com\/lasprimeras.com.do\/wp-content\/uploads\/2025\/06\/Jhovanny-Leyba.jpg?resize=350%2C200&ssl=1 1x, https:\/\/i0.wp.com\/lasprimeras.com.do\/wp-content\/uploads\/2025\/06\/Jhovanny-Leyba.jpg?resize=525%2C300&ssl=1 1.5x"},"classes":[]},{"id":106726,"url":"https:\/\/lasprimeras.com.do\/index.php\/2025\/08\/18\/francisco-javier-garcia-en-cinco-anos-de-gestion-del-prm-estan-reprobados\/","url_meta":{"origin":96334,"position":5},"title":"Francisco Javier Garc\u00eda: \u201cEn cinco a\u00f1os de gesti\u00f3n del PRM, est\u00e1n REPROBADOS\u201d","author":"Nelson Feliz","date":"18 de agosto de 2025","format":false,"excerpt":"\u201cSi los del gobierno del PRM fueran conscientes, en lugar de celebrar cinco a\u00f1os, deber\u00edan hacer una misa para pedirle perd\u00f3n al pueblo dominicano\u201d El aspirante presidencial del Partido de la Liberaci\u00f3n Dominicana (PLD), Francisco Javier Garc\u00eda, afirm\u00f3 que el gobierno del Partido Revolucionario Moderno (PRM) est\u00e1 \u201creprobado\u201d, tras cinco\u2026","rel":"","context":"En \u00abPOLITICA\u00bb","block_context":{"text":"POLITICA","link":"https:\/\/lasprimeras.com.do\/index.php\/category\/politica\/"},"img":{"alt_text":"","src":"https:\/\/i0.wp.com\/lasprimeras.com.do\/wp-content\/uploads\/2025\/08\/Francisco-Javier-Garcia-1.jpg?resize=350%2C200&ssl=1","width":350,"height":200,"srcset":"https:\/\/i0.wp.com\/lasprimeras.com.do\/wp-content\/uploads\/2025\/08\/Francisco-Javier-Garcia-1.jpg?resize=350%2C200&ssl=1 1x, https:\/\/i0.wp.com\/lasprimeras.com.do\/wp-content\/uploads\/2025\/08\/Francisco-Javier-Garcia-1.jpg?resize=525%2C300&ssl=1 1.5x, https:\/\/i0.wp.com\/lasprimeras.com.do\/wp-content\/uploads\/2025\/08\/Francisco-Javier-Garcia-1.jpg?resize=700%2C400&ssl=1 2x"},"classes":[]}],"jetpack_sharing_enabled":true,"_links":{"self":[{"href":"https:\/\/lasprimeras.com.do\/index.php\/wp-json\/wp\/v2\/posts\/96334","targetHints":{"allow":["GET"]}}],"collection":[{"href":"https:\/\/lasprimeras.com.do\/index.php\/wp-json\/wp\/v2\/posts"}],"about":[{"href":"https:\/\/lasprimeras.com.do\/index.php\/wp-json\/wp\/v2\/types\/post"}],"author":[{"embeddable":true,"href":"https:\/\/lasprimeras.com.do\/index.php\/wp-json\/wp\/v2\/users\/2"}],"replies":[{"embeddable":true,"href":"https:\/\/lasprimeras.com.do\/index.php\/wp-json\/wp\/v2\/comments?post=96334"}],"version-history":[{"count":2,"href":"https:\/\/lasprimeras.com.do\/index.php\/wp-json\/wp\/v2\/posts\/96334\/revisions"}],"predecessor-version":[{"id":96407,"href":"https:\/\/lasprimeras.com.do\/index.php\/wp-json\/wp\/v2\/posts\/96334\/revisions\/96407"}],"wp:featuredmedia":[{"embeddable":true,"href":"https:\/\/lasprimeras.com.do\/index.php\/wp-json\/wp\/v2\/media\/83887"}],"wp:attachment":[{"href":"https:\/\/lasprimeras.com.do\/index.php\/wp-json\/wp\/v2\/media?parent=96334"}],"wp:term":[{"taxonomy":"category","embeddable":true,"href":"https:\/\/lasprimeras.com.do\/index.php\/wp-json\/wp\/v2\/categories?post=96334"},{"taxonomy":"post_tag","embeddable":true,"href":"https:\/\/lasprimeras.com.do\/index.php\/wp-json\/wp\/v2\/tags?post=96334"}],"curies":[{"name":"wp","href":"https:\/\/api.w.org\/{rel}","templated":true}]}}