{"id":96493,"date":"2025-04-02T09:53:20","date_gmt":"2025-04-02T13:53:20","guid":{"rendered":"https:\/\/lasprimeras.com.do\/?p=96493"},"modified":"2025-04-02T09:53:21","modified_gmt":"2025-04-02T13:53:21","slug":"comision-bicameral-define-metodologia-de-estudio-codigo-penal","status":"publish","type":"post","link":"https:\/\/lasprimeras.com.do\/index.php\/2025\/04\/02\/comision-bicameral-define-metodologia-de-estudio-codigo-penal\/","title":{"rendered":"Comisi\u00f3n bicameral define metodolog\u00eda de estudio C\u00f3digo Penal"},"content":{"rendered":"\n<p class=\"wp-block-paragraph\">El presidente de la comisi\u00f3n, senador Santiago Jos\u00e9 Zorrilla, manifest\u00f3 que ya es tiempo de dar respuesta al pueblo que ha esperado la pieza por m\u00e1s de 20 a\u00f1os.<\/p>\n\n\n\n<p class=\"wp-block-paragraph\">La comisi\u00f3n bicameral designada para el estudio de los proyectos de ley de C\u00f3digo Penal de la Rep\u00fablica Dominicana acord\u00f3 este lunes realizar una matriz que contenga diferentes iniciativas sometidas al Congreso Nacional, que sirva para que cada legislador, parte de la comisi\u00f3n, presente sus propuestas.<\/p>\n\n\n\n<p class=\"wp-block-paragraph\">Con la matriz se busca que los congresistas observen las similitudes y diferencias de cada pieza, y enriquecer de esa manera el debate, seg\u00fan inform\u00f3 el presidente de la comisi\u00f3n, el senador Santiago Jos\u00e9 Zorrilla.<\/p>\n\n\n\n<p class=\"wp-block-paragraph\">El legislador manifest\u00f3 que hay mucho entusiasmo entre los congresistas porque saben que el pa\u00eds tiene m\u00e1s de 20 a\u00f1os esperando por esa iniciativa y consider\u00f3 que ya es tiempo de dar respuesta al pueblo que espera con ansias un nuevo C\u00f3digo Penal.<\/p>\n\n\n\n<p class=\"wp-block-paragraph\">\u201cEstamos entusiasmados por darle respuesta positiva al pueblo dominicano\u201d, dijo Santiago Zorrilla.<\/p>\n\n\n\n<p class=\"wp-block-paragraph\">La comisi\u00f3n bicameral tendr\u00e1 a su cargo estudiar cinco proyectos diferentes: dos a trav\u00e9s del Senado de la Rep\u00fablica y tres a trav\u00e9s de la C\u00e1mara de Diputados, y que, para tales fines, se reunir\u00e1 dos d\u00edas a la semana.<\/p>\n\n\n\n<p class=\"wp-block-paragraph\">Los miembros de la comisi\u00f3n recibieron hoy una representaci\u00f3n del Consejo Nacional de ex presidentes del Colegio de Abogados quienes expresaron sus puntos de vistas sobre el C\u00f3digo Penal.<\/p>\n\n\n\n<p class=\"wp-block-paragraph\">Entre los abogados presentes estuvieron Jos\u00e9 Fernando P\u00e9rez Volquez, Miguel de la Rosa, An\u00edbal S\u00e1nchez, Diego Babado Torres y Di\u00f3medes Olivares.<\/p>\n\n\n\n<p class=\"wp-block-paragraph\">Adem\u00e1s del presidente de la comisi\u00f3n, estuvieron presentes los senadores Pedro Catrain, Crist\u00f3bal Castillo, Aracelis Villanueva, Rafael Duluc, Antonio Taveras, Franklin Romero y L\u00eda D\u00edaz.<\/p>\n\n\n\n<p class=\"wp-block-paragraph\">Tambi\u00e9n los diputados Wandy Batista, vicepresidente de la comisi\u00f3n; Nelsa Soraya Su\u00e1rez, Charles Mariotti Paz, El\u00edas Wessin Ch\u00e1vez, Eugenio Cede\u00f1o, Mayobanex Mart\u00ednez, Carlos de P\u00e9rez, Kenia Bid\u00f3, Sadoky Duarte, Jos\u00e9 Miguel Ferreiras, Braulio Espinal, Pedro Mart\u00ednez, Carolin Mercedes de la Cruz, Dellys Dumidia F\u00e9liz, entre otros diputados.<\/p>\n","protected":false},"excerpt":{"rendered":"<p>El presidente de la comisi\u00f3n, senador Santiago Jos\u00e9 Zorrilla, manifest\u00f3 que ya es tiempo de dar respuesta al pueblo que ha esperado la pieza por m\u00e1s de 20 a\u00f1os. La&hellip;<\/p>\n","protected":false},"author":2,"featured_media":96534,"comment_status":"open","ping_status":"open","sticky":false,"template":"","format":"standard","meta":{"content-type":"","_jetpack_newsletter_access":"","_jetpack_dont_email_post_to_subs":false,"_jetpack_newsletter_tier_id":0,"_jetpack_memberships_contains_paywalled_content":false,"_jetpack_feature_clip_id":0,"_jetpack_memberships_contains_paid_content":false,"footnotes":"","jetpack_post_was_ever_published":false},"categories":[35],"tags":[],"class_list":["post-96493","post","type-post","status-publish","format-standard","has-post-thumbnail","hentry","category-nacionales"],"jetpack-related-posts":[{"id":102118,"url":"https:\/\/lasprimeras.com.do\/index.php\/2025\/07\/01\/comision-bicameral-estudia-codigo-penal-se-declara-en-sesion-permanente\/","url_meta":{"origin":96493,"position":0},"title":"Comisi\u00f3n Bicameral estudia C\u00f3digo Penal se declara en sesi\u00f3n permanente","author":"Nelson Feliz","date":"1 de julio de 2025","format":false,"excerpt":"Con la participaci\u00f3n de los presidentes del Senado de la Rep\u00fablica, Ricardo de los Santos y de la C\u00e1mara de Diputados, Alfredo Pacheco, la Comisi\u00f3n Bicameral que estudia el proyecto de ley de C\u00f3digo Penal de la Republica Dominicana se declar\u00f3 este lunes en sesi\u00f3n permanente hasta concluir el estudio\u2026","rel":"","context":"En \u00abNACIONALES\u00bb","block_context":{"text":"NACIONALES","link":"https:\/\/lasprimeras.com.do\/index.php\/category\/nacionales\/"},"img":{"alt_text":"","src":"https:\/\/i0.wp.com\/lasprimeras.com.do\/wp-content\/uploads\/2025\/07\/Codigo-Penal.jpg?resize=350%2C200&ssl=1","width":350,"height":200,"srcset":"https:\/\/i0.wp.com\/lasprimeras.com.do\/wp-content\/uploads\/2025\/07\/Codigo-Penal.jpg?resize=350%2C200&ssl=1 1x, https:\/\/i0.wp.com\/lasprimeras.com.do\/wp-content\/uploads\/2025\/07\/Codigo-Penal.jpg?resize=525%2C300&ssl=1 1.5x, https:\/\/i0.wp.com\/lasprimeras.com.do\/wp-content\/uploads\/2025\/07\/Codigo-Penal.jpg?resize=700%2C400&ssl=1 2x"},"classes":[]},{"id":102870,"url":"https:\/\/lasprimeras.com.do\/index.php\/2025\/07\/08\/comision-bicameral-estudia-cp-sigue-avanzando-en-el-analisis-de-la-pieza-solo-restan-20-articulos\/","url_meta":{"origin":96493,"position":1},"title":"Comisi\u00f3n Bicameral estudia CP sigue avanzando en el an\u00e1lisis de la pieza; s\u00f3lo restan 20 art\u00edculos","author":"Nelson Feliz","date":"8 de julio de 2025","format":false,"excerpt":"Por Israel Figueroa La Comisi\u00f3n Bicameral que estudia el proyecto de ley de C\u00f3digo Penal de la Rep\u00fablica Dominicana continu\u00f3 con la aprobaci\u00f3n de los art\u00edculos que hab\u00edan sido dejados sobre la mesa y este viernes avanzaron en la aprobaci\u00f3n de 14 art\u00edculos, quedando pendiente de estudio s\u00f3lo 20 art\u00edculos.\u2026","rel":"","context":"En \u00abNACIONALES\u00bb","block_context":{"text":"NACIONALES","link":"https:\/\/lasprimeras.com.do\/index.php\/category\/nacionales\/"},"img":{"alt_text":"","src":"https:\/\/i0.wp.com\/lasprimeras.com.do\/wp-content\/uploads\/2025\/07\/codigo-penal-1.jpg?resize=350%2C200&ssl=1","width":350,"height":200,"srcset":"https:\/\/i0.wp.com\/lasprimeras.com.do\/wp-content\/uploads\/2025\/07\/codigo-penal-1.jpg?resize=350%2C200&ssl=1 1x, https:\/\/i0.wp.com\/lasprimeras.com.do\/wp-content\/uploads\/2025\/07\/codigo-penal-1.jpg?resize=525%2C300&ssl=1 1.5x, https:\/\/i0.wp.com\/lasprimeras.com.do\/wp-content\/uploads\/2025\/07\/codigo-penal-1.jpg?resize=700%2C400&ssl=1 2x"},"classes":[]},{"id":102867,"url":"https:\/\/lasprimeras.com.do\/index.php\/2025\/07\/09\/conamuca-entrega-documento-sugerido-al-congreso-para-la-modificacion-al-codigo-penal\/","url_meta":{"origin":96493,"position":2},"title":"CONAMUCA entrega documento sugerido al Congreso para la modificaci\u00f3n al C\u00f3digo Penal","author":"Nelson Feliz","date":"9 de julio de 2025","format":false,"excerpt":"La vocera de la Comisi\u00f3n de la Confederaci\u00f3n de Mujeres del Campo (CONAMUCA) Katerina Cabrera, asistieron este mi\u00e9rcoles al Congreso Nacional a la entrega de un documento sugerido para la modificaci\u00f3n al C\u00f3digo Penal de la Rep\u00fablica Dominicana. Cabrera,manifesto que los legisladores busca victimizar a las mujeres con la aprobaci\u00f3n\u2026","rel":"","context":"En \u00abNACIONALES\u00bb","block_context":{"text":"NACIONALES","link":"https:\/\/lasprimeras.com.do\/index.php\/category\/nacionales\/"},"img":{"alt_text":"CONAMUCA","src":"https:\/\/i0.wp.com\/lasprimeras.com.do\/wp-content\/uploads\/2025\/07\/CONAMUCA.jpg?resize=350%2C200&ssl=1","width":350,"height":200,"srcset":"https:\/\/i0.wp.com\/lasprimeras.com.do\/wp-content\/uploads\/2025\/07\/CONAMUCA.jpg?resize=350%2C200&ssl=1 1x, https:\/\/i0.wp.com\/lasprimeras.com.do\/wp-content\/uploads\/2025\/07\/CONAMUCA.jpg?resize=525%2C300&ssl=1 1.5x, https:\/\/i0.wp.com\/lasprimeras.com.do\/wp-content\/uploads\/2025\/07\/CONAMUCA.jpg?resize=700%2C400&ssl=1 2x"},"classes":[]},{"id":101040,"url":"https:\/\/lasprimeras.com.do\/index.php\/2025\/06\/15\/yeni-berenice-pide-un-nuevo-codigo-penal-porque-sanciones-actuales-son-irrazonables\/","url_meta":{"origin":96493,"position":3},"title":"Yeni Berenice pide un nuevo C\u00f3digo Penal porque sanciones actuales son &#8220;irrazonables&#8221;","author":"Nelson Feliz","date":"15 de junio de 2025","format":false,"excerpt":"El proyecto del nuevo C\u00f3digo Penal no se ha aprobado por diferencias en temas como el aborto o la discriminaci\u00f3n. La procuradora general de la Rep\u00fablica, Yeni Berenice Reynoso, exhort\u00f3 este domingo al Congreso Nacional a aprobar el proyecto del nuevo C\u00f3digo Penal para cumplir con el compromiso ciudadano de\u2026","rel":"","context":"En \u00abJUSTICIA\u00bb","block_context":{"text":"JUSTICIA","link":"https:\/\/lasprimeras.com.do\/index.php\/category\/justicia\/"},"img":{"alt_text":"Yeni Berenice Reynoso","src":"https:\/\/i0.wp.com\/lasprimeras.com.do\/wp-content\/uploads\/2025\/06\/Yeni-Berenice-Reynoso.jpg?resize=350%2C200&ssl=1","width":350,"height":200,"srcset":"https:\/\/i0.wp.com\/lasprimeras.com.do\/wp-content\/uploads\/2025\/06\/Yeni-Berenice-Reynoso.jpg?resize=350%2C200&ssl=1 1x, https:\/\/i0.wp.com\/lasprimeras.com.do\/wp-content\/uploads\/2025\/06\/Yeni-Berenice-Reynoso.jpg?resize=525%2C300&ssl=1 1.5x, https:\/\/i0.wp.com\/lasprimeras.com.do\/wp-content\/uploads\/2025\/06\/Yeni-Berenice-Reynoso.jpg?resize=700%2C400&ssl=1 2x"},"classes":[]},{"id":103466,"url":"https:\/\/lasprimeras.com.do\/index.php\/2025\/07\/15\/a-pesar-de-llamado-de-abinader-senadores-retrasan-aprobacion-de-los-codigos-penal-y-laboral\/","url_meta":{"origin":96493,"position":4},"title":"A pesar de llamado de Abinader, senadores retrasan aprobaci\u00f3n de los c\u00f3digos Penal y Laboral","author":"Nelson Feliz","date":"15 de julio de 2025","format":false,"excerpt":"Con relaci\u00f3n al nuevo C\u00f3digo Penal el senador Santiago Zorrilla manifest\u00f3 que retrasar\u00e1n la aprobaci\u00f3n de la pieza debido a que esperan unas observaciones que la PGR y otros sectores est\u00e1n supuestos a realizar. Los senadores retardaron los procedimientos de aprobaci\u00f3n de las propuestas de modificaci\u00f3n tanto al C\u00f3digo Penal\u2026","rel":"","context":"En \u00abPOLITICA\u00bb","block_context":{"text":"POLITICA","link":"https:\/\/lasprimeras.com.do\/index.php\/category\/politica\/"},"img":{"alt_text":"Senadores","src":"https:\/\/i0.wp.com\/lasprimeras.com.do\/wp-content\/uploads\/2024\/01\/Senadores.jpg?resize=350%2C200&ssl=1","width":350,"height":200,"srcset":"https:\/\/i0.wp.com\/lasprimeras.com.do\/wp-content\/uploads\/2024\/01\/Senadores.jpg?resize=350%2C200&ssl=1 1x, https:\/\/i0.wp.com\/lasprimeras.com.do\/wp-content\/uploads\/2024\/01\/Senadores.jpg?resize=525%2C300&ssl=1 1.5x, https:\/\/i0.wp.com\/lasprimeras.com.do\/wp-content\/uploads\/2024\/01\/Senadores.jpg?resize=700%2C400&ssl=1 2x"},"classes":[]},{"id":91979,"url":"https:\/\/lasprimeras.com.do\/index.php\/2024\/12\/07\/senador-santiago-zorrilla-ratifica-compromiso-con-el-desarrollo-de-el-seibo\/","url_meta":{"origin":96493,"position":5},"title":"Senador Santiago Zorrilla ratifica compromiso con el desarrollo de El Seibo","author":"Nelson Feliz","date":"7 de diciembre de 2024","format":false,"excerpt":"El senador Santiago Zorrilla ratific\u00f3 que desde la C\u00e1mara Alta continuar\u00e1 cumpliendo con su rol de representaci\u00f3n, con el fin de lograr mejoras en la calidad de vida de los seibanos. Al rendir cuentas de su ejercicio legislativo durante los a\u00f1os 2022-2024, el congresista pas\u00f3 balance a los proyectos que\u2026","rel":"","context":"En \u00abECONOM\u00cdA\u00bb","block_context":{"text":"ECONOM\u00cdA","link":"https:\/\/lasprimeras.com.do\/index.php\/category\/economia\/"},"img":{"alt_text":"","src":"https:\/\/i0.wp.com\/lasprimeras.com.do\/wp-content\/uploads\/2024\/12\/Santiago-Zorrilla.jpg?resize=350%2C200&ssl=1","width":350,"height":200,"srcset":"https:\/\/i0.wp.com\/lasprimeras.com.do\/wp-content\/uploads\/2024\/12\/Santiago-Zorrilla.jpg?resize=350%2C200&ssl=1 1x, https:\/\/i0.wp.com\/lasprimeras.com.do\/wp-content\/uploads\/2024\/12\/Santiago-Zorrilla.jpg?resize=525%2C300&ssl=1 1.5x, https:\/\/i0.wp.com\/lasprimeras.com.do\/wp-content\/uploads\/2024\/12\/Santiago-Zorrilla.jpg?resize=700%2C400&ssl=1 2x"},"classes":[]}],"jetpack_sharing_enabled":true,"jetpack_featured_media_url":"https:\/\/lasprimeras.com.do\/wp-content\/uploads\/2025\/04\/comision-1.jpg","_links":{"self":[{"href":"https:\/\/lasprimeras.com.do\/index.php\/wp-json\/wp\/v2\/posts\/96493","targetHints":{"allow":["GET"]}}],"collection":[{"href":"https:\/\/lasprimeras.com.do\/index.php\/wp-json\/wp\/v2\/posts"}],"about":[{"href":"https:\/\/lasprimeras.com.do\/index.php\/wp-json\/wp\/v2\/types\/post"}],"author":[{"embeddable":true,"href":"https:\/\/lasprimeras.com.do\/index.php\/wp-json\/wp\/v2\/users\/2"}],"replies":[{"embeddable":true,"href":"https:\/\/lasprimeras.com.do\/index.php\/wp-json\/wp\/v2\/comments?post=96493"}],"version-history":[{"count":1,"href":"https:\/\/lasprimeras.com.do\/index.php\/wp-json\/wp\/v2\/posts\/96493\/revisions"}],"predecessor-version":[{"id":96494,"href":"https:\/\/lasprimeras.com.do\/index.php\/wp-json\/wp\/v2\/posts\/96493\/revisions\/96494"}],"wp:featuredmedia":[{"embeddable":true,"href":"https:\/\/lasprimeras.com.do\/index.php\/wp-json\/wp\/v2\/media\/96534"}],"wp:attachment":[{"href":"https:\/\/lasprimeras.com.do\/index.php\/wp-json\/wp\/v2\/media?parent=96493"}],"wp:term":[{"taxonomy":"category","embeddable":true,"href":"https:\/\/lasprimeras.com.do\/index.php\/wp-json\/wp\/v2\/categories?post=96493"},{"taxonomy":"post_tag","embeddable":true,"href":"https:\/\/lasprimeras.com.do\/index.php\/wp-json\/wp\/v2\/tags?post=96493"}],"curies":[{"name":"wp","href":"https:\/\/api.w.org\/{rel}","templated":true}]}}