{"id":96595,"date":"2025-04-03T10:24:33","date_gmt":"2025-04-03T14:24:33","guid":{"rendered":"https:\/\/lasprimeras.com.do\/?p=96595"},"modified":"2025-04-03T10:24:35","modified_gmt":"2025-04-03T14:24:35","slug":"josefina-pimentel-dicta-conferencia-a-jovenes-en-la-universidad-de-columbia","status":"publish","type":"post","link":"https:\/\/lasprimeras.com.do\/index.php\/2025\/04\/03\/josefina-pimentel-dicta-conferencia-a-jovenes-en-la-universidad-de-columbia\/","title":{"rendered":"Josefina Pimentel dicta conferencia a j\u00f3venes en la Universidad de Columbia"},"content":{"rendered":"\n<p class=\"wp-block-paragraph\">Nueva York, EE. UU. \u2013 La secretaria de Educaci\u00f3n de la Fuerza del Pueblo, Josefina Pimentel, comparti\u00f3 con j\u00f3venes dominicanos radicados en los Estados Unidos su visi\u00f3n sobre el desarrollo del sistema educativo dominicano, en el marco de la conferencia titulada: \u201cAvanzando la Equidad Educativa en la Rep\u00fablica Dominicana\u201d.<\/p>\n\n\n\n<p class=\"wp-block-paragraph\">El evento en el que particip\u00f3 Josefina Pimentel, en su condici\u00f3n de exministra de Educaci\u00f3n y rectora del Instituto Global de Altos Estudios, tuvo lugar el pasado lunes en la sede de la prestigiosa Universidad de Columbia, y fue organizado por la iniciativa \u201cJuventud, Hablemos\u201d.<\/p>\n\n\n\n<p class=\"wp-block-paragraph\">En el mismo, Pimentel comparti\u00f3 escenarios como conferencista con el doctor Nino Collado, especialista en liderazgo educativo y asociado de Creative Leadership Solutions.<\/p>\n\n\n\n<p class=\"wp-block-paragraph\">Este evento reuni\u00f3 a destacados expertos en educaci\u00f3n, estudiantes y profesores de diferentes universidades para analizar y proponer soluciones que fortalezcan el sistema educativo en la Rep\u00fablica Dominicana.<\/p>\n\n\n\n<p class=\"wp-block-paragraph\">Los expertos compartieron sus perspectivas y experiencias en la promoci\u00f3n de pol\u00edticas y estrategias que fomenten un sistema educativo m\u00e1s equitativo e inclusivo en la Rep\u00fablica Dominicana.<\/p>\n\n\n\n<p class=\"wp-block-paragraph\">El debate abord\u00f3 temas clave, como el acceso a oportunidades educativas, la calidad docente y el liderazgo en el sector acad\u00e9mico.<\/p>\n\n\n\n<p class=\"wp-block-paragraph\">Este evento fue promovido, adem\u00e1s, por Global Foundation for Democracy and Development (GFDD), el Grupo Quisqueyano: Asociaci\u00f3n de Estudiantes Dominicanos, y la Asociaci\u00f3n de Estudiantes Latinoamericanos (LASA) en la Universidad de Columbia.<\/p>\n\n\n\n<p class=\"wp-block-paragraph\">La organizaci\u00f3n \u201cJuventud, Hablemos\u201d fue fundada y es liderada por \u00c1mbar Pag\u00e1n, una alumna dominicana de la Universidad de Columbia con una maestr\u00eda en Asuntos Internacionales.<\/p>\n\n\n\n<p class=\"wp-block-paragraph\">La iniciativa tiene como objetivo conectar a acad\u00e9micos y figuras p\u00fablicas clave de la Rep\u00fablica Dominicana con universidades extranjeras, creando un puente de conocimiento acad\u00e9mico y recursos.<\/p>\n\n\n\n<p class=\"wp-block-paragraph\">Es una oportunidad para que la juventud dominicana en la di\u00e1spora tenga acceso y contribuya al desarrollo positivo de la Rep\u00fablica Dominicana.<\/p>\n","protected":false},"excerpt":{"rendered":"<p>Nueva York, EE. UU. \u2013 La secretaria de Educaci\u00f3n de la Fuerza del Pueblo, Josefina Pimentel, comparti\u00f3 con j\u00f3venes dominicanos radicados en los Estados Unidos su visi\u00f3n sobre el desarrollo&hellip;<\/p>\n","protected":false},"author":2,"featured_media":96596,"comment_status":"open","ping_status":"open","sticky":false,"template":"","format":"standard","meta":{"content-type":"","_jetpack_newsletter_access":"","_jetpack_dont_email_post_to_subs":false,"_jetpack_newsletter_tier_id":0,"_jetpack_memberships_contains_paywalled_content":false,"_jetpack_feature_clip_id":0,"_jetpack_memberships_contains_paid_content":false,"footnotes":"","jetpack_post_was_ever_published":false},"categories":[35],"tags":[667,668,7037,3899,7654],"class_list":["post-96595","post","type-post","status-publish","format-standard","has-post-thumbnail","hentry","category-nacionales","tag-conferencia","tag-dicta","tag-josefina-pimentel","tag-jovenes","tag-universidad-de-columbia"],"jetpack-related-posts":[{"id":123621,"url":"https:\/\/lasprimeras.com.do\/index.php\/2026\/03\/03\/fp-el-gobierno-actua-sin-un-plan-coherente-por-falta-de-vision-en-educacion\/","url_meta":{"origin":96595,"position":0},"title":"FP: El Gobierno act\u00faa \u201csin un plan coherente\u201d por falta de visi\u00f3n en Educaci\u00f3n","author":"Nelson Feliz","date":"3 de marzo de 2026","format":false,"excerpt":"Josefina Pimentel","rel":"","context":"En \u00abPOLITICA\u00bb","block_context":{"text":"POLITICA","link":"https:\/\/lasprimeras.com.do\/index.php\/category\/politica\/"},"img":{"alt_text":"","src":"https:\/\/i0.wp.com\/lasprimeras.com.do\/wp-content\/uploads\/2026\/03\/IMG-20260303-WA0396.jpg?resize=350%2C200&ssl=1","width":350,"height":200,"srcset":"https:\/\/i0.wp.com\/lasprimeras.com.do\/wp-content\/uploads\/2026\/03\/IMG-20260303-WA0396.jpg?resize=350%2C200&ssl=1 1x, https:\/\/i0.wp.com\/lasprimeras.com.do\/wp-content\/uploads\/2026\/03\/IMG-20260303-WA0396.jpg?resize=525%2C300&ssl=1 1.5x, https:\/\/i0.wp.com\/lasprimeras.com.do\/wp-content\/uploads\/2026\/03\/IMG-20260303-WA0396.jpg?resize=700%2C400&ssl=1 2x, https:\/\/i0.wp.com\/lasprimeras.com.do\/wp-content\/uploads\/2026\/03\/IMG-20260303-WA0396.jpg?resize=1050%2C600&ssl=1 3x"},"classes":[]},{"id":121762,"url":"https:\/\/lasprimeras.com.do\/index.php\/2026\/02\/09\/fp-afirma-que-la-educacion-languidece-pese-a-rd-1-4-billones-gastados-bajo-el-prm\/","url_meta":{"origin":96595,"position":1},"title":"FP afirma que la educaci\u00f3n languidece pese a RD$ 1.4 billones gastados bajo el PRM","author":"Nelson Feliz","date":"9 de febrero de 2026","format":false,"excerpt":"La organizaci\u00f3n se\u00f1ala baja inversi\u00f3n en aulas, aumento del abandono escolar y deterioro de los resultados educativos. El partido Fuerza del Pueblo (FP), afirm\u00f3 que el sistema educativo dominicano atraviesa un proceso de deterioro progresivo, pese a que el Gobierno ha destinado m\u00e1s de un bill\u00f3n cuatrocientos sesenta y cinco\u2026","rel":"","context":"En \u00abPOLITICA\u00bb","block_context":{"text":"POLITICA","link":"https:\/\/lasprimeras.com.do\/index.php\/category\/politica\/"},"img":{"alt_text":"Josefina Pimentel","src":"https:\/\/i0.wp.com\/lasprimeras.com.do\/wp-content\/uploads\/2026\/02\/Josefina-Pimentel.jpg?resize=350%2C200&ssl=1","width":350,"height":200,"srcset":"https:\/\/i0.wp.com\/lasprimeras.com.do\/wp-content\/uploads\/2026\/02\/Josefina-Pimentel.jpg?resize=350%2C200&ssl=1 1x, https:\/\/i0.wp.com\/lasprimeras.com.do\/wp-content\/uploads\/2026\/02\/Josefina-Pimentel.jpg?resize=525%2C300&ssl=1 1.5x, https:\/\/i0.wp.com\/lasprimeras.com.do\/wp-content\/uploads\/2026\/02\/Josefina-Pimentel.jpg?resize=700%2C400&ssl=1 2x"},"classes":[]},{"id":88505,"url":"https:\/\/lasprimeras.com.do\/index.php\/2024\/08\/29\/fp-asegura-que-la-educacion-en-este-gobierno-ha-sido-una-calamidad\/","url_meta":{"origin":96595,"position":2},"title":"FP asegura que la educaci\u00f3n en este gobierno ha sido una calamidad","author":"Nelson Feliz","date":"29 de agosto de 2024","format":false,"excerpt":"Exministra dice que el actual a\u00f1o escolar comienza sin las condiciones necesarias para garantizar una jornada exitosa. El partido Fuerza del Pueblo (FP), a trav\u00e9s de su Secretar\u00eda de Educaci\u00f3n, ha expresado su profunda preocupaci\u00f3n por las condiciones en las que se inicia el a\u00f1o escolar 2024\/2025, se\u00f1alando la falta\u2026","rel":"","context":"En \u00abPORTADA\u00bb","block_context":{"text":"PORTADA","link":"https:\/\/lasprimeras.com.do\/index.php\/category\/portada\/"},"img":{"alt_text":"Josefina Pimentel y Adhamilka Espinal","src":"https:\/\/i0.wp.com\/lasprimeras.com.do\/wp-content\/uploads\/2024\/08\/Josefina-Pimentel.jpg?resize=350%2C200&ssl=1","width":350,"height":200,"srcset":"https:\/\/i0.wp.com\/lasprimeras.com.do\/wp-content\/uploads\/2024\/08\/Josefina-Pimentel.jpg?resize=350%2C200&ssl=1 1x, https:\/\/i0.wp.com\/lasprimeras.com.do\/wp-content\/uploads\/2024\/08\/Josefina-Pimentel.jpg?resize=525%2C300&ssl=1 1.5x, https:\/\/i0.wp.com\/lasprimeras.com.do\/wp-content\/uploads\/2024\/08\/Josefina-Pimentel.jpg?resize=700%2C400&ssl=1 2x"},"classes":[]},{"id":112355,"url":"https:\/\/lasprimeras.com.do\/index.php\/2025\/10\/21\/mescyt-entrega-50-becas-a-estudiantes-del-instituto-global-de-altos-estudios-en-ciencias-sociales\/","url_meta":{"origin":96595,"position":3},"title":"Mescyt entrega 50 becas a estudiantes del Instituto Global de Altos Estudios en Ciencias Sociales","author":"Nelson Feliz","date":"21 de octubre de 2025","format":false,"excerpt":"El Ministerio de Educaci\u00f3n Superior, Ciencia y Tecnolog\u00eda (Mescyt) entreg\u00f3 50 becas nacionales a profesionales seleccionados para cursar programas de maestr\u00eda en el Instituto Global de Altos Estudios en Ciencias Sociales (IGLOBAL), en un acto encabezado por el ministro doctor Franklin Garc\u00eda Ferm\u00edn y la rectora de esa instituci\u00f3n, doctora\u2026","rel":"","context":"En \u00abNACIONALES\u00bb","block_context":{"text":"NACIONALES","link":"https:\/\/lasprimeras.com.do\/index.php\/category\/nacionales\/"},"img":{"alt_text":"","src":"https:\/\/i0.wp.com\/lasprimeras.com.do\/wp-content\/uploads\/2025\/10\/FRANKLIN-GARCIA-FERMIN-1.jpg?resize=350%2C200&ssl=1","width":350,"height":200,"srcset":"https:\/\/i0.wp.com\/lasprimeras.com.do\/wp-content\/uploads\/2025\/10\/FRANKLIN-GARCIA-FERMIN-1.jpg?resize=350%2C200&ssl=1 1x, https:\/\/i0.wp.com\/lasprimeras.com.do\/wp-content\/uploads\/2025\/10\/FRANKLIN-GARCIA-FERMIN-1.jpg?resize=525%2C300&ssl=1 1.5x, https:\/\/i0.wp.com\/lasprimeras.com.do\/wp-content\/uploads\/2025\/10\/FRANKLIN-GARCIA-FERMIN-1.jpg?resize=700%2C400&ssl=1 2x"},"classes":[]},{"id":59374,"url":"https:\/\/lasprimeras.com.do\/index.php\/2023\/09\/03\/maestros-de-la-fp-en-nagua-se-preparan-para-elecciones-del-2024\/","url_meta":{"origin":96595,"position":4},"title":"Maestros de la FP en Nagua se preparan para elecciones del 2024","author":"Nelson Feliz","date":"3 de septiembre de 2023","format":false,"excerpt":"Realizan asamblea de trabajo encabezada por Josefina Pimentel. La secretaria de educaci\u00f3n de la Fuerza del Pueblo, Josefina Pimentel, se reuni\u00f3 con maestros y maestras de Mar\u00eda Trinidad S\u00e1nchez para desarrollar una agenda de trabajo de cara a los comicios de 2024. En la actividad celebrada en esta provincia costera,\u2026","rel":"","context":"En \u00abPORTADA\u00bb","block_context":{"text":"PORTADA","link":"https:\/\/lasprimeras.com.do\/index.php\/category\/portada\/"},"img":{"alt_text":"Josefina Pimentel","src":"https:\/\/i0.wp.com\/lasprimeras.com.do\/wp-content\/uploads\/2023\/09\/Josefina-Pimentel-1.jpg?resize=350%2C200&ssl=1","width":350,"height":200,"srcset":"https:\/\/i0.wp.com\/lasprimeras.com.do\/wp-content\/uploads\/2023\/09\/Josefina-Pimentel-1.jpg?resize=350%2C200&ssl=1 1x, https:\/\/i0.wp.com\/lasprimeras.com.do\/wp-content\/uploads\/2023\/09\/Josefina-Pimentel-1.jpg?resize=525%2C300&ssl=1 1.5x, https:\/\/i0.wp.com\/lasprimeras.com.do\/wp-content\/uploads\/2023\/09\/Josefina-Pimentel-1.jpg?resize=700%2C400&ssl=1 2x"},"classes":[]},{"id":138361,"url":"https:\/\/lasprimeras.com.do\/index.php\/2026\/08\/27\/leonel-fernandez-destaca-aporte-del-iglobal-al-pais\/","url_meta":{"origin":96595,"position":5},"title":"Leonel Fern\u00e1ndez destaca aporte del IGLOBAL al pa\u00eds","author":"Nelson Feliz","date":"27 de agosto de 2026","format":false,"excerpt":"El exmandatario record\u00f3 que la instituci\u00f3n surgi\u00f3 para ampliar las oportunidades de formaci\u00f3n internacional de los dominicanos; Josefina Pimentel destac\u00f3 que 1,630 profesionales han egresado de programas de cuarto nivel y m\u00e1s de 9,000 han participado en otras acciones formativas. Santo Domingo.\u2013 El expresidente de la Rep\u00fablica y presidente de\u2026","rel":"","context":"En \u00abPORTADA\u00bb","block_context":{"text":"PORTADA","link":"https:\/\/lasprimeras.com.do\/index.php\/category\/portada\/"},"img":{"alt_text":"","src":"https:\/\/i0.wp.com\/lasprimeras.com.do\/wp-content\/uploads\/2026\/08\/Leonel-Fernandez.jpg?resize=350%2C200&ssl=1","width":350,"height":200,"srcset":"https:\/\/i0.wp.com\/lasprimeras.com.do\/wp-content\/uploads\/2026\/08\/Leonel-Fernandez.jpg?resize=350%2C200&ssl=1 1x, https:\/\/i0.wp.com\/lasprimeras.com.do\/wp-content\/uploads\/2026\/08\/Leonel-Fernandez.jpg?resize=525%2C300&ssl=1 1.5x, https:\/\/i0.wp.com\/lasprimeras.com.do\/wp-content\/uploads\/2026\/08\/Leonel-Fernandez.jpg?resize=700%2C400&ssl=1 2x"},"classes":[]}],"jetpack_sharing_enabled":true,"jetpack_featured_media_url":"https:\/\/lasprimeras.com.do\/wp-content\/uploads\/2025\/04\/Josefina-Pimentel.jpg","_links":{"self":[{"href":"https:\/\/lasprimeras.com.do\/index.php\/wp-json\/wp\/v2\/posts\/96595","targetHints":{"allow":["GET"]}}],"collection":[{"href":"https:\/\/lasprimeras.com.do\/index.php\/wp-json\/wp\/v2\/posts"}],"about":[{"href":"https:\/\/lasprimeras.com.do\/index.php\/wp-json\/wp\/v2\/types\/post"}],"author":[{"embeddable":true,"href":"https:\/\/lasprimeras.com.do\/index.php\/wp-json\/wp\/v2\/users\/2"}],"replies":[{"embeddable":true,"href":"https:\/\/lasprimeras.com.do\/index.php\/wp-json\/wp\/v2\/comments?post=96595"}],"version-history":[{"count":1,"href":"https:\/\/lasprimeras.com.do\/index.php\/wp-json\/wp\/v2\/posts\/96595\/revisions"}],"predecessor-version":[{"id":96597,"href":"https:\/\/lasprimeras.com.do\/index.php\/wp-json\/wp\/v2\/posts\/96595\/revisions\/96597"}],"wp:featuredmedia":[{"embeddable":true,"href":"https:\/\/lasprimeras.com.do\/index.php\/wp-json\/wp\/v2\/media\/96596"}],"wp:attachment":[{"href":"https:\/\/lasprimeras.com.do\/index.php\/wp-json\/wp\/v2\/media?parent=96595"}],"wp:term":[{"taxonomy":"category","embeddable":true,"href":"https:\/\/lasprimeras.com.do\/index.php\/wp-json\/wp\/v2\/categories?post=96595"},{"taxonomy":"post_tag","embeddable":true,"href":"https:\/\/lasprimeras.com.do\/index.php\/wp-json\/wp\/v2\/tags?post=96595"}],"curies":[{"name":"wp","href":"https:\/\/api.w.org\/{rel}","templated":true}]}}