{"id":96917,"date":"2025-04-11T22:20:35","date_gmt":"2025-04-12T02:20:35","guid":{"rendered":"https:\/\/lasprimeras.com.do\/?p=96917"},"modified":"2025-04-11T22:20:36","modified_gmt":"2025-04-12T02:20:36","slug":"reyes-madera-los-escombros-de-jet-set-seran-analizado-para-saber-las-causas-del-siniestro","status":"publish","type":"post","link":"https:\/\/lasprimeras.com.do\/index.php\/2025\/04\/11\/reyes-madera-los-escombros-de-jet-set-seran-analizado-para-saber-las-causas-del-siniestro\/","title":{"rendered":"Reyes Madera: \u201cLos escombros de Jet Set ser\u00e1n analizado para saber las causas del siniestro\u201d"},"content":{"rendered":"\n<p><strong>Depositan y resguardan en la Ciudad Ganadera parte de los escombros de la discoteca Jet Set.<\/strong><\/p>\n\n\n\n<p>El director de la Oficina Nacional de Evaluaci\u00f3n S\u00edsmica y Vulnerabilidad de Infraestructura y Edificaciones(Onesvie), Leonardo Reyes Madera, inform\u00f3 hoy que parte de los escombros del colapsado techo de la discoteca Jet Set fueron depositados en la Ciudad Ganadera para su an\u00e1lisis, a fin de determinar las causas reales del suceso que caus\u00f3 la muerte a 221 personas y dej\u00f3 189 heridos.<\/p>\n\n\n\n<p>Reyes Madera, se\u00f1ala que los materiales (escombros, hierros y pl\u00e1sticos) est\u00e1n en una zona bald\u00eda en el lado lateral izquierdo, detr\u00e1s de la zona de ecuestre y se les coloc\u00f3 una cinta de advertencia y son vigilados por dos unidades, una de la Polic\u00eda Nacional y otra del Ministerio de Obras P\u00fablicas.<\/p>\n\n\n\n<p>Dijo que los escombros son parte del techo colapsado de la discoteca m\u00e1s emblem\u00e1tica de Santo Domingo, cuyos &#8220;lunes bailables&#8221; trascendieron por varias d\u00e9cadas hasta la tragedia del pasado lunes, que ha escalado a nivel global.<\/p>\n\n\n\n<p>El funcionario dijo que un equipo de 30 especialistas de la Oficina Nacional de Evaluaci\u00f3n S\u00edsmica y Vulnerabilidad de Infraestructura y Edificaciones (Onesvie) inspeccion\u00f3 el lugar de la tragedia para saber las causas del siniestro, adem\u00e1s ser\u00e1 monitoreado d\u00eda y noche para evitar que &#8220;buzos&#8221; y curiosos se acerquen.<\/p>\n\n\n\n<p>Leonardo Reyes Madera, afirmo que los especialistas se auxiliar\u00e1n en un equipo internacional, similar al que actu\u00f3 en el derrumbe de una muebler\u00eda en La Vega, en 2023, que se remodelaba sin permiso de las autoridades. El colapso de la edificaci\u00f3n caus\u00f3 la muerte de una empleada. El caso fue llevado a la justicia.<\/p>\n\n\n\n<p>Por el momento, las autoridades no han informado a d\u00f3nde llevaron la otra parte de los restos de la estructura.<\/p>\n\n\n\n<p>Frente a la discoteca Jet Set<\/p>\n\n\n\n<p>La tarde de este viernes hab\u00eda decenas de personas colocando velones y flores en la acera de la ahora ruina de la discoteca, como acto de tributo a los fallecidos.<\/p>\n\n\n\n<figure class=\"wp-block-image size-large\"><img decoding=\"async\" width=\"1024\" height=\"682\" src=\"https:\/\/lasprimeras.com.do\/wp-content\/uploads\/2025\/04\/velones-1024x682.jpg\" alt=\"\" class=\"wp-image-96919\" srcset=\"https:\/\/lasprimeras.com.do\/wp-content\/uploads\/2025\/04\/velones-1024x682.jpg 1024w, https:\/\/lasprimeras.com.do\/wp-content\/uploads\/2025\/04\/velones-300x200.jpg 300w, https:\/\/lasprimeras.com.do\/wp-content\/uploads\/2025\/04\/velones-768x512.jpg 768w, https:\/\/lasprimeras.com.do\/wp-content\/uploads\/2025\/04\/velones-1536x1024.jpg 1536w, https:\/\/lasprimeras.com.do\/wp-content\/uploads\/2025\/04\/velones-2048x1365.jpg 2048w\" sizes=\"(max-width: 1024px) 100vw, 1024px\" \/><\/figure>\n\n\n\n<p>Fuente Diario Libre<\/p>\n","protected":false},"excerpt":{"rendered":"<p>Depositan y resguardan en la Ciudad Ganadera parte de los escombros de la discoteca Jet Set. El director de la Oficina Nacional de Evaluaci\u00f3n S\u00edsmica y Vulnerabilidad de Infraestructura y&hellip;<\/p>\n","protected":false},"author":2,"featured_media":96918,"comment_status":"open","ping_status":"open","sticky":false,"template":"","format":"standard","meta":{"content-type":"","jetpack_post_was_ever_published":false,"_jetpack_newsletter_access":"","_jetpack_dont_email_post_to_subs":false,"_jetpack_newsletter_tier_id":0,"_jetpack_memberships_contains_paywalled_content":false,"_jetpack_memberships_contains_paid_content":false,"footnotes":""},"categories":[35,25],"tags":[18734,12568,4810,1324,18733,8436],"class_list":["post-96917","post","type-post","status-publish","format-standard","has-post-thumbnail","hentry","category-nacionales","category-portada","tag-analizado","tag-causas","tag-escombros","tag-jet-set","tag-leonardo-reyes-madera","tag-siniestro"],"jetpack_featured_media_url":"https:\/\/lasprimeras.com.do\/wp-content\/uploads\/2025\/04\/escombros.jpg","jetpack-related-posts":[{"id":100794,"url":"https:\/\/lasprimeras.com.do\/index.php\/2025\/06\/12\/jet-set-comision-encargada-de-investigar-las-causas-del-derrumbe-ya-entrego-informe-a-la-pgr\/","url_meta":{"origin":96917,"position":0},"title":"Jet Set: Comisi\u00f3n encargada de investigar las causas del derrumbe ya entreg\u00f3 informe a la PGR","author":"Nelson Feliz","date":"12 de junio de 2025","format":false,"excerpt":"\u201cYa el informe lo entregamos hace un momento, nosotros cumplimos gracias a Dios\u201d, dijo Madera al hablar con List\u00edn Diario, sin precisar detalles de lo que arroj\u00f3 la investigaci\u00f3n. La comisi\u00f3n especial encargada de investigar las causas del derrumbe en la discoteca Jet Set entreg\u00f3 este mi\u00e9rcoles el informe preliminar\u2026","rel":"","context":"En \u00abINTERNACIONALES\u00bb","block_context":{"text":"INTERNACIONALES","link":"https:\/\/lasprimeras.com.do\/index.php\/category\/sin-categoria\/internacionales\/"},"img":{"alt_text":"","src":"https:\/\/i0.wp.com\/lasprimeras.com.do\/wp-content\/uploads\/2025\/04\/jet-set-0.jpg?resize=350%2C200&ssl=1","width":350,"height":200,"srcset":"https:\/\/i0.wp.com\/lasprimeras.com.do\/wp-content\/uploads\/2025\/04\/jet-set-0.jpg?resize=350%2C200&ssl=1 1x, https:\/\/i0.wp.com\/lasprimeras.com.do\/wp-content\/uploads\/2025\/04\/jet-set-0.jpg?resize=525%2C300&ssl=1 1.5x, https:\/\/i0.wp.com\/lasprimeras.com.do\/wp-content\/uploads\/2025\/04\/jet-set-0.jpg?resize=700%2C400&ssl=1 2x"},"classes":[]},{"id":114007,"url":"https:\/\/lasprimeras.com.do\/index.php\/2025\/11\/07\/ministerio-publico-deposita-acusacion-del-caso-jet-set\/","url_meta":{"origin":96917,"position":1},"title":"Ministerio P\u00fablico deposita acusaci\u00f3n del Caso Jet Set","author":"Nelson Feliz","date":"7 de noviembre de 2025","format":false,"excerpt":"Solicita apertura a juicio contra los hermanos Antonio y Maribel Espaillat, por su participaci\u00f3n en el colapso de la discoteca El Ministerio P\u00fablico present\u00f3 este viernes acusaci\u00f3n formal y requerimiento de apertura a juicio en contra de los hermanos Antonio y Maribel Espaillat, procesados por el colapso del techo de\u2026","rel":"","context":"En \u00abJUSTICIA\u00bb","block_context":{"text":"JUSTICIA","link":"https:\/\/lasprimeras.com.do\/index.php\/category\/justicia\/"},"img":{"alt_text":"","src":"https:\/\/i0.wp.com\/lasprimeras.com.do\/wp-content\/uploads\/2025\/11\/ACUSACION.jpg?resize=350%2C200&ssl=1","width":350,"height":200,"srcset":"https:\/\/i0.wp.com\/lasprimeras.com.do\/wp-content\/uploads\/2025\/11\/ACUSACION.jpg?resize=350%2C200&ssl=1 1x, https:\/\/i0.wp.com\/lasprimeras.com.do\/wp-content\/uploads\/2025\/11\/ACUSACION.jpg?resize=525%2C300&ssl=1 1.5x, https:\/\/i0.wp.com\/lasprimeras.com.do\/wp-content\/uploads\/2025\/11\/ACUSACION.jpg?resize=700%2C400&ssl=1 2x"},"classes":[]},{"id":96789,"url":"https:\/\/lasprimeras.com.do\/index.php\/2025\/04\/08\/van-18-fallecidos-confirmado-en-la-discoteca-jet-set\/","url_meta":{"origin":96917,"position":2},"title":"Van 18 fallecidos confirmado en la discoteca Jet Set","author":"Nelson Feliz","date":"8 de abril de 2025","format":false,"excerpt":"El director del Centro de Operaciones de Emergencias (COE), Juan Manuel M\u00e9ndez, declar\u00f3 que las autoridades tienen esperanzas de que hay personas con vida y contin\u00faa el rescate. El director del Centro de Operaciones de Emergencias (COE), Juan Manuel M\u00e9ndez inform\u00f3 a las 9:00 de la ma\u00f1ana de este marte\u2026","rel":"","context":"En \u00abNACIONALES\u00bb","block_context":{"text":"NACIONALES","link":"https:\/\/lasprimeras.com.do\/index.php\/category\/nacionales\/"},"img":{"alt_text":"","src":"https:\/\/i0.wp.com\/lasprimeras.com.do\/wp-content\/uploads\/2025\/04\/Equipos-de-rescate-trasladan-a-una-victima-en-la-discoteca-Jet-Set.jpg?resize=350%2C200&ssl=1","width":350,"height":200,"srcset":"https:\/\/i0.wp.com\/lasprimeras.com.do\/wp-content\/uploads\/2025\/04\/Equipos-de-rescate-trasladan-a-una-victima-en-la-discoteca-Jet-Set.jpg?resize=350%2C200&ssl=1 1x, https:\/\/i0.wp.com\/lasprimeras.com.do\/wp-content\/uploads\/2025\/04\/Equipos-de-rescate-trasladan-a-una-victima-en-la-discoteca-Jet-Set.jpg?resize=525%2C300&ssl=1 1.5x"},"classes":[]},{"id":97563,"url":"https:\/\/lasprimeras.com.do\/index.php\/2025\/04\/23\/antonio-espaillat-cuenta-que-se-entero-del-desplome-del-jet-set-por-llamada-de-su-hermana-desde-los-escombros\/","url_meta":{"origin":96917,"position":3},"title":"Antonio Espaillat cuenta que se enter\u00f3 del desplome del Jet Set por llamada de su hermana desde los escombros","author":"Nelson Feliz","date":"23 de abril de 2025","format":false,"excerpt":"El empresario dijo que donde se encontraba, en Las Vegas, eran las 10:00 de la noche cuando recibi\u00f3 la noticia del desplome de manos de su hermana Maribel Espaillat, quien se encontraba en el lugar. Dijo que lo llam\u00f3 estando debajo de los escombros, lo que hizo que adelantara su\u2026","rel":"","context":"En \u00abNACIONALES\u00bb","block_context":{"text":"NACIONALES","link":"https:\/\/lasprimeras.com.do\/index.php\/category\/nacionales\/"},"img":{"alt_text":"Antonio Espaillat","src":"https:\/\/i0.wp.com\/lasprimeras.com.do\/wp-content\/uploads\/2025\/04\/6808caf6d6a1b.jpeg?resize=350%2C200&ssl=1","width":350,"height":200,"srcset":"https:\/\/i0.wp.com\/lasprimeras.com.do\/wp-content\/uploads\/2025\/04\/6808caf6d6a1b.jpeg?resize=350%2C200&ssl=1 1x, https:\/\/i0.wp.com\/lasprimeras.com.do\/wp-content\/uploads\/2025\/04\/6808caf6d6a1b.jpeg?resize=525%2C300&ssl=1 1.5x, https:\/\/i0.wp.com\/lasprimeras.com.do\/wp-content\/uploads\/2025\/04\/6808caf6d6a1b.jpeg?resize=700%2C400&ssl=1 2x"},"classes":[]},{"id":96778,"url":"https:\/\/lasprimeras.com.do\/index.php\/2025\/04\/08\/al-menos-12-muertos-y-mas-de-45-heridos-tras-derrumbe-en-la-discoteca-jet-set\/","url_meta":{"origin":96917,"position":4},"title":"Al menos 12 muertos y m\u00e1s de 45 heridos tras derrumbe en la Discoteca Jet Set","author":"Nelson Feliz","date":"8 de abril de 2025","format":false,"excerpt":"Hasta el momento se han realizado 70 traslados de afectados en ambulancias del 9-1-1 Al menos 12 personas han perdido la vida y m\u00e1s de 45 resultaron heridas luego del colapso parcial del techo de la reconocida discoteca Jet Set, en el Distrito Nacional, la madrugada de este martes. El\u2026","rel":"","context":"En \u00abNACIONALES\u00bb","block_context":{"text":"NACIONALES","link":"https:\/\/lasprimeras.com.do\/index.php\/category\/nacionales\/"},"img":{"alt_text":"","src":"https:\/\/i0.wp.com\/lasprimeras.com.do\/wp-content\/uploads\/2025\/04\/Derrumbe-parcial-en-la-Discoteca-Jet-Set-durante-espectaculo-la-madrugada-de-este-martes.jpg?resize=350%2C200&ssl=1","width":350,"height":200,"srcset":"https:\/\/i0.wp.com\/lasprimeras.com.do\/wp-content\/uploads\/2025\/04\/Derrumbe-parcial-en-la-Discoteca-Jet-Set-durante-espectaculo-la-madrugada-de-este-martes.jpg?resize=350%2C200&ssl=1 1x, https:\/\/i0.wp.com\/lasprimeras.com.do\/wp-content\/uploads\/2025\/04\/Derrumbe-parcial-en-la-Discoteca-Jet-Set-durante-espectaculo-la-madrugada-de-este-martes.jpg?resize=525%2C300&ssl=1 1.5x, https:\/\/i0.wp.com\/lasprimeras.com.do\/wp-content\/uploads\/2025\/04\/Derrumbe-parcial-en-la-Discoteca-Jet-Set-durante-espectaculo-la-madrugada-de-este-martes.jpg?resize=700%2C400&ssl=1 2x"},"classes":[]},{"id":96908,"url":"https:\/\/lasprimeras.com.do\/index.php\/2025\/04\/10\/piden-que-jet-set-sea-convertido-en-museo-en-memoria-de-las-personas-caida-en-ese-lugar\/","url_meta":{"origin":96917,"position":5},"title":"Piden que Jet Set sea convertido en Museo en memoria de las personas ca\u00edda en ese lugar","author":"Nelson Feliz","date":"10 de abril de 2025","format":false,"excerpt":"La Asociaci\u00f3n de Medios Digitales Inc. (ANDI) solicito este jueves a los propietarios de Jet Set, que luego de concluir las labores de rescate y recuperaci\u00f3n de cad\u00e1veres de los escombros dejados por el derrumbe del techo de la Discoteca elaboren un plan junto al Gobierno y se construya un\u2026","rel":"","context":"En \u00abNACIONALES\u00bb","block_context":{"text":"NACIONALES","link":"https:\/\/lasprimeras.com.do\/index.php\/category\/nacionales\/"},"img":{"alt_text":"Vista a\u00e9rea del derrumbe en la discoteca Jet Set","src":"https:\/\/i0.wp.com\/lasprimeras.com.do\/wp-content\/uploads\/2025\/04\/Vista-aerea-del-derrumbe-en-la-discoteca-Jet-Set.jpg?resize=350%2C200&ssl=1","width":350,"height":200,"srcset":"https:\/\/i0.wp.com\/lasprimeras.com.do\/wp-content\/uploads\/2025\/04\/Vista-aerea-del-derrumbe-en-la-discoteca-Jet-Set.jpg?resize=350%2C200&ssl=1 1x, https:\/\/i0.wp.com\/lasprimeras.com.do\/wp-content\/uploads\/2025\/04\/Vista-aerea-del-derrumbe-en-la-discoteca-Jet-Set.jpg?resize=525%2C300&ssl=1 1.5x, https:\/\/i0.wp.com\/lasprimeras.com.do\/wp-content\/uploads\/2025\/04\/Vista-aerea-del-derrumbe-en-la-discoteca-Jet-Set.jpg?resize=700%2C400&ssl=1 2x"},"classes":[]}],"jetpack_sharing_enabled":true,"_links":{"self":[{"href":"https:\/\/lasprimeras.com.do\/index.php\/wp-json\/wp\/v2\/posts\/96917","targetHints":{"allow":["GET"]}}],"collection":[{"href":"https:\/\/lasprimeras.com.do\/index.php\/wp-json\/wp\/v2\/posts"}],"about":[{"href":"https:\/\/lasprimeras.com.do\/index.php\/wp-json\/wp\/v2\/types\/post"}],"author":[{"embeddable":true,"href":"https:\/\/lasprimeras.com.do\/index.php\/wp-json\/wp\/v2\/users\/2"}],"replies":[{"embeddable":true,"href":"https:\/\/lasprimeras.com.do\/index.php\/wp-json\/wp\/v2\/comments?post=96917"}],"version-history":[{"count":1,"href":"https:\/\/lasprimeras.com.do\/index.php\/wp-json\/wp\/v2\/posts\/96917\/revisions"}],"predecessor-version":[{"id":96920,"href":"https:\/\/lasprimeras.com.do\/index.php\/wp-json\/wp\/v2\/posts\/96917\/revisions\/96920"}],"wp:featuredmedia":[{"embeddable":true,"href":"https:\/\/lasprimeras.com.do\/index.php\/wp-json\/wp\/v2\/media\/96918"}],"wp:attachment":[{"href":"https:\/\/lasprimeras.com.do\/index.php\/wp-json\/wp\/v2\/media?parent=96917"}],"wp:term":[{"taxonomy":"category","embeddable":true,"href":"https:\/\/lasprimeras.com.do\/index.php\/wp-json\/wp\/v2\/categories?post=96917"},{"taxonomy":"post_tag","embeddable":true,"href":"https:\/\/lasprimeras.com.do\/index.php\/wp-json\/wp\/v2\/tags?post=96917"}],"curies":[{"name":"wp","href":"https:\/\/api.w.org\/{rel}","templated":true}]}}