{"id":96930,"date":"2025-04-11T23:19:07","date_gmt":"2025-04-12T03:19:07","guid":{"rendered":"https:\/\/lasprimeras.com.do\/?p=96930"},"modified":"2025-04-11T23:19:09","modified_gmt":"2025-04-12T03:19:09","slug":"tras-colapso-del-jet-set-geologo-osiris-de-leon-llama-a-revisar-edificaciones","status":"publish","type":"post","link":"https:\/\/lasprimeras.com.do\/index.php\/2025\/04\/11\/tras-colapso-del-jet-set-geologo-osiris-de-leon-llama-a-revisar-edificaciones\/","title":{"rendered":"Tras colapso del Jet Set, ge\u00f3logo Osiris de Le\u00f3n llama a revisar edificaciones"},"content":{"rendered":"\n<p><strong>Se\u00f1al\u00f3 que es necesario una investigaci\u00f3n de ingenier\u00eda forense para determinar las verdaderas causas de la tragedia.<\/strong><\/p>\n\n\n\n<p>El ge\u00f3logo Osiris de Le\u00f3n se pronunci\u00f3 este jueves sobre las posibles causas que provocaron el colapso del techo del centro de diversi\u00f3n Jet Set, con un saldo que de 221 personas fallecidas y 189 lesionadas.<\/p>\n\n\n\n<p>Entiende que m\u00faltiples factores pudieron influir en la tragedia en la discoteca y llam\u00f3 a corregir fallas en estructuras y edificaciones para evitar que hechos como ese se vuelvan a repetir.<\/p>\n\n\n\n<p>De Le\u00f3n explic\u00f3 que la estructura ten\u00eda m\u00e1s de 50 a\u00f1os de antig\u00fcedad y que factores naturales como las lluvias, temblores acumulados y la carga colocada pudieron haber contribuido al colapso.<\/p>\n\n\n\n<p>&#8220;Es necesario realizar una investigaci\u00f3n de ingenier\u00eda forense para determinar las verdaderas causas de esta tragedia&#8221;, afirm\u00f3.<\/p>\n\n\n\n<p>Se\u00f1al\u00f3 que dicho proceso debe ser &#8220;tan amplio y riguroso como las circunstancias lo requieran&#8221;.<\/p>\n\n\n\n<p>Adem\u00e1s, inst\u00f3 a revisar las normativas y criterios actuales de la ingenier\u00eda en comparaci\u00f3n con las del pasado.<\/p>\n\n\n\n<p>&#8220;Las edificaciones se dise\u00f1an, construyen y supervisan con criterios que deben garantizar la seguridad, incluso ante fen\u00f3menos naturales como sismos y vientos. Te\u00f3ricamente, las obras no deben fallar&#8221;, enfatiz\u00f3.<\/p>\n\n\n\n<p>Llama a corregir fallas<\/p>\n\n\n\n<p>El ge\u00f3logo consider\u00f3 que lo sucedido debe ser motivo de profunda reflexi\u00f3n para toda la sociedad dominicana y llam\u00f3 a corregir fallas estructurales para evitar tragedias similares.<\/p>\n\n\n\n<p>&#8220;Cerca de 220 personas murieron en un lugar al que asistieron buscando sano entretenimiento y diversi\u00f3n familiar. Nadie lleva a su familia a un sitio que considere peligroso&#8221;, expres\u00f3.<\/p>\n\n\n\n<p>De Le\u00f3n recalc\u00f3 la importancia de evaluar todas las edificaciones que presenten se\u00f1ales, aunque m\u00ednimas, de vulnerabilidad.<\/p>\n\n\n\n<p>&#8220;Sea por causas clim\u00e1ticas, vibraciones internas o externas, o simplemente por el paso del tiempo, cualquier edificaci\u00f3n con se\u00f1ales de inestabilidad debe ser sometida a evaluaci\u00f3n estructural&#8221;, advirti\u00f3.<\/p>\n\n\n\n<p>Responsabilidad colectiva<\/p>\n\n\n\n<p>Tambi\u00e9n hizo un llamado a la responsabilidad colectiva. &#8220;Este problema se ha acumulado durante d\u00e9cadas por falta de supervisi\u00f3n y actualizaci\u00f3n de normativas&#8221;, se\u00f1al\u00f3.<\/p>\n\n\n\n<p>Las declaraciones fueron ofrecidas durante su visita a la funeraria Fuente de Luz, en Santiago, donde acudi\u00f3 a expresar sus condolencias al ministro de Obras P\u00fablicas, Eduardo Estrella, por la muerte de su hijo, Eduardo Guarionex Estrella Cruz, una de las v\u00edctimas del colapso del Jet Set.<\/p>\n\n\n\n<p>Fuente Diario Libre<\/p>\n","protected":false},"excerpt":{"rendered":"<p>Se\u00f1al\u00f3 que es necesario una investigaci\u00f3n de ingenier\u00eda forense para determinar las verdaderas causas de la tragedia. El ge\u00f3logo Osiris de Le\u00f3n se pronunci\u00f3 este jueves sobre las posibles causas&hellip;<\/p>\n","protected":false},"author":2,"featured_media":96931,"comment_status":"open","ping_status":"open","sticky":false,"template":"","format":"standard","meta":{"content-type":"","jetpack_post_was_ever_published":false,"_jetpack_newsletter_access":"","_jetpack_dont_email_post_to_subs":false,"_jetpack_newsletter_tier_id":0,"_jetpack_memberships_contains_paywalled_content":false,"_jetpack_memberships_contains_paid_content":false,"footnotes":""},"categories":[35],"tags":[9609,6535,3055,1324,1416,9126,416],"class_list":["post-96930","post","type-post","status-publish","format-standard","has-post-thumbnail","hentry","category-nacionales","tag-colapso","tag-edificaciones","tag-geologo","tag-jet-set","tag-osiris-de-leon","tag-revisar","tag-tragedia"],"jetpack_featured_media_url":"https:\/\/lasprimeras.com.do\/wp-content\/uploads\/2025\/04\/Vista-aerea-del-derrumbe-en-la-discoteca-Jet-Set-1.jpg","jetpack-related-posts":[{"id":97428,"url":"https:\/\/lasprimeras.com.do\/index.php\/2025\/04\/20\/osiris-de-leon-advierte-sobre-falta-de-rigor-tecnico-en-informes-preliminares-del-colapso-en-jet-set\/","url_meta":{"origin":96930,"position":0},"title":"Osiris de Le\u00f3n advierte sobre falta de rigor t\u00e9cnico en informes preliminares del colapso en Jet Set","author":"Nelson Feliz","date":"20 de abril de 2025","format":false,"excerpt":"Afirma que los resultados de las auditor\u00edas ser\u00e1n cruciales para que los tribunales puedan determinar responsabilidades. El reconocido ge\u00f3logo y ambientalista dominicano Osiris de Le\u00f3n advirti\u00f3 sobre la falta de respaldo t\u00e9cnico y jur\u00eddico de los informes preliminares que han circulado tras el tr\u00e1gico colapso del techo de la discoteca\u2026","rel":"","context":"En \u00abNACIONALES\u00bb","block_context":{"text":"NACIONALES","link":"https:\/\/lasprimeras.com.do\/index.php\/category\/nacionales\/"},"img":{"alt_text":"","src":"https:\/\/i0.wp.com\/lasprimeras.com.do\/wp-content\/uploads\/2025\/04\/Techo-Jet-Set.jpg?resize=350%2C200&ssl=1","width":350,"height":200,"srcset":"https:\/\/i0.wp.com\/lasprimeras.com.do\/wp-content\/uploads\/2025\/04\/Techo-Jet-Set.jpg?resize=350%2C200&ssl=1 1x, https:\/\/i0.wp.com\/lasprimeras.com.do\/wp-content\/uploads\/2025\/04\/Techo-Jet-Set.jpg?resize=525%2C300&ssl=1 1.5x, https:\/\/i0.wp.com\/lasprimeras.com.do\/wp-content\/uploads\/2025\/04\/Techo-Jet-Set.jpg?resize=700%2C400&ssl=1 2x"},"classes":[]},{"id":106538,"url":"https:\/\/lasprimeras.com.do\/index.php\/2025\/08\/16\/osiris-de-leon-advierte-que-la-presa-de-guagui-en-la-vega-es-un-riesgo-mortal\/","url_meta":{"origin":96930,"position":1},"title":"Osiris de Le\u00f3n advierte que la presa de Guagu\u00ed en La Vega es un riesgo mortal","author":"Nelson Feliz","date":"16 de agosto de 2025","format":false,"excerpt":"El ge\u00f3logo y ambientalista Osiris de Le\u00f3n alert\u00f3 sobre los peligros de construir la presa de Guagu\u00ed en su ubicaci\u00f3n original, asegurando que las rocas del terreno no soportan el peso ni la presi\u00f3n y advirti\u00f3 que insistir en el proyecto ser\u00eda jugar con la vida de miles de personas\u2026","rel":"","context":"En \u00abNACIONALES\u00bb","block_context":{"text":"NACIONALES","link":"https:\/\/lasprimeras.com.do\/index.php\/category\/nacionales\/"},"img":{"alt_text":"","src":"https:\/\/i0.wp.com\/lasprimeras.com.do\/wp-content\/uploads\/2025\/08\/presa-guaygui-1.jpeg?resize=350%2C200&ssl=1","width":350,"height":200,"srcset":"https:\/\/i0.wp.com\/lasprimeras.com.do\/wp-content\/uploads\/2025\/08\/presa-guaygui-1.jpeg?resize=350%2C200&ssl=1 1x, https:\/\/i0.wp.com\/lasprimeras.com.do\/wp-content\/uploads\/2025\/08\/presa-guaygui-1.jpeg?resize=525%2C300&ssl=1 1.5x, https:\/\/i0.wp.com\/lasprimeras.com.do\/wp-content\/uploads\/2025\/08\/presa-guaygui-1.jpeg?resize=700%2C400&ssl=1 2x"},"classes":[]},{"id":119650,"url":"https:\/\/lasprimeras.com.do\/index.php\/2026\/01\/15\/osiris-de-leon-afirma-puente-duarte-no-representa-riesgo-de-colapso-pero-amerita-intervencion-inmediata\/","url_meta":{"origin":96930,"position":2},"title":"Osiris de Le\u00f3n afirma puente Duarte no representa riesgo de colapso pero amerita intervenci\u00f3n inmediata","author":"Nelson Feliz","date":"15 de enero de 2026","format":false,"excerpt":"El presidente de la Comisi\u00f3n de Supervisi\u00f3n de Infraestructuras P\u00fablicas ante el Cambio Clim\u00e1tico explica las razones t\u00e9cnicas que garantizan la estabilidad de la estructura. El ge\u00f3logo y ambientalista Osiris de Le\u00f3n, presidente de la Comisi\u00f3n de Supervisi\u00f3n de Infraestructuras P\u00fablicas ante el Cambio Clim\u00e1tico, afirm\u00f3 ayer que el puente\u2026","rel":"","context":"En \u00abNACIONALES\u00bb","block_context":{"text":"NACIONALES","link":"https:\/\/lasprimeras.com.do\/index.php\/category\/nacionales\/"},"img":{"alt_text":"","src":"https:\/\/i0.wp.com\/lasprimeras.com.do\/wp-content\/uploads\/2026\/01\/puente-duarte-santo-domingo-este.jpg?resize=350%2C200&ssl=1","width":350,"height":200,"srcset":"https:\/\/i0.wp.com\/lasprimeras.com.do\/wp-content\/uploads\/2026\/01\/puente-duarte-santo-domingo-este.jpg?resize=350%2C200&ssl=1 1x, https:\/\/i0.wp.com\/lasprimeras.com.do\/wp-content\/uploads\/2026\/01\/puente-duarte-santo-domingo-este.jpg?resize=525%2C300&ssl=1 1.5x, https:\/\/i0.wp.com\/lasprimeras.com.do\/wp-content\/uploads\/2026\/01\/puente-duarte-santo-domingo-este.jpg?resize=700%2C400&ssl=1 2x, https:\/\/i0.wp.com\/lasprimeras.com.do\/wp-content\/uploads\/2026\/01\/puente-duarte-santo-domingo-este.jpg?resize=1050%2C600&ssl=1 3x"},"classes":[]},{"id":114073,"url":"https:\/\/lasprimeras.com.do\/index.php\/2025\/11\/10\/osiris-de-leon-dice-colapso-taludes-en-circunvalacion-de-bani-se-debe-a-errores-criticos-de-diseno-y-materiales-inadecuados\/","url_meta":{"origin":96930,"position":3},"title":"Osiris de Le\u00f3n dice colapso taludes en Circunvalaci\u00f3n de Ban\u00ed se debe a &#8220;errores cr\u00edticos de dise\u00f1o y materiales inadecuados&#8221;","author":"Nelson Feliz","date":"10 de noviembre de 2025","format":false,"excerpt":"El reconocido ingeniero ge\u00f3logo y ambientalista Osiris de Le\u00f3n ha ofrecido un an\u00e1lisis detallado sobre el reciente colapso de un extenso tramo de los taludes de la Circunvalaci\u00f3n de Ban\u00ed, atribuyendo el fallo a una combinaci\u00f3n de errores cr\u00edticos de dise\u00f1o y a la selecci\u00f3n de materiales inadecuados de poca\u2026","rel":"","context":"En \u00abNACIONALES\u00bb","block_context":{"text":"NACIONALES","link":"https:\/\/lasprimeras.com.do\/index.php\/category\/nacionales\/"},"img":{"alt_text":"","src":"https:\/\/i0.wp.com\/lasprimeras.com.do\/wp-content\/uploads\/2025\/11\/Circunvalacion-de-Bani.jpeg?resize=350%2C200&ssl=1","width":350,"height":200,"srcset":"https:\/\/i0.wp.com\/lasprimeras.com.do\/wp-content\/uploads\/2025\/11\/Circunvalacion-de-Bani.jpeg?resize=350%2C200&ssl=1 1x, https:\/\/i0.wp.com\/lasprimeras.com.do\/wp-content\/uploads\/2025\/11\/Circunvalacion-de-Bani.jpeg?resize=525%2C300&ssl=1 1.5x, https:\/\/i0.wp.com\/lasprimeras.com.do\/wp-content\/uploads\/2025\/11\/Circunvalacion-de-Bani.jpeg?resize=700%2C400&ssl=1 2x"},"classes":[]},{"id":110561,"url":"https:\/\/lasprimeras.com.do\/index.php\/2025\/09\/29\/los-hermanos-espaillat-piden-al-juez-aprobar-su-propio-peritaje-para-evaluar-derrumbe-del-jet-set\/","url_meta":{"origin":96930,"position":4},"title":"Los hermanos Espaillat piden al juez aprobar su propio peritaje para evaluar derrumbe del Jet Set","author":"Nelson Feliz","date":"29 de septiembre de 2025","format":false,"excerpt":"El colapso del techo de la discoteca, ocurrido el 8 de abril de este a\u00f1o durante un concierto, provoc\u00f3 la muerte de 235 personas y dej\u00f3 m\u00e1s de 180 heridos. Los hermanos Antonio y Maribel Espaillat L\u00f3pez, propietarios de la colapsada discoteca Jet Set, solicitaron al juez de control de\u2026","rel":"","context":"En \u00abJUSTICIA\u00bb","block_context":{"text":"JUSTICIA","link":"https:\/\/lasprimeras.com.do\/index.php\/category\/justicia\/"},"img":{"alt_text":"","src":"https:\/\/i0.wp.com\/lasprimeras.com.do\/wp-content\/uploads\/2025\/04\/Techo-Jet-Set.jpg?resize=350%2C200&ssl=1","width":350,"height":200,"srcset":"https:\/\/i0.wp.com\/lasprimeras.com.do\/wp-content\/uploads\/2025\/04\/Techo-Jet-Set.jpg?resize=350%2C200&ssl=1 1x, https:\/\/i0.wp.com\/lasprimeras.com.do\/wp-content\/uploads\/2025\/04\/Techo-Jet-Set.jpg?resize=525%2C300&ssl=1 1.5x, https:\/\/i0.wp.com\/lasprimeras.com.do\/wp-content\/uploads\/2025\/04\/Techo-Jet-Set.jpg?resize=700%2C400&ssl=1 2x"},"classes":[]},{"id":113300,"url":"https:\/\/lasprimeras.com.do\/index.php\/2025\/10\/31\/geologo-osiris-de-leon-advierte-sobre-riesgo-de-inundaciones-por-deficiente-drenaje-en-infraestructura\/","url_meta":{"origin":96930,"position":5},"title":"Ge\u00f3logo Osiris de Le\u00f3n advierte sobre riesgo de inundaciones por deficiente drenaje en infraestructura","author":"Nelson Feliz","date":"31 de octubre de 2025","format":false,"excerpt":"El ge\u00f3logo y ambientalista Osiris de Le\u00f3n, alert\u00f3 hoy que la inadecuada planificaci\u00f3n del drenaje pluvial en las obras de infraestructura est\u00e1 exponiendo al pa\u00eds a un mayor riesgo de inundaciones y da\u00f1os ambientales. En sus declaraciones, De Le\u00f3n explic\u00f3 que la expansi\u00f3n urbana ha ignorado elementos esenciales del dise\u00f1o\u2026","rel":"","context":"En \u00abNACIONALES\u00bb","block_context":{"text":"NACIONALES","link":"https:\/\/lasprimeras.com.do\/index.php\/category\/nacionales\/"},"img":{"alt_text":"","src":"https:\/\/i0.wp.com\/lasprimeras.com.do\/wp-content\/uploads\/2025\/08\/Osiris-de-Leon.jpg?resize=350%2C200&ssl=1","width":350,"height":200,"srcset":"https:\/\/i0.wp.com\/lasprimeras.com.do\/wp-content\/uploads\/2025\/08\/Osiris-de-Leon.jpg?resize=350%2C200&ssl=1 1x, https:\/\/i0.wp.com\/lasprimeras.com.do\/wp-content\/uploads\/2025\/08\/Osiris-de-Leon.jpg?resize=525%2C300&ssl=1 1.5x, https:\/\/i0.wp.com\/lasprimeras.com.do\/wp-content\/uploads\/2025\/08\/Osiris-de-Leon.jpg?resize=700%2C400&ssl=1 2x"},"classes":[]}],"jetpack_sharing_enabled":true,"_links":{"self":[{"href":"https:\/\/lasprimeras.com.do\/index.php\/wp-json\/wp\/v2\/posts\/96930","targetHints":{"allow":["GET"]}}],"collection":[{"href":"https:\/\/lasprimeras.com.do\/index.php\/wp-json\/wp\/v2\/posts"}],"about":[{"href":"https:\/\/lasprimeras.com.do\/index.php\/wp-json\/wp\/v2\/types\/post"}],"author":[{"embeddable":true,"href":"https:\/\/lasprimeras.com.do\/index.php\/wp-json\/wp\/v2\/users\/2"}],"replies":[{"embeddable":true,"href":"https:\/\/lasprimeras.com.do\/index.php\/wp-json\/wp\/v2\/comments?post=96930"}],"version-history":[{"count":1,"href":"https:\/\/lasprimeras.com.do\/index.php\/wp-json\/wp\/v2\/posts\/96930\/revisions"}],"predecessor-version":[{"id":96932,"href":"https:\/\/lasprimeras.com.do\/index.php\/wp-json\/wp\/v2\/posts\/96930\/revisions\/96932"}],"wp:featuredmedia":[{"embeddable":true,"href":"https:\/\/lasprimeras.com.do\/index.php\/wp-json\/wp\/v2\/media\/96931"}],"wp:attachment":[{"href":"https:\/\/lasprimeras.com.do\/index.php\/wp-json\/wp\/v2\/media?parent=96930"}],"wp:term":[{"taxonomy":"category","embeddable":true,"href":"https:\/\/lasprimeras.com.do\/index.php\/wp-json\/wp\/v2\/categories?post=96930"},{"taxonomy":"post_tag","embeddable":true,"href":"https:\/\/lasprimeras.com.do\/index.php\/wp-json\/wp\/v2\/tags?post=96930"}],"curies":[{"name":"wp","href":"https:\/\/api.w.org\/{rel}","templated":true}]}}