{"id":96956,"date":"2025-04-12T00:09:43","date_gmt":"2025-04-12T04:09:43","guid":{"rendered":"https:\/\/lasprimeras.com.do\/?p=96956"},"modified":"2025-04-12T00:09:45","modified_gmt":"2025-04-12T04:09:45","slug":"intrant-prohibe-circulacion-de-vehiculos-de-carga-durante-semana-santa-2025","status":"publish","type":"post","link":"https:\/\/lasprimeras.com.do\/index.php\/2025\/04\/12\/intrant-prohibe-circulacion-de-vehiculos-de-carga-durante-semana-santa-2025\/","title":{"rendered":"INTRANT proh\u00edbe circulaci\u00f3n de veh\u00edculos de carga durante Semana Santa 2025"},"content":{"rendered":"\n<p>Se except\u00faan de esta restricci\u00f3n las camionetas, furgonetas,ambulancias y los que transportan agua<\/p>\n\n\n\n<p>El Instituto Nacional de Tr\u00e1nsito y Transporte Terrestre (Intrant), inform\u00f3 que, como parte de las medidas de seguridad vial adoptadas con motivo del asueto de Semana Santa 2025, queda prohibida la circulaci\u00f3n de veh\u00edculos de carga en todo el territorio nacional desde el jueves 17, hasta el lunes 21 de abril.<\/p>\n\n\n\n<p>Solo se otorgar\u00e1n permisos a veh\u00edculos que transporten mercanc\u00edas consideradas prioritarias o perecederas, como combustible, agua envasada, alimentos, medicamentos, equipos m\u00e9dicos y desechos hospitalarios, cal viva para generaci\u00f3n el\u00e9ctrica, envases y papeles desechables, valores y equipos para organizaci\u00f3n de eventos.<\/p>\n\n\n\n<p>De acuerdo con la entidad, los permisos especiales de circulaci\u00f3n en la Zona de Acceso Restringido (ZAR), ser\u00e1n v\u00e1lidos desde el jueves 17 de abril (Jueves Santo), a partir de las 6:00 de la ma\u00f1ana, hasta el lunes 21 de abril a las 5:00 de la ma\u00f1ana.<\/p>\n\n\n\n<p>Sin embargo, el Intrant aclar\u00f3 que no se emitir\u00e1n permisos para camiones con doble cola o remolque, cargas sobredimensionadas ni con sobrepeso.<\/p>\n\n\n\n<p>Quedan exceptuadas de esta restricci\u00f3n las camionetas, furgonetas, ambulancias, veh\u00edculos de emergencia y aquellos que brinden servicios esenciales como agua en cisterna, mantenimiento de electricidad, cable, telefon\u00eda, saneamiento, asistencia vial y limpieza urbana, siempre que est\u00e9n debidamente identificados.<\/p>\n\n\n\n<p>Los veh\u00edculos de carga no deben superar los 70 kil\u00f3metros por hora en carreteras troncales, deben mantener su carga asegurada sin exceder la carrocer\u00eda y circular exclusivamente por el carril de la derecha.<\/p>\n\n\n\n<p>El Intrant record\u00f3 a los propietarios de veh\u00edculos de carga la obligaci\u00f3n de inscribirse en el Registro Nacional de Veh\u00edculos de Carga.<\/p>\n\n\n\n<p>Los interesados en obtener permisos de circulaci\u00f3n durante la Semana Santa pueden solicitarlos desde ya a trav\u00e9s del portal oficial de la instituci\u00f3n: www.intrant.gob.do, donde podr\u00e1n hacer el pago en l\u00ednea y recibir el permiso con c\u00f3digo QR para su fiscalizaci\u00f3n.<\/p>\n\n\n\n<p>El incumplimiento de esta disposici\u00f3n ser\u00e1 sancionado con un salario m\u00ednimo del sector p\u00fablico descentralizado, tanto al propietario como al conductor, seg\u00fan lo establecido en el art\u00edculo 281 de la Ley 63-17, y el art\u00edculo 69 del Reglamento 258-20 sobre transporte de carga.<\/p>\n","protected":false},"excerpt":{"rendered":"<p>Se except\u00faan de esta restricci\u00f3n las camionetas, furgonetas,ambulancias y los que transportan agua El Instituto Nacional de Tr\u00e1nsito y Transporte Terrestre (Intrant), inform\u00f3 que, como parte de las medidas de&hellip;<\/p>\n","protected":false},"author":2,"featured_media":96957,"comment_status":"open","ping_status":"open","sticky":false,"template":"","format":"standard","meta":{"content-type":"","jetpack_post_was_ever_published":false,"_jetpack_newsletter_access":"","_jetpack_dont_email_post_to_subs":false,"_jetpack_newsletter_tier_id":0,"_jetpack_memberships_contains_paywalled_content":false,"_jetpack_memberships_contains_paid_content":false,"footnotes":""},"categories":[35,25],"tags":[349],"class_list":["post-96956","post","type-post","status-publish","format-standard","has-post-thumbnail","hentry","category-nacionales","category-portada","tag-intrant"],"jetpack_featured_media_url":"https:\/\/lasprimeras.com.do\/wp-content\/uploads\/2025\/04\/camion-1.jpg","jetpack-related-posts":[{"id":96721,"url":"https:\/\/lasprimeras.com.do\/index.php\/2025\/04\/06\/intrant-prohibe-desde-el-jueves-santo-la-circulacion-de-vehiculos-de-carga-por-asueto-de-semana-santa\/","url_meta":{"origin":96956,"position":0},"title":"INTRANT proh\u00edbe desde el &#8220;Jueves Santo&#8221; la circulaci\u00f3n de veh\u00edculos de carga por asueto de Semana Santa","author":"Nelson Feliz","date":"6 de abril de 2025","format":false,"excerpt":"Restricciones al transporte de carga durante el feriado de Semana Santa 2025 El Instituto Nacional de Tr\u00e1nsito y Transporte Terrestre (INTRANT), en virtud de las prerrogativas que le confiere la Ley 63-17 del 21 de febrero de 2017, y en especial sus art\u00edculos 8 y 120, por este medio avisa\u2026","rel":"","context":"En \u00abNACIONALES\u00bb","block_context":{"text":"NACIONALES","link":"https:\/\/lasprimeras.com.do\/index.php\/category\/nacionales\/"},"img":{"alt_text":"","src":"https:\/\/i0.wp.com\/lasprimeras.com.do\/wp-content\/uploads\/2025\/04\/camiones.jpg?resize=350%2C200&ssl=1","width":350,"height":200},"classes":[]},{"id":97121,"url":"https:\/\/lasprimeras.com.do\/index.php\/2025\/04\/16\/fenatrado-prohibe-circulacion-vehiculos-de-carga-en-semana-santa\/","url_meta":{"origin":96956,"position":1},"title":"Fenatrado proh\u00edbe circulaci\u00f3n veh\u00edculos de carga en Semana Santa","author":"Nelson Feliz","date":"16 de abril de 2025","format":false,"excerpt":"Fenatrado acata medida del Intrant sobre prohibici\u00f3n veh\u00edculos de camiones en Semana Santa. La Federaci\u00f3n Nacional de Transporte Dominicano (Fenatrado), inform\u00f3 este martes a todos sus afiliados y conductores de veh\u00edculos de carga que, conforme a las instrucciones del Instituto Nacional de Tr\u00e1nsito y Transporte Terrestre (Intrant), se acata y\u2026","rel":"","context":"En \u00abNACIONALES\u00bb","block_context":{"text":"NACIONALES","link":"https:\/\/lasprimeras.com.do\/index.php\/category\/nacionales\/"},"img":{"alt_text":"camiones","src":"https:\/\/i0.wp.com\/lasprimeras.com.do\/wp-content\/uploads\/2025\/04\/camiones-1.jpg?resize=350%2C200&ssl=1","width":350,"height":200,"srcset":"https:\/\/i0.wp.com\/lasprimeras.com.do\/wp-content\/uploads\/2025\/04\/camiones-1.jpg?resize=350%2C200&ssl=1 1x, https:\/\/i0.wp.com\/lasprimeras.com.do\/wp-content\/uploads\/2025\/04\/camiones-1.jpg?resize=525%2C300&ssl=1 1.5x, https:\/\/i0.wp.com\/lasprimeras.com.do\/wp-content\/uploads\/2025\/04\/camiones-1.jpg?resize=700%2C400&ssl=1 2x"},"classes":[]},{"id":74116,"url":"https:\/\/lasprimeras.com.do\/index.php\/2024\/01\/19\/intrant-prohibe-circulacion-de-vehiculos-de-carga-el-dia-de-nuestra-senora-de-la-altagracia\/","url_meta":{"origin":96956,"position":2},"title":"Intrant proh\u00edbe circulaci\u00f3n de veh\u00edculos de carga el D\u00eda de Nuestra Se\u00f1ora de La Altagracia","author":"BIMARY DE JES\u00daS Matos","date":"19 de enero de 2024","format":false,"excerpt":"La Altagracia.-El Instituto Nacional de Tr\u00e1nsito y Transporte Terrestre (Intrant) emiti\u00f3 una resoluci\u00f3n que proh\u00edbe la circulaci\u00f3n de veh\u00edculos de carga durante la celebraci\u00f3n del D\u00eda de Nuestra Se\u00f1ora de la Altagracia. La resoluci\u00f3n 001-2024 establece que desde el s\u00e1bado 20 de enero a las 2:00 de la tarde y\u2026","rel":"","context":"En \u00abPORTADA\u00bb","block_context":{"text":"PORTADA","link":"https:\/\/lasprimeras.com.do\/index.php\/category\/portada\/"},"img":{"alt_text":"","src":"https:\/\/i0.wp.com\/lasprimeras.com.do\/wp-content\/uploads\/2024\/01\/WhatsApp-Image-2024-01-18-at-9.57.23-PM-2.jpeg?resize=350%2C200&ssl=1","width":350,"height":200,"srcset":"https:\/\/i0.wp.com\/lasprimeras.com.do\/wp-content\/uploads\/2024\/01\/WhatsApp-Image-2024-01-18-at-9.57.23-PM-2.jpeg?resize=350%2C200&ssl=1 1x, https:\/\/i0.wp.com\/lasprimeras.com.do\/wp-content\/uploads\/2024\/01\/WhatsApp-Image-2024-01-18-at-9.57.23-PM-2.jpeg?resize=525%2C300&ssl=1 1.5x"},"classes":[]},{"id":79305,"url":"https:\/\/lasprimeras.com.do\/index.php\/2024\/03\/25\/intrant-prohibe-circulacion-vehiculos-de-carga-durante-asueto-semana-mayor\/","url_meta":{"origin":96956,"position":3},"title":"Intrant proh\u00edbe circulaci\u00f3n veh\u00edculos de carga durante asueto Semana Mayor","author":"Nelson Feliz","date":"25 de marzo de 2024","format":false,"excerpt":"El Instituto Nacional de Tr\u00e1nsito y Transporte Terrestre (Intrant), comunic\u00f3 que en aras de disminuir el riesgo de muertes por accidentes de tr\u00e1nsito debido al desplazamiento de los ciudadanos durante el asueto por la Semana Santa 2024. Intrant prohibi\u00f3 la circulaci\u00f3n de transporte de cargas en todo el territorio nacional,\u2026","rel":"","context":"En \u00abNACIONALES\u00bb","block_context":{"text":"NACIONALES","link":"https:\/\/lasprimeras.com.do\/index.php\/category\/nacionales\/"},"img":{"alt_text":"camiones","src":"https:\/\/i0.wp.com\/lasprimeras.com.do\/wp-content\/uploads\/2024\/03\/camiones.jpg?resize=350%2C200&ssl=1","width":350,"height":200,"srcset":"https:\/\/i0.wp.com\/lasprimeras.com.do\/wp-content\/uploads\/2024\/03\/camiones.jpg?resize=350%2C200&ssl=1 1x, https:\/\/i0.wp.com\/lasprimeras.com.do\/wp-content\/uploads\/2024\/03\/camiones.jpg?resize=525%2C300&ssl=1 1.5x"},"classes":[]},{"id":71459,"url":"https:\/\/lasprimeras.com.do\/index.php\/2023\/12\/20\/intrant-prohibe-circulacion-de-vehiculos-de-carga-durante-navidad-y-ano-nuevo\/","url_meta":{"origin":96956,"position":4},"title":"INTRANT proh\u00edbe circulaci\u00f3n de veh\u00edculos de carga durante Navidad y A\u00f1o Nuevo","author":"Nelson Feliz","date":"20 de diciembre de 2023","format":false,"excerpt":"El Instituto Nacional de Tr\u00e1nsito y Transporte (INTRANT), en virtud de las prerrogativas que le confiere la Ley 63-17 del 21 de febrero de 2017, y en especial sus Art\u00edculos 8 y 120, por este medio emite la Resoluci\u00f3n Administrativa 025-2023 sobre Restricciones al Transporte de Carga Durante los Feriados\u2026","rel":"","context":"En \u00abNACIONALES\u00bb","block_context":{"text":"NACIONALES","link":"https:\/\/lasprimeras.com.do\/index.php\/category\/nacionales\/"},"img":{"alt_text":"camion","src":"https:\/\/i0.wp.com\/lasprimeras.com.do\/wp-content\/uploads\/2023\/12\/camion.jpg?resize=350%2C200&ssl=1","width":350,"height":200,"srcset":"https:\/\/i0.wp.com\/lasprimeras.com.do\/wp-content\/uploads\/2023\/12\/camion.jpg?resize=350%2C200&ssl=1 1x, https:\/\/i0.wp.com\/lasprimeras.com.do\/wp-content\/uploads\/2023\/12\/camion.jpg?resize=525%2C300&ssl=1 1.5x"},"classes":[]},{"id":125445,"url":"https:\/\/lasprimeras.com.do\/index.php\/2026\/03\/23\/intrant-restringe-vehiculos-pesados-durante-semana-santa-2026\/","url_meta":{"origin":96956,"position":5},"title":"INTRANT restringe veh\u00edculos pesados durante Semana Santa 2026","author":"Nelson Feliz","date":"23 de marzo de 2026","format":false,"excerpt":"Veh\u00edculos de emergencia, servicios esenciales y transporte de mercanc\u00edas prioritarias estar\u00e1n exentos de la medida. El Instituto Nacional de Tr\u00e1nsito y Transporte Terrestre (INTRANT) inform\u00f3 la implementaci\u00f3n de medidas especiales de regulaci\u00f3n del tr\u00e1nsito de veh\u00edculos de carga a nivel nacional, con motivo del asueto de Semana Santa 2026, con\u2026","rel":"","context":"En \u00abNACIONALES\u00bb","block_context":{"text":"NACIONALES","link":"https:\/\/lasprimeras.com.do\/index.php\/category\/nacionales\/"},"img":{"alt_text":"","src":"https:\/\/i0.wp.com\/lasprimeras.com.do\/wp-content\/uploads\/2025\/08\/camiones-1.jpg?resize=350%2C200&ssl=1","width":350,"height":200,"srcset":"https:\/\/i0.wp.com\/lasprimeras.com.do\/wp-content\/uploads\/2025\/08\/camiones-1.jpg?resize=350%2C200&ssl=1 1x, https:\/\/i0.wp.com\/lasprimeras.com.do\/wp-content\/uploads\/2025\/08\/camiones-1.jpg?resize=525%2C300&ssl=1 1.5x, https:\/\/i0.wp.com\/lasprimeras.com.do\/wp-content\/uploads\/2025\/08\/camiones-1.jpg?resize=700%2C400&ssl=1 2x"},"classes":[]}],"jetpack_sharing_enabled":true,"_links":{"self":[{"href":"https:\/\/lasprimeras.com.do\/index.php\/wp-json\/wp\/v2\/posts\/96956","targetHints":{"allow":["GET"]}}],"collection":[{"href":"https:\/\/lasprimeras.com.do\/index.php\/wp-json\/wp\/v2\/posts"}],"about":[{"href":"https:\/\/lasprimeras.com.do\/index.php\/wp-json\/wp\/v2\/types\/post"}],"author":[{"embeddable":true,"href":"https:\/\/lasprimeras.com.do\/index.php\/wp-json\/wp\/v2\/users\/2"}],"replies":[{"embeddable":true,"href":"https:\/\/lasprimeras.com.do\/index.php\/wp-json\/wp\/v2\/comments?post=96956"}],"version-history":[{"count":1,"href":"https:\/\/lasprimeras.com.do\/index.php\/wp-json\/wp\/v2\/posts\/96956\/revisions"}],"predecessor-version":[{"id":96958,"href":"https:\/\/lasprimeras.com.do\/index.php\/wp-json\/wp\/v2\/posts\/96956\/revisions\/96958"}],"wp:featuredmedia":[{"embeddable":true,"href":"https:\/\/lasprimeras.com.do\/index.php\/wp-json\/wp\/v2\/media\/96957"}],"wp:attachment":[{"href":"https:\/\/lasprimeras.com.do\/index.php\/wp-json\/wp\/v2\/media?parent=96956"}],"wp:term":[{"taxonomy":"category","embeddable":true,"href":"https:\/\/lasprimeras.com.do\/index.php\/wp-json\/wp\/v2\/categories?post=96956"},{"taxonomy":"post_tag","embeddable":true,"href":"https:\/\/lasprimeras.com.do\/index.php\/wp-json\/wp\/v2\/tags?post=96956"}],"curies":[{"name":"wp","href":"https:\/\/api.w.org\/{rel}","templated":true}]}}