{"id":96987,"date":"2025-04-13T20:17:11","date_gmt":"2025-04-14T00:17:11","guid":{"rendered":"https:\/\/lasprimeras.com.do\/?p=96987"},"modified":"2025-04-13T20:17:14","modified_gmt":"2025-04-14T00:17:14","slug":"seguros-con-senasa-en-semana-santa-una-campana-que-apela-a-la-prudencia-y-prevencion","status":"publish","type":"post","link":"https:\/\/lasprimeras.com.do\/index.php\/2025\/04\/13\/seguros-con-senasa-en-semana-santa-una-campana-que-apela-a-la-prudencia-y-prevencion\/","title":{"rendered":"\u201cSeguros con SeNaSa en Semana Santa&#8221;, una campa\u00f1a que apela a la prudencia y prevenci\u00f3n"},"content":{"rendered":"\n<p>El Seguro Nacional de Salud (SeNaSa) present\u00f3 su campa\u00f1a &#8220;Seguros con SeNaSa en Semana Santa&#8221;, un llamado enf\u00e1tico a la prudencia y la prevenci\u00f3n como pilares fundamentales para garantizar la salud y seguridad de conductores y pasajeros durante este per\u00edodo de alta movilidad en las v\u00edas p\u00fablicas.<\/p>\n\n\n\n<p>Ante la realidad de los riesgos inherentes al tr\u00e1nsito vehicular, el doctor Santiago Hazim, director de SeNaSa, destaca la importancia de la preparaci\u00f3n y la adopci\u00f3n de medidas preventivas para mitigar posibles incidentes y sus consecuencias en la salud.<\/p>\n\n\n\n<p>Una de las recomendaciones clave de la campa\u00f1a es contar con un kit de asistencia en carretera, descrito por el doctor Hazim como una herramienta esencial para afrontar situaciones de emergencia con mayor tranquilidad.<\/p>\n\n\n\n<p>&#8220;Este equipo permite realizar reparaciones menores, como cambiar un neum\u00e1tico, y brindar atenci\u00f3n inmediata en caso de lesiones leves. Tener estas herramientas a mano puede marcar la diferencia en una emergencia, garantizando la seguridad y el bienestar de los ocupantes del veh\u00edculo&#8221;, explic\u00f3.<\/p>\n\n\n\n<p>La campa\u00f1a &#8220;Seguros con SeNaSa en Semana Santa&#8221; pone especial \u00e9nfasis en elementos de visibilidad. El chaleco reflectante es se\u00f1alado como crucial para aumentar la visibilidad, especialmente en condiciones de poca luz.<\/p>\n\n\n\n<p>&#8220;El uso del chaleco de seguridad puede prevenir accidentes al hacer m\u00e1s visible a la persona en la v\u00eda, sobre todo de noche o en lugares con escasa iluminaci\u00f3n&#8221;, afirm\u00f3 el doctor Hazim.<\/p>\n\n\n\n<p>De igual manera, la doctora Garc\u00eda subraya la importancia de una buena iluminaci\u00f3n, recomendando llevar una linterna LED impulsada a mano para facilitar maniobras y reducir riesgos en caso de visibilidad deficiente, previniendo as\u00ed fatiga visual, cefaleas y estr\u00e9s.<\/p>\n\n\n\n<p>En cuanto a la respuesta ante situaciones cr\u00edticas, la campa\u00f1a promueve la tenencia de herramientas vitales como el martillo de seguridad y el cortador de cintur\u00f3n.<\/p>\n\n\n\n<p>&#8220;El martillo facilita la evacuaci\u00f3n del veh\u00edculo al permitir romper los cristales en caso de emergencia, mientras que el cortador de cintur\u00f3n ayuda a liberar r\u00e1pidamente a los ocupantes en caso de quedar atrapados&#8221;, detall\u00f3 la doctora Garc\u00eda.<\/p>\n\n\n\n<p>La protecci\u00f3n contra las condiciones clim\u00e1ticas adversas tambi\u00e9n es un aspecto fundamental de la campa\u00f1a. Advierte el funcionario sobre los riesgos de la exposici\u00f3n prolongada al fr\u00edo o la lluvia durante una aver\u00eda, que puede causar hipotermia.<\/p>\n\n\n\n<p>Por ello, recomienda &#8220;portar un abrigo impermeable o una capa de lluvia para minimizar los efectos adversos del clima, protegiendo a los ocupantes mientras esperan asistencia&#8221;.<\/p>\n\n\n\n<p>&#8220;El uso de una cuerda de remolque adecuada brinda mayor estabilidad y seguridad en estas maniobras, reduciendo el riesgo de incidentes&#8221;, se\u00f1al\u00f3.<\/p>\n\n\n\n<p>Asimismo, recomienda el uso de guantes con palmas de agarre para evitar heridas o quemaduras al manipular partes del veh\u00edculo.<\/p>\n\n\n\n<p>La campa\u00f1a &#8220;Seguros con SeNaSa en Semana Santa&#8221; tambi\u00e9n aborda la importancia de la salud preventiva del veh\u00edculo, destacando la necesidad de mantener la presi\u00f3n adecuada en los neum\u00e1ticos.<\/p>\n\n\n\n<p>&#8220;El medidor de presi\u00f3n es una herramienta fundamental para prevenir accidentes y garantizar la estabilidad del veh\u00edculo en carretera&#8221;, afirm\u00f3 el doctor Hazim, recordando que una presi\u00f3n incorrecta puede aumentar la distancia de frenado y provocar reventones.<\/p>\n\n\n\n<p>Finalmente, el doctor Hazim subraya que el estr\u00e9s en situaciones de emergencia vial puede afectar la salud cardiovascular.<\/p>\n\n\n\n<p>&#8220;En un momento de crisis, la ansiedad puede elevar la presi\u00f3n arterial y la frecuencia card\u00edaca. Contar con un kit de asistencia brinda tranquilidad y permite manejar la situaci\u00f3n con mayor calma&#8221;, asegur\u00f3.<\/p>\n\n\n\n<p>Adem\u00e1s, record\u00f3 la importancia del tri\u00e1ngulo de advertencia reflectante para alertar a otros conductores sobre una emergencia en la v\u00eda, previniendo colisiones.<\/p>\n\n\n\n<p>Con estas recomendaciones, el Seguro Nacional de Salud, bajo la direcci\u00f3n del doctor Santiago Hazim, busca fomentar una cultura de prevenci\u00f3n y responsabilidad en las carreteras dominicanas durante la Semana Santa.<\/p>\n\n\n\n<p>El llamado es claro: la prudencia y la preparaci\u00f3n son los mejores aliados para disfrutar de un viaje seguro y saludable.<\/p>\n","protected":false},"excerpt":{"rendered":"<p>El Seguro Nacional de Salud (SeNaSa) present\u00f3 su campa\u00f1a &#8220;Seguros con SeNaSa en Semana Santa&#8221;, un llamado enf\u00e1tico a la prudencia y la prevenci\u00f3n como pilares fundamentales para garantizar la&hellip;<\/p>\n","protected":false},"author":2,"featured_media":96988,"comment_status":"open","ping_status":"open","sticky":false,"template":"","format":"standard","meta":{"content-type":"","jetpack_post_was_ever_published":false,"_jetpack_newsletter_access":"","_jetpack_dont_email_post_to_subs":false,"_jetpack_newsletter_tier_id":0,"_jetpack_memberships_contains_paywalled_content":false,"_jetpack_memberships_contains_paid_content":false,"footnotes":""},"categories":[16558],"tags":[147,3036,4347,3956,12198,580],"class_list":["post-96987","post","type-post","status-publish","format-standard","has-post-thumbnail","hentry","category-salud","tag-campana","tag-prevencion","tag-prudencia","tag-seguros","tag-semana-santa","tag-senasa"],"jetpack_featured_media_url":"https:\/\/lasprimeras.com.do\/wp-content\/uploads\/2025\/04\/botiquin.jpg","jetpack-related-posts":[{"id":96712,"url":"https:\/\/lasprimeras.com.do\/index.php\/2025\/04\/06\/senasa-fomenta-educacion-vial-con-charla-divertida-para-ninos-y-familias\/","url_meta":{"origin":96987,"position":0},"title":"SeNaSa fomenta educaci\u00f3n vial con Charla Divertida para ni\u00f1os y Familias","author":"Nelson Feliz","date":"6 de abril de 2025","format":false,"excerpt":"En el marco de su campa\u00f1a \u201cSeguros con SeNaSa en Semana Santa\u201d, el Seguro Nacional de Salud (SeNaSa) realiz\u00f3 la \u201cCharla Vial Divertida\u201d para fomentar la prevenci\u00f3n y la educaci\u00f3n vial desde temprana edad. El director de SeNaSa, doctor Santiago Hazim, destac\u00f3 que la reducci\u00f3n de accidentes de tr\u00e1nsito comienza\u2026","rel":"","context":"En \u00abNACIONALES\u00bb","block_context":{"text":"NACIONALES","link":"https:\/\/lasprimeras.com.do\/index.php\/category\/nacionales\/"},"img":{"alt_text":"","src":"https:\/\/i0.wp.com\/lasprimeras.com.do\/wp-content\/uploads\/2025\/04\/senasa-1.jpg?resize=350%2C200&ssl=1","width":350,"height":200,"srcset":"https:\/\/i0.wp.com\/lasprimeras.com.do\/wp-content\/uploads\/2025\/04\/senasa-1.jpg?resize=350%2C200&ssl=1 1x, https:\/\/i0.wp.com\/lasprimeras.com.do\/wp-content\/uploads\/2025\/04\/senasa-1.jpg?resize=525%2C300&ssl=1 1.5x, https:\/\/i0.wp.com\/lasprimeras.com.do\/wp-content\/uploads\/2025\/04\/senasa-1.jpg?resize=700%2C400&ssl=1 2x"},"classes":[]},{"id":97268,"url":"https:\/\/lasprimeras.com.do\/index.php\/2025\/04\/17\/senasa-refuerza-sus-puntos-de-servicios-en-hospitales\/","url_meta":{"origin":96987,"position":1},"title":"SeNaSa refuerza sus puntos de servicios en hospitales","author":"Nelson Feliz","date":"17 de abril de 2025","format":false,"excerpt":"El director ejecutivo del Seguro Nacional de Salud (SeNaSa), doctor Santiago Hazim, anunci\u00f3 el fortalecimiento de los puntos de servicio en los principales hospitales del pa\u00eds durante la Semana Mayor. \"As\u00ed como SeNaSa activa sus protocolos necesarios para que, durante esta Semana Santa, se sienta seguro y tranquilo, de esa\u2026","rel":"","context":"En \u00abSALUD\u00bb","block_context":{"text":"SALUD","link":"https:\/\/lasprimeras.com.do\/index.php\/category\/salud\/"},"img":{"alt_text":"","src":"https:\/\/i0.wp.com\/lasprimeras.com.do\/wp-content\/uploads\/2025\/02\/SeNaSa.jpg?resize=350%2C200&ssl=1","width":350,"height":200,"srcset":"https:\/\/i0.wp.com\/lasprimeras.com.do\/wp-content\/uploads\/2025\/02\/SeNaSa.jpg?resize=350%2C200&ssl=1 1x, https:\/\/i0.wp.com\/lasprimeras.com.do\/wp-content\/uploads\/2025\/02\/SeNaSa.jpg?resize=525%2C300&ssl=1 1.5x, https:\/\/i0.wp.com\/lasprimeras.com.do\/wp-content\/uploads\/2025\/02\/SeNaSa.jpg?resize=700%2C400&ssl=1 2x"},"classes":[]},{"id":78771,"url":"https:\/\/lasprimeras.com.do\/index.php\/2024\/03\/20\/senasa-invita-hacer-pacto-por-la-salud-en-semana-mayor\/","url_meta":{"origin":96987,"position":2},"title":"SeNaSa invita hacer pacto por la salud en Semana Mayor","author":"BIMARY DE JES\u00daS Matos","date":"20 de marzo de 2024","format":false,"excerpt":"Santo Domingo.- El director ejecutivo de SeNaSa, doctor Santiago Hazim, invit\u00f3 a la poblaci\u00f3n en general, pero en particular a los j\u00f3venes, en edad productiva a hacer un pacto por su salud durante la Semana Santa 2024. \u201cSi vas a manejar con tu familia, aseg\u00farate de revisar tu veh\u00edculo desde\u2026","rel":"","context":"En \u00abPORTADA\u00bb","block_context":{"text":"PORTADA","link":"https:\/\/lasprimeras.com.do\/index.php\/category\/portada\/"},"img":{"alt_text":"","src":"https:\/\/i0.wp.com\/lasprimeras.com.do\/wp-content\/uploads\/2024\/03\/Imagen-de-WhatsApp-2024-03-18-a-las-23.45.55_a4ccf118.jpg?resize=350%2C200&ssl=1","width":350,"height":200},"classes":[]},{"id":96470,"url":"https:\/\/lasprimeras.com.do\/index.php\/2025\/04\/01\/senasa-anuncia-importantes-descuentos-para-los-afiliados-al-club-de-beneficios\/","url_meta":{"origin":96987,"position":3},"title":"SeNaSa anuncia importantes descuentos para los afiliados al club de beneficios","author":"Nelson Feliz","date":"1 de abril de 2025","format":false,"excerpt":"El Seguro Nacional de Salud (SeNaSa) anunci\u00f3 una serie de descuentos para los afiliados a su Club de Beneficios, quienes podr\u00e1n acceder a una amplia variedad de servicios y establecimientos aliados. Esta iniciativa forma parte de la campa\u00f1a \u201cSeguros con SeNaSa en Semana Santa\u201d, cuyo objetivo es concienciar a la\u2026","rel":"","context":"En \u00abSALUD\u00bb","block_context":{"text":"SALUD","link":"https:\/\/lasprimeras.com.do\/index.php\/category\/salud\/"},"img":{"alt_text":"","src":"https:\/\/i0.wp.com\/lasprimeras.com.do\/wp-content\/uploads\/2025\/04\/senasa.jpg?resize=350%2C200&ssl=1","width":350,"height":200,"srcset":"https:\/\/i0.wp.com\/lasprimeras.com.do\/wp-content\/uploads\/2025\/04\/senasa.jpg?resize=350%2C200&ssl=1 1x, https:\/\/i0.wp.com\/lasprimeras.com.do\/wp-content\/uploads\/2025\/04\/senasa.jpg?resize=525%2C300&ssl=1 1.5x, https:\/\/i0.wp.com\/lasprimeras.com.do\/wp-content\/uploads\/2025\/04\/senasa.jpg?resize=700%2C400&ssl=1 2x"},"classes":[]},{"id":101213,"url":"https:\/\/lasprimeras.com.do\/index.php\/2025\/06\/17\/senasa-y-daeh-fortalecen-atencion-extrahospitalaria-y-prevencion-durante-temporada-ciclonica\/","url_meta":{"origin":96987,"position":4},"title":"SeNaSa y DAEH fortalecen atenci\u00f3n extrahospitalaria y prevenci\u00f3n durante temporada cicl\u00f3nica","author":"Nelson Feliz","date":"17 de junio de 2025","format":false,"excerpt":"El director ejecutivo del Seguro Nacional de Salud (SeNaSa), doctor Santiago Hazim, y el director de la Direcci\u00f3n de Servicios de Atenci\u00f3n a Emergencias Extrahospitalarias (DAEH), general Juan Manuel M\u00e9ndez, coordinaron acciones conjuntas orientadas a fortalecer la colaboraci\u00f3n interinstitucional y garantizar una mejor atenci\u00f3n a la ciudadan\u00eda, especialmente en el\u2026","rel":"","context":"En \u00abNACIONALES\u00bb","block_context":{"text":"NACIONALES","link":"https:\/\/lasprimeras.com.do\/index.php\/category\/nacionales\/"},"img":{"alt_text":"","src":"https:\/\/i0.wp.com\/lasprimeras.com.do\/wp-content\/uploads\/2025\/06\/General-Juan-Manuel-Mendez-y-el-Doctor-Santiago-Hazim.jpg?resize=350%2C200&ssl=1","width":350,"height":200,"srcset":"https:\/\/i0.wp.com\/lasprimeras.com.do\/wp-content\/uploads\/2025\/06\/General-Juan-Manuel-Mendez-y-el-Doctor-Santiago-Hazim.jpg?resize=350%2C200&ssl=1 1x, https:\/\/i0.wp.com\/lasprimeras.com.do\/wp-content\/uploads\/2025\/06\/General-Juan-Manuel-Mendez-y-el-Doctor-Santiago-Hazim.jpg?resize=525%2C300&ssl=1 1.5x, https:\/\/i0.wp.com\/lasprimeras.com.do\/wp-content\/uploads\/2025\/06\/General-Juan-Manuel-Mendez-y-el-Doctor-Santiago-Hazim.jpg?resize=700%2C400&ssl=1 2x"},"classes":[]},{"id":71444,"url":"https:\/\/lasprimeras.com.do\/index.php\/2023\/12\/19\/senasa-promueve-pacto-por-la-prevencion-y-tu-salud-durante-festividades-navidenas\/","url_meta":{"origin":96987,"position":5},"title":"SeNaSa promueve \u201cpacto por la prevenci\u00f3n y tu salud\u201d durante festividades navide\u00f1as","author":"Nelson Feliz","date":"19 de diciembre de 2023","format":false,"excerpt":"El director ejecutivo de SeNaSa, doctor Santiago Hazim invit\u00f3 a sus 7.5 millones de afiliados y a la poblaci\u00f3n en general a hacer un \u201cpacto por la prevenci\u00f3n y tu salud\u201d, durante las festividades navide\u00f1as, a prop\u00f3sito que se aproxima la conmemoraci\u00f3n de la Nochebuena, la Navidad y la celebraci\u00f3n\u2026","rel":"","context":"En \u00abPORTADA\u00bb","block_context":{"text":"PORTADA","link":"https:\/\/lasprimeras.com.do\/index.php\/category\/portada\/"},"img":{"alt_text":"Santiago Hazim","src":"https:\/\/i0.wp.com\/lasprimeras.com.do\/wp-content\/uploads\/2023\/12\/Santiago-Hazim.jpg?resize=350%2C200&ssl=1","width":350,"height":200,"srcset":"https:\/\/i0.wp.com\/lasprimeras.com.do\/wp-content\/uploads\/2023\/12\/Santiago-Hazim.jpg?resize=350%2C200&ssl=1 1x, https:\/\/i0.wp.com\/lasprimeras.com.do\/wp-content\/uploads\/2023\/12\/Santiago-Hazim.jpg?resize=525%2C300&ssl=1 1.5x"},"classes":[]}],"jetpack_sharing_enabled":true,"_links":{"self":[{"href":"https:\/\/lasprimeras.com.do\/index.php\/wp-json\/wp\/v2\/posts\/96987","targetHints":{"allow":["GET"]}}],"collection":[{"href":"https:\/\/lasprimeras.com.do\/index.php\/wp-json\/wp\/v2\/posts"}],"about":[{"href":"https:\/\/lasprimeras.com.do\/index.php\/wp-json\/wp\/v2\/types\/post"}],"author":[{"embeddable":true,"href":"https:\/\/lasprimeras.com.do\/index.php\/wp-json\/wp\/v2\/users\/2"}],"replies":[{"embeddable":true,"href":"https:\/\/lasprimeras.com.do\/index.php\/wp-json\/wp\/v2\/comments?post=96987"}],"version-history":[{"count":1,"href":"https:\/\/lasprimeras.com.do\/index.php\/wp-json\/wp\/v2\/posts\/96987\/revisions"}],"predecessor-version":[{"id":96989,"href":"https:\/\/lasprimeras.com.do\/index.php\/wp-json\/wp\/v2\/posts\/96987\/revisions\/96989"}],"wp:featuredmedia":[{"embeddable":true,"href":"https:\/\/lasprimeras.com.do\/index.php\/wp-json\/wp\/v2\/media\/96988"}],"wp:attachment":[{"href":"https:\/\/lasprimeras.com.do\/index.php\/wp-json\/wp\/v2\/media?parent=96987"}],"wp:term":[{"taxonomy":"category","embeddable":true,"href":"https:\/\/lasprimeras.com.do\/index.php\/wp-json\/wp\/v2\/categories?post=96987"},{"taxonomy":"post_tag","embeddable":true,"href":"https:\/\/lasprimeras.com.do\/index.php\/wp-json\/wp\/v2\/tags?post=96987"}],"curies":[{"name":"wp","href":"https:\/\/api.w.org\/{rel}","templated":true}]}}