{"id":97071,"date":"2025-04-14T11:26:53","date_gmt":"2025-04-14T15:26:53","guid":{"rendered":"https:\/\/lasprimeras.com.do\/?p=97071"},"modified":"2025-04-14T11:26:57","modified_gmt":"2025-04-14T15:26:57","slug":"llama-apoyar-marcha-en-alto-manhattan-en-defensa-comunidades-inmigrantes","status":"publish","type":"post","link":"https:\/\/lasprimeras.com.do\/index.php\/2025\/04\/14\/llama-apoyar-marcha-en-alto-manhattan-en-defensa-comunidades-inmigrantes\/","title":{"rendered":"Llama apoyar marcha en Alto Manhattan en defensa comunidades inmigrantes"},"content":{"rendered":"\n<p>Por Ram\u00f3n Mercedes<\/p>\n\n\n\n<p>NUEVA YORK.- El dirigente pol\u00edtico y activista social dominicano en esta ciudad, Luis Mayobanex Rodr\u00edguez, hace un llamado a los residentes en los vecindarios de Washington Heights e Inwood, en el Alto Manhattan, participar de la marcha que se har\u00e1 el pr\u00f3ximo s\u00e1bado en defensa de las comunidades inmigrantes, trabajadores, ancianos, mujeres y dem\u00e1s sectores desprotegidos.<\/p>\n\n\n\n<p>El aguerrido dirigente comunitario sostiene dicha marcha debe recibir un c\u00e1lido respaldo por los residentes de los mencionados sectores y grupos sociales, comunitarios, pol\u00edticos y profesionales del \u00e1rea.<\/p>\n\n\n\n<p>Indico que unir\u00e1 su voz a las de cientos de voces de distintas nacionalidades para reclamar protecci\u00f3n de servicios sociales esenciales como el Medicare, Medicaid, Obamacare y cupones de alimento, programas sometidos a un brutal ataque por parte de la administraci\u00f3n de Donald Trump.<\/p>\n\n\n\n<p>Asevero que a partir de esta iniciativa tomar\u00e1 forma la aspiraci\u00f3n de construir una \u00abCoalici\u00f3n en Defensa de los Inmigrantes\u00bb en la que confluir\u00e1n organizaciones comunitarias, partidos pol\u00edticos y activistas dominicanos, anglosajones, e hispanos en general, entre otras nacionalidades.<\/p>\n\n\n\n<p>Fundamento que a &#8220;menos de 100 d\u00edas de la toma de posesi\u00f3n de la actual administraci\u00f3n, el hast\u00edo y la rabia de millones de personas crece y a diario se expresa en repudio a las tomas de decisiones pol\u00edticas oficiales a favor de las corporaciones y los millonarios en perjuicio de derechos b\u00e1sicos de los m\u00e1s excluidos y de la propia democracia&#8221;.<\/p>\n\n\n\n<p>Mayobanex Rodriguez agrego, &#8220;que el ejemplo m\u00e1s obvio de este proceder lo constituye la resoluci\u00f3n presupuestaria del Congreso, bajo control republicano, que busca recortar en m\u00e1s de 4.5 trillones de d\u00f3lares los impuestos a personas y corporaciones ubicadas en m\u00e1s alto nivel de ingresos en la sociedad&#8221;.<\/p>\n\n\n\n<p>Seg\u00fan estudio del Centro de Pol\u00edtica Fiscal, los hogares con ingresos de m\u00e1s de $837 mil d\u00f3lares, se beneficiar\u00e1n en el a\u00f1o en curso con un recorte fiscal de 61,090 d\u00f3lares, mientras que los hogares con ingresos de $53,400 o menos conocer\u00e1n una reducci\u00f3n de impuestos de 460 d\u00f3lares.<\/p>\n\n\n\n<p>Conden\u00f3 que el inmenso regalo de trillones de d\u00f3lares a los super ricos y a las corporaciones, en parte ser\u00e1 pagado recortando dos trillones al &#8220;gasto obligatorio&#8221; durante el pr\u00f3ximo per\u00edodo presupuestario.<\/p>\n\n\n\n<p>Esto se llevara de paro 880 billones de d\u00f3lares en una d\u00e9cada de lo supuesto a recibir por el Comit\u00e9 de Energ\u00eda y Comercio que tiene bajo su jurisdicci\u00f3n el Medicaid, programa de salud que beneficia mayormente a m\u00e1s de 80 millones de personas de bajos ingresos, entre ellos adultos y ni\u00f1os con discapacidades.<\/p>\n\n\n\n<p>Esta pol\u00edtica impactar\u00e1 a la comunidad dominicana, una de las comunidades con m\u00e1s carencias sociales y limitaciones econ\u00f3micas en territorio estadounidense.<\/p>\n\n\n\n<p>Este golpe financiero al 98% de la poblaci\u00f3n solo ser\u00e1 revertido con la movilizaci\u00f3n activa del pueblo multinacional de USA, precis\u00f3 Mayobanex Rodr\u00edguez.<\/p>\n\n\n\n<p>La marcha se iniciar\u00e1 desde la calle 157 con Broadway, a partir de las 3:00 tarde y concluir\u00e1 en la calle 190 con la avenida Saint Nicholas.<\/p>\n\n\n\n<p>Los oficiales electos han sido invitados y expresen su solidaridad con las comunidades que representan, indico el dirigente comunitario.<\/p>\n","protected":false},"excerpt":{"rendered":"<p>Por Ram\u00f3n Mercedes NUEVA YORK.- El dirigente pol\u00edtico y activista social dominicano en esta ciudad, Luis Mayobanex Rodr\u00edguez, hace un llamado a los residentes en los vecindarios de Washington Heights&hellip;<\/p>\n","protected":false},"author":2,"featured_media":97072,"comment_status":"open","ping_status":"open","sticky":false,"template":"","format":"standard","meta":{"content-type":"","jetpack_post_was_ever_published":false,"_jetpack_newsletter_access":"","_jetpack_dont_email_post_to_subs":false,"_jetpack_newsletter_tier_id":0,"_jetpack_memberships_contains_paywalled_content":false,"_jetpack_memberships_contains_paid_content":false,"footnotes":""},"categories":[16289],"tags":[7883,2880,353,102,80],"class_list":["post-97071","post","type-post","status-publish","format-standard","has-post-thumbnail","hentry","category-internacionales","tag-alto-manhattan","tag-comunidades","tag-defensa","tag-inmigrantes","tag-marcha"],"jetpack_featured_media_url":"https:\/\/lasprimeras.com.do\/wp-content\/uploads\/2025\/04\/WhatsApp-Image-2025-04-14-at-7.16.31-AM-2.jpeg","jetpack-related-posts":[{"id":110863,"url":"https:\/\/lasprimeras.com.do\/index.php\/2025\/10\/02\/llamado-a-marchar-en-el-alto-manhattan-por-el-obamacare-y-los-inmigrantes\/","url_meta":{"origin":97071,"position":0},"title":"Llamado a marchar en el Alto Manhattan por el Obamacare y los inmigrantes","author":"Nelson Feliz","date":"2 de octubre de 2025","format":false,"excerpt":"Por Ram\u00f3n Mercedes NUEVA YORK.- El dirigente pol\u00edtico, activista social, comunitario y miembro de la Coalici\u00f3n por la Defensa de los Inmigrantes en esta ciudad, Luis Mayobanex Rodr\u00edguez, reitera el llamado a los dominicanos residentes en esta ciudad a participar este pr\u00f3ximo s\u00e1bado de la marcha-protesta convocada por la \u00abCoalici\u00f3n\u2026","rel":"","context":"En \u00abINTERNACIONALES\u00bb","block_context":{"text":"INTERNACIONALES","link":"https:\/\/lasprimeras.com.do\/index.php\/category\/sin-categoria\/internacionales\/"},"img":{"alt_text":"","src":"https:\/\/i0.wp.com\/lasprimeras.com.do\/wp-content\/uploads\/2025\/10\/WhatsApp-Image-2025-10-02-at-6.55.55-AM-1.jpeg?resize=350%2C200&ssl=1","width":350,"height":200,"srcset":"https:\/\/i0.wp.com\/lasprimeras.com.do\/wp-content\/uploads\/2025\/10\/WhatsApp-Image-2025-10-02-at-6.55.55-AM-1.jpeg?resize=350%2C200&ssl=1 1x, https:\/\/i0.wp.com\/lasprimeras.com.do\/wp-content\/uploads\/2025\/10\/WhatsApp-Image-2025-10-02-at-6.55.55-AM-1.jpeg?resize=525%2C300&ssl=1 1.5x, https:\/\/i0.wp.com\/lasprimeras.com.do\/wp-content\/uploads\/2025\/10\/WhatsApp-Image-2025-10-02-at-6.55.55-AM-1.jpeg?resize=700%2C400&ssl=1 2x"},"classes":[]},{"id":97452,"url":"https:\/\/lasprimeras.com.do\/index.php\/2025\/04\/21\/dominicanos-alto-manhattan-se-unen-a-protesta-nacional-contra-politica-presidente-trump\/","url_meta":{"origin":97071,"position":1},"title":"Dominicanos Alto Manhattan se unen a protesta nacional contra pol\u00edtica presidente Trump","author":"Nelson Feliz","date":"21 de abril de 2025","format":false,"excerpt":"https:\/\/www.youtube.com\/watch?v=CVTHxvTs_DQ Por Ram\u00f3n Mercedes NUEVA YORK.- M\u00e1s de 300 dominicanos pertenecientes a diversas organizaciones agrupadas en la Coalici\u00f3n por la Defensa de los Inmigrantes en esta ciudad marcharon pac\u00edficamente la tarde de este s\u00e1bado en el Alto Manhattan para unirse a m\u00e1s de 200 protestas realizadas en diferentes lugares de\u2026","rel":"","context":"En \u00abINTERNACIONALES\u00bb","block_context":{"text":"INTERNACIONALES","link":"https:\/\/lasprimeras.com.do\/index.php\/category\/sin-categoria\/internacionales\/"},"img":{"alt_text":"Dominicanos Alto Manhattan se unen a protesta nacional contra pol\u00edtica presidente Trump","src":"https:\/\/i0.wp.com\/lasprimeras.com.do\/wp-content\/uploads\/2025\/04\/WhatsApp-Image-2025-04-21-at-5.16.10-AM.jpeg?resize=350%2C200&ssl=1","width":350,"height":200,"srcset":"https:\/\/i0.wp.com\/lasprimeras.com.do\/wp-content\/uploads\/2025\/04\/WhatsApp-Image-2025-04-21-at-5.16.10-AM.jpeg?resize=350%2C200&ssl=1 1x, https:\/\/i0.wp.com\/lasprimeras.com.do\/wp-content\/uploads\/2025\/04\/WhatsApp-Image-2025-04-21-at-5.16.10-AM.jpeg?resize=525%2C300&ssl=1 1.5x, https:\/\/i0.wp.com\/lasprimeras.com.do\/wp-content\/uploads\/2025\/04\/WhatsApp-Image-2025-04-21-at-5.16.10-AM.jpeg?resize=700%2C400&ssl=1 2x"},"classes":[]},{"id":111175,"url":"https:\/\/lasprimeras.com.do\/index.php\/2025\/10\/06\/cientos-de-personas-desfilan-en-alto-manhattan-en-contra-quitar-seguro-salud-obamacare-y-a-favor-de-inmigrantes\/","url_meta":{"origin":97071,"position":2},"title":"Cientos de personas desfilan en Alto Manhattan en contra quitar seguro salud Obamacare y a favor de inmigrantes","author":"Nelson Feliz","date":"6 de octubre de 2025","format":false,"excerpt":"https:\/\/www.youtube.com\/watch?v=P7NQC8UF8vs Por Ram\u00f3n Mercedes NUEVA YORK.- Cientos de personas de distintas nacionalidades desfilaron el pasado s\u00e1bado en el Alto Manhattan junto a la \u00abCoalici\u00f3n por los Derechos de los Inmigrantes\u00bb, contra la no suspensi\u00f3n del seguro de salud Obamacare, las redadas y deportaciones que sufren familias migrantes. Participaron activistas multirraciales,\u2026","rel":"","context":"En \u00abLA VOZ DE LA DIASPORA\u00bb","block_context":{"text":"LA VOZ DE LA DIASPORA","link":"https:\/\/lasprimeras.com.do\/index.php\/category\/la-voz-de-la-diaspora\/"},"img":{"alt_text":"Cientos de personas desfilan en Alto Manhattan en contra quitar seguro salud Obamacare y a favor de inmigrantes","src":"https:\/\/i0.wp.com\/lasprimeras.com.do\/wp-content\/uploads\/2025\/10\/WhatsApp-Image-2025-10-06-at-6.38.11-AM.jpeg?resize=350%2C200&ssl=1","width":350,"height":200,"srcset":"https:\/\/i0.wp.com\/lasprimeras.com.do\/wp-content\/uploads\/2025\/10\/WhatsApp-Image-2025-10-06-at-6.38.11-AM.jpeg?resize=350%2C200&ssl=1 1x, https:\/\/i0.wp.com\/lasprimeras.com.do\/wp-content\/uploads\/2025\/10\/WhatsApp-Image-2025-10-06-at-6.38.11-AM.jpeg?resize=525%2C300&ssl=1 1.5x"},"classes":[]},{"id":109772,"url":"https:\/\/lasprimeras.com.do\/index.php\/2025\/09\/22\/convocan-marcha-en-alto-manhattan-a-favor-de-inmigrantes\/","url_meta":{"origin":97071,"position":3},"title":"Convocan marcha en Alto Manhattan a favor de inmigrantes","author":"Nelson Feliz","date":"22 de septiembre de 2025","format":false,"excerpt":"Por Ram\u00f3n Mercedes NUEVA YORK.- La Coalici\u00f3n por la Defensa de los Inmigrantes en esta ciudad est\u00e1 convocando a una marcha para oponerse al env\u00edo de la Guardia Nacional a la Gran Manzana, asimismo para reclamar parar las redadas y deportaciones que ejecuta el Servicio de Inmigraci\u00f3n de aduanas (ICE).\u2026","rel":"","context":"En \u00abINTERNACIONALES\u00bb","block_context":{"text":"INTERNACIONALES","link":"https:\/\/lasprimeras.com.do\/index.php\/category\/sin-categoria\/internacionales\/"},"img":{"alt_text":"","src":"https:\/\/i0.wp.com\/lasprimeras.com.do\/wp-content\/uploads\/2025\/09\/WhatsApp-Image-2025-09-22-at-7.05.56-AM-1.jpeg?resize=350%2C200&ssl=1","width":350,"height":200,"srcset":"https:\/\/i0.wp.com\/lasprimeras.com.do\/wp-content\/uploads\/2025\/09\/WhatsApp-Image-2025-09-22-at-7.05.56-AM-1.jpeg?resize=350%2C200&ssl=1 1x, https:\/\/i0.wp.com\/lasprimeras.com.do\/wp-content\/uploads\/2025\/09\/WhatsApp-Image-2025-09-22-at-7.05.56-AM-1.jpeg?resize=525%2C300&ssl=1 1.5x, https:\/\/i0.wp.com\/lasprimeras.com.do\/wp-content\/uploads\/2025\/09\/WhatsApp-Image-2025-09-22-at-7.05.56-AM-1.jpeg?resize=700%2C400&ssl=1 2x"},"classes":[]},{"id":101181,"url":"https:\/\/lasprimeras.com.do\/index.php\/2025\/06\/16\/cientos-de-dominicanos-participan-en-manhattan-en-marcha-apoteosica-sin-reyes\/","url_meta":{"origin":97071,"position":4},"title":"Cientos de dominicanos participan en Manhattan en marcha apote\u00f3sica \u00abSin Reyes\u00bb","author":"Nelson Feliz","date":"16 de junio de 2025","format":false,"excerpt":"https:\/\/www.youtube.com\/watch?v=OcqiWOlf2pw Por Ram\u00f3n Mercedes NUEVA YORK.- Cientos de dominicanos pertenecientes a la \u00abCoalici\u00f3n por la Defensa de los Inmigrantes\u00bb en esta ciudad participaron junto a otras organizaciones y a cientos de miles de neoyorkinos en la apote\u00f3sica marcha \u00abSin Reyes\u00bb, celebrada este s\u00e1bado en la Quinta avenida de Manhattan. Varias\u2026","rel":"","context":"En \u00abINTERNACIONALES\u00bb","block_context":{"text":"INTERNACIONALES","link":"https:\/\/lasprimeras.com.do\/index.php\/category\/sin-categoria\/internacionales\/"},"img":{"alt_text":"","src":"https:\/\/i0.wp.com\/lasprimeras.com.do\/wp-content\/uploads\/2025\/06\/WhatsApp-Image-2025-06-16-at-5.37.37-AM.jpeg?resize=350%2C200&ssl=1","width":350,"height":200,"srcset":"https:\/\/i0.wp.com\/lasprimeras.com.do\/wp-content\/uploads\/2025\/06\/WhatsApp-Image-2025-06-16-at-5.37.37-AM.jpeg?resize=350%2C200&ssl=1 1x, https:\/\/i0.wp.com\/lasprimeras.com.do\/wp-content\/uploads\/2025\/06\/WhatsApp-Image-2025-06-16-at-5.37.37-AM.jpeg?resize=525%2C300&ssl=1 1.5x, https:\/\/i0.wp.com\/lasprimeras.com.do\/wp-content\/uploads\/2025\/06\/WhatsApp-Image-2025-06-16-at-5.37.37-AM.jpeg?resize=700%2C400&ssl=1 2x, https:\/\/i0.wp.com\/lasprimeras.com.do\/wp-content\/uploads\/2025\/06\/WhatsApp-Image-2025-06-16-at-5.37.37-AM.jpeg?resize=1050%2C600&ssl=1 3x"},"classes":[]},{"id":48490,"url":"https:\/\/lasprimeras.com.do\/index.php\/2023\/05\/01\/inmigrantes-latinos-protagonizan-la-marcha-por-el-dia-del-trabajo-en-nueva-york\/","url_meta":{"origin":97071,"position":5},"title":"Inmigrantes latinos protagonizan la marcha por el D\u00eda del Trabajo en Nueva York","author":"prenxa100","date":"1 de mayo de 2023","format":false,"excerpt":"Nueva York, EEUU, EFE.-. Cientos de trabajadores, un gran n\u00famero de ellos inmigrantes latinos, conmemoraron hoy el D\u00eda Internacional de los Trabajadores en Nueva York con una marcha que recorri\u00f3 varias calles del bajo Manhattan reclamando mejores condiciones laborales y de salarios, derecho a empleo para indocumentados, que se legalice\u2026","rel":"","context":"En \u00abSin categor\u00eda\u00bb","block_context":{"text":"Sin categor\u00eda","link":"https:\/\/lasprimeras.com.do\/index.php\/category\/sin-categoria\/"},"img":{"alt_text":"","src":"","width":0,"height":0},"classes":[]}],"jetpack_sharing_enabled":true,"_links":{"self":[{"href":"https:\/\/lasprimeras.com.do\/index.php\/wp-json\/wp\/v2\/posts\/97071","targetHints":{"allow":["GET"]}}],"collection":[{"href":"https:\/\/lasprimeras.com.do\/index.php\/wp-json\/wp\/v2\/posts"}],"about":[{"href":"https:\/\/lasprimeras.com.do\/index.php\/wp-json\/wp\/v2\/types\/post"}],"author":[{"embeddable":true,"href":"https:\/\/lasprimeras.com.do\/index.php\/wp-json\/wp\/v2\/users\/2"}],"replies":[{"embeddable":true,"href":"https:\/\/lasprimeras.com.do\/index.php\/wp-json\/wp\/v2\/comments?post=97071"}],"version-history":[{"count":1,"href":"https:\/\/lasprimeras.com.do\/index.php\/wp-json\/wp\/v2\/posts\/97071\/revisions"}],"predecessor-version":[{"id":97073,"href":"https:\/\/lasprimeras.com.do\/index.php\/wp-json\/wp\/v2\/posts\/97071\/revisions\/97073"}],"wp:featuredmedia":[{"embeddable":true,"href":"https:\/\/lasprimeras.com.do\/index.php\/wp-json\/wp\/v2\/media\/97072"}],"wp:attachment":[{"href":"https:\/\/lasprimeras.com.do\/index.php\/wp-json\/wp\/v2\/media?parent=97071"}],"wp:term":[{"taxonomy":"category","embeddable":true,"href":"https:\/\/lasprimeras.com.do\/index.php\/wp-json\/wp\/v2\/categories?post=97071"},{"taxonomy":"post_tag","embeddable":true,"href":"https:\/\/lasprimeras.com.do\/index.php\/wp-json\/wp\/v2\/tags?post=97071"}],"curies":[{"name":"wp","href":"https:\/\/api.w.org\/{rel}","templated":true}]}}