{"id":97074,"date":"2025-04-14T11:40:52","date_gmt":"2025-04-14T15:40:52","guid":{"rendered":"https:\/\/lasprimeras.com.do\/?p=97074"},"modified":"2025-04-14T11:40:53","modified_gmt":"2025-04-14T15:40:53","slug":"enterate-ny-4","status":"publish","type":"post","link":"https:\/\/lasprimeras.com.do\/index.php\/2025\/04\/14\/enterate-ny-4\/","title":{"rendered":"Ent\u00e9rate NY"},"content":{"rendered":"\n<p>PERIODISMO INFORMATIVO Y CR\u00cdTICO AL SERVICIO DE LA COMUNIDAD<\/p>\n\n\n\n<p>Por Ram\u00f3n Mercedes<\/p>\n\n\n\n<p>\u25baSemana Santa, tiempo para reflexionar y meditar: La Semana Santa es la conmemoraci\u00f3n cristiana anual de la pasi\u00f3n de Cristo, es decir, de la entrada a Jerusal\u00e9n, la \u00faltima cena, el viacrucis, la muerte y resurrecci\u00f3n de Jes\u00fas de Nazaret.<\/p>\n\n\n\n<p>Es tiempo para reflexionar y meditar. La Semana Mayor comenz\u00f3 este 13 de abril con el Domingo de Ramos. D\u00eda 14 es Lunes Santo. El 15 es Martes Santo.<\/p>\n\n\n\n<p>D\u00eda 16 es Mi\u00e9rcoles Santo. El 17 es Jueves Santo. El 18 es Viernes Santo. El 19 es S\u00e1bado Santo. Y el d\u00eda 20 es Domingo de Resurrecci\u00f3n.<br>El 5 de marzo fue Mi\u00e9rcoles de Ceniza y cada a\u00f1o la Semana Santa cambia de fecha, siempre entre mediados de marzo y abril, coincidiendo con la fase de luna llena y el equinoccio de primavera, marc\u00e1ndose as\u00ed por el calendario lunar en lugar.<\/p>\n\n\n\n<p>De acuerdo con la p\u00e1gina web de National Geographic, el inicio de la Semana Mayor se celebra cada Domingo de Ramos, que corresponde al siguiente domingo despu\u00e9s de la primera luna llena de primavera y, as\u00ed, cada a\u00f1o comienza en un momento diferente del calendario solar.<\/p>\n\n\n\n<p>Hay que destacar que el Cristianismo es la mayor religi\u00f3n en el mundo, con dos mil 382,750,000. Est\u00e1 basada en la vida y ense\u00f1anzas de Jes\u00fas de Nazaret, al que considera hijo de Dios.<\/p>\n\n\n\n<p>Por lo tanto, es una religi\u00f3n monote\u00edsta, y su libro sagrado es la Biblia. Siguen el Islam, Hinduismo y Budismo, entre otras de las miles de existencia.<\/p>\n\n\n\n<p>Las religiones son el conjunto de creencias y pr\u00e1cticas que relacionan a la humanidad con elementos sobrenaturales, trascendentales, m\u00edsticos y espirituales. En el mundo hay 7.657.330.000.<\/p>\n\n\n\n<p>\u25baDe acuerdo con cambio de hora: Dominicanos en NYC manifiestan estar de acuerdo con lo solicitado por el presidente Donald Trump para que el Congreso-USA elimine el cambio de hora y mantenga el horario de verano.<br>Diiicen que el horario de invierno acarrea muchos inconvenientes con el horario de su natal RD. Trump insta al Congreso a &#8220;empujar con fuerza para tener m\u00e1s luz al final del d\u00eda&#8221;.<\/p>\n\n\n\n<p>\u25baRD de luto: El fallecimiento de 226 personas y de 189 heridos por el derrumbe del techo de la discoteca del Jet Set en RD ha llevado al pa\u00eds caribe\u00f1o al luto nacional. Las lamentaciones son muestras de dolor.<\/p>\n\n\n\n<p>Ver:<\/p>\n\n\n\n<figure class=\"wp-block-embed is-type-wp-embed is-provider-actualidad-neoyorkina wp-block-embed-actualidad-neoyorkina\"><div class=\"wp-block-embed__wrapper\">\n<blockquote class=\"wp-embedded-content\" data-secret=\"Qn5ao0mGox\"><a href=\"https:\/\/actualidadneoyorkina.com\/?p=6505\">Miles de personas participan en vigilias en NYC por v\u00edctimas RD<\/a><\/blockquote><iframe class=\"wp-embedded-content\" sandbox=\"allow-scripts\" security=\"restricted\" style=\"position: absolute; visibility: hidden;\" title=\"\u00abMiles de personas participan en vigilias en NYC por v\u00edctimas RD\u00bb \u2014 Actualidad Neoyorkina\" src=\"https:\/\/actualidadneoyorkina.com\/?p=6505&#038;embed=true#?secret=d4PJrXUKbI#?secret=Qn5ao0mGox\" data-secret=\"Qn5ao0mGox\" width=\"500\" height=\"282\" frameborder=\"0\" marginwidth=\"0\" marginheight=\"0\" scrolling=\"no\"><\/iframe>\n<\/div><\/figure>\n\n\n\n<p>Ver:<\/p>\n\n\n\n<figure class=\"wp-block-embed is-type-wp-embed is-provider-actualidad-neoyorkina wp-block-embed-actualidad-neoyorkina\"><div class=\"wp-block-embed__wrapper\">\n<blockquote class=\"wp-embedded-content\" data-secret=\"q4PfGb6RhY\"><a href=\"https:\/\/actualidadneoyorkina.com\/?p=6501\">Espaillat rinde tributo en Congreso EU por tragedia RD; luego sufre accidente a\u00e9reo en Washington DC<\/a><\/blockquote><iframe class=\"wp-embedded-content\" sandbox=\"allow-scripts\" security=\"restricted\" style=\"position: absolute; visibility: hidden;\" title=\"\u00abEspaillat rinde tributo en Congreso EU por tragedia RD; luego sufre accidente a\u00e9reo en Washington DC\u00bb \u2014 Actualidad Neoyorkina\" src=\"https:\/\/actualidadneoyorkina.com\/?p=6501&#038;embed=true#?secret=n9Wh0g3Plu#?secret=q4PfGb6RhY\" data-secret=\"q4PfGb6RhY\" width=\"500\" height=\"282\" frameborder=\"0\" marginwidth=\"0\" marginheight=\"0\" scrolling=\"no\"><\/iframe>\n<\/div><\/figure>\n\n\n\n<p>Ver:<\/p>\n\n\n\n<figure class=\"wp-block-embed is-type-wp-embed is-provider-actualidad-neoyorkina wp-block-embed-actualidad-neoyorkina\"><div class=\"wp-block-embed__wrapper\">\n<blockquote class=\"wp-embedded-content\" data-secret=\"eN3fE1B4B7\"><a href=\"https:\/\/actualidadneoyorkina.com\/?p=6497\">Comunidad dominicana NYC lamenta tragedia en RD; efect\u00faa vigilia<\/a><\/blockquote><iframe class=\"wp-embedded-content\" sandbox=\"allow-scripts\" security=\"restricted\" style=\"position: absolute; visibility: hidden;\" title=\"\u00abComunidad dominicana NYC lamenta tragedia en RD; efect\u00faa vigilia\u00bb \u2014 Actualidad Neoyorkina\" src=\"https:\/\/actualidadneoyorkina.com\/?p=6497&#038;embed=true#?secret=o0i5Uczwtw#?secret=eN3fE1B4B7\" data-secret=\"eN3fE1B4B7\" width=\"500\" height=\"282\" frameborder=\"0\" marginwidth=\"0\" marginheight=\"0\" scrolling=\"no\"><\/iframe>\n<\/div><\/figure>\n\n\n\n<p>Ver:<\/p>\n\n\n\n<figure class=\"wp-block-embed is-type-wp-embed is-provider-actualidad-neoyorkina wp-block-embed-actualidad-neoyorkina\"><div class=\"wp-block-embed__wrapper\">\n<blockquote class=\"wp-embedded-content\" data-secret=\"xitXNRecqZ\"><a href=\"https:\/\/actualidadneoyorkina.com\/?p=6509\">Gobernadora NY ordena izar banderas a media asta por tragedia en RD<\/a><\/blockquote><iframe class=\"wp-embedded-content\" sandbox=\"allow-scripts\" security=\"restricted\" style=\"position: absolute; visibility: hidden;\" title=\"\u00abGobernadora NY ordena izar banderas a media asta por tragedia en RD\u00bb \u2014 Actualidad Neoyorkina\" src=\"https:\/\/actualidadneoyorkina.com\/?p=6509&#038;embed=true#?secret=ebZ1Elygyw#?secret=xitXNRecqZ\" data-secret=\"xitXNRecqZ\" width=\"500\" height=\"282\" frameborder=\"0\" marginwidth=\"0\" marginheight=\"0\" scrolling=\"no\"><\/iframe>\n<\/div><\/figure>\n\n\n\n<p><a href=\"https:\/\/www.facebook.com\/groups\/115538828457279\/?multi_permalinks=9897602020250862\">https:\/\/www.facebook.com\/groups\/115538828457279\/?multi_permalinks=9897602020250862<\/a><\/p>\n\n\n\n<p>Asimismo, de personalidades como el papa Francisco, el presidente de Rusia, Vladimir Putin, entre otros tantos mandatarios de decenas de pa\u00edses y de connotadas personalidades en las diferentes \u00e1reas.<\/p>\n\n\n\n<p>Existen miles de comentarios infundados por la tragedia, diiicen. Hay que esperar el resultado de las investigaciones, ya que la Procuradur\u00eda General abri\u00f3 el pasado fin de semana la investigaci\u00f3n sobre el caso, diiicen.<\/p>\n\n\n\n<p>La investigaci\u00f3n tendr\u00e1 los componentes profesionales para determinar real y efectivamente la causa del accidente, pero desde ya algunos sabi\u00f3logos, tod\u00f3logos, opin\u00f3logos y sabichosos quisqueyanos en NYC est\u00e1n festinando la investigaci\u00f3n sin haber iniciado.<\/p>\n\n\n\n<p>Expresan desenfrenadamente sus criterios. \u00a1Uff! \u00bfSe puede considerar un hecho imprevisible? Se preguntan muchos.<\/p>\n\n\n\n<p>Otros sostienen \u00abhay que esperar el resultado de las investigaciones\u00bb. \u00abEl que opina y explica, complica\u00bb, diiicen.<\/p>\n\n\n\n<p>El caso es muy, muy lamentable y Ent\u00e9rate NY se une al dolor de los familiares que perdieron sus seres queridos y de otros que permanecen heridos.<\/p>\n\n\n\n<p>Salud y bendiciones para los sobrevivientes y Paz para las almas de los fenecidos. Am\u00e9n.<\/p>\n\n\n\n<p>\u25baDetienen en RD por falsas informaciones: Tres hombres arrestados por propagar en las redes informaciones falsas sobre la tragedia del Jet Set. Uno de los detenidos simul\u00f3 ser sobreviviente e invent\u00f3 declaraciones sobre el evento tr\u00e1gico.<\/p>\n\n\n\n<p>Ver:<\/p>\n\n\n\n<p><a href=\"https:\/\/elnacional.com.do\/tres-hombres-arrestados-por-noticias-falsas\">https:\/\/elnacional.com.do\/tres-hombres-arrestados-por-noticias-falsas<\/a><\/p>\n\n\n\n<p>La discoteca Jet Set: Lugar considerado desde hace 52 a\u00f1os, sala de encuentros familiares, donde participaban de su ambiente miles de personas mensualmente y al a\u00f1o decenas de famosas orquestas (merengue, bachata y salsa) para deleitar a los asistentes. Lectores nuestros nos env\u00edan los siguientes testimonios:<\/p>\n\n\n\n<p>*Obispo de La Altagracia llama a reflexi\u00f3n y uni\u00f3n familiar en semana santa tras tragedia del Jet Set =<\/p>\n\n\n\n<p><a href=\"https:\/\/zolfm.com\/noticia\/obispo-de-la-altagracia-llama-a-reflexion-y-union-familiar-en-semana-santa-tras-tragedia-del-jet-set\">https:\/\/zolfm.com\/noticia\/obispo-de-la-altagracia-llama-a-reflexion-y-union-familiar-en-semana-santa-tras-tragedia-del-jet-set<\/a><\/p>\n\n\n\n<p>*Ricardo Nieves: Tragedia en el Jet Set, \u00abun luto nacional\u00bb =<br>https:\/\/zolfm.com\/video\/VPBNng8R8rE<\/p>\n\n\n\n<p>*Antonio Espaillat: =<\/p>\n\n\n\n<figure class=\"wp-block-embed is-type-video is-provider-youtube wp-block-embed-youtube wp-embed-aspect-16-9 wp-has-aspect-ratio\"><div class=\"wp-block-embed__wrapper\">\n<iframe title=\"LO QUE DICE ANTONIO ESPAILLAT PROPIETARIO DEL JET SET CLUB, TRAS LA TRAGEDIA\" width=\"500\" height=\"281\" src=\"https:\/\/www.youtube.com\/embed\/CO-OtJ1NYUE?feature=oembed\" frameborder=\"0\" allow=\"accelerometer; autoplay; clipboard-write; encrypted-media; gyroscope; picture-in-picture; web-share\" referrerpolicy=\"strict-origin-when-cross-origin\" allowfullscreen><\/iframe>\n<\/div><\/figure>\n\n\n\n<p>, quien se salv\u00f3 de la tragedia porque asist\u00eda en Las Vegas-USA, como todos los a\u00f1os, a un seminario sobre \u00abRadio Digital\u00bb<\/p>\n\n\n\n<p>*Maribel Espaillat, administradora del Jet Set, relata c\u00f3mo su esposo la salv\u00f3 tras colapso de la discoteca =<\/p>\n\n\n\n<p><a href=\"https:\/\/hoy.com.do\/maribel-espaillat-administradora-del-jet-set-relata-como-su-esposo-la-salvo-tras-colapso-de-la-discoteca\">https:\/\/hoy.com.do\/maribel-espaillat-administradora-del-jet-set-relata-como-su-esposo-la-salvo-tras-colapso-de-la-discoteca<\/a><\/p>\n\n\n\n<p>\u25baDe la embajada USA en RD: Los solicitantes de visa de inmigrante en la Embajada de los EE. UU. en Santo Domingo, pueden estar acompa\u00f1ados por sus peticionarios durante la entrevista.<\/p>\n\n\n\n<p>Los oficiales consulares suelen considerar beneficioso ver a la familia reunida, lo cual puede reducir preguntas de seguimiento. La presencia del peticionario tambi\u00e9n puede brindar apoyo durante largas esperas, ayudar a responder preguntas o proporcionar asistencia f\u00edsica si es necesario.<\/p>\n\n\n\n<p>Los peticionarios que deseen asistir deben presentar un documento de identificaci\u00f3n v\u00e1lido, como un pasaporte o una c\u00e9dula, para poder ingresar a la embajada. Esta pol\u00edtica facilita un proceso de entrevista m\u00e1s fluido.<\/p>\n\n\n\n<p>\u25baUn valor dominicano en NY: \u00abHay una gran cantidad de historia de mujeres que no se reconoce ni se documenta\u00bb, dijo Debbie Walsh, directora del Centro para la Mujer y la Pol\u00edtica Estadounidenses de la Universidad de Rutgers.<\/p>\n\n\n\n<p>Cristina Contreras, que al observarla se piensa inmediatamente si particip\u00f3 alguna vez en \u201cMis Universo\u201d, el concurso de femenina internacional que busca la belleza integral, liderazgo, elegancia, personalidad, glamour, porte, comunicaci\u00f3n, seguridad, inteligencia y activismo social en candidatas provenientes de diferentes pa\u00edses del mundo.<\/p>\n\n\n\n<p>Sin m\u00e1s pre\u00e1mbulo, Cristina lleg\u00f3 a USA cuando ten\u00eda 15 a\u00f1os, sin conocer el idioma. La disfunci\u00f3n familiar la oblig\u00f3 junto a su hermano valerse por s\u00ed mismos, casi sin hogar y sin comer.<\/p>\n\n\n\n<p>Madre adolescente a los 18 a\u00f1os. Un programa de secundaria para estudiantes en riesgo despert\u00f3 su inter\u00e9s en el trabajo social.<\/p>\n\n\n\n<p>Sigui\u00f3 estudiando y obtuvo una licenciatura en la Universidad de Lehman College; Maestr\u00eda en Trabajo Social de Fordham University y Maestr\u00eda en Administraci\u00f3n P\u00fablica de Baruch College.<\/p>\n\n\n\n<p>Ha trabajado dentro del sistema de salud y hospitales de NYC durante las \u00faltimas tres d\u00e9cadas. En reconocimiento a su liderazgo y servicio a la comunidad, ha sido reconocida por instituciones acreditadas.<\/p>\n\n\n\n<p>Actualmente, es directora ejecutiva del Hospital Lincoln, ubicado en El Bronx; adem\u00e1s, es presidenta del Desfile Dominicano de Manhattan. Es una l\u00edder comprobada en atenci\u00f3n m\u00e9dica a la que le apasiona mejorar la salud de las comunidades a las que sirve.<\/p>\n\n\n\n<p>Se involucra y trabaja con diferentes l\u00edderes comunitarios de todas las etnias, junto con funcionarios electos locales. Proclama, \u00absiempre estoy defendiendo las personas que no pueden ayudarse a s\u00ed mismas\u00bb, poniendo en alto la bandera tricolor.<\/p>\n\n\n\n<p>Contreras representa aproximadamente el 27% de las mujeres directoras ejecutivas en los sistemas de salud de EUA, seg\u00fan los Institutos Nacionales de Salud. Si usted lo ve caminar por ah\u00ed como lo hace de costumbre, d\u00edgale: \u201cCristina, usted es un valor dominicano en NY\u201d.<\/p>\n\n\n\n<p>\u25baCultura General: Grandes tragedias en los \u00faltimos a\u00f1os en RD. El hurac\u00e1n David, en agosto 1979, con m\u00e1s de 2 mil v\u00edctimas. Un incendio en la c\u00e1rcel de Hig\u00fcey, en marzo de 2005, caus\u00f3 el fallecimiento de 136 reclusos.<\/p>\n\n\n\n<p>Tres mil 114 personas murieron en RD a causa de accidentes de tr\u00e1nsito en 2024. El promedio de mujeres fallecidas por violencia es de 167 por a\u00f1o, seg\u00fan el anuario de la Oficina Nacional de Estad\u00edstica que contiene datos desde 2009 hasta 2023.<\/p>\n\n\n\n<p>La explosi\u00f3n en Vidal Plast, en San Crist\u00f3bal, caus\u00f3 la muerte de 38 personas. La reci\u00e9n tragedia del Jet Set con saldo de 226 fallecidos y 189 heridos.<\/p>\n\n\n\n<p>\u25baSobre el espa\u00f1ol: Imprevisible = Suceso que no se puede prever o anticipar, que no sigue un patr\u00f3n conocido o no tiene precedente alguno.<\/p>\n\n\n\n<p>\u25baSalud: El romero compuesto por antioxidantes, antiinflamatorios y estimulantes lo convierte en un aliado poderoso para mejorar la salud en diversos aspectos. Uno de sus usos destacados es en el cuidado de la salud circulatoria.<\/p>\n\n\n\n<p>Gracias a sus componentes bioactivos, como el \u00e1cido rosmar\u00ednico, los flavonoides y los aceites esenciales, el romero favorece la circulaci\u00f3n sangu\u00ednea, aliviando problemas como las v\u00e1rices o la insuficiencia venosa cr\u00f3nica.<\/p>\n\n\n\n<p>\u25baServicio comunitario: C\u00f3mo saber si tiene dinero sin reclamar a su nombre y d\u00f3nde solicitarlo. Existen bases de datos en todos los Estados-USA o directamente en las oficinas o agencia gubernamentales.<br>M\u00e1s informaci\u00f3n = https:\/\/unclaimed.org\/<\/p>\n\n\n\n<p>\u25baSobre el espa\u00f1ol: N\u00e9mesis = Persona enfrentada a otra o enemiga ac\u00e9rrima.<\/p>\n\n\n\n<p>\u25baD\u00f3lar y Euro hasta este domingo 13: Compra del d\u00f3lar 60.11 y venta 61.92; Compra euro 66.95 y venta 71.09<\/p>\n\n\n\n<p>\u25baCombustibles: Del 12 al 18 de abril: Gasolina Premium a $290.10 Regular a $272.50\u2026Gasoil Optimo $239.10 y el Regular a $221.60. Gas licuado a $132.60 y el Gas Natural $43.97.<\/p>\n\n\n\n<p>\u25baPara comunicarse con nosotros: Escribir a santodomingoaldia@yahoo.com<\/p>\n","protected":false},"excerpt":{"rendered":"<p>PERIODISMO INFORMATIVO Y CR\u00cdTICO AL SERVICIO DE LA COMUNIDAD Por Ram\u00f3n Mercedes \u25baSemana Santa, tiempo para reflexionar y meditar: La Semana Santa es la conmemoraci\u00f3n cristiana anual de la pasi\u00f3n&hellip;<\/p>\n","protected":false},"author":2,"featured_media":94648,"comment_status":"open","ping_status":"open","sticky":false,"template":"","format":"standard","meta":{"content-type":"","jetpack_post_was_ever_published":false,"_jetpack_newsletter_access":"","_jetpack_dont_email_post_to_subs":false,"_jetpack_newsletter_tier_id":0,"_jetpack_memberships_contains_paywalled_content":false,"_jetpack_memberships_contains_paid_content":false,"footnotes":""},"categories":[95],"tags":[17809],"class_list":["post-97074","post","type-post","status-publish","format-standard","has-post-thumbnail","hentry","category-opinion","tag-enterate-ny"],"jetpack_featured_media_url":"https:\/\/lasprimeras.com.do\/wp-content\/uploads\/2025\/03\/Ramon-Mercedes.jpeg","jetpack-related-posts":[{"id":125921,"url":"https:\/\/lasprimeras.com.do\/index.php\/2026\/03\/27\/ministerio-de-educacion-anuncia-pausa-de-docencia-por-semana-santa\/","url_meta":{"origin":97074,"position":0},"title":"Ministerio de Educaci\u00f3n anuncia pausa de docencia por Semana Santa","author":"Nelson Feliz","date":"27 de marzo de 2026","format":false,"excerpt":"La pr\u00f3xima semana y fija retorno a las aulas el lunes 6 de abril. El Ministerio de Educaci\u00f3n de la Rep\u00fablica Dominicana (MINERD) inform\u00f3 hoy el cese de la docencia durante toda la semana pr\u00f3xima, desde el lunes 30 de marzo hasta el domingo 5 de abril, en todos los\u2026","rel":"","context":"En \u00abNACIONALES\u00bb","block_context":{"text":"NACIONALES","link":"https:\/\/lasprimeras.com.do\/index.php\/category\/nacionales\/"},"img":{"alt_text":"Ministerio de Educaci\u00f3n","src":"https:\/\/i0.wp.com\/lasprimeras.com.do\/wp-content\/uploads\/2025\/05\/Ministerio-de-Educacion.jpg?resize=350%2C200&ssl=1","width":350,"height":200,"srcset":"https:\/\/i0.wp.com\/lasprimeras.com.do\/wp-content\/uploads\/2025\/05\/Ministerio-de-Educacion.jpg?resize=350%2C200&ssl=1 1x, https:\/\/i0.wp.com\/lasprimeras.com.do\/wp-content\/uploads\/2025\/05\/Ministerio-de-Educacion.jpg?resize=525%2C300&ssl=1 1.5x, https:\/\/i0.wp.com\/lasprimeras.com.do\/wp-content\/uploads\/2025\/05\/Ministerio-de-Educacion.jpg?resize=700%2C400&ssl=1 2x"},"classes":[]},{"id":79159,"url":"https:\/\/lasprimeras.com.do\/index.php\/2024\/03\/24\/reynaldo-franco-llama-a-meditar-en-la-palabra-de-dios-durante-asueto-de-semana-santa\/","url_meta":{"origin":97074,"position":1},"title":"Reynaldo Franco llama a \u00a0meditar en la \u201cPalabra de Dios\u201d durante asueto de Semana Santa","author":"Nelson Feliz","date":"24 de marzo de 2024","format":false,"excerpt":"El obispo Nacional de las Iglesias Pentecostales de Jesucristo IPJ y la Comunidad Apost\u00f3lica Internacional COAPIN, doctor Reynaldo Franco Aquino, hizo un llamado a la poblaci\u00f3n a la reflexi\u00f3n durante el tiempo de asueto por la Semana Santa. El l\u00edder evang\u00e9lico inst\u00f3 a los ciudadanos a dedicar tiempo de calidad\u2026","rel":"","context":"En \u00abNACIONALES\u00bb","block_context":{"text":"NACIONALES","link":"https:\/\/lasprimeras.com.do\/index.php\/category\/nacionales\/"},"img":{"alt_text":"Reynaldo Franco Aquino","src":"https:\/\/i0.wp.com\/lasprimeras.com.do\/wp-content\/uploads\/2024\/03\/Reynaldo-Franco-Aquino.jpg?resize=350%2C200&ssl=1","width":350,"height":200,"srcset":"https:\/\/i0.wp.com\/lasprimeras.com.do\/wp-content\/uploads\/2024\/03\/Reynaldo-Franco-Aquino.jpg?resize=350%2C200&ssl=1 1x, https:\/\/i0.wp.com\/lasprimeras.com.do\/wp-content\/uploads\/2024\/03\/Reynaldo-Franco-Aquino.jpg?resize=525%2C300&ssl=1 1.5x, https:\/\/i0.wp.com\/lasprimeras.com.do\/wp-content\/uploads\/2024\/03\/Reynaldo-Franco-Aquino.jpg?resize=700%2C400&ssl=1 2x"},"classes":[]},{"id":125088,"url":"https:\/\/lasprimeras.com.do\/index.php\/2026\/03\/19\/grupo-de-amigos-la-penita-realizo-reflexion-de-semana-santa-hablemos-de-jesus-con-el-profesor-luis-quezada\/","url_meta":{"origin":97074,"position":2},"title":"Grupo de Amigos La Pe\u00f1ita realiz\u00f3 reflexi\u00f3n de Semana Santa \u201cHablemos de Jes\u00fas\u201d con el profesor Luis Quezada","author":"Nelson Feliz","date":"19 de marzo de 2026","format":false,"excerpt":"Por: Nicol\u00e1s Grull\u00f3n Ubi\u00f1as En el marco de las actividades de Semana Santa 2026, el Grupo de Amigos La Pe\u00f1ita realiz\u00f3 la charla-reflexi\u00f3n titulada \u201cHablemos de Jes\u00fas\u201d, un espacio de encuentro espiritual que reuni\u00f3 a miembros de la comunidad en un ambiente de fe, reflexi\u00f3n y fraternidad. La actividad se\u2026","rel":"","context":"En \u00abSin categor\u00eda\u00bb","block_context":{"text":"Sin categor\u00eda","link":"https:\/\/lasprimeras.com.do\/index.php\/category\/sin-categoria\/"},"img":{"alt_text":"","src":"https:\/\/i0.wp.com\/lasprimeras.com.do\/wp-content\/uploads\/2026\/03\/IMG-20260318-WA0322.jpg?resize=350%2C200&ssl=1","width":350,"height":200,"srcset":"https:\/\/i0.wp.com\/lasprimeras.com.do\/wp-content\/uploads\/2026\/03\/IMG-20260318-WA0322.jpg?resize=350%2C200&ssl=1 1x, https:\/\/i0.wp.com\/lasprimeras.com.do\/wp-content\/uploads\/2026\/03\/IMG-20260318-WA0322.jpg?resize=525%2C300&ssl=1 1.5x, https:\/\/i0.wp.com\/lasprimeras.com.do\/wp-content\/uploads\/2026\/03\/IMG-20260318-WA0322.jpg?resize=700%2C400&ssl=1 2x, https:\/\/i0.wp.com\/lasprimeras.com.do\/wp-content\/uploads\/2026\/03\/IMG-20260318-WA0322.jpg?resize=1050%2C600&ssl=1 3x, https:\/\/i0.wp.com\/lasprimeras.com.do\/wp-content\/uploads\/2026\/03\/IMG-20260318-WA0322.jpg?resize=1400%2C800&ssl=1 4x"},"classes":[]},{"id":76634,"url":"https:\/\/lasprimeras.com.do\/index.php\/2024\/02\/13\/este-ano-el-miercoles-de-ceniza-y-el-dia-de-san-valentin-caen-el-mismo-dia\/","url_meta":{"origin":97074,"position":3},"title":"Este a\u00f1o el Mi\u00e9rcoles de Ceniza y el D\u00eda de San Valent\u00edn caen el mismo d\u00eda","author":"Nelson Feliz","date":"13 de febrero de 2024","format":false,"excerpt":"POR HOLLY MEYER El 14 de febrero es un d\u00eda festivo importante este a\u00f1o debido a una colisi\u00f3n de eventos en el calendario. S\u00ed, es el D\u00eda de San Valent\u00edn , la celebraci\u00f3n anual fija del amor y la amistad , marcada por lindas parejas, entusiastas estudiantes de escuela primaria\u2026","rel":"","context":"En \u00abENTRETENIMIENTO\u00bb","block_context":{"text":"ENTRETENIMIENTO","link":"https:\/\/lasprimeras.com.do\/index.php\/category\/entretenimiento\/"},"img":{"alt_text":"D\u00eda de San Valent\u00edn","src":"https:\/\/i0.wp.com\/lasprimeras.com.do\/wp-content\/uploads\/2024\/02\/Dia-de-San-Valentin.jpg?resize=350%2C200&ssl=1","width":350,"height":200,"srcset":"https:\/\/i0.wp.com\/lasprimeras.com.do\/wp-content\/uploads\/2024\/02\/Dia-de-San-Valentin.jpg?resize=350%2C200&ssl=1 1x, https:\/\/i0.wp.com\/lasprimeras.com.do\/wp-content\/uploads\/2024\/02\/Dia-de-San-Valentin.jpg?resize=525%2C300&ssl=1 1.5x, https:\/\/i0.wp.com\/lasprimeras.com.do\/wp-content\/uploads\/2024\/02\/Dia-de-San-Valentin.jpg?resize=700%2C400&ssl=1 2x"},"classes":[]},{"id":81988,"url":"https:\/\/lasprimeras.com.do\/index.php\/2024\/04\/27\/la-voz-del-pueblo-encuentro-de-leonel-con-la-prensa-sera-el-martes-en-santo-domingo\/","url_meta":{"origin":97074,"position":4},"title":"La Voz Del Pueblo: Encuentro de Leonel con la prensa ser\u00e1 el martes en Santo Domingo","author":"Nelson Feliz","date":"27 de abril de 2024","format":false,"excerpt":"El candidato presidencial del partido Fuerza del pueblo (FP) y entidades aliados, Leonel Fern\u00e1ndez, encabezar\u00e1 este martes 30 de abril, en el Distrito Nacional, su encuentro con la prensa, La Voz Del Pueblo. El evento ser\u00e1 el martes, debido a que el lunes es feriado, por la conmemoraci\u00f3n el 1\u2026","rel":"","context":"En \u00abSin categor\u00eda\u00bb","block_context":{"text":"Sin categor\u00eda","link":"https:\/\/lasprimeras.com.do\/index.php\/category\/sin-categoria\/"},"img":{"alt_text":"Leonel Fern\u00e1ndez","src":"https:\/\/i0.wp.com\/lasprimeras.com.do\/wp-content\/uploads\/2024\/04\/Leonel-Fernandez-1.jpg?resize=350%2C200&ssl=1","width":350,"height":200,"srcset":"https:\/\/i0.wp.com\/lasprimeras.com.do\/wp-content\/uploads\/2024\/04\/Leonel-Fernandez-1.jpg?resize=350%2C200&ssl=1 1x, https:\/\/i0.wp.com\/lasprimeras.com.do\/wp-content\/uploads\/2024\/04\/Leonel-Fernandez-1.jpg?resize=525%2C300&ssl=1 1.5x, https:\/\/i0.wp.com\/lasprimeras.com.do\/wp-content\/uploads\/2024\/04\/Leonel-Fernandez-1.jpg?resize=700%2C400&ssl=1 2x"},"classes":[]},{"id":79471,"url":"https:\/\/lasprimeras.com.do\/index.php\/2024\/03\/27\/izquierdo-exhorta-a-la-prudencia-y-responsabilidad-en-feriado-de-semana-santa\/","url_meta":{"origin":97074,"position":5},"title":"Izquierdo exhorta a la prudencia y responsabilidad en feriado de Semana Santa","author":"BIMARY DE JES\u00daS Matos","date":"27 de marzo de 2024","format":false,"excerpt":"Santo Domingo, Rep. Dom.- La dirigente pol\u00edtica Alexandra Izquierdo, exhort\u00f3 a la poblaci\u00f3n de Rep\u00fablica Dominicana compartir en el feriado de la Semana Santa con los seres queridos con prudencia y responsabilidad, para evitar situaciones lamentables para que el pr\u00f3ximo lunes se puedan integrar a las labores productivas sin mayores\u2026","rel":"","context":"En \u00abSin categor\u00eda\u00bb","block_context":{"text":"Sin categor\u00eda","link":"https:\/\/lasprimeras.com.do\/index.php\/category\/sin-categoria\/"},"img":{"alt_text":"","src":"https:\/\/i0.wp.com\/lasprimeras.com.do\/wp-content\/uploads\/2024\/03\/WhatsApp-Image-2024-03-27-at-11.14.18-AM.webp?resize=350%2C200&ssl=1","width":350,"height":200,"srcset":"https:\/\/i0.wp.com\/lasprimeras.com.do\/wp-content\/uploads\/2024\/03\/WhatsApp-Image-2024-03-27-at-11.14.18-AM.webp?resize=350%2C200&ssl=1 1x, https:\/\/i0.wp.com\/lasprimeras.com.do\/wp-content\/uploads\/2024\/03\/WhatsApp-Image-2024-03-27-at-11.14.18-AM.webp?resize=525%2C300&ssl=1 1.5x"},"classes":[]}],"jetpack_sharing_enabled":true,"_links":{"self":[{"href":"https:\/\/lasprimeras.com.do\/index.php\/wp-json\/wp\/v2\/posts\/97074","targetHints":{"allow":["GET"]}}],"collection":[{"href":"https:\/\/lasprimeras.com.do\/index.php\/wp-json\/wp\/v2\/posts"}],"about":[{"href":"https:\/\/lasprimeras.com.do\/index.php\/wp-json\/wp\/v2\/types\/post"}],"author":[{"embeddable":true,"href":"https:\/\/lasprimeras.com.do\/index.php\/wp-json\/wp\/v2\/users\/2"}],"replies":[{"embeddable":true,"href":"https:\/\/lasprimeras.com.do\/index.php\/wp-json\/wp\/v2\/comments?post=97074"}],"version-history":[{"count":1,"href":"https:\/\/lasprimeras.com.do\/index.php\/wp-json\/wp\/v2\/posts\/97074\/revisions"}],"predecessor-version":[{"id":97075,"href":"https:\/\/lasprimeras.com.do\/index.php\/wp-json\/wp\/v2\/posts\/97074\/revisions\/97075"}],"wp:featuredmedia":[{"embeddable":true,"href":"https:\/\/lasprimeras.com.do\/index.php\/wp-json\/wp\/v2\/media\/94648"}],"wp:attachment":[{"href":"https:\/\/lasprimeras.com.do\/index.php\/wp-json\/wp\/v2\/media?parent=97074"}],"wp:term":[{"taxonomy":"category","embeddable":true,"href":"https:\/\/lasprimeras.com.do\/index.php\/wp-json\/wp\/v2\/categories?post=97074"},{"taxonomy":"post_tag","embeddable":true,"href":"https:\/\/lasprimeras.com.do\/index.php\/wp-json\/wp\/v2\/tags?post=97074"}],"curies":[{"name":"wp","href":"https:\/\/api.w.org\/{rel}","templated":true}]}}