{"id":97112,"date":"2025-04-16T00:11:47","date_gmt":"2025-04-16T04:11:47","guid":{"rendered":"https:\/\/lasprimeras.com.do\/?p=97112"},"modified":"2025-04-16T00:11:48","modified_gmt":"2025-04-16T04:11:48","slug":"alcaldia-de-ny-se-viste-con-colores-de-bandera-dominicana-por-victimas-de-jet-set","status":"publish","type":"post","link":"https:\/\/lasprimeras.com.do\/index.php\/2025\/04\/16\/alcaldia-de-ny-se-viste-con-colores-de-bandera-dominicana-por-victimas-de-jet-set\/","title":{"rendered":"Alcald\u00eda de NY se viste con colores de bandera dominicana por v\u00edctimas de Jet Set"},"content":{"rendered":"\n<p><strong>Tras viajar a Rep\u00fablica Dominicana el fin de semana pasado, Adams record\u00f3 que Nueva York es el hogar de la mayor comunidad dominicana fuera de su pa\u00eds.<\/strong><\/p>\n\n\n\n<p><strong>Nueva York, EFE &#8211;<\/strong>La Alcald\u00eda de Nueva York se ilumin\u00f3 este martes con los colores rojo, azul y blanco de la bandera de Rep\u00fablica Dominicana, en solidaridad con el luto que vive este pa\u00eds tras la muerte de 231 personas al desplomarse la semana pasada en Santo Domingo el techo de la discoteca Jet Set.<\/p>\n\n\n\n<p>&#8220;Este es un momento doloroso para muchos en nuestra ciudad. Las luces rojas, blancas y azules que iluminan la Alcald\u00eda esta noche conmemorar\u00e1n las vidas perdidas y ser\u00e1n un recordatorio para sus seres queridos de que Nueva York reza y se solidariza con nuestros hermanos y hermanas en la Rep\u00fablica Dominicana&#8221;, dijo el alcalde, Eric Adams.<\/p>\n\n\n\n<p>Tras viajar a Rep\u00fablica Dominicana el fin de semana pasado, Adams record\u00f3 que Nueva York es el hogar de la mayor comunidad dominicana fuera de su pa\u00eds, que se estima en un mill\u00f3n.<\/p>\n\n\n\n<p>&#8220;Nuestra administraci\u00f3n contin\u00faa explorando todas las formas de brindar apoyo y recursos para ayudar en los esfuerzos de recuperaci\u00f3n de la Rep\u00fablica Dominicana&#8221;, afirm\u00f3.<\/p>\n\n\n\n<p>El pasado fin de semana las banderas de los edificios municipales ondearon a media asta en tributo a las v\u00edctimas, entre las que se encontraban expeloteros de grandes ligas, profesionales de la salud, banqueros, y el cantante Rubby P\u00e9rez, que se presentaba en la discoteca en el momento de la tragedia.<\/p>\n\n\n\n<p>Banderas a media asta<\/p>\n\n\n\n<p>El alcalde de Nueva York, Eric Adams, dispuso el pasado s\u00e1bado que las banderas de la ciudad sean colocadas a media asta en honor a las v\u00edctimas del derrumbe de la discoteca Jet Set, en Santo Domingo, que hasta el momento ha dejado un saldo de 225 personas fallecidas, entre ellas varios residentes de Nueva York.<\/p>\n\n\n\n<p>&#8220;Neoyorquinos, este fin de semana bajaremos todas las banderas en el Ayuntamiento y en otros edificios de la ciudad como muestra de solidaridad con nuestra comunidad dominicana&#8221;, anunci\u00f3 Adams a trav\u00e9s de su cuenta en X (antes Twitter).<\/p>\n","protected":false},"excerpt":{"rendered":"<p>Tras viajar a Rep\u00fablica Dominicana el fin de semana pasado, Adams record\u00f3 que Nueva York es el hogar de la mayor comunidad dominicana fuera de su pa\u00eds. Nueva York, EFE&hellip;<\/p>\n","protected":false},"author":2,"featured_media":97113,"comment_status":"open","ping_status":"open","sticky":false,"template":"","format":"standard","meta":{"content-type":"","jetpack_post_was_ever_published":false,"_jetpack_newsletter_access":"","_jetpack_dont_email_post_to_subs":false,"_jetpack_newsletter_tier_id":0,"_jetpack_memberships_contains_paywalled_content":false,"_jetpack_memberships_contains_paid_content":false,"footnotes":""},"categories":[16289],"tags":[18800,11406,9653,1324,2034],"class_list":["post-97112","post","type-post","status-publish","format-standard","has-post-thumbnail","hentry","category-internacionales","tag-alcaldia-de-ny","tag-bandera-dominicana","tag-colores","tag-jet-set","tag-victimas"],"jetpack_featured_media_url":"https:\/\/lasprimeras.com.do\/wp-content\/uploads\/2025\/04\/Fachada-de-la-Alcaldia-de-Nueva-York-iluminada-con-los-colores-de-la-bandera-dominicana.jpg","jetpack-related-posts":[{"id":96962,"url":"https:\/\/lasprimeras.com.do\/index.php\/2025\/04\/13\/banderas-de-ny-colocadas-a-media-asta-en-honor-a-victimas-de-jet-set\/","url_meta":{"origin":97112,"position":0},"title":"Banderas de NY colocadas a media asta en honor a v\u00edctimas de Jet Set","author":"Nelson Feliz","date":"13 de abril de 2025","format":false,"excerpt":"NUEVA YORK.- El alcalde de la ciudad de Nueva York, Eric Adams dispuso que las banderas de la ciudad sean colocadas a media asta en honor a las 226 v\u00edctimas fatales del derrumbe de la discoteca Jet Set, en Santo Domingo. \u00abNeoyorquinos, este fin de semana bajaremos todas las banderas\u2026","rel":"","context":"En \u00abINTERNACIONALES\u00bb","block_context":{"text":"INTERNACIONALES","link":"https:\/\/lasprimeras.com.do\/index.php\/category\/sin-categoria\/internacionales\/"},"img":{"alt_text":"","src":"https:\/\/i0.wp.com\/lasprimeras.com.do\/wp-content\/uploads\/2025\/04\/a-media.jpg?resize=350%2C200&ssl=1","width":350,"height":200,"srcset":"https:\/\/i0.wp.com\/lasprimeras.com.do\/wp-content\/uploads\/2025\/04\/a-media.jpg?resize=350%2C200&ssl=1 1x, https:\/\/i0.wp.com\/lasprimeras.com.do\/wp-content\/uploads\/2025\/04\/a-media.jpg?resize=525%2C300&ssl=1 1.5x, https:\/\/i0.wp.com\/lasprimeras.com.do\/wp-content\/uploads\/2025\/04\/a-media.jpg?resize=700%2C400&ssl=1 2x"},"classes":[]},{"id":96936,"url":"https:\/\/lasprimeras.com.do\/index.php\/2025\/04\/11\/dominicanos-en-ny-realizan-vigilia-en-honor-a-victimas-del-colapso-en-jet-set\/","url_meta":{"origin":97112,"position":1},"title":"Dominicanos en NY realizan vigilia en honor a v\u00edctimas del colapso en Jet Set","author":"Nelson Feliz","date":"11 de abril de 2025","format":false,"excerpt":"Dominicanos en NY realizan vigilia en honor a v\u00edctimas del colapso en Jet Set La actividad tuvo lugar en la Plaza Quisqueya, ubicada en el 247 de Dyckman Street. Decenas de dominicanos residentes en Nueva York se reunieron la noche de este viernes en una vigilia en honor a las\u2026","rel":"","context":"En \u00abINTERNACIONALES\u00bb","block_context":{"text":"INTERNACIONALES","link":"https:\/\/lasprimeras.com.do\/index.php\/category\/sin-categoria\/internacionales\/"},"img":{"alt_text":"","src":"https:\/\/i0.wp.com\/lasprimeras.com.do\/wp-content\/uploads\/2025\/04\/Adriano-Espaillat.jpg?resize=350%2C200&ssl=1","width":350,"height":200,"srcset":"https:\/\/i0.wp.com\/lasprimeras.com.do\/wp-content\/uploads\/2025\/04\/Adriano-Espaillat.jpg?resize=350%2C200&ssl=1 1x, https:\/\/i0.wp.com\/lasprimeras.com.do\/wp-content\/uploads\/2025\/04\/Adriano-Espaillat.jpg?resize=525%2C300&ssl=1 1.5x, https:\/\/i0.wp.com\/lasprimeras.com.do\/wp-content\/uploads\/2025\/04\/Adriano-Espaillat.jpg?resize=700%2C400&ssl=1 2x"},"classes":[]},{"id":90988,"url":"https:\/\/lasprimeras.com.do\/index.php\/2024\/11\/05\/dos-rascacielos-de-nueva-york-se-visten-de-la-bandera-de-ee-uu-por-las-elecciones\/","url_meta":{"origin":97112,"position":2},"title":"Dos rascacielos de Nueva York se visten de la bandera de EE.UU. por las elecciones","author":"Nelson Feliz","date":"5 de noviembre de 2024","format":false,"excerpt":"Nueva York,(EFE).- Dos rascacielos de Nueva York, el Empire State Building y el Rockefeller Center, se iluminaron este martes con luces de los colores de la bandera de EE.UU. con motivo de las elecciones presidenciales. El emblem\u00e1tico Empire State, construido en 1930, indicar\u00e1 adem\u00e1s con su decoraci\u00f3n cu\u00e1ndo uno de\u2026","rel":"","context":"En \u00abINTERNACIONALES\u00bb","block_context":{"text":"INTERNACIONALES","link":"https:\/\/lasprimeras.com.do\/index.php\/category\/sin-categoria\/internacionales\/"},"img":{"alt_text":"","src":"https:\/\/i0.wp.com\/lasprimeras.com.do\/wp-content\/uploads\/2024\/11\/Dos-rascacielos-de-Nueva-York.jpg?resize=350%2C200&ssl=1","width":350,"height":200},"classes":[]},{"id":110519,"url":"https:\/\/lasprimeras.com.do\/index.php\/2025\/09\/29\/dominicanos-alto-manhattan-lamentan-alcalde-adams-declinara-aspiraciones-alcaldia\/","url_meta":{"origin":97112,"position":3},"title":"Dominicanos Alto Manhattan lamentan alcalde Adams declinara aspiraciones alcald\u00eda","author":"Nelson Feliz","date":"29 de septiembre de 2025","format":false,"excerpt":"Por Ram\u00f3n Mercedes NUEVA YORK.- Dominicanos en diferentes lugares p\u00fablico del Alto del Alto Manhattan, lugar de mayor concentraci\u00f3n de quisqueyanos en todo el exterior, se lamentan por la declinaci\u00f3n del alcalde Eric Adams en sus aspiraciones a reelegirse a la alcald\u00eda de la ciudad, porque fue un alcalde por\u2026","rel":"","context":"En \u00abINTERNACIONALES\u00bb","block_context":{"text":"INTERNACIONALES","link":"https:\/\/lasprimeras.com.do\/index.php\/category\/sin-categoria\/internacionales\/"},"img":{"alt_text":"","src":"https:\/\/i0.wp.com\/lasprimeras.com.do\/wp-content\/uploads\/2025\/09\/WhatsApp-Image-2025-09-29-at-6.11.51-AM-1.jpeg?resize=350%2C200&ssl=1","width":350,"height":200,"srcset":"https:\/\/i0.wp.com\/lasprimeras.com.do\/wp-content\/uploads\/2025\/09\/WhatsApp-Image-2025-09-29-at-6.11.51-AM-1.jpeg?resize=350%2C200&ssl=1 1x, https:\/\/i0.wp.com\/lasprimeras.com.do\/wp-content\/uploads\/2025\/09\/WhatsApp-Image-2025-09-29-at-6.11.51-AM-1.jpeg?resize=525%2C300&ssl=1 1.5x"},"classes":[]},{"id":98815,"url":"https:\/\/lasprimeras.com.do\/index.php\/2025\/05\/13\/director-del-coe-recibe-reconocimiento-del-senado-de-ny-por-su-labor-en-la-tragedia-del-jet-set\/","url_meta":{"origin":97112,"position":4},"title":"Director del COE recibe reconocimiento del Senado de NY por su labor en la tragedia del Jet Set","author":"Nelson Feliz","date":"13 de mayo de 2025","format":false,"excerpt":"Nueva York.- El director del Centro de Operaciones de Emergencias (COE) y la Direcci\u00f3n de Servicios de Atenci\u00f3n a Emergencias Extrahospitalarias (DAEH), Juan Manuel M\u00e9ndez Garc\u00eda, recibi\u00f3 un reconocimiento por parte del senador del Estado de Nueva York, Luis Sep\u00falveda, por la extraordinaria labor que junto a su equipo de\u2026","rel":"","context":"En \u00abINTERNACIONALES\u00bb","block_context":{"text":"INTERNACIONALES","link":"https:\/\/lasprimeras.com.do\/index.php\/category\/sin-categoria\/internacionales\/"},"img":{"alt_text":"","src":"https:\/\/i0.wp.com\/lasprimeras.com.do\/wp-content\/uploads\/2025\/05\/Juan-Manuel-Mendez-1.jpg?resize=350%2C200&ssl=1","width":350,"height":200,"srcset":"https:\/\/i0.wp.com\/lasprimeras.com.do\/wp-content\/uploads\/2025\/05\/Juan-Manuel-Mendez-1.jpg?resize=350%2C200&ssl=1 1x, https:\/\/i0.wp.com\/lasprimeras.com.do\/wp-content\/uploads\/2025\/05\/Juan-Manuel-Mendez-1.jpg?resize=525%2C300&ssl=1 1.5x, https:\/\/i0.wp.com\/lasprimeras.com.do\/wp-content\/uploads\/2025\/05\/Juan-Manuel-Mendez-1.jpg?resize=700%2C400&ssl=1 2x"},"classes":[]},{"id":97101,"url":"https:\/\/lasprimeras.com.do\/index.php\/2025\/04\/15\/mas-voces-ven-negligencia-a-una-semana-de-tragedia-jet-set\/","url_meta":{"origin":97112,"position":5},"title":"M\u00e1s voces ven negligencia, a una semana de tragedia Jet Set","author":"Nelson Feliz","date":"15 de abril de 2025","format":false,"excerpt":"Santo Domingo, (EFE).- Cuando este martes se cumple una semana del derrumbe del techo de la discoteca Jet Set en Santo Domingo, con un saldo de 231 fallecidos, proliferan las voces entre la poblaci\u00f3n que hablan de negligencia y piden justicia, mientras las investigaciones oficiales buscan dilucidar qu\u00e9 pas\u00f3 aquella\u2026","rel":"","context":"En \u00abNACIONALES\u00bb","block_context":{"text":"NACIONALES","link":"https:\/\/lasprimeras.com.do\/index.php\/category\/nacionales\/"},"img":{"alt_text":"","src":"https:\/\/i0.wp.com\/lasprimeras.com.do\/wp-content\/uploads\/2025\/04\/Foto-3.jpg?resize=350%2C200&ssl=1","width":350,"height":200,"srcset":"https:\/\/i0.wp.com\/lasprimeras.com.do\/wp-content\/uploads\/2025\/04\/Foto-3.jpg?resize=350%2C200&ssl=1 1x, https:\/\/i0.wp.com\/lasprimeras.com.do\/wp-content\/uploads\/2025\/04\/Foto-3.jpg?resize=525%2C300&ssl=1 1.5x, https:\/\/i0.wp.com\/lasprimeras.com.do\/wp-content\/uploads\/2025\/04\/Foto-3.jpg?resize=700%2C400&ssl=1 2x"},"classes":[]}],"jetpack_sharing_enabled":true,"_links":{"self":[{"href":"https:\/\/lasprimeras.com.do\/index.php\/wp-json\/wp\/v2\/posts\/97112","targetHints":{"allow":["GET"]}}],"collection":[{"href":"https:\/\/lasprimeras.com.do\/index.php\/wp-json\/wp\/v2\/posts"}],"about":[{"href":"https:\/\/lasprimeras.com.do\/index.php\/wp-json\/wp\/v2\/types\/post"}],"author":[{"embeddable":true,"href":"https:\/\/lasprimeras.com.do\/index.php\/wp-json\/wp\/v2\/users\/2"}],"replies":[{"embeddable":true,"href":"https:\/\/lasprimeras.com.do\/index.php\/wp-json\/wp\/v2\/comments?post=97112"}],"version-history":[{"count":1,"href":"https:\/\/lasprimeras.com.do\/index.php\/wp-json\/wp\/v2\/posts\/97112\/revisions"}],"predecessor-version":[{"id":97114,"href":"https:\/\/lasprimeras.com.do\/index.php\/wp-json\/wp\/v2\/posts\/97112\/revisions\/97114"}],"wp:featuredmedia":[{"embeddable":true,"href":"https:\/\/lasprimeras.com.do\/index.php\/wp-json\/wp\/v2\/media\/97113"}],"wp:attachment":[{"href":"https:\/\/lasprimeras.com.do\/index.php\/wp-json\/wp\/v2\/media?parent=97112"}],"wp:term":[{"taxonomy":"category","embeddable":true,"href":"https:\/\/lasprimeras.com.do\/index.php\/wp-json\/wp\/v2\/categories?post=97112"},{"taxonomy":"post_tag","embeddable":true,"href":"https:\/\/lasprimeras.com.do\/index.php\/wp-json\/wp\/v2\/tags?post=97112"}],"curies":[{"name":"wp","href":"https:\/\/api.w.org\/{rel}","templated":true}]}}