{"id":97148,"date":"2025-04-16T22:51:43","date_gmt":"2025-04-17T02:51:43","guid":{"rendered":"https:\/\/lasprimeras.com.do\/?p=97148"},"modified":"2025-04-16T22:51:45","modified_gmt":"2025-04-17T02:51:45","slug":"senador-de-maryland-se-reune-con-vicepresidente-de-el-salvador-para-pedir-libertad-de-abrego-garcia","status":"publish","type":"post","link":"https:\/\/lasprimeras.com.do\/index.php\/2025\/04\/16\/senador-de-maryland-se-reune-con-vicepresidente-de-el-salvador-para-pedir-libertad-de-abrego-garcia\/","title":{"rendered":"Senador de Maryland se re\u00fane con vicepresidente de El Salvador para pedir libertad de \u00c1brego Garc\u00eda"},"content":{"rendered":"\n<p>POR MARY CLARE JALONICK, YOLANDA MAGA\u00d1A and MATT BROWN<\/p>\n\n\n\n<p>WASHINGTON (AP) \u2014 El senador de Maryland, Chris Van Hollen, viaj\u00f3 a El Salvador el mi\u00e9rcoles y se reuni\u00f3 con el vicepresidente del pa\u00eds para presionar por la liberaci\u00f3n de Kilmar \u00c1brego Garc\u00eda, un hombre que fue enviado a ese pa\u00eds por el gobierno del presidente estadounidense Donald Trump en marzo a pesar de una orden de un tribunal de inmigraci\u00f3n que imped\u00eda su deportaci\u00f3n.<\/p>\n\n\n\n<p>Van Hollen dijo en una conferencia de prensa en San Salvador que el vicepresidente F\u00e9lix Ulloa afirm\u00f3 que su gobierno no pod\u00eda devolver a \u00c1brego Garc\u00eda a Estados Unidos y rechaz\u00f3 permitir que Van Hollen lo visitara en la notoria prisi\u00f3n para pandillas donde est\u00e1 detenido.<\/p>\n\n\n\n<p>\u201c\u00bfPor qu\u00e9 el gobierno de El Salvador sigue encarcelando a un hombre cuando no tienen evidencia de que haya cometido alg\u00fan delito y no se les ha proporcionado ninguna evidencia de Estados Unidos de que haya cometido alg\u00fan delito?\u201d, dijo Van Hollen a los periodistas despu\u00e9s de la reuni\u00f3n. \u201cDeber\u00edan simplemente dejarlo ir\u201d.<\/p>\n\n\n\n<p>El viaje de Van Hollen se convirti\u00f3 en un punto de conflicto en Estados Unidos. El gobierno de Trump lo critic\u00f3 duramente, mientras que los dem\u00f3cratas se han unido en torno a \u00c1brego Garc\u00eda.<\/p>\n\n\n\n<p>Trump y el presidente salvadore\u00f1o Nayib Bukele dijeron esta semana que no tienen fundamentos para enviarlo de regreso, incluso cuando la Corte Suprema de Estados Unidos ha instado al gobierno federal a facilitar su retorno.<\/p>\n\n\n\n<p>Los funcionarios del gobierno estadounidense han dicho que \u00c1brego Garc\u00eda, un ciudadano salvadore\u00f1o que viv\u00eda en Maryland, tiene v\u00ednculos con la pandilla MS-13, pero sus abogados se\u00f1alan que el gobierno no ha proporcionado evidencia de ello y \u00c1brego Garc\u00eda nunca ha sido acusado de ning\u00fan delito relacionado con tal actividad.<\/p>\n\n\n\n<p>\u201cAqu\u00ed hay una situaci\u00f3n injusta\u201d, se\u00f1al\u00f3 Van Hollen, miembro de la Comisi\u00f3n de Relaciones Exteriores del Senado. \u201cEl gobierno de Trump est\u00e1 mintiendo sobre \u00c1brego Garc\u00eda. Los tribunales estadounidenses han examinado los hechos\u201d.<\/p>\n\n\n\n<p>Los funcionarios del gobierno de Trump reiteraron el mi\u00e9rcoles que no ser\u00e1 devuelto a Estados Unidos. La secretaria de prensa de la Casa Blanca, Karoline Leavitt, realiz\u00f3 una conferencia de prensa con la madre de una mujer de Maryland, Rachel Morin, quien fue asesinada por un fugitivo de El Salvador en 2023.<\/p>\n\n\n\n<p>\u201cEs indignante y triste que el senador Van Hollen y los dem\u00f3cratas que aplauden su viaje a El Salvador hoy sean incapaces de tener un m\u00ednimo de sentido com\u00fan o empat\u00eda por sus propios electores y nuestros ciudadanos\u201d, dijo Leavitt en la conferencia.<\/p>\n\n\n\n<p>Los republicanos se han enfocado en las v\u00edctimas de delitos cometidos por personas que se encuentran en Estados Unidos ilegalmente para sus argumentos a favor de las promesas de Trump de tomar medidas en\u00e9rgicas contra la inmigraci\u00f3n y llevar cabo deportaciones masivas.<\/p>\n\n\n\n<p>Mientras tanto, los dem\u00f3cratas han aprovechado el caso para poner de manifiesto lo que consideran una falta de respeto por parte de Trump hacia los tribunales y como los votantes de base los han alentado a luchar m\u00e1s contra las pol\u00edticas del mandatario.<\/p>\n\n\n\n<p>El senador dem\u00f3crata por Nueva Jersey Cory Booker tambi\u00e9n estaba considerando un viaje a El Salvador, al igual que algunos dem\u00f3cratas de la C\u00e1mara de Representantes.<\/p>\n\n\n\n<p>\u201cEsta es una crisis constitucional\u201d, dijo el representante Robert Garcia, uno de los dem\u00f3cratas que est\u00e1 considerando viajar a El Salvador. \u201cEsto no se trata s\u00f3lo de una pol\u00edtica de deportaci\u00f3n. Se trata de desafiar la Constituci\u00f3n y la Corte Suprema\u201d.<\/p>\n\n\n\n<p>Garcia envi\u00f3 una carta conjunta con el representante Maxwell Frost, dem\u00f3crata de Florida, al presidente del Comit\u00e9 de Supervisi\u00f3n James Comer, republicano de Kentucky, solicitando una delegaci\u00f3n del Congreso para viajar a El Salvador e investigar la condici\u00f3n de \u00c1brego Garc\u00eda.<br>Se\u00f1al\u00f3 que si el viaje no es aprobado, algunos dem\u00f3cratas a\u00fan planean viajar a la naci\u00f3n centroamericana.<\/p>\n\n\n\n<p>\u201cNecesitamos llamar la atenci\u00f3n sobre este caso. Necesitamos estar en El Salvador. Necesitamos trabajar con la familia. Necesitamos trabajar con el gobierno salvadore\u00f1o. Necesitamos presionar a la Casa Blanca para que haga lo correcto\u201d, afirm\u00f3 Garcia.<\/p>\n\n\n\n<p>Los funcionarios del gobierno federal repitieron sus afirmaciones de que \u00c1brego Garc\u00eda era un pandillero.<\/p>\n\n\n\n<p>Tom Homan, el zar fronterizo de Trump, dijo en el programa \u201cFox &amp; Friends\u201d de la cadena Fox News que est\u00e1 \u201cdisgustado de que cualquier representante del Congreso se vaya corriendo a El Salvador\u201d.<\/p>\n\n\n\n<p>\u201cNos deshicimos de una persona peligrosa, un salvadore\u00f1o fue devuelto al pa\u00eds de El Salvador, as\u00ed que est\u00e1 en casa\u201d, coment\u00f3.<\/p>\n\n\n\n<p>Algunos republicanos tambi\u00e9n han visitado la prisi\u00f3n en apoyo de los esfuerzos del gobierno de Trump.<\/p>\n\n\n\n<p>El representante Riley Moore, un republicano de Virginia Occidental, public\u00f3 el martes por la noche que hab\u00eda visitado la prisi\u00f3n donde \u00c1brego Garc\u00eda est\u00e1 detenido. No lo mencion\u00f3, pero dijo que la instalaci\u00f3n \u201calberga a los criminales m\u00e1s crueles del pa\u00eds\u201d.<\/p>\n\n\n\n<p>\u201cAhora me voy a\u00fan m\u00e1s decidido a apoyar los esfuerzos del presidente Trump para proteger nuestra patria\u201d, escribi\u00f3 Moore en las redes sociales.<\/p>\n\n\n\n<p>El representante republicano Jason Smith de Missouri, presidente del Comit\u00e9 de Medios y Arbitrios de la C\u00e1mara de Representantes, tambi\u00e9n visit\u00f3 la prisi\u00f3n.<\/p>\n\n\n\n<p>Public\u00f3 en X que \u201cgracias al presidente Trump\u201d, la instalaci\u00f3n \u201cahora incluye inmigrantes ilegales que ingresaron a nuestro pa\u00eds y cometieron actos violentos contra estadounidenses\u201d.<\/p>\n\n\n\n<p>La disputa en torno a \u00c1brego Garc\u00eda tambi\u00e9n se ha desarrollado en contenciosos expedientes judiciales, y el gobierno ha rechazado en varias ocasiones informar al juez de lo que planea hacer, en su caso, para repatriarlo.<\/p>\n\n\n\n<p>El gobierno de Trump ha se\u00f1alado que su deportaci\u00f3n fue un error, pero tambi\u00e9n ha argumentado, esencialmente, que su conclusi\u00f3n sobre la afiliaci\u00f3n de \u00c1brego Garc\u00eda lo hace inelegible para la protecci\u00f3n de los tribunales.<\/p>\n\n\n\n<p>Desde marzo, El Salvador ha aceptado de Estados Unidos a m\u00e1s de 200 inmigrantes venezolanos, a quienes los funcionarios del gobierno de Trump han acusado de actividad pandillera y cr\u00edmenes violentos, y los ha detenido en la prisi\u00f3n de m\u00e1xima seguridad para pandillas del pa\u00eds, ubicada en las afueras de San Salvador.<\/p>\n\n\n\n<p>Esta c\u00e1rcel forma parte de la ofensiva m\u00e1s amplia de Bukele contra las poderosas pandillas callejeras del pa\u00eds, que ha llevado a la detenci\u00f3n de 84.000 personas y ha convertido a Bukele en una figura extremadamente popular en su pa\u00eds.<\/p>\n\n\n\n<p>Grupos de defensa de los derechos humanos han acusado previamente al gobierno de Bukele de someter a los encarcelados a un \u201cuso sistem\u00e1tico de tortura y otros malos tratos\u201d. Sin embargo, agentes que operan ah\u00ed niegan haber cometido irregularidades.<\/p>\n\n\n\n<p>Van Hollen dijo despu\u00e9s de su reuni\u00f3n que \u00c1brego Garc\u00eda fue \u201csecuestrado ilegalmente de Estados Unidos y no cometi\u00f3 ning\u00fan delito\u201d.<\/p>\n\n\n\n<p>\u201cSeguir\u00e9 presionando en mi tiempo restante aqu\u00ed y seguir\u00e9 presionando m\u00e1s all\u00e1 de eso\u201d, se\u00f1al\u00f3 Van Hollen.<\/p>\n","protected":false},"excerpt":{"rendered":"<p>POR MARY CLARE JALONICK, YOLANDA MAGA\u00d1A and MATT BROWN WASHINGTON (AP) \u2014 El senador de Maryland, Chris Van Hollen, viaj\u00f3 a El Salvador el mi\u00e9rcoles y se reuni\u00f3 con el&hellip;<\/p>\n","protected":false},"author":2,"featured_media":97149,"comment_status":"open","ping_status":"open","sticky":false,"template":"","format":"standard","meta":{"content-type":"","jetpack_post_was_ever_published":false,"_jetpack_newsletter_access":"","_jetpack_dont_email_post_to_subs":false,"_jetpack_newsletter_tier_id":0,"_jetpack_memberships_contains_paywalled_content":false,"_jetpack_memberships_contains_paid_content":false,"footnotes":""},"categories":[16289],"tags":[18810,598,355,18809,729],"class_list":["post-97148","post","type-post","status-publish","format-standard","has-post-thumbnail","hentry","category-internacionales","tag-abrego-garcia","tag-el-salvador","tag-libertad","tag-senador-de-maryland","tag-vicepresidente"],"jetpack_featured_media_url":"https:\/\/lasprimeras.com.do\/wp-content\/uploads\/2025\/04\/Abrego-Garcia.jpg","jetpack-related-posts":[{"id":96547,"url":"https:\/\/lasprimeras.com.do\/index.php\/2025\/04\/02\/crece-indignacion-por-la-deportacion-erronea-de-un-hombre-de-maryland-a-una-prision-en-el-salvador\/","url_meta":{"origin":97148,"position":0},"title":"Crece indignaci\u00f3n por la deportaci\u00f3n err\u00f3nea de un hombre de Maryland a una prisi\u00f3n en El Salvador","author":"Nelson Feliz","date":"2 de abril de 2025","format":false,"excerpt":"POR BEN FINLEY En los 22 d\u00edas que han pasado desde que Kilmar Abrego Garc\u00eda, residente en Maryland, fue deportado por error a una violenta prisi\u00f3n de El Salvador, su hijo autista ha buscado consuelo en el aroma de la ropa de su padre. \u201cAunque no puede hablar, me muestra\u2026","rel":"","context":"En \u00abINTERNACIONALES\u00bb","block_context":{"text":"INTERNACIONALES","link":"https:\/\/lasprimeras.com.do\/index.php\/category\/sin-categoria\/internacionales\/"},"img":{"alt_text":"Kilmar Abrego Garc\u00eda","src":"https:\/\/i0.wp.com\/lasprimeras.com.do\/wp-content\/uploads\/2025\/04\/Kilmar-Abrego-Garcia.jpg?resize=350%2C200&ssl=1","width":350,"height":200,"srcset":"https:\/\/i0.wp.com\/lasprimeras.com.do\/wp-content\/uploads\/2025\/04\/Kilmar-Abrego-Garcia.jpg?resize=350%2C200&ssl=1 1x, https:\/\/i0.wp.com\/lasprimeras.com.do\/wp-content\/uploads\/2025\/04\/Kilmar-Abrego-Garcia.jpg?resize=525%2C300&ssl=1 1.5x, https:\/\/i0.wp.com\/lasprimeras.com.do\/wp-content\/uploads\/2025\/04\/Kilmar-Abrego-Garcia.jpg?resize=700%2C400&ssl=1 2x"},"classes":[]},{"id":107546,"url":"https:\/\/lasprimeras.com.do\/index.php\/2025\/08\/28\/kilmar-abrego-garcia-solicita-asilo-en-eeuu-con-la-esperanza-de-evitar-su-deportacion-a-uganda\/","url_meta":{"origin":97148,"position":1},"title":"Kilmar \u00c1brego Garc\u00eda solicita asilo en EEUU, con la esperanza de evitar su deportaci\u00f3n a Uganda","author":"Nelson Feliz","date":"28 de agosto de 2025","format":false,"excerpt":"POR MICHAEL KUNZELMAN and BEN FINLEY WASHINGTON (AP) \u2014 Kilmar \u00c1brego Garc\u00eda, cuyo caso se ha convertido en la imagen de la dura agenda migratoria del presidente Donald Trump, quiere solicitar asilo en Estados Unidos, dijeron sus abogados a un juez federal el mi\u00e9rcoles. La solicitud de asilo \u2014la segunda\u2026","rel":"","context":"En \u00abINTERNACIONALES\u00bb","block_context":{"text":"INTERNACIONALES","link":"https:\/\/lasprimeras.com.do\/index.php\/category\/sin-categoria\/internacionales\/"},"img":{"alt_text":"","src":"https:\/\/i0.wp.com\/lasprimeras.com.do\/wp-content\/uploads\/2025\/08\/Kilmar-Abrego-Garcia.jpg?resize=350%2C200&ssl=1","width":350,"height":200,"srcset":"https:\/\/i0.wp.com\/lasprimeras.com.do\/wp-content\/uploads\/2025\/08\/Kilmar-Abrego-Garcia.jpg?resize=350%2C200&ssl=1 1x, https:\/\/i0.wp.com\/lasprimeras.com.do\/wp-content\/uploads\/2025\/08\/Kilmar-Abrego-Garcia.jpg?resize=525%2C300&ssl=1 1.5x, https:\/\/i0.wp.com\/lasprimeras.com.do\/wp-content\/uploads\/2025\/08\/Kilmar-Abrego-Garcia.jpg?resize=700%2C400&ssl=1 2x"},"classes":[]},{"id":107121,"url":"https:\/\/lasprimeras.com.do\/index.php\/2025\/08\/23\/ee-uu-deportara-a-kilmar-abrego-garcia-a-uganda-tras-rechazar-una-oferta-de-declaracion-de-culpabilidad-en-su-caso-de-contrabando\/","url_meta":{"origin":97148,"position":2},"title":"EE.UU. deportar\u00e1 a Kilmar Abrego Garc\u00eda a Uganda tras rechazar una oferta de declaraci\u00f3n de culpabilidad en su caso de contrabando","author":"Nelson Feliz","date":"23 de agosto de 2025","format":false,"excerpt":"Por TRAVIS LOLLER NASHVILLE, Tennessee (AP) \u2014 Funcionarios de inmigraci\u00f3n dijeron que tienen la intenci\u00f3n de deportar a Kilmar Abrego Garc\u00eda a Uganda despu\u00e9s de que rechaz\u00f3 una oferta para ser enviado a Costa Rica a cambio de permanecer en la c\u00e1rcel y declararse culpable de cargos de tr\u00e1fico de\u2026","rel":"","context":"En \u00abSin categor\u00eda\u00bb","block_context":{"text":"Sin categor\u00eda","link":"https:\/\/lasprimeras.com.do\/index.php\/category\/sin-categoria\/"},"img":{"alt_text":"","src":"https:\/\/i0.wp.com\/lasprimeras.com.do\/wp-content\/uploads\/2025\/08\/rechaza.jpg?resize=350%2C200&ssl=1","width":350,"height":200,"srcset":"https:\/\/i0.wp.com\/lasprimeras.com.do\/wp-content\/uploads\/2025\/08\/rechaza.jpg?resize=350%2C200&ssl=1 1x, https:\/\/i0.wp.com\/lasprimeras.com.do\/wp-content\/uploads\/2025\/08\/rechaza.jpg?resize=525%2C300&ssl=1 1.5x, https:\/\/i0.wp.com\/lasprimeras.com.do\/wp-content\/uploads\/2025\/08\/rechaza.jpg?resize=700%2C400&ssl=1 2x"},"classes":[]},{"id":98963,"url":"https:\/\/lasprimeras.com.do\/index.php\/2025\/05\/14\/congresista-republicana-de-florida-dice-que-nayib-bukele-libero-a-el-salvador-del-terrorismo\/","url_meta":{"origin":97148,"position":3},"title":"Congresista republicana de Florida dice que Nayib Bukele liber\u00f3 a El Salvador del terrorismo","author":"Nelson Feliz","date":"14 de mayo de 2025","format":false,"excerpt":"La representante Anna Paulina Luna dijo que se sent\u00eda honrada de acompa\u00f1ar al mandatario en la lucha por lograr paz y justicia duraderas en El Salvador. Por Luis De Jes\u00fas La congresista estadounidense Anna Paulina Luna, representante republicana por Florida, se reuni\u00f3 con el presidente de El Salvador Nayib Bukele,\u2026","rel":"","context":"En \u00abINTERNACIONALES\u00bb","block_context":{"text":"INTERNACIONALES","link":"https:\/\/lasprimeras.com.do\/index.php\/category\/sin-categoria\/internacionales\/"},"img":{"alt_text":"","src":"https:\/\/i0.wp.com\/lasprimeras.com.do\/wp-content\/uploads\/2025\/05\/Nayib-Bukele.jpg?resize=350%2C200&ssl=1","width":350,"height":200,"srcset":"https:\/\/i0.wp.com\/lasprimeras.com.do\/wp-content\/uploads\/2025\/05\/Nayib-Bukele.jpg?resize=350%2C200&ssl=1 1x, https:\/\/i0.wp.com\/lasprimeras.com.do\/wp-content\/uploads\/2025\/05\/Nayib-Bukele.jpg?resize=525%2C300&ssl=1 1.5x, https:\/\/i0.wp.com\/lasprimeras.com.do\/wp-content\/uploads\/2025\/05\/Nayib-Bukele.jpg?resize=700%2C400&ssl=1 2x"},"classes":[]},{"id":102729,"url":"https:\/\/lasprimeras.com.do\/index.php\/2025\/07\/08\/migrantes-deportados-a-prision-salvadorena-siguen-bajo-control-de-eeuu-dice-el-salvador-a-la-onu\/","url_meta":{"origin":97148,"position":4},"title":"Migrantes deportados a prisi\u00f3n salvadore\u00f1a siguen bajo control de EEUU, dice El Salvador a la ONU","author":"Nelson Feliz","date":"8 de julio de 2025","format":false,"excerpt":"POR MARK SHERMAN WASHINGTON (AP) \u2014 El gobierno de El Salvador ha reconocido ante investigadores de las Naciones Unidas que la administraci\u00f3n Trump mantiene el control sobre los hombres venezolanos que fueron deportados desde Estados Unidos a una notoria prisi\u00f3n salvadore\u00f1a, contradiciendo las declaraciones p\u00fablicas de funcionarios de ambos pa\u00edses.\u2026","rel":"","context":"En \u00abINTERNACIONALES\u00bb","block_context":{"text":"INTERNACIONALES","link":"https:\/\/lasprimeras.com.do\/index.php\/category\/sin-categoria\/internacionales\/"},"img":{"alt_text":"","src":"https:\/\/i0.wp.com\/lasprimeras.com.do\/wp-content\/uploads\/2025\/07\/carcel.jpg?resize=350%2C200&ssl=1","width":350,"height":200,"srcset":"https:\/\/i0.wp.com\/lasprimeras.com.do\/wp-content\/uploads\/2025\/07\/carcel.jpg?resize=350%2C200&ssl=1 1x, https:\/\/i0.wp.com\/lasprimeras.com.do\/wp-content\/uploads\/2025\/07\/carcel.jpg?resize=525%2C300&ssl=1 1.5x, https:\/\/i0.wp.com\/lasprimeras.com.do\/wp-content\/uploads\/2025\/07\/carcel.jpg?resize=700%2C400&ssl=1 2x"},"classes":[]},{"id":98242,"url":"https:\/\/lasprimeras.com.do\/index.php\/2025\/05\/04\/en-nueva-entrevista-trump-dice-que-no-sabe-si-apoya-los-derechos-al-debido-proceso\/","url_meta":{"origin":97148,"position":5},"title":"En nueva entrevista, Trump dice que no sabe si apoya los derechos al debido proceso","author":"Nelson Feliz","date":"4 de mayo de 2025","format":false,"excerpt":"POR AAMER MADHANI WEST PALM BEACH, Florida, EE.UU. (AP) \u2014 El presidente estadounidense Donald Trump es cauteloso al momento de hablar sobre sus deberes de defender los derechos al debido proceso establecidos en la Constituci\u00f3n y se\u00f1al\u00f3 en una nueva entrevista que no sabe si los ciudadanos estadounidenses y los\u2026","rel":"","context":"En \u00abINTERNACIONALES\u00bb","block_context":{"text":"INTERNACIONALES","link":"https:\/\/lasprimeras.com.do\/index.php\/category\/sin-categoria\/internacionales\/"},"img":{"alt_text":"","src":"https:\/\/i0.wp.com\/lasprimeras.com.do\/wp-content\/uploads\/2025\/05\/Donald-Trump.jpg?resize=350%2C200&ssl=1","width":350,"height":200,"srcset":"https:\/\/i0.wp.com\/lasprimeras.com.do\/wp-content\/uploads\/2025\/05\/Donald-Trump.jpg?resize=350%2C200&ssl=1 1x, https:\/\/i0.wp.com\/lasprimeras.com.do\/wp-content\/uploads\/2025\/05\/Donald-Trump.jpg?resize=525%2C300&ssl=1 1.5x, https:\/\/i0.wp.com\/lasprimeras.com.do\/wp-content\/uploads\/2025\/05\/Donald-Trump.jpg?resize=700%2C400&ssl=1 2x"},"classes":[]}],"jetpack_sharing_enabled":true,"_links":{"self":[{"href":"https:\/\/lasprimeras.com.do\/index.php\/wp-json\/wp\/v2\/posts\/97148","targetHints":{"allow":["GET"]}}],"collection":[{"href":"https:\/\/lasprimeras.com.do\/index.php\/wp-json\/wp\/v2\/posts"}],"about":[{"href":"https:\/\/lasprimeras.com.do\/index.php\/wp-json\/wp\/v2\/types\/post"}],"author":[{"embeddable":true,"href":"https:\/\/lasprimeras.com.do\/index.php\/wp-json\/wp\/v2\/users\/2"}],"replies":[{"embeddable":true,"href":"https:\/\/lasprimeras.com.do\/index.php\/wp-json\/wp\/v2\/comments?post=97148"}],"version-history":[{"count":1,"href":"https:\/\/lasprimeras.com.do\/index.php\/wp-json\/wp\/v2\/posts\/97148\/revisions"}],"predecessor-version":[{"id":97150,"href":"https:\/\/lasprimeras.com.do\/index.php\/wp-json\/wp\/v2\/posts\/97148\/revisions\/97150"}],"wp:featuredmedia":[{"embeddable":true,"href":"https:\/\/lasprimeras.com.do\/index.php\/wp-json\/wp\/v2\/media\/97149"}],"wp:attachment":[{"href":"https:\/\/lasprimeras.com.do\/index.php\/wp-json\/wp\/v2\/media?parent=97148"}],"wp:term":[{"taxonomy":"category","embeddable":true,"href":"https:\/\/lasprimeras.com.do\/index.php\/wp-json\/wp\/v2\/categories?post=97148"},{"taxonomy":"post_tag","embeddable":true,"href":"https:\/\/lasprimeras.com.do\/index.php\/wp-json\/wp\/v2\/tags?post=97148"}],"curies":[{"name":"wp","href":"https:\/\/api.w.org\/{rel}","templated":true}]}}