{"id":97151,"date":"2025-04-16T23:00:56","date_gmt":"2025-04-17T03:00:56","guid":{"rendered":"https:\/\/lasprimeras.com.do\/?p=97151"},"modified":"2025-04-16T23:00:56","modified_gmt":"2025-04-17T03:00:56","slug":"ministro-de-defensa-de-israel-dice-que-soldados-permaneceran-en-gaza-libano-y-siria-indefinidamente","status":"publish","type":"post","link":"https:\/\/lasprimeras.com.do\/index.php\/2025\/04\/16\/ministro-de-defensa-de-israel-dice-que-soldados-permaneceran-en-gaza-libano-y-siria-indefinidamente\/","title":{"rendered":"Ministro de Defensa de Israel dice que soldados permanecer\u00e1n en Gaza, L\u00edbano y Siria indefinidamente"},"content":{"rendered":"\n<p>POR WAFAA SHURAFA, ISAAC SCHARF and SAMY MAGDY<\/p>\n\n\n\n<p>JERUSAL\u00c9N (AP) \u2014 El ministro de defensa israel\u00ed, Israel Katz, dijo el mi\u00e9rcoles que sus soldados permanecer\u00e1n indefinidamente en las llamadas zonas de seguridad en la Franja de Gaza, L\u00edbano y Siria, declaraciones que podr\u00edan complicar a\u00fan m\u00e1s las conversaciones con Ham\u00e1s sobre un cese del fuego y la liberaci\u00f3n de rehenes.<\/p>\n\n\n\n<p>Mientras tanto, ataques israel\u00edes en toda Gaza mataron a otras 22 personas, seg\u00fan funcionarios de salud locales, incluida una ni\u00f1a que a\u00fan no ten\u00eda un a\u00f1o de edad.<\/p>\n\n\n\n<p>La madre de la ni\u00f1a, que result\u00f3 herida, abraz\u00f3 a su hija, que a\u00fan vest\u00eda un vestido azul ensangrentado, y posteriormente se la llevaron para que fuera enterrada.<\/p>\n\n\n\n<p>Las fuerzas israel\u00edes han tomado m\u00e1s de la mitad del territorio de Gaza en una campa\u00f1a renovada para presionar a los combatientes de Ham\u00e1s a liberar rehenes despu\u00e9s de que Israel puso fin a su cese del fuego el mes pasado.<\/p>\n\n\n\n<p>Israel tambi\u00e9n se ha negado a retirarse de algunas \u00e1reas en L\u00edbano tras un alto el fuego con el grupo militante Hezbollah el a\u00f1o pasado, y se apoder\u00f3 de una zona de amortiguamiento en el sur de Siria despu\u00e9s de que los rebeldes derrocaron al presidente sirio Bashar Assad en diciembre.<\/p>\n\n\n\n<p>\u201cA diferencia del pasado, el (ej\u00e9rcito israel\u00ed) no est\u00e1 evacuando \u00e1reas que han sido despejadas y tomadas\u201d, se\u00f1al\u00f3 Katz en un comunicado.<\/p>\n\n\n\n<p>El ej\u00e9rcito \u201cpermanecer\u00e1 en las zonas de seguridad como un amortiguador entre el enemigo y las comunidades (israel\u00edes) en cualquier situaci\u00f3n temporal o permanente en Gaza, al igual que en L\u00edbano y Siria\u201d.<\/p>\n\n\n\n<p>Los palestinos y ambos pa\u00edses vecinos consideran la presencia de tropas israel\u00edes como una ocupaci\u00f3n militar en violaci\u00f3n del derecho internacional.<\/p>\n\n\n\n<p>El presidente liban\u00e9s, Joseph Aoun, dijo que la presencia continua de Israel en algunas \u00e1reas de L\u00edbano estaba \u201cobstaculizando\u201d el despliegue completo del ej\u00e9rcito liban\u00e9s como lo requiere el cese del fuego negociado con Israel.<\/p>\n\n\n\n<p>Dos ataques de drones israel\u00edes perpetrados el mi\u00e9rcoles en el sur de L\u00edbano causaron la muerte de dos personas, seg\u00fan el ministerio de salud.<\/p>\n\n\n\n<p>La ONU dijo que los ataques israel\u00edes en L\u00edbano han matado a m\u00e1s de 70 civiles desde que el alto el fuego entr\u00f3 en vigor en noviembre.<\/p>\n\n\n\n<p>Ham\u00e1s ha dicho que no liberar\u00e1 a las decenas de rehenes restantes sin una retirada completa de Israel de Gaza y un alto el fuego duradero.<\/p>\n\n\n\n<p>\u201cPrometieron que los rehenes ser\u00edan lo primero. En la pr\u00e1ctica, Israel est\u00e1 eligiendo tomar territorio antes que los rehenes\u201d, afirm\u00f3 la principal organizaci\u00f3n que representa a las familias de los rehenes en un comunicado.<\/p>\n\n\n\n<p>\u201cHay una soluci\u00f3n que es deseable y factible, y es la liberaci\u00f3n de todos los rehenes a la vez como parte de un acuerdo, incluso al costo de terminar la guerra\u201d.<\/p>\n\n\n\n<p>Israel dice que debe mantener el control de lo que llama zonas de seguridad para evitar que se repita un ataque como el perpetrado por Ham\u00e1s el 7 de octubre de 2023, en el que miles de combatientes irrumpieron en el sur de Israel desde Gaza, matando a unas 1.200 personas, en su mayor\u00eda civiles, y tomando a otras 251 como rehenes.<\/p>\n\n\n\n<p>La ofensiva de Israel ha matado a m\u00e1s de 51.000 palestinos, seg\u00fan el Ministerio de Salud de Gaza, cuyo conteo no distingue entre civiles y combatientes, pero afirma que mujeres y ni\u00f1os constituyen m\u00e1s de la mitad de los muertos.<\/p>\n\n\n\n<p>Israel dice que ha matado a unos 20.000 militantes, sin proporcionar evidencia.<\/p>\n\n\n\n<p>\u201cCada d\u00eda, ni\u00f1os\u201d<\/p>\n\n\n\n<p>La familia de Ahlam Seiam hab\u00eda planeado celebrar su primer cumplea\u00f1os m\u00e1s adelante este mes. Pero un ataque israel\u00ed alcanz\u00f3 el edificio donde hab\u00edan colocado una tienda de campa\u00f1a en el techo.<\/p>\n\n\n\n<p>Su abuelo, Nashat, dijo que la familia fue despertada por una explosi\u00f3n durante la noche. Cuando corri\u00f3 al techo, encontr\u00f3 a su hijo, Mohammed, sollozando.<\/p>\n\n\n\n<p>\u201cLa encontr\u00e9 as\u00ed\u201d, dijo mientras sosten\u00eda el cuerpo de la ni\u00f1a.<\/p>\n\n\n\n<p>Im\u00e1genes de Associated Press mostraron a la madre, envuelta en vendajes, acunando a su hija por \u00faltima vez en la cama del hospital.<\/p>\n\n\n\n<p>Israel dice que \u00fanicamente ataca a combatientes y culpa a Ham\u00e1s por las muertes de civiles porque sus miembros operan en \u00e1reas residenciales. El abuelo dijo que no hab\u00eda militantes en el \u00e1rea del ataque. De momento no hab\u00eda comentarios por parte del ej\u00e9rcito israel\u00ed.<\/p>\n\n\n\n<p>La familia hab\u00eda huido a Jan Yunis desde la ciudad sure\u00f1a de Rafah despu\u00e9s de que Israel reanud\u00f3 su ofensiva el mes pasado. \u201cDondequiera que vayas, la muerte te alcanzar\u00e1. No hay escape\u201d, dijo el abuelo.<\/p>\n\n\n\n<p>Nermin Zughrub, t\u00eda de Ahlam, revis\u00f3 fotos de la ni\u00f1a en su tel\u00e9fono.<\/p>\n\n\n\n<p>\u201cSi el mundo no despierta hoy, \u00bfcu\u00e1ndo lo har\u00e1?\u201d, dijo. \u201cCada d\u00eda, masacres. Cada d\u00eda, ni\u00f1os\u201d.<\/p>\n\n\n\n<p>Gran parte de Gaza es inhabitable<\/p>\n\n\n\n<p>El bombardeo y las operaciones terrestres de Israel han dejado vastas \u00e1reas del territorio inhabitables y han desplazado a alrededor del 90% de la poblaci\u00f3n de aproximadamente 2 millones de palestinos. Muchos han sido desplazados m\u00faltiples veces.<\/p>\n\n\n\n<p>Cientos de miles est\u00e1n hacinados en campamentos de tiendas de campa\u00f1a miserables con alimentos cada vez m\u00e1s escasos, ya que un bloqueo de ayuda en Gaza impuesto por Israel entr\u00f3 en su s\u00e9ptima semana.<\/p>\n\n\n\n<p>La oficina humanitaria de la ONU dijo el mi\u00e9rcoles que los trabajadores humanitarios en el terreno est\u00e1n informando un aumento en la desnutrici\u00f3n grave en toda la Franja de Gaza.<\/p>\n\n\n\n<p>El agua se ha vuelto cada vez m\u00e1s escasa, y los palestinos desesperados hacen fila frente a camiones cisterna con contenedores y bidones.<\/p>\n\n\n\n<p>Omar Shatat, subdirector de la Autoridad de Agua Costera de Gaza, coment\u00f3 a la AP que cada persona recibe de 6 a 7 litros de agua potable al d\u00eda, se\u00f1alando que se trata de una \u201ccat\u00e1strofe del agua\u201d.<\/p>\n\n\n\n<p>\u201cEl agua, es lo m\u00e1s simple\u201d, dijo Nevin Al-Dahloul, una mujer desplazada de Beit Lahiya. \u201cNo estamos pidiendo lujos, es nuestro derecho m\u00e1s b\u00e1sico\u201d.<\/p>\n\n\n\n<p>El primer ministro israel\u00ed, Benjamin Netanyahu, ha prometido aniquilar a Ham\u00e1s y devolver a los 59 rehenes que a\u00fan est\u00e1n en Gaza, de los cuales se cree que 24 a\u00fan est\u00e1n vivos.<\/p>\n\n\n\n<p>El mi\u00e9rcoles, el grupo militante Yihad Isl\u00e1mica Palestina public\u00f3 un video del reh\u00e9n Rom Braslavski.<\/p>\n\n\n\n<p>Fue la primera se\u00f1al de vida de \u00e9l, aunque rehenes recientemente liberados hab\u00edan dicho que lo hab\u00edan visto en cautiverio.<\/p>\n\n\n\n<p>En el video, que fue filmado bajo coacci\u00f3n, Braslavski dice que fue retenido en condiciones terribles y suplica a Netanyahu que detenga la guerra y permita la entrada de ayuda humanitaria a Gaza.<\/p>\n\n\n\n<p>Netanyahu tambi\u00e9n ha dicho que Israel implementar\u00e1 la propuesta del presidente de Estados Unidos, Donald Trump, para el reasentamiento de gran parte de la poblaci\u00f3n de Gaza en otros pa\u00edses a trav\u00e9s de lo que Netanyahu se refiere como \u201cemigraci\u00f3n voluntaria\u201d.<\/p>\n\n\n\n<p>Los palestinos y los pa\u00edses \u00e1rabes han rechazado universalmente la propuesta de Trump, que seg\u00fan expertos en derechos humanos probablemente violar\u00eda el derecho internacional.<\/p>\n\n\n\n<p>Los palestinos de Gaza dicen que no quieren irse y temen otra expulsi\u00f3n masiva como la que ocurri\u00f3 durante la guerra que rode\u00f3 la creaci\u00f3n de Israel en 1948.<\/p>\n\n\n\n<p>El gobierno de Trump, que se atribuy\u00f3 el m\u00e9rito de ayudar a negociar el cese del fuego, ha expresado su pleno apoyo a la decisi\u00f3n de Israel de poner fin a la tregua y cortar la ayuda.<\/p>\n\n\n\n<p>El enviado de Trump para Oriente Medio, Steve Witkoff, ha estado tratando de negociar un nuevo cese del fuego, m\u00e1s favorable para Israel, pero esos esfuerzos parecen haber logrado pocos avances.<\/p>\n\n\n\n<p>Netanyahu lidera el gobierno m\u00e1s nacionalista y religioso en la historia de Israel, y sus socios de coalici\u00f3n han pedido el restablecimiento de asentamientos jud\u00edos en Gaza.<\/p>\n","protected":false},"excerpt":{"rendered":"<p>POR WAFAA SHURAFA, ISAAC SCHARF and SAMY MAGDY JERUSAL\u00c9N (AP) \u2014 El ministro de defensa israel\u00ed, Israel Katz, dijo el mi\u00e9rcoles que sus soldados permanecer\u00e1n indefinidamente en las llamadas zonas&hellip;<\/p>\n","protected":false},"author":2,"featured_media":97152,"comment_status":"open","ping_status":"open","sticky":false,"template":"","format":"standard","meta":{"content-type":"","jetpack_post_was_ever_published":false,"_jetpack_newsletter_access":"","_jetpack_dont_email_post_to_subs":false,"_jetpack_newsletter_tier_id":0,"_jetpack_memberships_contains_paywalled_content":false,"_jetpack_memberships_contains_paid_content":false,"footnotes":""},"categories":[16289],"tags":[8295,3499,8700,1789,11038,795],"class_list":["post-97151","post","type-post","status-publish","format-standard","has-post-thumbnail","hentry","category-internacionales","tag-gaza","tag-israel","tag-libano","tag-ministro-de-defensa","tag-siria","tag-soldados"],"jetpack_featured_media_url":"https:\/\/lasprimeras.com.do\/wp-content\/uploads\/2025\/04\/ATAQUE.jpg","jetpack-related-posts":[{"id":86575,"url":"https:\/\/lasprimeras.com.do\/index.php\/2024\/07\/28\/un-ataque-desde-libano-mata-a-12-jovenes\/","url_meta":{"origin":97151,"position":0},"title":"Un ataque desde L\u00edbano mata a 12 j\u00f3venes","author":"Nelson Feliz","date":"28 de julio de 2024","format":false,"excerpt":"\u00bfPuede esa chispa iniciar una guerra Israel-Hezbollah? BY MELANIE LIDMAN AND SAMY MAGDY TEL AVIV, Israel (AP) \u2014 Oriente Medio se preparaba el domingo para una posible escalada en la violencia despu\u00e9s de que las autoridades israel\u00edes dijeran que un cohete procedente de L\u00edbano hab\u00eda golpeado un campo de f\u00fatbol\u2026","rel":"","context":"En \u00abSin categor\u00eda\u00bb","block_context":{"text":"Sin categor\u00eda","link":"https:\/\/lasprimeras.com.do\/index.php\/category\/sin-categoria\/"},"img":{"alt_text":"","src":"https:\/\/i0.wp.com\/lasprimeras.com.do\/wp-content\/uploads\/2024\/07\/Guerra.png?resize=350%2C200&ssl=1","width":350,"height":200,"srcset":"https:\/\/i0.wp.com\/lasprimeras.com.do\/wp-content\/uploads\/2024\/07\/Guerra.png?resize=350%2C200&ssl=1 1x, https:\/\/i0.wp.com\/lasprimeras.com.do\/wp-content\/uploads\/2024\/07\/Guerra.png?resize=525%2C300&ssl=1 1.5x, https:\/\/i0.wp.com\/lasprimeras.com.do\/wp-content\/uploads\/2024\/07\/Guerra.png?resize=700%2C400&ssl=1 2x"},"classes":[]},{"id":72578,"url":"https:\/\/lasprimeras.com.do\/index.php\/2024\/01\/01\/israel-acaba-2023-en-plena-guerra-con-hamas-en-gaza-sin-perspectiva\/","url_meta":{"origin":97151,"position":1},"title":"Israel acaba 2023 en plena guerra con Ham\u00e1s en Gaza sin perspectiva","author":"BIMARY DE JES\u00daS Matos","date":"1 de enero de 2024","format":false,"excerpt":"Jerusal\u00e9n,.- Israel y Ham\u00e1s acaban 2023 en medio de una dura guerra en Gaza sin precedentes. El Ej\u00e9rcito israel\u00ed sigue combatiendo las milicias en la Franja para erradicar a Ham\u00e1s, pero su triunfo no parece inminente y el conflicto seguir\u00e1 en 2024 entre la devastaci\u00f3n en el enclave, que acumula\u2026","rel":"","context":"En \u00abSin categor\u00eda\u00bb","block_context":{"text":"Sin categor\u00eda","link":"https:\/\/lasprimeras.com.do\/index.php\/category\/sin-categoria\/"},"img":{"alt_text":"","src":"https:\/\/i0.wp.com\/lasprimeras.com.do\/wp-content\/uploads\/2024\/01\/Las-portadas-de-la-semana-EH-13-2.webp?resize=350%2C200&ssl=1","width":350,"height":200,"srcset":"https:\/\/i0.wp.com\/lasprimeras.com.do\/wp-content\/uploads\/2024\/01\/Las-portadas-de-la-semana-EH-13-2.webp?resize=350%2C200&ssl=1 1x, https:\/\/i0.wp.com\/lasprimeras.com.do\/wp-content\/uploads\/2024\/01\/Las-portadas-de-la-semana-EH-13-2.webp?resize=525%2C300&ssl=1 1.5x"},"classes":[]},{"id":64753,"url":"https:\/\/lasprimeras.com.do\/index.php\/2023\/10\/23\/israel-ataca-gaza-despues-de-permitir-la-entrada-de-otro-pequeno-convoy-de-ayuda-al-enclave-asediado\/","url_meta":{"origin":97151,"position":2},"title":"Israel ataca Gaza despu\u00e9s de permitir la entrada de otro peque\u00f1o convoy de ayuda al enclave asediado","author":"Nelson Feliz","date":"23 de octubre de 2023","format":false,"excerpt":"POR WAFAA SHURAFA, SAMY MAGDY Y JOSEPH KRAUSS DEIR AL-BALAH, Franja de Gaza (AP) \u2014 Aviones de combate israel\u00edes atacaron objetivos en toda Gaza el lunes, incluso en \u00e1reas donde a los civiles palestinos se les ha dicho que busquen refugio, despu\u00e9s de que se permiti\u00f3 la entrada de otro\u2026","rel":"","context":"En \u00abSin categor\u00eda\u00bb","block_context":{"text":"Sin categor\u00eda","link":"https:\/\/lasprimeras.com.do\/index.php\/category\/sin-categoria\/"},"img":{"alt_text":"bombarde\u00f3","src":"https:\/\/i0.wp.com\/lasprimeras.com.do\/wp-content\/uploads\/2023\/10\/ataques.jpg?resize=350%2C200&ssl=1","width":350,"height":200,"srcset":"https:\/\/i0.wp.com\/lasprimeras.com.do\/wp-content\/uploads\/2023\/10\/ataques.jpg?resize=350%2C200&ssl=1 1x, https:\/\/i0.wp.com\/lasprimeras.com.do\/wp-content\/uploads\/2023\/10\/ataques.jpg?resize=525%2C300&ssl=1 1.5x"},"classes":[]},{"id":72033,"url":"https:\/\/lasprimeras.com.do\/index.php\/2023\/12\/26\/fuerzas-israelies-bombardean-centro-de-gaza\/","url_meta":{"origin":97151,"position":3},"title":"Fuerzas israel\u00edes bombardean centro de Gaza","author":"Nelson Feliz","date":"26 de diciembre de 2023","format":false,"excerpt":"POR NAJIB JOBAIN, WAFAA SHURAFA Y SAMY MAGDY RAFAH, Franja de Gaza (AP) \u2014 Las fuerzas israel\u00edes bombardearon el martes campamentos de refugiados palestinos en el centro de Gaza, dijeron residentes, en aparente preparaci\u00f3n para expandir su ofensiva terrestre a una tercera secci\u00f3n del territorio asediado. La apertura de una\u2026","rel":"","context":"En \u00abSin categor\u00eda\u00bb","block_context":{"text":"Sin categor\u00eda","link":"https:\/\/lasprimeras.com.do\/index.php\/category\/sin-categoria\/"},"img":{"alt_text":"BOMBARDEOS","src":"https:\/\/i0.wp.com\/lasprimeras.com.do\/wp-content\/uploads\/2023\/12\/BOMBARDEOS-1.jpg?resize=350%2C200&ssl=1","width":350,"height":200,"srcset":"https:\/\/i0.wp.com\/lasprimeras.com.do\/wp-content\/uploads\/2023\/12\/BOMBARDEOS-1.jpg?resize=350%2C200&ssl=1 1x, https:\/\/i0.wp.com\/lasprimeras.com.do\/wp-content\/uploads\/2023\/12\/BOMBARDEOS-1.jpg?resize=525%2C300&ssl=1 1.5x, https:\/\/i0.wp.com\/lasprimeras.com.do\/wp-content\/uploads\/2023\/12\/BOMBARDEOS-1.jpg?resize=700%2C400&ssl=1 2x"},"classes":[]},{"id":72475,"url":"https:\/\/lasprimeras.com.do\/index.php\/2023\/12\/30\/israel-ataca-siria-tras-el-lanzamiento-de-dos-cohetes-hacia-su-territorio\/","url_meta":{"origin":97151,"position":4},"title":"Israel ataca Siria tras el lanzamiento de dos cohetes hacia su territorio","author":"BIMARY DE JES\u00daS Matos","date":"30 de diciembre de 2023","format":false,"excerpt":"EFE.- El Ej\u00e9rcito de Israel atac\u00f3 este viernes varios puntos en Siria tras el lanzamiento de dos cohetes hacia su territorio, mientras la tensi\u00f3n por la guerra en Gaza sigue alta y las hostilidades con Hizbul\u00e1 se mantienen en la frontera con L\u00edbano. Despu\u00e9s de que las sirenas sonaran en\u2026","rel":"","context":"En \u00abSin categor\u00eda\u00bb","block_context":{"text":"Sin categor\u00eda","link":"https:\/\/lasprimeras.com.do\/index.php\/category\/sin-categoria\/"},"img":{"alt_text":"","src":"https:\/\/i0.wp.com\/lasprimeras.com.do\/wp-content\/uploads\/2023\/12\/WhatsApp-Image-2023-12-29-at-9.00.36-AM-770x540-3.jpeg?resize=350%2C200&ssl=1","width":350,"height":200,"srcset":"https:\/\/i0.wp.com\/lasprimeras.com.do\/wp-content\/uploads\/2023\/12\/WhatsApp-Image-2023-12-29-at-9.00.36-AM-770x540-3.jpeg?resize=350%2C200&ssl=1 1x, https:\/\/i0.wp.com\/lasprimeras.com.do\/wp-content\/uploads\/2023\/12\/WhatsApp-Image-2023-12-29-at-9.00.36-AM-770x540-3.jpeg?resize=525%2C300&ssl=1 1.5x"},"classes":[]},{"id":63886,"url":"https:\/\/lasprimeras.com.do\/index.php\/2023\/10\/16\/la-guerra-con-hamas-deja-unos-100-000-desplazados-internos-en-israel\/","url_meta":{"origin":97151,"position":5},"title":"La guerra con Ham\u00e1s deja unos 100.000 desplazados internos en Israel","author":"BIMARY DE JES\u00daS Matos","date":"16 de octubre de 2023","format":false,"excerpt":"Jerusal\u00e9n, (EFE).- Unos 100.000 israel\u00edes se han desplazado de sus hogares por la guerra contra el grupo islamista palestino Ham\u00e1s, que estall\u00f3 el 7 de octubre, sobre todo habitantes de poblados aleda\u00f1os a las fronteras con la Franja de Gaza y el L\u00edbano, inform\u00f3 este lunes el Ministerio de Defensa\u2026","rel":"","context":"En \u00abSin categor\u00eda\u00bb","block_context":{"text":"Sin categor\u00eda","link":"https:\/\/lasprimeras.com.do\/index.php\/category\/sin-categoria\/"},"img":{"alt_text":"","src":"https:\/\/i0.wp.com\/lasprimeras.com.do\/wp-content\/uploads\/2023\/10\/WhatsApp-Image-2023-10-16-at-11.32.47-AM-1-4.jpeg?resize=350%2C200&ssl=1","width":350,"height":200,"srcset":"https:\/\/i0.wp.com\/lasprimeras.com.do\/wp-content\/uploads\/2023\/10\/WhatsApp-Image-2023-10-16-at-11.32.47-AM-1-4.jpeg?resize=350%2C200&ssl=1 1x, https:\/\/i0.wp.com\/lasprimeras.com.do\/wp-content\/uploads\/2023\/10\/WhatsApp-Image-2023-10-16-at-11.32.47-AM-1-4.jpeg?resize=525%2C300&ssl=1 1.5x, https:\/\/i0.wp.com\/lasprimeras.com.do\/wp-content\/uploads\/2023\/10\/WhatsApp-Image-2023-10-16-at-11.32.47-AM-1-4.jpeg?resize=700%2C400&ssl=1 2x"},"classes":[]}],"jetpack_sharing_enabled":true,"_links":{"self":[{"href":"https:\/\/lasprimeras.com.do\/index.php\/wp-json\/wp\/v2\/posts\/97151","targetHints":{"allow":["GET"]}}],"collection":[{"href":"https:\/\/lasprimeras.com.do\/index.php\/wp-json\/wp\/v2\/posts"}],"about":[{"href":"https:\/\/lasprimeras.com.do\/index.php\/wp-json\/wp\/v2\/types\/post"}],"author":[{"embeddable":true,"href":"https:\/\/lasprimeras.com.do\/index.php\/wp-json\/wp\/v2\/users\/2"}],"replies":[{"embeddable":true,"href":"https:\/\/lasprimeras.com.do\/index.php\/wp-json\/wp\/v2\/comments?post=97151"}],"version-history":[{"count":1,"href":"https:\/\/lasprimeras.com.do\/index.php\/wp-json\/wp\/v2\/posts\/97151\/revisions"}],"predecessor-version":[{"id":97153,"href":"https:\/\/lasprimeras.com.do\/index.php\/wp-json\/wp\/v2\/posts\/97151\/revisions\/97153"}],"wp:featuredmedia":[{"embeddable":true,"href":"https:\/\/lasprimeras.com.do\/index.php\/wp-json\/wp\/v2\/media\/97152"}],"wp:attachment":[{"href":"https:\/\/lasprimeras.com.do\/index.php\/wp-json\/wp\/v2\/media?parent=97151"}],"wp:term":[{"taxonomy":"category","embeddable":true,"href":"https:\/\/lasprimeras.com.do\/index.php\/wp-json\/wp\/v2\/categories?post=97151"},{"taxonomy":"post_tag","embeddable":true,"href":"https:\/\/lasprimeras.com.do\/index.php\/wp-json\/wp\/v2\/tags?post=97151"}],"curies":[{"name":"wp","href":"https:\/\/api.w.org\/{rel}","templated":true}]}}