{"id":97232,"date":"2025-04-15T12:48:35","date_gmt":"2025-04-15T16:48:35","guid":{"rendered":"https:\/\/lasprimeras.com.do\/?p=97232"},"modified":"2025-04-17T12:52:35","modified_gmt":"2025-04-17T16:52:35","slug":"sarita-valdezinstalaciones-y-facilidades-inadecuadas-en-instituto-de-patologia-forense","status":"publish","type":"post","link":"https:\/\/lasprimeras.com.do\/index.php\/2025\/04\/15\/sarita-valdezinstalaciones-y-facilidades-inadecuadas-en-instituto-de-patologia-forense\/","title":{"rendered":"Sarita Valdez:Instalaciones y facilidades inadecuadas en Instituto de Patolog\u00eda Forense"},"content":{"rendered":"\n<p><strong>El pat\u00f3logo Sergio Sarita Valdez reiter\u00f3 la necesidad de contar con servicios adecuados de Patolog\u00eda Forense en el pa\u00eds.<\/strong><\/p>\n\n\n\n<p>El Pat\u00f3logo Sergio Sarita Valdez reiter\u00f3 su queja de las razones por las que NO se cuenta en el pa\u00eds con las instalaciones y facilidades para brindar un servicio adecuado de Patolog\u00eda Forense.<\/p>\n\n\n\n<p>En su reflexi\u00f3n, publicada en su habitual columna de los martes en el peri\u00f3dico Hoy, reproducida en diferentes medios digitales, el maestro de la medicina, insisti\u00f3 en la necesidad de contar con \u201cun centro de acopio de cad\u00e1veres con la capacidad para guardar bajo refrigeraci\u00f3n a las v\u00edctimas mortales de una cat\u00e1strofe que envuelve a m\u00e1s de un centenar de personas\u201d.<\/p>\n\n\n\n<p>Dijo que su sugerencia para que se construya una edificaci\u00f3n acorde con las demandas presentes y futuras, ha ca\u00eddo en el vac\u00edo.<\/p>\n\n\n\n<p>\u00abConscientes del auge poblacional y extensi\u00f3n territorial de la capital dominicana insistimos en la necesidad de un terreno amplio y bien ubicado para construir una edificaci\u00f3n acorde con las demandas presentes y futuras. Logramos identificar el espacio ideal en los terrenos del antiguo can\u00f3dromo capitalino. <\/p>\n\n\n\n<p>Un arquitecto elabor\u00f3 los planos, que fueron entregados a las m\u00e1s altas instancias de gobierno. Sin embargo, solo encontramos desidia, simulaci\u00f3n y mentiras. Llevamos nuestra propuesta al Congreso, pero los opositores al proyecto lograron frustrar nuestro prop\u00f3sito\u201d, se quej\u00f3 Sarita Valdez.<\/p>\n\n\n\n<p>Record\u00f3 el m\u00e9dico pat\u00f3logo que a lo largo de los a\u00f1os varias cat\u00e1strofes humanas mortales han provocado desesperaci\u00f3n e indignaci\u00f3n en la poblaci\u00f3n.<\/p>\n\n\n\n<p>Concluy\u00f3 su escrito con el anhelo de que \u201cel algoritmo de la inteligencia artificial asista a la voluntad pol\u00edtica de turno para dotar al pa\u00eds de la infraestructura, herramientas y personal bien remunerado para atender urgencias cadav\u00e9ricas masivas cuando estas ocurran\u201d.<\/p>\n","protected":false},"excerpt":{"rendered":"<p>El pat\u00f3logo Sergio Sarita Valdez reiter\u00f3 la necesidad de contar con servicios adecuados de Patolog\u00eda Forense en el pa\u00eds. El Pat\u00f3logo Sergio Sarita Valdez reiter\u00f3 su queja de las razones&hellip;<\/p>\n","protected":false},"author":2,"featured_media":97233,"comment_status":"open","ping_status":"open","sticky":false,"template":"","format":"standard","meta":{"content-type":"","jetpack_post_was_ever_published":false,"_jetpack_newsletter_access":"","_jetpack_dont_email_post_to_subs":false,"_jetpack_newsletter_tier_id":0,"_jetpack_memberships_contains_paywalled_content":false,"_jetpack_memberships_contains_paid_content":false,"footnotes":""},"categories":[16558],"tags":[18849,18850,840,18851,18848],"class_list":["post-97232","post","type-post","status-publish","format-standard","has-post-thumbnail","hentry","category-salud","tag-facilidades","tag-inadecuadas","tag-instalaciones","tag-instituto-de-patologia-forense","tag-sergio-sarita-valdez"],"jetpack_featured_media_url":"https:\/\/lasprimeras.com.do\/wp-content\/uploads\/2025\/04\/Sergio-Sarita-Valdez.jpeg","jetpack-related-posts":[{"id":96822,"url":"https:\/\/lasprimeras.com.do\/index.php\/2025\/04\/08\/patologia-forense-suspende-hasta-manana-la-identificacion-de-cadaveres-de-la-tragedia-de-jet-set\/","url_meta":{"origin":97232,"position":0},"title":"Patolog\u00eda Forense suspende hasta ma\u00f1ana la identificaci\u00f3n de cad\u00e1veres de la tragedia de Jet Set","author":"Nelson Feliz","date":"8 de abril de 2025","format":false,"excerpt":"Las autoridades invitaron a los familiares a regresar este mi\u00e9rcoles a partir de las 7:00 de la ma\u00f1ana. El Instituto Nacional de Patolog\u00eda Forense suspendi\u00f3 hasta ma\u00f1ana la identificaci\u00f3n de cad\u00e1veres por el colapso del techo de la discoteca Jet Set. La tragedia se produjo la madrugada de este martes\u2026","rel":"","context":"En \u00abNACIONALES\u00bb","block_context":{"text":"NACIONALES","link":"https:\/\/lasprimeras.com.do\/index.php\/category\/nacionales\/"},"img":{"alt_text":"","src":"https:\/\/i0.wp.com\/lasprimeras.com.do\/wp-content\/uploads\/2025\/04\/Patologia-Forense.jpg?resize=350%2C200&ssl=1","width":350,"height":200,"srcset":"https:\/\/i0.wp.com\/lasprimeras.com.do\/wp-content\/uploads\/2025\/04\/Patologia-Forense.jpg?resize=350%2C200&ssl=1 1x, https:\/\/i0.wp.com\/lasprimeras.com.do\/wp-content\/uploads\/2025\/04\/Patologia-Forense.jpg?resize=525%2C300&ssl=1 1.5x"},"classes":[]},{"id":116336,"url":"https:\/\/lasprimeras.com.do\/index.php\/2025\/11\/30\/estado-entrega-a-la-pgr-terreno-clave-para-transformar-el-inacif-en-un-modelo-forense-nacional\/","url_meta":{"origin":97232,"position":1},"title":"Estado entrega a la PGR terreno clave para transformar el Inacif en un modelo forense nacional","author":"Nelson Feliz","date":"30 de noviembre de 2025","format":false,"excerpt":"El espacio ser\u00e1 destinado a nuevas instalaciones para las \u00e1reas de investigaci\u00f3n y morgue, dotadas de tecnolog\u00eda avanzada y mejores facilidades de acceso para la poblaci\u00f3n. La Procuradur\u00eda General de la Rep\u00fablica (PGR) dio inicio a la implementaci\u00f3n de un plan de modernizaci\u00f3n del Instituto Nacional de Ciencias Forenses (Inacif),\u2026","rel":"","context":"En \u00abJUSTICIA\u00bb","block_context":{"text":"JUSTICIA","link":"https:\/\/lasprimeras.com.do\/index.php\/category\/justicia\/"},"img":{"alt_text":"","src":"https:\/\/i0.wp.com\/lasprimeras.com.do\/wp-content\/uploads\/2025\/11\/Yeni-Berenice-Reynoso-firmo-el-contrato-con-Rafael-Burgos-Gomez.jpg?resize=350%2C200&ssl=1","width":350,"height":200,"srcset":"https:\/\/i0.wp.com\/lasprimeras.com.do\/wp-content\/uploads\/2025\/11\/Yeni-Berenice-Reynoso-firmo-el-contrato-con-Rafael-Burgos-Gomez.jpg?resize=350%2C200&ssl=1 1x, https:\/\/i0.wp.com\/lasprimeras.com.do\/wp-content\/uploads\/2025\/11\/Yeni-Berenice-Reynoso-firmo-el-contrato-con-Rafael-Burgos-Gomez.jpg?resize=525%2C300&ssl=1 1.5x, https:\/\/i0.wp.com\/lasprimeras.com.do\/wp-content\/uploads\/2025\/11\/Yeni-Berenice-Reynoso-firmo-el-contrato-con-Rafael-Burgos-Gomez.jpg?resize=700%2C400&ssl=1 2x"},"classes":[]},{"id":127389,"url":"https:\/\/lasprimeras.com.do\/index.php\/2026\/04\/11\/ugtd-45-anos-del-asesinato-de-marcelino-vega-y-ciprian-valdez\/","url_meta":{"origin":97232,"position":2},"title":"UGTD: 45 a\u00f1os del asesinato de Marcelino Vega y Cipri\u00e1n Valdez","author":"Nelson Feliz","date":"11 de abril de 2026","format":false,"excerpt":"La Union General de Trabajadores Dominicanos, record\u00f3 el 45 Aniversario de la muerte del periodista Marcelino Vega y el canillista Ciprian Valdez, quienes fueron ultimados a tiros cuando cubr\u00edan las incidencias de una protesta de los trabajadores del Ayuntamiento Distrito Nacional para que se les aumentara su salario. Ante esa\u2026","rel":"","context":"En \u00abNACIONALES\u00bb","block_context":{"text":"NACIONALES","link":"https:\/\/lasprimeras.com.do\/index.php\/category\/nacionales\/"},"img":{"alt_text":"Casimiro Laurencio","src":"https:\/\/i0.wp.com\/lasprimeras.com.do\/wp-content\/uploads\/2026\/04\/Casimiro-Laurencio.jpg?resize=350%2C200&ssl=1","width":350,"height":200,"srcset":"https:\/\/i0.wp.com\/lasprimeras.com.do\/wp-content\/uploads\/2026\/04\/Casimiro-Laurencio.jpg?resize=350%2C200&ssl=1 1x, https:\/\/i0.wp.com\/lasprimeras.com.do\/wp-content\/uploads\/2026\/04\/Casimiro-Laurencio.jpg?resize=525%2C300&ssl=1 1.5x"},"classes":[]},{"id":107331,"url":"https:\/\/lasprimeras.com.do\/index.php\/2025\/08\/25\/revelan-nombre-de-mujer-que-enveneno-a-sus-tres-hijos-y-luego-se-suicido-en-el-ensanche-isabelita\/","url_meta":{"origin":97232,"position":3},"title":"Revelan nombre de mujer que envenen\u00f3 a sus tres hijos y luego se suicid\u00f3 en el Ensanche Isabelita","author":"Nelson Feliz","date":"25 de agosto de 2025","format":false,"excerpt":"Agentes de la Polic\u00eda Nacional, en coordinaci\u00f3n con el Ministerio P\u00fablico, investigan las reales circunstancias en que una madre de 36 a\u00f1os habr\u00eda ocasionado la muerte por envenenamiento de sus tres hijos, de 11, 9 y 7 a\u00f1os de edad, y posteriormente se suicid\u00f3 al ingerir la misma sustancia t\u00f3xica,\u2026","rel":"","context":"En \u00abMILITARES\u00bb","block_context":{"text":"MILITARES","link":"https:\/\/lasprimeras.com.do\/index.php\/category\/militares\/"},"img":{"alt_text":"","src":"https:\/\/i0.wp.com\/lasprimeras.com.do\/wp-content\/uploads\/2025\/08\/lamentan.jpg?resize=350%2C200&ssl=1","width":350,"height":200,"srcset":"https:\/\/i0.wp.com\/lasprimeras.com.do\/wp-content\/uploads\/2025\/08\/lamentan.jpg?resize=350%2C200&ssl=1 1x, https:\/\/i0.wp.com\/lasprimeras.com.do\/wp-content\/uploads\/2025\/08\/lamentan.jpg?resize=525%2C300&ssl=1 1.5x"},"classes":[]},{"id":122744,"url":"https:\/\/lasprimeras.com.do\/index.php\/2026\/02\/20\/inabie-pone-en-funcionamiento-modulo-de-salud-bucal-en-villa-vasquez\/","url_meta":{"origin":97232,"position":4},"title":"INABIE pone en funcionamiento m\u00f3dulo de salud bucal en Villa V\u00e1squez","author":"Nelson Feliz","date":"20 de febrero de 2026","format":false,"excerpt":"Con esta nueva unidad odontol\u00f3gica, la instituci\u00f3n suma 60 m\u00f3dulos instalados en centros educativos del pa\u00eds. El Instituto Nacional de Bienestar Estudiantil (INABIE) puso en funcionamiento un nuevo m\u00f3dulo de salud bucal en el Centro Educativo Leopoldo Miguel Navarro, de Villa V\u00e1squez, para beneficiar a 6,152 estudiantes del Distrito Educativo\u2026","rel":"","context":"En \u00abSALUD\u00bb","block_context":{"text":"SALUD","link":"https:\/\/lasprimeras.com.do\/index.php\/category\/salud\/"},"img":{"alt_text":"","src":"https:\/\/i0.wp.com\/lasprimeras.com.do\/wp-content\/uploads\/2026\/02\/INABIE-pone-en-funcionamiento-modulo-de-salud-bucal-2.jpg?resize=350%2C200&ssl=1","width":350,"height":200,"srcset":"https:\/\/i0.wp.com\/lasprimeras.com.do\/wp-content\/uploads\/2026\/02\/INABIE-pone-en-funcionamiento-modulo-de-salud-bucal-2.jpg?resize=350%2C200&ssl=1 1x, https:\/\/i0.wp.com\/lasprimeras.com.do\/wp-content\/uploads\/2026\/02\/INABIE-pone-en-funcionamiento-modulo-de-salud-bucal-2.jpg?resize=525%2C300&ssl=1 1.5x, https:\/\/i0.wp.com\/lasprimeras.com.do\/wp-content\/uploads\/2026\/02\/INABIE-pone-en-funcionamiento-modulo-de-salud-bucal-2.jpg?resize=700%2C400&ssl=1 2x"},"classes":[]},{"id":96875,"url":"https:\/\/lasprimeras.com.do\/index.php\/2025\/04\/09\/se-eleva-a-184-cifra-de-fallecidos-por-el-derrumbe-en-la-discoteca-jet-set\/","url_meta":{"origin":97232,"position":5},"title":"Se eleva a 184 cifra de fallecidos por el derrumbe en la discoteca Jet Set","author":"Nelson Feliz","date":"9 de abril de 2025","format":false,"excerpt":"El director del COE, Juan Manuel M\u00e9ndez, dijo que la b\u00fasqueda no se detendr\u00e1 mientras haya v\u00edctimas. El director del Centro de Operaciones de Emergencia (COE), Juan Manuel M\u00e9ndez, inform\u00f3 la noche de este mi\u00e9rcoles que la cifra de fallecidos por el colapso del techo de la discoteca Jet Set\u2026","rel":"","context":"En \u00abNACIONALES\u00bb","block_context":{"text":"NACIONALES","link":"https:\/\/lasprimeras.com.do\/index.php\/category\/nacionales\/"},"img":{"alt_text":"El director del COE, Juan Manuel M\u00e9ndez, ofrece informaci\u00f3n actualizada sobre las v\u00edctimas y trabajos de b\u00fasqueda en la discoteca Jet Set.","src":"https:\/\/i0.wp.com\/lasprimeras.com.do\/wp-content\/uploads\/2025\/04\/Juan-Manuel-Mendez-1.jpg?resize=350%2C200&ssl=1","width":350,"height":200,"srcset":"https:\/\/i0.wp.com\/lasprimeras.com.do\/wp-content\/uploads\/2025\/04\/Juan-Manuel-Mendez-1.jpg?resize=350%2C200&ssl=1 1x, https:\/\/i0.wp.com\/lasprimeras.com.do\/wp-content\/uploads\/2025\/04\/Juan-Manuel-Mendez-1.jpg?resize=525%2C300&ssl=1 1.5x, https:\/\/i0.wp.com\/lasprimeras.com.do\/wp-content\/uploads\/2025\/04\/Juan-Manuel-Mendez-1.jpg?resize=700%2C400&ssl=1 2x"},"classes":[]}],"jetpack_sharing_enabled":true,"_links":{"self":[{"href":"https:\/\/lasprimeras.com.do\/index.php\/wp-json\/wp\/v2\/posts\/97232","targetHints":{"allow":["GET"]}}],"collection":[{"href":"https:\/\/lasprimeras.com.do\/index.php\/wp-json\/wp\/v2\/posts"}],"about":[{"href":"https:\/\/lasprimeras.com.do\/index.php\/wp-json\/wp\/v2\/types\/post"}],"author":[{"embeddable":true,"href":"https:\/\/lasprimeras.com.do\/index.php\/wp-json\/wp\/v2\/users\/2"}],"replies":[{"embeddable":true,"href":"https:\/\/lasprimeras.com.do\/index.php\/wp-json\/wp\/v2\/comments?post=97232"}],"version-history":[{"count":1,"href":"https:\/\/lasprimeras.com.do\/index.php\/wp-json\/wp\/v2\/posts\/97232\/revisions"}],"predecessor-version":[{"id":97234,"href":"https:\/\/lasprimeras.com.do\/index.php\/wp-json\/wp\/v2\/posts\/97232\/revisions\/97234"}],"wp:featuredmedia":[{"embeddable":true,"href":"https:\/\/lasprimeras.com.do\/index.php\/wp-json\/wp\/v2\/media\/97233"}],"wp:attachment":[{"href":"https:\/\/lasprimeras.com.do\/index.php\/wp-json\/wp\/v2\/media?parent=97232"}],"wp:term":[{"taxonomy":"category","embeddable":true,"href":"https:\/\/lasprimeras.com.do\/index.php\/wp-json\/wp\/v2\/categories?post=97232"},{"taxonomy":"post_tag","embeddable":true,"href":"https:\/\/lasprimeras.com.do\/index.php\/wp-json\/wp\/v2\/tags?post=97232"}],"curies":[{"name":"wp","href":"https:\/\/api.w.org\/{rel}","templated":true}]}}