{"id":97235,"date":"2025-04-17T13:07:02","date_gmt":"2025-04-17T17:07:02","guid":{"rendered":"https:\/\/lasprimeras.com.do\/?p=97235"},"modified":"2025-04-17T13:07:03","modified_gmt":"2025-04-17T17:07:03","slug":"policia-municipal-lideres-comunitarios-y-la-digesett-garantizan-la-seguridad-vial-en-semana-santa","status":"publish","type":"post","link":"https:\/\/lasprimeras.com.do\/index.php\/2025\/04\/17\/policia-municipal-lideres-comunitarios-y-la-digesett-garantizan-la-seguridad-vial-en-semana-santa\/","title":{"rendered":"Polic\u00eda Municipal, L\u00edderes Comunitarios y la DIGESETT garantizan la Seguridad Vial en Semana Santa"},"content":{"rendered":"\n<p>Un total de 225 miembros, compuestos por Polic\u00eda Municipal de Santo Domingo Este, Polic\u00eda Auxiliar y l\u00edderes comunitarios de Ban\u00ed, se han comprometido a brindar apoyo a los agentes de la Direcci\u00f3n General de Seguridad de Tr\u00e1nsito y Transporte Terrestre (DIGESETT) para prevenir accidentes durante la Semana Santa.<\/p>\n\n\n\n<p>Este operativo especial, que se llevar\u00e1 a cabo durante los d\u00edas de asueto, contar\u00e1 con la participaci\u00f3n de 50 L\u00edderes Comunitarios de Bani, 150 agentes de la Polic\u00eda Municipal de Santo Domingo Este y 25 Polic\u00edas Auxiliares.<\/p>\n\n\n\n<p>La colaboraci\u00f3n reforzar\u00e1 las acciones de vigilancia y asistencia en las principales v\u00edas de la regi\u00f3n, asegurando as\u00ed un tr\u00e1nsito seguro para los miles de familias y viajeros que se desplazar\u00e1n en esta Semana Santa.<\/p>\n\n\n\n<p>Todos ellos han recibido capacitaci\u00f3n especializada en educaci\u00f3n vial y operaciones de tr\u00e1nsito, dot\u00e1ndolos de las herramientas y conocimientos necesarios para desempe\u00f1ar su labor de manera efectiva.<\/p>\n\n\n\n<p>El director de la DIGESETT, general Pascual Cruz M\u00e9ndez, expres\u00f3 su agradecimiento a todos los involucrados por su compromiso con la seguridad vial.<\/p>\n\n\n\n<p>&#8220;Con esta colaboraci\u00f3n, buscamos crear un ambiente seguro para que todos disfruten de estas Semana Santa de manera tranquila&#8221;, afirm\u00f3.<\/p>\n\n\n\n<p>Los l\u00edderes comunitarios de Bani desempe\u00f1ar\u00e1n un papel importante como intermediarios entre la comunidad y las autoridades, ayudando a concienciar a los ciudadanos sobre la importancia de respetar las normativas de tr\u00e1nsito y conducir de manera responsable.<\/p>\n\n\n\n<p>Por su parte, la Polic\u00eda Municipal y la Polic\u00eda Auxiliar estar\u00e1n desplegadas en puntos estrat\u00e9gicos, reforzando la vigilancia y atenci\u00f3n junto a los agentes de tr\u00e1nsito.<\/p>\n\n\n\n<p>La DIGESETT solicita a los conductores y peatones que mantengan la precauci\u00f3n en las v\u00edas y respeten las se\u00f1ales de tr\u00e1nsito. Asimismo, record\u00f3 que la responsabilidad es de todos y que cada acci\u00f3n cuenta hacia la prevenci\u00f3n de accidentes de tr\u00e1nsito.<\/p>\n","protected":false},"excerpt":{"rendered":"<p>Un total de 225 miembros, compuestos por Polic\u00eda Municipal de Santo Domingo Este, Polic\u00eda Auxiliar y l\u00edderes comunitarios de Ban\u00ed, se han comprometido a brindar apoyo a los agentes de&hellip;<\/p>\n","protected":false},"author":2,"featured_media":97236,"comment_status":"open","ping_status":"open","sticky":false,"template":"","format":"standard","meta":{"content-type":"","jetpack_post_was_ever_published":false,"_jetpack_newsletter_access":"","_jetpack_dont_email_post_to_subs":false,"_jetpack_newsletter_tier_id":0,"_jetpack_memberships_contains_paywalled_content":false,"_jetpack_memberships_contains_paid_content":false,"footnotes":""},"categories":[35],"tags":[244,18852,18804,3446,12198],"class_list":["post-97235","post","type-post","status-publish","format-standard","has-post-thumbnail","hentry","category-nacionales","tag-digesett","tag-lideres-comunitarios","tag-policia-municipal","tag-seguridad-vial","tag-semana-santa"],"jetpack_featured_media_url":"https:\/\/lasprimeras.com.do\/wp-content\/uploads\/2025\/04\/digessett.jpg","jetpack-related-posts":[{"id":125475,"url":"https:\/\/lasprimeras.com.do\/index.php\/2026\/03\/23\/digesett-coordina-acciones-para-fortalecer-la-seguridad-vial-previo-semana-santa\/","url_meta":{"origin":97235,"position":0},"title":"DIGESETT coordina acciones para fortalecer la seguridad vial previo Semana Santa","author":"Nelson Feliz","date":"23 de marzo de 2026","format":false,"excerpt":"Autoridades y comunitarios plantean inquietudes sobre el tr\u00e1nsito en zonas cr\u00edticas. El director de la Direcci\u00f3n General de Seguridad de Tr\u00e1nsito y Transporte Terrestre (DIGESETT), general Pascual Cruz M\u00e9ndez, realiz\u00f3 un recorrido por el municipio de Las Terrenas, provincia de Saman\u00e1. Cruz M\u00e9ndez, sostuvo encuentro con la gobernadora provincial, Teodora\u2026","rel":"","context":"En \u00abNACIONALES\u00bb","block_context":{"text":"NACIONALES","link":"https:\/\/lasprimeras.com.do\/index.php\/category\/nacionales\/"},"img":{"alt_text":"DIGESETT","src":"https:\/\/i0.wp.com\/lasprimeras.com.do\/wp-content\/uploads\/2026\/03\/DIGESETT-1.jpg?resize=350%2C200&ssl=1","width":350,"height":200,"srcset":"https:\/\/i0.wp.com\/lasprimeras.com.do\/wp-content\/uploads\/2026\/03\/DIGESETT-1.jpg?resize=350%2C200&ssl=1 1x, https:\/\/i0.wp.com\/lasprimeras.com.do\/wp-content\/uploads\/2026\/03\/DIGESETT-1.jpg?resize=525%2C300&ssl=1 1.5x, https:\/\/i0.wp.com\/lasprimeras.com.do\/wp-content\/uploads\/2026\/03\/DIGESETT-1.jpg?resize=700%2C400&ssl=1 2x"},"classes":[]},{"id":125638,"url":"https:\/\/lasprimeras.com.do\/index.php\/2026\/03\/23\/digesett-inicia-campana-preventiva-denominada-ruta-cero-en-higuey-previo-a-semana-santa-2026\/","url_meta":{"origin":97235,"position":1},"title":"DIGESETT inicia campa\u00f1a preventiva denominada \u201cRuta Cero\u201d en Hig\u00fcey previo a Semana Santa 2026","author":"Nelson Feliz","date":"23 de marzo de 2026","format":false,"excerpt":"La Direcci\u00f3n General de Seguridad de Tr\u00e1nsito y Transporte Terrestre (DIGESETT) inici\u00f3 en el municipio de Hig\u00fcey, provincia La Altagracia, su campa\u00f1a denominada \u201cRuta Cero\u201d, una jornada de concientizaci\u00f3n vial que se est\u00e1 llevando a cabo previo al asueto de la Semana Santa 2026, con el objetivo de crear conciencia\u2026","rel":"","context":"En \u00abNACIONALES\u00bb","block_context":{"text":"NACIONALES","link":"https:\/\/lasprimeras.com.do\/index.php\/category\/nacionales\/"},"img":{"alt_text":"","src":"https:\/\/i0.wp.com\/lasprimeras.com.do\/wp-content\/uploads\/2026\/03\/RUTA0.jpeg?resize=350%2C200&ssl=1","width":350,"height":200,"srcset":"https:\/\/i0.wp.com\/lasprimeras.com.do\/wp-content\/uploads\/2026\/03\/RUTA0.jpeg?resize=350%2C200&ssl=1 1x, https:\/\/i0.wp.com\/lasprimeras.com.do\/wp-content\/uploads\/2026\/03\/RUTA0.jpeg?resize=525%2C300&ssl=1 1.5x, https:\/\/i0.wp.com\/lasprimeras.com.do\/wp-content\/uploads\/2026\/03\/RUTA0.jpeg?resize=700%2C400&ssl=1 2x, https:\/\/i0.wp.com\/lasprimeras.com.do\/wp-content\/uploads\/2026\/03\/RUTA0.jpeg?resize=1050%2C600&ssl=1 3x"},"classes":[]},{"id":126188,"url":"https:\/\/lasprimeras.com.do\/index.php\/2026\/03\/30\/digesett-culmina-su-campana-ruta-cero-en-bani\/","url_meta":{"origin":97235,"position":2},"title":"DIGESETT culmina su campa\u00f1a \u201cRuta Cero\u201d en Ban\u00ed","author":"Nelson Feliz","date":"30 de marzo de 2026","format":false,"excerpt":"Fortalece llamado a la conciencia vial en Semana Santa 2026 La Direcci\u00f3n General de Seguridad de Tr\u00e1nsito y Transporte Terrestre (DIGESETT) culmin\u00f3 su campa\u00f1a nacional denominada \u201cRuta Cero\u201d en el municipio de Ban\u00ed, provincia Peravia, como parte del despliegue preventivo que se desarrolla en todo el pa\u00eds previo a la\u2026","rel":"","context":"En \u00abNACIONALES\u00bb","block_context":{"text":"NACIONALES","link":"https:\/\/lasprimeras.com.do\/index.php\/category\/nacionales\/"},"img":{"alt_text":"","src":"https:\/\/i0.wp.com\/lasprimeras.com.do\/wp-content\/uploads\/2026\/03\/RB12.jpg?resize=350%2C200&ssl=1","width":350,"height":200,"srcset":"https:\/\/i0.wp.com\/lasprimeras.com.do\/wp-content\/uploads\/2026\/03\/RB12.jpg?resize=350%2C200&ssl=1 1x, https:\/\/i0.wp.com\/lasprimeras.com.do\/wp-content\/uploads\/2026\/03\/RB12.jpg?resize=525%2C300&ssl=1 1.5x, https:\/\/i0.wp.com\/lasprimeras.com.do\/wp-content\/uploads\/2026\/03\/RB12.jpg?resize=700%2C400&ssl=1 2x"},"classes":[]},{"id":97133,"url":"https:\/\/lasprimeras.com.do\/index.php\/2025\/04\/16\/digesett-incorporara-policia-municipal-en-labores-de-viabilidad-del-transito-en-sde\/","url_meta":{"origin":97235,"position":3},"title":"DIGESETT incorporara Polic\u00eda Municipal en labores de viabilidad del tr\u00e1nsito en SDE","author":"Nelson Feliz","date":"16 de abril de 2025","format":false,"excerpt":"Los incumbentes de la Direcci\u00f3n General de Seguridad de Tr\u00e1nsito y Transporte Terrestre (DIGESETT), la Alcald\u00eda de Santo Domingo Este y el Instituto Nacional de Tr\u00e1nsito y Transporte Terrestre (INTRANT), incorporaran a miembros de la Polic\u00eda Municipal a las labores de vigilancia del tr\u00e1nsito en Santo Domingo Este. En una\u2026","rel":"","context":"En \u00abNACIONALES\u00bb","block_context":{"text":"NACIONALES","link":"https:\/\/lasprimeras.com.do\/index.php\/category\/nacionales\/"},"img":{"alt_text":"","src":"https:\/\/i0.wp.com\/lasprimeras.com.do\/wp-content\/uploads\/2025\/04\/acuerdo.jpg?resize=350%2C200&ssl=1","width":350,"height":200,"srcset":"https:\/\/i0.wp.com\/lasprimeras.com.do\/wp-content\/uploads\/2025\/04\/acuerdo.jpg?resize=350%2C200&ssl=1 1x, https:\/\/i0.wp.com\/lasprimeras.com.do\/wp-content\/uploads\/2025\/04\/acuerdo.jpg?resize=525%2C300&ssl=1 1.5x"},"classes":[]},{"id":67401,"url":"https:\/\/lasprimeras.com.do\/index.php\/2023\/11\/15\/cambio-de-mando-en-digesett-compromiso-renovado-con-la-seguridad-vial\/","url_meta":{"origin":97235,"position":4},"title":"Cambio de mando en DIGESETT: compromiso renovado con la seguridad vial","author":"Nelson Feliz","date":"15 de noviembre de 2023","format":false,"excerpt":"Por Mart\u00edn Restituyo El director General de la Polic\u00eda Nacional, mayor general Ram\u00f3n Antonio Guzm\u00e1n Peralta, posesion\u00f3 al nuevo titular de la Direcci\u00f3n General de Seguridad de Tr\u00e1nsito y Transporte Terrestre (DIGESETT), general Francisco Osoria De La Cruz. Osoria De La Cruz, investido en su nuevo rol por designaci\u00f3n directa\u2026","rel":"","context":"En \u00abMILITARES\u00bb","block_context":{"text":"MILITARES","link":"https:\/\/lasprimeras.com.do\/index.php\/category\/militares\/"},"img":{"alt_text":"DIGESETT","src":"https:\/\/i0.wp.com\/lasprimeras.com.do\/wp-content\/uploads\/2023\/11\/DIGESETT-1.jpg?resize=350%2C200&ssl=1","width":350,"height":200,"srcset":"https:\/\/i0.wp.com\/lasprimeras.com.do\/wp-content\/uploads\/2023\/11\/DIGESETT-1.jpg?resize=350%2C200&ssl=1 1x, https:\/\/i0.wp.com\/lasprimeras.com.do\/wp-content\/uploads\/2023\/11\/DIGESETT-1.jpg?resize=525%2C300&ssl=1 1.5x, https:\/\/i0.wp.com\/lasprimeras.com.do\/wp-content\/uploads\/2023\/11\/DIGESETT-1.jpg?resize=700%2C400&ssl=1 2x"},"classes":[]},{"id":75124,"url":"https:\/\/lasprimeras.com.do\/index.php\/2024\/01\/29\/digesett-detiene-motocicletas-corredoras-y-vehiculos-en-carreras-clandestinas\/","url_meta":{"origin":97235,"position":5},"title":"DIGESETT detiene motocicletas corredoras y veh\u00edculos en carreras clandestinas","author":"BIMARY DE JES\u00daS Matos","date":"29 de enero de 2024","format":false,"excerpt":"Martin Restituyo Santo DomingoEn coordinaci\u00f3n con la Polic\u00eda Preventiva y el departamento de Inteligencia Vial de la Direcci\u00f3n General de Seguridad de Tr\u00e1nsito y Transporte Terrestre (DIGESETT) se logr\u00f3 detener cinco (5) motocicletas conocidas como \"corredoras\" y tres (3) veh\u00edculos utilizados como transporte en las carreras clandestinas. Estas motocicletas, que\u2026","rel":"","context":"En \u00abPORTADA\u00bb","block_context":{"text":"PORTADA","link":"https:\/\/lasprimeras.com.do\/index.php\/category\/portada\/"},"img":{"alt_text":"","src":"https:\/\/i0.wp.com\/lasprimeras.com.do\/wp-content\/uploads\/2024\/01\/WhatsApp-Image-2024-01-29-at-3.07.47-PM.jpeg?resize=350%2C200&ssl=1","width":350,"height":200,"srcset":"https:\/\/i0.wp.com\/lasprimeras.com.do\/wp-content\/uploads\/2024\/01\/WhatsApp-Image-2024-01-29-at-3.07.47-PM.jpeg?resize=350%2C200&ssl=1 1x, https:\/\/i0.wp.com\/lasprimeras.com.do\/wp-content\/uploads\/2024\/01\/WhatsApp-Image-2024-01-29-at-3.07.47-PM.jpeg?resize=525%2C300&ssl=1 1.5x, https:\/\/i0.wp.com\/lasprimeras.com.do\/wp-content\/uploads\/2024\/01\/WhatsApp-Image-2024-01-29-at-3.07.47-PM.jpeg?resize=700%2C400&ssl=1 2x, https:\/\/i0.wp.com\/lasprimeras.com.do\/wp-content\/uploads\/2024\/01\/WhatsApp-Image-2024-01-29-at-3.07.47-PM.jpeg?resize=1050%2C600&ssl=1 3x"},"classes":[]}],"jetpack_sharing_enabled":true,"_links":{"self":[{"href":"https:\/\/lasprimeras.com.do\/index.php\/wp-json\/wp\/v2\/posts\/97235","targetHints":{"allow":["GET"]}}],"collection":[{"href":"https:\/\/lasprimeras.com.do\/index.php\/wp-json\/wp\/v2\/posts"}],"about":[{"href":"https:\/\/lasprimeras.com.do\/index.php\/wp-json\/wp\/v2\/types\/post"}],"author":[{"embeddable":true,"href":"https:\/\/lasprimeras.com.do\/index.php\/wp-json\/wp\/v2\/users\/2"}],"replies":[{"embeddable":true,"href":"https:\/\/lasprimeras.com.do\/index.php\/wp-json\/wp\/v2\/comments?post=97235"}],"version-history":[{"count":1,"href":"https:\/\/lasprimeras.com.do\/index.php\/wp-json\/wp\/v2\/posts\/97235\/revisions"}],"predecessor-version":[{"id":97237,"href":"https:\/\/lasprimeras.com.do\/index.php\/wp-json\/wp\/v2\/posts\/97235\/revisions\/97237"}],"wp:featuredmedia":[{"embeddable":true,"href":"https:\/\/lasprimeras.com.do\/index.php\/wp-json\/wp\/v2\/media\/97236"}],"wp:attachment":[{"href":"https:\/\/lasprimeras.com.do\/index.php\/wp-json\/wp\/v2\/media?parent=97235"}],"wp:term":[{"taxonomy":"category","embeddable":true,"href":"https:\/\/lasprimeras.com.do\/index.php\/wp-json\/wp\/v2\/categories?post=97235"},{"taxonomy":"post_tag","embeddable":true,"href":"https:\/\/lasprimeras.com.do\/index.php\/wp-json\/wp\/v2\/tags?post=97235"}],"curies":[{"name":"wp","href":"https:\/\/api.w.org\/{rel}","templated":true}]}}