{"id":97238,"date":"2025-04-17T13:14:14","date_gmt":"2025-04-17T17:14:14","guid":{"rendered":"https:\/\/lasprimeras.com.do\/?p=97238"},"modified":"2025-04-17T13:14:15","modified_gmt":"2025-04-17T17:14:15","slug":"caasd-pone-en-marcha-plan-de-contingencia-semana-santa-2025","status":"publish","type":"post","link":"https:\/\/lasprimeras.com.do\/index.php\/2025\/04\/17\/caasd-pone-en-marcha-plan-de-contingencia-semana-santa-2025\/","title":{"rendered":"CAASD pone en marcha plan de contingencia Semana Santa 2025"},"content":{"rendered":"\n<p><strong>Fellito Suberv\u00ed llam\u00f3 a la poblaci\u00f3n a hacer conciencia sobre uso racional y responsable del agua durante estos d\u00edas de asueto.<\/strong><\/p>\n\n\n\n<p>La Corporaci\u00f3n del Acueducto y Alcantarillado de Santo Domingo (CAASD) activ\u00f3 su plan de contingencia para garantizar el servicio de agua potable al Distrito Nacional y la provincia durante el asueto de Semana Santa 2025.<\/p>\n\n\n\n<p>As\u00ed lo anunci\u00f3 el director general de la CAASD, Felipe (Fellito) Suberv\u00ed, quien inform\u00f3 que las brigadas de la direcci\u00f3n de Operaciones de la instituci\u00f3n trabajan de manera permanente a fin de garantizar la estabilidad en el servicio, adem\u00e1s de actuar ante cualquier eventualidad que surja.<\/p>\n\n\n\n<p>\u201cNuestro compromiso es garantizar agua potable a la poblaci\u00f3n del Gran Santo Domingo, que cada familia reciba siempre el preciado l\u00edquido sin dificultad durante el asueto de la Semana Mayor\u201d, explic\u00f3 el ingeniero, a trav\u00e9s de un comunicado de prensa.<\/p>\n\n\n\n<p>En ese sentido, indic\u00f3 que parte de la supervisi\u00f3n de los acueductos se har\u00e1 desde el centro de monitoreo.<\/p>\n\n\n\n<p>Asimismo, el funcionario dispuso la inspecci\u00f3n de todos los trabajos que realiza la Corporaci\u00f3n en las redes de distribuci\u00f3n de agua, as\u00ed como las infraestructuras que est\u00e1n en proceso, con las debidas se\u00f1alizaciones y advertencias en zonas de peligro.<\/p>\n\n\n\n<p>Entre estas, mencion\u00f3 el cierre de zanjas que est\u00e1n abiertas en \u00e1reas viales de importancia y que pueden representar alg\u00fan tipo de peligro para la poblaci\u00f3n y la movilizaci\u00f3n vehicular.<\/p>\n\n\n\n<p>Fellito Suberv\u00ed detall\u00f3 que, la Direcci\u00f3n de Operaciones tambi\u00e9n trabaja en las labores de vigilancia en las tomas de los acueductos que pudieran ser usados por ba\u00f1istas durante el feriado, tales como Isabela, Haina Manoguayabo, Isa Mana y Duey.<\/p>\n\n\n\n<p>\u201cOperaciones y Unidad Ejecutora de proyectos, tienen instrucciones para supervisar estos acueductos, de manera que todos contribuyamos a preservar este recurso tan vital para la vida como es el agua y garantizar su disponibilidad durante la Semana Santa\u201d, se\u00f1al\u00f3.<\/p>\n\n\n\n<p>El servidor p\u00fablico reiter\u00f3 su llamado a la poblaci\u00f3n a hacer uso responsable del preciado l\u00edquido, especialmente en estos d\u00edas, por el aumento de actividades recreativas que pueden surgir en algunos sectores de la capital.<\/p>\n\n\n\n<p>Operativo Semana Santa 2025<\/p>\n\n\n\n<p>Como parte del Operativo Semana Santa 2025, la CAASD distribuir\u00e1 agua embotellada en las diferentes salidas de la ciudad de Santo Domingo, a partir del Jueves Santo, cuando inicia el \u00e9xodo mayor de la poblaci\u00f3n hacia el interior del pa\u00eds.<\/p>\n\n\n\n<p>La entidad estatal reiter\u00f3 su compromiso con la ciudadan\u00eda de brindar un servicio de calidad y continuar trabajando arduamente para asegurar que toda la poblaci\u00f3n del Gran Santo Domingo pueda tener una Semana Santa sin contratiempos en el suministro de agua potable.<\/p>\n","protected":false},"excerpt":{"rendered":"<p>Fellito Suberv\u00ed llam\u00f3 a la poblaci\u00f3n a hacer conciencia sobre uso racional y responsable del agua durante estos d\u00edas de asueto. La Corporaci\u00f3n del Acueducto y Alcantarillado de Santo Domingo&hellip;<\/p>\n","protected":false},"author":2,"featured_media":97239,"comment_status":"open","ping_status":"open","sticky":false,"template":"","format":"standard","meta":{"content-type":"","jetpack_post_was_ever_published":false,"_jetpack_newsletter_access":"","_jetpack_dont_email_post_to_subs":false,"_jetpack_newsletter_tier_id":0,"_jetpack_memberships_contains_paywalled_content":false,"_jetpack_memberships_contains_paid_content":false,"footnotes":""},"categories":[35,25],"tags":[697,80,6530,18798],"class_list":["post-97238","post","type-post","status-publish","format-standard","has-post-thumbnail","hentry","category-nacionales","category-portada","tag-caasd","tag-marcha","tag-plan-de-contingencia","tag-semana-santa-2025"],"jetpack_featured_media_url":"https:\/\/lasprimeras.com.do\/wp-content\/uploads\/2025\/04\/Felipe-Fellito-Subervi.jpg","jetpack-related-posts":[{"id":79449,"url":"https:\/\/lasprimeras.com.do\/index.php\/2024\/03\/27\/caasd-garantiza-suministro-de-agua-potable-durante-semana-santa\/","url_meta":{"origin":97238,"position":0},"title":"CAASD garantiza suministro de agua potable durante Semana Santa","author":"BIMARY DE JES\u00daS Matos","date":"27 de marzo de 2024","format":false,"excerpt":"Santo Domingo. - La Corporaci\u00f3n del Acueducto y Alcantarillado de Santo Domingo (CAASD) activ\u00f3 un plan de contingencia con el objetivo de garantizar el suministro de agua potable a la poblaci\u00f3n durante el asueto de Semana Santa 2024. As\u00ed lo inform\u00f3 el director general de la instituci\u00f3n, Felipe Suberv\u00ed (Fellito),\u2026","rel":"","context":"En \u00abPORTADA\u00bb","block_context":{"text":"PORTADA","link":"https:\/\/lasprimeras.com.do\/index.php\/category\/portada\/"},"img":{"alt_text":"","src":"https:\/\/i0.wp.com\/lasprimeras.com.do\/wp-content\/uploads\/2024\/03\/WhatsApp-Image-2024-03-27-at-10.19.10-AM.jpeg?resize=350%2C200&ssl=1","width":350,"height":200,"srcset":"https:\/\/i0.wp.com\/lasprimeras.com.do\/wp-content\/uploads\/2024\/03\/WhatsApp-Image-2024-03-27-at-10.19.10-AM.jpeg?resize=350%2C200&ssl=1 1x, https:\/\/i0.wp.com\/lasprimeras.com.do\/wp-content\/uploads\/2024\/03\/WhatsApp-Image-2024-03-27-at-10.19.10-AM.jpeg?resize=525%2C300&ssl=1 1.5x, https:\/\/i0.wp.com\/lasprimeras.com.do\/wp-content\/uploads\/2024\/03\/WhatsApp-Image-2024-03-27-at-10.19.10-AM.jpeg?resize=700%2C400&ssl=1 2x, https:\/\/i0.wp.com\/lasprimeras.com.do\/wp-content\/uploads\/2024\/03\/WhatsApp-Image-2024-03-27-at-10.19.10-AM.jpeg?resize=1050%2C600&ssl=1 3x"},"classes":[]},{"id":126067,"url":"https:\/\/lasprimeras.com.do\/index.php\/2026\/03\/29\/caasd-llama-al-uso-responsable-del-agua-durante-semana-santa\/","url_meta":{"origin":97238,"position":1},"title":"CAASD llama al uso responsable del agua durante Semana Santa","author":"Nelson Feliz","date":"29 de marzo de 2026","format":false,"excerpt":"Felipe Suberv\u00ed realiza recorrido por los sistemas de acueductos y mantiene monitoreo constante a fin de garantizar el suministro de agua potable a la poblaci\u00f3n del Gran Santo Domingo. Reitera que el compromiso ciudadano es fundamental para asegurar la sostenibilidad del servicio, especialmente ante los desaf\u00edos del cambio clim\u00e1tico y\u2026","rel":"","context":"En \u00abNACIONALES\u00bb","block_context":{"text":"NACIONALES","link":"https:\/\/lasprimeras.com.do\/index.php\/category\/nacionales\/"},"img":{"alt_text":"Fellito Suberv\u00ed","src":"https:\/\/i0.wp.com\/lasprimeras.com.do\/wp-content\/uploads\/2026\/03\/Fellito-Subervi-1.jpg?resize=350%2C200&ssl=1","width":350,"height":200,"srcset":"https:\/\/i0.wp.com\/lasprimeras.com.do\/wp-content\/uploads\/2026\/03\/Fellito-Subervi-1.jpg?resize=350%2C200&ssl=1 1x, https:\/\/i0.wp.com\/lasprimeras.com.do\/wp-content\/uploads\/2026\/03\/Fellito-Subervi-1.jpg?resize=525%2C300&ssl=1 1.5x, https:\/\/i0.wp.com\/lasprimeras.com.do\/wp-content\/uploads\/2026\/03\/Fellito-Subervi-1.jpg?resize=700%2C400&ssl=1 2x"},"classes":[]},{"id":109786,"url":"https:\/\/lasprimeras.com.do\/index.php\/2025\/09\/22\/fellito-subervi-destaca-acueducto-barrera-de-salinidad-beneficiara-a-1-8-millones-de-personas-en-el-gsd\/","url_meta":{"origin":97238,"position":2},"title":"Fellito Suberv\u00ed destaca Acueducto Barrera de Salinidad beneficiar\u00e1 a 1.8 millones de personas en el GSD","author":"Nelson Feliz","date":"22 de septiembre de 2025","format":false,"excerpt":"La CAASD ejecuta esta obra clave para fortalecer el abastecimiento de agua potable en el Gran Santo Domingo. El director general de la Corporaci\u00f3n del Acueducto y Alcantarillado de Santo Domingo (CAASD), Fellito Suberv\u00ed inform\u00f3 durante un recorrido de supervisi\u00f3n junto al presidente Luis Abinader, que el Acueducto Oriental Barrera\u2026","rel":"","context":"En \u00abECONOM\u00cdA\u00bb","block_context":{"text":"ECONOM\u00cdA","link":"https:\/\/lasprimeras.com.do\/index.php\/category\/economia\/"},"img":{"alt_text":"","src":"https:\/\/i0.wp.com\/lasprimeras.com.do\/wp-content\/uploads\/2025\/09\/Fellito-Subervi-1.jpg?resize=350%2C200&ssl=1","width":350,"height":200,"srcset":"https:\/\/i0.wp.com\/lasprimeras.com.do\/wp-content\/uploads\/2025\/09\/Fellito-Subervi-1.jpg?resize=350%2C200&ssl=1 1x, https:\/\/i0.wp.com\/lasprimeras.com.do\/wp-content\/uploads\/2025\/09\/Fellito-Subervi-1.jpg?resize=525%2C300&ssl=1 1.5x, https:\/\/i0.wp.com\/lasprimeras.com.do\/wp-content\/uploads\/2025\/09\/Fellito-Subervi-1.jpg?resize=700%2C400&ssl=1 2x"},"classes":[]},{"id":111135,"url":"https:\/\/lasprimeras.com.do\/index.php\/2025\/10\/05\/subervi-recorre-acueductos-que-seran-rehabilitados-para-optimizar-abastecimiento-y-distribucion-de-agua-potable\/","url_meta":{"origin":97238,"position":3},"title":"Suberv\u00ed recorre acueductos que ser\u00e1n rehabilitados para optimizar abastecimiento y distribuci\u00f3n de agua potable","author":"Nelson Feliz","date":"5 de octubre de 2025","format":false,"excerpt":"El funcionario destac\u00f3 que, con estas intervenciones, optimizar\u00e1 de manera considerable la producci\u00f3n y distribuci\u00f3n de agua potable en toda la demarcaci\u00f3n. El director de la Corporaci\u00f3n del Acueducto y Alcantarillado de Santo Domingo (CAASD), Felipe (Fellito) Suberv\u00ed, encabez\u00f3 un recorrido de supervisi\u00f3n por los sistemas Haina-Manoguayabo e Isabela, donde\u2026","rel":"","context":"En \u00abNACIONALES\u00bb","block_context":{"text":"NACIONALES","link":"https:\/\/lasprimeras.com.do\/index.php\/category\/nacionales\/"},"img":{"alt_text":"","src":"https:\/\/i0.wp.com\/lasprimeras.com.do\/wp-content\/uploads\/2025\/10\/Fellito-Subervi-1.jpg?resize=350%2C200&ssl=1","width":350,"height":200,"srcset":"https:\/\/i0.wp.com\/lasprimeras.com.do\/wp-content\/uploads\/2025\/10\/Fellito-Subervi-1.jpg?resize=350%2C200&ssl=1 1x, https:\/\/i0.wp.com\/lasprimeras.com.do\/wp-content\/uploads\/2025\/10\/Fellito-Subervi-1.jpg?resize=525%2C300&ssl=1 1.5x, https:\/\/i0.wp.com\/lasprimeras.com.do\/wp-content\/uploads\/2025\/10\/Fellito-Subervi-1.jpg?resize=700%2C400&ssl=1 2x"},"classes":[]},{"id":115647,"url":"https:\/\/lasprimeras.com.do\/index.php\/2025\/11\/24\/presidente-abinader-y-fellito-avanzan-en-transformacion-del-servicio-de-agua-con-el-nuevo-plan-de-zona-en-gsd\/","url_meta":{"origin":97238,"position":4},"title":"Presidente Abinader y Fellito avanzan en transformaci\u00f3n del servicio de agua con el nuevo Plan de Zona en GSD","author":"Nelson Feliz","date":"24 de noviembre de 2025","format":false,"excerpt":"Con m\u00e1s de RD$ 700 millones, CAASD activa una estructura operativa que moderniza el servicio y analizar atenci\u00f3n inmediata a los hogares de la ciudad. El presidente Luis Abinader y el director de la Corporaci\u00f3n del Acueducto y Alcantarillado de Santo Domingo (CAASD), Fellito Suberv\u00ed, pusieron en marcha el \u201cPlan\u2026","rel":"","context":"En \u00abECONOM\u00cdA\u00bb","block_context":{"text":"ECONOM\u00cdA","link":"https:\/\/lasprimeras.com.do\/index.php\/category\/economia\/"},"img":{"alt_text":"","src":"https:\/\/i0.wp.com\/lasprimeras.com.do\/wp-content\/uploads\/2025\/11\/caasd.jpg?resize=350%2C200&ssl=1","width":350,"height":200,"srcset":"https:\/\/i0.wp.com\/lasprimeras.com.do\/wp-content\/uploads\/2025\/11\/caasd.jpg?resize=350%2C200&ssl=1 1x, https:\/\/i0.wp.com\/lasprimeras.com.do\/wp-content\/uploads\/2025\/11\/caasd.jpg?resize=525%2C300&ssl=1 1.5x, https:\/\/i0.wp.com\/lasprimeras.com.do\/wp-content\/uploads\/2025\/11\/caasd.jpg?resize=700%2C400&ssl=1 2x"},"classes":[]},{"id":67734,"url":"https:\/\/lasprimeras.com.do\/index.php\/2023\/11\/17\/caasd-activa-plan-de-contingencia-ante-posibles-inundaciones-por-ciclon-tropical\/","url_meta":{"origin":97238,"position":5},"title":"CAASD activa plan de contingencia ante posibles inundaciones por cicl\u00f3n tropical","author":"Nelson Feliz","date":"17 de noviembre de 2023","format":false,"excerpt":"Se dispuso un plan de prevenci\u00f3n para garantizar el suministro de agua potable al Gran Santo Domingo, durante y despu\u00e9s del fen\u00f3meno natural La Corporaci\u00f3n del Acueducto y Alcantarillado de Santo Domingo (CAASD) activ\u00f3 su comit\u00e9 de emergencia ante posibles inundaciones que podr\u00edan surgir por la incidencia de un fen\u00f3meno\u2026","rel":"","context":"En \u00abNACIONALES\u00bb","block_context":{"text":"NACIONALES","link":"https:\/\/lasprimeras.com.do\/index.php\/category\/nacionales\/"},"img":{"alt_text":"Plan Contingencia","src":"https:\/\/i0.wp.com\/lasprimeras.com.do\/wp-content\/uploads\/2023\/11\/Plan-Contingencia.jpg?resize=350%2C200&ssl=1","width":350,"height":200,"srcset":"https:\/\/i0.wp.com\/lasprimeras.com.do\/wp-content\/uploads\/2023\/11\/Plan-Contingencia.jpg?resize=350%2C200&ssl=1 1x, https:\/\/i0.wp.com\/lasprimeras.com.do\/wp-content\/uploads\/2023\/11\/Plan-Contingencia.jpg?resize=525%2C300&ssl=1 1.5x, https:\/\/i0.wp.com\/lasprimeras.com.do\/wp-content\/uploads\/2023\/11\/Plan-Contingencia.jpg?resize=700%2C400&ssl=1 2x"},"classes":[]}],"jetpack_sharing_enabled":true,"_links":{"self":[{"href":"https:\/\/lasprimeras.com.do\/index.php\/wp-json\/wp\/v2\/posts\/97238","targetHints":{"allow":["GET"]}}],"collection":[{"href":"https:\/\/lasprimeras.com.do\/index.php\/wp-json\/wp\/v2\/posts"}],"about":[{"href":"https:\/\/lasprimeras.com.do\/index.php\/wp-json\/wp\/v2\/types\/post"}],"author":[{"embeddable":true,"href":"https:\/\/lasprimeras.com.do\/index.php\/wp-json\/wp\/v2\/users\/2"}],"replies":[{"embeddable":true,"href":"https:\/\/lasprimeras.com.do\/index.php\/wp-json\/wp\/v2\/comments?post=97238"}],"version-history":[{"count":1,"href":"https:\/\/lasprimeras.com.do\/index.php\/wp-json\/wp\/v2\/posts\/97238\/revisions"}],"predecessor-version":[{"id":97240,"href":"https:\/\/lasprimeras.com.do\/index.php\/wp-json\/wp\/v2\/posts\/97238\/revisions\/97240"}],"wp:featuredmedia":[{"embeddable":true,"href":"https:\/\/lasprimeras.com.do\/index.php\/wp-json\/wp\/v2\/media\/97239"}],"wp:attachment":[{"href":"https:\/\/lasprimeras.com.do\/index.php\/wp-json\/wp\/v2\/media?parent=97238"}],"wp:term":[{"taxonomy":"category","embeddable":true,"href":"https:\/\/lasprimeras.com.do\/index.php\/wp-json\/wp\/v2\/categories?post=97238"},{"taxonomy":"post_tag","embeddable":true,"href":"https:\/\/lasprimeras.com.do\/index.php\/wp-json\/wp\/v2\/tags?post=97238"}],"curies":[{"name":"wp","href":"https:\/\/api.w.org\/{rel}","templated":true}]}}