{"id":97241,"date":"2025-04-17T17:19:06","date_gmt":"2025-04-17T21:19:06","guid":{"rendered":"https:\/\/lasprimeras.com.do\/?p=97241"},"modified":"2025-04-17T17:19:07","modified_gmt":"2025-04-17T21:19:07","slug":"migrantes-suspenden-transito-a-ee-uu-y-viacrucis-por-inseguridad-y-politicas-restrictivas","status":"publish","type":"post","link":"https:\/\/lasprimeras.com.do\/index.php\/2025\/04\/17\/migrantes-suspenden-transito-a-ee-uu-y-viacrucis-por-inseguridad-y-politicas-restrictivas\/","title":{"rendered":"Migrantes suspenden tr\u00e1nsito a EE. UU. y viacrucis por inseguridad y pol\u00edticas restrictivas"},"content":{"rendered":"\n<p class=\"wp-block-paragraph\">TAPACHULA, EFE.\u2014 El \u2018viacrucis migrante\u2019, una manifestaci\u00f3n simb\u00f3lica que por a\u00f1os visibiliz\u00f3 el sufrimiento de miles de personas en tr\u00e1nsito hacia Estados Unidos, fue suspendido este 2025 en la frontera sur de M\u00e9xico debido al miedo de los migrantes a ser v\u00edctimas del crimen organizado y a las pol\u00edticas migratorias restrictivas de la administraci\u00f3n de Donald Trump.<\/p>\n\n\n\n<p class=\"wp-block-paragraph\">Luis Rey Garc\u00eda Villagr\u00e1n, director del Centro de Dignificaci\u00f3n Humana (CDH), confirm\u00f3 la cancelaci\u00f3n del evento, que tradicionalmente se llevaba a cabo durante la Semana Santa en la ciudad de Tapachula, estado mexicano de Chiapas, frontera con Guatemala.<\/p>\n\n\n\n<p class=\"wp-block-paragraph\">Los migrantes centroamericanos y suramericanos han decidido no avanzar hacia el norte de M\u00e9xico por temor a secuestros, extorsiones, violaciones y desapariciones, as\u00ed como por el reciente endurecimiento de los controles migratorios en la frontera de M\u00e9xico con EE.UU.<\/p>\n\n\n\n<p class=\"wp-block-paragraph\">Seg\u00fan los datos m\u00e1s recientes del Departamento de Seguridad Interna (DHS) estadounidense, el n\u00famero de cruces ilegales en la frontera entre ambos pa\u00edses se redujo en 97 %, desde que Trump amenazara con castigar a M\u00e9xico y Canad\u00e1 por la falta de acciones para frenar la migraci\u00f3n irregular y el tr\u00e1fico de drogas, en especial, fentanilo.<\/p>\n\n\n\n<p class=\"wp-block-paragraph\">Aumenta el miedo en la ruta migratoria<\/p>\n\n\n\n<p class=\"wp-block-paragraph\">Durante a\u00f1os, el viacrucis migrante ha sido una forma de denuncia pac\u00edfica ante las agresiones sufridas por personas en movilidad, en especial mujeres, ni\u00f1as y ni\u00f1os.<\/p>\n\n\n\n<p class=\"wp-block-paragraph\">En esta ocasi\u00f3n, sin embargo, el temor super\u00f3 la voluntad de manifestarse y de alcanzar el denominado \u2018sue\u00f1o americano\u2019.<\/p>\n\n\n\n<p class=\"wp-block-paragraph\">Wilmer Jos\u00e9 Ortiz M\u00e1rquez, migrante hondure\u00f1o, expres\u00f3 a EFE su preocupaci\u00f3n por los peligros que implica el trayecto por M\u00e9xico.<\/p>\n\n\n\n<p class=\"wp-block-paragraph\">\u201cEl viacrucis de uno es que tiene que venir decidido a todo, el dolor (\u2026) duele dejar la tierra de uno. Hay sufrimiento, insultos, golpes, he tenido experiencia de que lo discriminan\u201d, coment\u00f3.<\/p>\n\n\n\n<p class=\"wp-block-paragraph\">Para Ortiz M\u00e1rquez, el principal riesgo es el secuestro y la violencia del narcotr\u00e1fico, en la que las mujeres y los ni\u00f1os son los m\u00e1s vulnerables, mientras que su mayor miedo es no poder llegar a EE.UU.<\/p>\n\n\n\n<p class=\"wp-block-paragraph\">Adem\u00e1s de la inseguridad, los migrantes enfrentan trabas burocr\u00e1ticas.<\/p>\n\n\n\n<p class=\"wp-block-paragraph\">La lentitud de la Comisi\u00f3n Mexicana de Ayuda a Refugiados (Comar) y del Instituto Nacional de Migraci\u00f3n (INM) para expedir documentos legales agrava la situaci\u00f3n, impidiendo que muchos puedan buscar trabajo o trasladarse legalmente hacia el norte del pa\u00eds.<\/p>\n\n\n\n<p class=\"wp-block-paragraph\">Julia Molina, migrante salvadore\u00f1a, explic\u00f3 en entrevista con EFE que teme ser v\u00edctima de redes criminales.<\/p>\n\n\n\n<p class=\"wp-block-paragraph\">\u201cLo que nosotros los migrantes pasamos es ser secuestrados. A las personas que tienen familiares en Estados Unidos les piden dinero, las mujeres son violadas y ultrajadas en este. En este camino de pasan demasiadas dificultades, es bien peligroso y arriesgado\u201d, dijo.<\/p>\n\n\n\n<p class=\"wp-block-paragraph\">En tanto, Carmen Madriz, una venezolana de la tercera edad, enfrenta un problema distinto: no puede regresar a su pa\u00eds por falta de recursos.<\/p>\n\n\n\n<p class=\"wp-block-paragraph\">\u201cM\u00e1s miedo tenemos ac\u00e1 que no nos podemos ni salir por las circunstancias que a veces asaltan. Aqu\u00ed no nos dan un permiso para subir (viajar) a la Ciudad de M\u00e9xico y para estar alrededor debes de tener una residencia\u201d, explic\u00f3.<\/p>\n\n\n\n<p class=\"wp-block-paragraph\">Hasta el momento, ni la Secretar\u00eda de Gobernaci\u00f3n ni el INM, que hasta ahora no tiene titular, han emitido una postura sobre la suspensi\u00f3n del evento ni sobre las denuncias de violencia hacia migrantes en tr\u00e1nsito.<\/p>\n","protected":false},"excerpt":{"rendered":"<p>TAPACHULA, EFE.\u2014 El \u2018viacrucis migrante\u2019, una manifestaci\u00f3n simb\u00f3lica que por a\u00f1os visibiliz\u00f3 el sufrimiento de miles de personas en tr\u00e1nsito hacia Estados Unidos, fue suspendido este 2025 en la frontera&hellip;<\/p>\n","protected":false},"author":2,"featured_media":97242,"comment_status":"open","ping_status":"open","sticky":false,"template":"","format":"standard","meta":{"content-type":"","_jetpack_newsletter_access":"","_jetpack_dont_email_post_to_subs":false,"_jetpack_newsletter_tier_id":0,"_jetpack_memberships_contains_paywalled_content":false,"_jetpack_feature_clip_id":0,"_jetpack_memberships_contains_paid_content":false,"footnotes":"","jetpack_post_was_ever_published":false},"categories":[16289],"tags":[2831,1859,907,1905,18854,18853,12323],"class_list":["post-97241","post","type-post","status-publish","format-standard","has-post-thumbnail","hentry","category-internacionales","tag-ee-uu-2","tag-inseguridad","tag-migrantes","tag-politicas","tag-restrictivas","tag-suspenden-transito","tag-viacrucis"],"jetpack-related-posts":[{"id":90643,"url":"https:\/\/lasprimeras.com.do\/index.php\/2024\/10\/26\/migrantes-saldran-en-caravana-el-dia-de-los-comicios-en-eeuu-por-la-inseguridad-en-mexico\/","url_meta":{"origin":97241,"position":0},"title":"Migrantes saldr\u00e1n en caravana el d\u00eda de los comicios en EEUU por la inseguridad en M\u00e9xico","author":"Nelson Feliz","date":"26 de octubre de 2024","format":false,"excerpt":"Tapachula (M\u00e9xico), (EFE).- La creciente delincuencia y el clima de inseguridad en la frontera sur de M\u00e9xico han llevado a miles de migrantes a organizar una nueva caravana migrante, que saldr\u00e1 el pr\u00f3ximo 5 de noviembre, coincidiendo con el d\u00eda de las elecciones en Estados Unidos. Los migrantes buscar\u00e1n atravesar\u2026","rel":"","context":"En \u00abSin categor\u00eda\u00bb","block_context":{"text":"Sin categor\u00eda","link":"https:\/\/lasprimeras.com.do\/index.php\/category\/sin-categoria\/"},"img":{"alt_text":"","src":"https:\/\/i0.wp.com\/lasprimeras.com.do\/wp-content\/uploads\/2024\/10\/MIGRANTES.jpg?resize=350%2C200&ssl=1","width":350,"height":200,"srcset":"https:\/\/i0.wp.com\/lasprimeras.com.do\/wp-content\/uploads\/2024\/10\/MIGRANTES.jpg?resize=350%2C200&ssl=1 1x, https:\/\/i0.wp.com\/lasprimeras.com.do\/wp-content\/uploads\/2024\/10\/MIGRANTES.jpg?resize=525%2C300&ssl=1 1.5x"},"classes":[]},{"id":56041,"url":"https:\/\/lasprimeras.com.do\/index.php\/2023\/07\/27\/mas-de-168-200-migrantes-venezolanos-han-cruzado-honduras-rumbo-a-ee-uu-en-2023\/","url_meta":{"origin":97241,"position":1},"title":"M\u00e1s de 168.200 migrantes venezolanos han cruzado Honduras rumbo a EE.UU. en 2023","author":"Nelson Feliz","date":"27 de julio de 2023","format":false,"excerpt":"M\u00e1s de 168.000 migrantes en tr\u00e1nsito hacia Estados Unidos han entrado de forma irregular este a\u00f1o a Honduras, el 40 % (67.092) de ellos venezolanos, seg\u00fan cifras del Instituto Nacional de Migraci\u00f3n (INM) consultadas este jueves por EFE. El n\u00famero de migrantes que ingresaron al pa\u00eds entre el 1 de\u2026","rel":"","context":"En \u00abSin categor\u00eda\u00bb","block_context":{"text":"Sin categor\u00eda","link":"https:\/\/lasprimeras.com.do\/index.php\/category\/sin-categoria\/"},"img":{"alt_text":"","src":"https:\/\/i0.wp.com\/lasprimeras.com.do\/wp-content\/uploads\/2023\/07\/venezolanos.jpg?resize=350%2C200&ssl=1","width":350,"height":200,"srcset":"https:\/\/i0.wp.com\/lasprimeras.com.do\/wp-content\/uploads\/2023\/07\/venezolanos.jpg?resize=350%2C200&ssl=1 1x, https:\/\/i0.wp.com\/lasprimeras.com.do\/wp-content\/uploads\/2023\/07\/venezolanos.jpg?resize=525%2C300&ssl=1 1.5x, https:\/\/i0.wp.com\/lasprimeras.com.do\/wp-content\/uploads\/2023\/07\/venezolanos.jpg?resize=700%2C400&ssl=1 2x"},"classes":[]},{"id":65709,"url":"https:\/\/lasprimeras.com.do\/index.php\/2023\/10\/31\/migrantes-salen-en-caravana-desde-mexico\/","url_meta":{"origin":97241,"position":2},"title":"Migrantes salen en caravana desde M\u00e9xico","author":"BIMARY DE JES\u00daS Matos","date":"31 de octubre de 2023","format":false,"excerpt":"Tapachula. Una caravana de 7,000 migrantes parti\u00f3 ayer de la frontera sur de M\u00e9xico tras su frustraci\u00f3n por la falta de avances en la Cumbre Migratoria de Latinoam\u00e9rica realizada el pasado 22 de octubre. Al menos seis hombres venezolanos y hondure\u00f1os y cinco mujeres, salieron encadenados y con banderines blancos\u2026","rel":"","context":"En \u00abSin categor\u00eda\u00bb","block_context":{"text":"Sin categor\u00eda","link":"https:\/\/lasprimeras.com.do\/index.php\/category\/sin-categoria\/"},"img":{"alt_text":"","src":"","width":0,"height":0},"classes":[]},{"id":72003,"url":"https:\/\/lasprimeras.com.do\/index.php\/2023\/12\/26\/miles-de-migrantes-avanzan-por-el-sur-de-mexico-en-plena-navidad\/","url_meta":{"origin":97241,"position":3},"title":"Miles de migrantes avanzan por el sur de M\u00e9xico en plena Navidad","author":"BIMARY DE JES\u00daS Matos","date":"26 de diciembre de 2023","format":false,"excerpt":"M\u00c9XICO \u2014 Varios miles de adultos, menores y familias completas de migrantes avanzaban este d\u00eda de Navidad a pie por las carreteras del sur de M\u00e9xico con la aspiraci\u00f3n de que las autoridades mexicanas les permitan llegar hasta la frontera con Estados Unidos. El grupo, unas 6.000 personas de diferentes\u2026","rel":"","context":"En \u00abSin categor\u00eda\u00bb","block_context":{"text":"Sin categor\u00eda","link":"https:\/\/lasprimeras.com.do\/index.php\/category\/sin-categoria\/"},"img":{"alt_text":"","src":"https:\/\/i0.wp.com\/lasprimeras.com.do\/wp-content\/uploads\/2023\/12\/WhatsApp-Image-2023-12-25-at-12.45.01-PM-8.jpeg?resize=350%2C200&ssl=1","width":350,"height":200,"srcset":"https:\/\/i0.wp.com\/lasprimeras.com.do\/wp-content\/uploads\/2023\/12\/WhatsApp-Image-2023-12-25-at-12.45.01-PM-8.jpeg?resize=350%2C200&ssl=1 1x, https:\/\/i0.wp.com\/lasprimeras.com.do\/wp-content\/uploads\/2023\/12\/WhatsApp-Image-2023-12-25-at-12.45.01-PM-8.jpeg?resize=525%2C300&ssl=1 1.5x"},"classes":[]},{"id":62288,"url":"https:\/\/lasprimeras.com.do\/index.php\/2023\/10\/04\/el-presidente-de-mexico-dice-que-10-000-migrantes-al-dia-se-dirigen-a-la-frontera-con-ee-uu\/","url_meta":{"origin":97241,"position":4},"title":"El presidente de M\u00e9xico dice que 10.000 migrantes al d\u00eda se dirigen a la frontera con EE.UU.","author":"Nelson Feliz","date":"4 de octubre de 2023","format":false,"excerpt":"L\u00f3pez Obrador culpa a Cuba de las sanciones de Estados Unidos. CIUDAD DE M\u00c9XICO (AP) \u2014 El presidente de M\u00e9xico manifest\u00f3 que alrededor de 10.000 migrantes por d\u00eda se dirigen a la frontera con Estados Unidos y culp\u00f3 de la afluencia a las sanciones econ\u00f3micas de Estados Unidos a pa\u00edses\u2026","rel":"","context":"En \u00abSin categor\u00eda\u00bb","block_context":{"text":"Sin categor\u00eda","link":"https:\/\/lasprimeras.com.do\/index.php\/category\/sin-categoria\/"},"img":{"alt_text":"","src":"https:\/\/i0.wp.com\/lasprimeras.com.do\/wp-content\/uploads\/2023\/10\/migrantes.jpg?resize=350%2C200&ssl=1","width":350,"height":200,"srcset":"https:\/\/i0.wp.com\/lasprimeras.com.do\/wp-content\/uploads\/2023\/10\/migrantes.jpg?resize=350%2C200&ssl=1 1x, https:\/\/i0.wp.com\/lasprimeras.com.do\/wp-content\/uploads\/2023\/10\/migrantes.jpg?resize=525%2C300&ssl=1 1.5x, https:\/\/i0.wp.com\/lasprimeras.com.do\/wp-content\/uploads\/2023\/10\/migrantes.jpg?resize=700%2C400&ssl=1 2x"},"classes":[]},{"id":73336,"url":"https:\/\/lasprimeras.com.do\/index.php\/2024\/01\/09\/migrantes-se-reagrupan-en-caravana\/","url_meta":{"origin":97241,"position":5},"title":"Migrantes se reagrupan en caravana","author":"BIMARY DE JES\u00daS Matos","date":"9 de enero de 2024","format":false,"excerpt":"Ciudad de M\u00e9xico.\u2013 Cerca de 3.000 migrantes de la caravana \u2018\u00c9xodo de la pobreza\u2019, que el Gobierno de M\u00e9xico disolvi\u00f3 la semana pasada tras partir como la m\u00e1s numerosa de 2023, se reagruparon ayer en Chiapas, estado de la frontera sur, para avanzar. La caravana parti\u00f3 en Nochebuena desde Tapachula,\u2026","rel":"","context":"En \u00abSin categor\u00eda\u00bb","block_context":{"text":"Sin categor\u00eda","link":"https:\/\/lasprimeras.com.do\/index.php\/category\/sin-categoria\/"},"img":{"alt_text":"","src":"https:\/\/i0.wp.com\/lasprimeras.com.do\/wp-content\/uploads\/2024\/01\/Wander-Franco-sale-de-prision-tras-pagar-garantia-economica-de-2-millones-de-pesos-3-3.webp?resize=350%2C200&ssl=1","width":350,"height":200},"classes":[]}],"jetpack_sharing_enabled":true,"jetpack_featured_media_url":"https:\/\/lasprimeras.com.do\/wp-content\/uploads\/2025\/04\/Migrantes.jpeg","_links":{"self":[{"href":"https:\/\/lasprimeras.com.do\/index.php\/wp-json\/wp\/v2\/posts\/97241","targetHints":{"allow":["GET"]}}],"collection":[{"href":"https:\/\/lasprimeras.com.do\/index.php\/wp-json\/wp\/v2\/posts"}],"about":[{"href":"https:\/\/lasprimeras.com.do\/index.php\/wp-json\/wp\/v2\/types\/post"}],"author":[{"embeddable":true,"href":"https:\/\/lasprimeras.com.do\/index.php\/wp-json\/wp\/v2\/users\/2"}],"replies":[{"embeddable":true,"href":"https:\/\/lasprimeras.com.do\/index.php\/wp-json\/wp\/v2\/comments?post=97241"}],"version-history":[{"count":1,"href":"https:\/\/lasprimeras.com.do\/index.php\/wp-json\/wp\/v2\/posts\/97241\/revisions"}],"predecessor-version":[{"id":97243,"href":"https:\/\/lasprimeras.com.do\/index.php\/wp-json\/wp\/v2\/posts\/97241\/revisions\/97243"}],"wp:featuredmedia":[{"embeddable":true,"href":"https:\/\/lasprimeras.com.do\/index.php\/wp-json\/wp\/v2\/media\/97242"}],"wp:attachment":[{"href":"https:\/\/lasprimeras.com.do\/index.php\/wp-json\/wp\/v2\/media?parent=97241"}],"wp:term":[{"taxonomy":"category","embeddable":true,"href":"https:\/\/lasprimeras.com.do\/index.php\/wp-json\/wp\/v2\/categories?post=97241"},{"taxonomy":"post_tag","embeddable":true,"href":"https:\/\/lasprimeras.com.do\/index.php\/wp-json\/wp\/v2\/tags?post=97241"}],"curies":[{"name":"wp","href":"https:\/\/api.w.org\/{rel}","templated":true}]}}