{"id":97247,"date":"2025-04-17T18:27:56","date_gmt":"2025-04-17T22:27:56","guid":{"rendered":"https:\/\/lasprimeras.com.do\/?p=97247"},"modified":"2025-04-17T18:27:57","modified_gmt":"2025-04-17T22:27:57","slug":"intrant-desmiente-se-vaya-a-prohibir-el-giro-a-la-izquierda-en-importantes-intersecciones-del-dn","status":"publish","type":"post","link":"https:\/\/lasprimeras.com.do\/index.php\/2025\/04\/17\/intrant-desmiente-se-vaya-a-prohibir-el-giro-a-la-izquierda-en-importantes-intersecciones-del-dn\/","title":{"rendered":"Intrant desmiente se vaya a prohibir el giro a la izquierda en importantes intersecciones del DN"},"content":{"rendered":"\n<p>El director del Instituto Nacional de Tr\u00e1nsito y Transporte Terrestre (Intrant), Milton Morrison, desminti\u00f3 que a partir del pr\u00f3ximo lunes 21, se vaya a prohibir el giro a la izquierda en importantes intersecciones de la capital, como se ha estado informando.<\/p>\n\n\n\n<p>Morrison, dijo que desde hace meses las diferentes entidades que integran el Gabinete de Transporte del Gobierno, compuesto por el MOPC, INTRANT, DIGESETT, Alcald\u00eda del Distrito Nacional, OMSA, FITRAM, COMIPOL, OPRET, 911, RD VIAL, trabajan en busca de soluciones para una buena gesti\u00f3n del tr\u00e1fico vehicular en el Distrito Nacional y la provincia Santo Domingo.<\/p>\n\n\n\n<p>El Gabinete de Transporte del Gobierno, es dirigido por el ministro de la presidencia Jos\u00e9 Ignacio Paliza y la Comisi\u00f3n de Gesti\u00f3n del Tr\u00e1fico, coordinada por el exministro Deligne Ascensi\u00f3n.<\/p>\n\n\n\n<p>Indic\u00f3 que en su momento, el Gabinete de Transporte, dar\u00e1 a conocer al pa\u00eds, el trabajo que vienen ejecutando desde este meses, un trabajo t\u00e9cnico y cient\u00edfico a trav\u00e9s de an\u00e1lisis y monitoreo para garantizar soluciones en cuanto a la gesti\u00f3n del tr\u00e1fico de manera objetiva para beneficiar a los ciudadanos.<\/p>\n\n\n\n<figure class=\"wp-block-embed is-type-video is-provider-youtube wp-block-embed-youtube wp-embed-aspect-16-9 wp-has-aspect-ratio\"><div class=\"wp-block-embed__wrapper\">\n<iframe title=\"Intrant desmiente se vaya a prohibir el giro a la izquierda en importantes intersecciones del DN\" width=\"500\" height=\"281\" src=\"https:\/\/www.youtube.com\/embed\/937lQF24ch0?feature=oembed\" frameborder=\"0\" allow=\"accelerometer; autoplay; clipboard-write; encrypted-media; gyroscope; picture-in-picture; web-share\" referrerpolicy=\"strict-origin-when-cross-origin\" allowfullscreen><\/iframe>\n<\/div><\/figure>\n","protected":false},"excerpt":{"rendered":"<p>El director del Instituto Nacional de Tr\u00e1nsito y Transporte Terrestre (Intrant), Milton Morrison, desminti\u00f3 que a partir del pr\u00f3ximo lunes 21, se vaya a prohibir el giro a la izquierda&hellip;<\/p>\n","protected":false},"author":2,"featured_media":97248,"comment_status":"open","ping_status":"open","sticky":false,"template":"","format":"standard","meta":{"content-type":"","jetpack_post_was_ever_published":false,"_jetpack_newsletter_access":"","_jetpack_dont_email_post_to_subs":false,"_jetpack_newsletter_tier_id":0,"_jetpack_memberships_contains_paywalled_content":false,"_jetpack_memberships_contains_paid_content":false,"footnotes":""},"categories":[35,25],"tags":[210,2492,18857,5860,18859,349,18858,14228,1919],"class_list":["post-97247","post","type-post","status-publish","format-standard","has-post-thumbnail","hentry","category-nacionales","category-portada","tag-desmiente","tag-distrito-nacional","tag-giro","tag-importantes","tag-intersecciones","tag-intrant","tag-izquierda","tag-milton-morrison","tag-prohibir"],"jetpack_featured_media_url":"https:\/\/lasprimeras.com.do\/wp-content\/uploads\/2025\/04\/Milton-Morrison.jpg","jetpack-related-posts":[{"id":115130,"url":"https:\/\/lasprimeras.com.do\/index.php\/2025\/11\/19\/cluster-turistico-reconoce-a-milton-morrison-por-liderazgo-frente-al-intrant\/","url_meta":{"origin":97247,"position":0},"title":"Cl\u00faster Tur\u00edstico reconoce a Milton Morrison por liderazgo frente al INTRANT","author":"Nelson Feliz","date":"19 de noviembre de 2025","format":false,"excerpt":"La distinci\u00f3n resalta las acciones del INTRANT para reducir la alta velocidad, prevenir siniestros y transformar el Malec\u00f3n en un corredor m\u00e1s seguro, familiar y tur\u00edstico. En el marco de la 8va. Semana Nacional de la Seguridad Vial, el director ejecutivo del INTRANT, Milton Morrison, recibi\u00f3 un destacado reconocimiento del\u2026","rel":"","context":"En \u00abPORTADA\u00bb","block_context":{"text":"PORTADA","link":"https:\/\/lasprimeras.com.do\/index.php\/category\/portada\/"},"img":{"alt_text":"Milton Morrison","src":"https:\/\/i0.wp.com\/lasprimeras.com.do\/wp-content\/uploads\/2025\/11\/Milton-Morrison-4.jpg?resize=350%2C200&ssl=1","width":350,"height":200,"srcset":"https:\/\/i0.wp.com\/lasprimeras.com.do\/wp-content\/uploads\/2025\/11\/Milton-Morrison-4.jpg?resize=350%2C200&ssl=1 1x, https:\/\/i0.wp.com\/lasprimeras.com.do\/wp-content\/uploads\/2025\/11\/Milton-Morrison-4.jpg?resize=525%2C300&ssl=1 1.5x, https:\/\/i0.wp.com\/lasprimeras.com.do\/wp-content\/uploads\/2025\/11\/Milton-Morrison-4.jpg?resize=700%2C400&ssl=1 2x"},"classes":[]},{"id":86325,"url":"https:\/\/lasprimeras.com.do\/index.php\/2024\/07\/22\/joel-santos-juramenta-a-milton-morrison-como-director-del-intrant\/","url_meta":{"origin":97247,"position":1},"title":"Joel Santos juramenta a Milton Morrison como director del Intrant","author":"Nelson Feliz","date":"22 de julio de 2024","format":false,"excerpt":"Morrison asegura cumplir\u00e1 mandato del presidente de la Rep\u00fablica, Luis Abinader, para fortalecer la operatividad institucional. El ministro de la Presidencia y presidente del Gabinete de Transporte, Joel Santos Echavarr\u00eda, jurament\u00f3 este lunes al nuevo director del Instituto Nacional de Tr\u00e1nsito y Transporte Terrestre (Intrant), Milton Morrison, designado en esas\u2026","rel":"","context":"En \u00abNACIONALES\u00bb","block_context":{"text":"NACIONALES","link":"https:\/\/lasprimeras.com.do\/index.php\/category\/nacionales\/"},"img":{"alt_text":"","src":"https:\/\/i0.wp.com\/lasprimeras.com.do\/wp-content\/uploads\/2024\/07\/Milton-Morrizon.jpg?resize=350%2C200&ssl=1","width":350,"height":200,"srcset":"https:\/\/i0.wp.com\/lasprimeras.com.do\/wp-content\/uploads\/2024\/07\/Milton-Morrizon.jpg?resize=350%2C200&ssl=1 1x, https:\/\/i0.wp.com\/lasprimeras.com.do\/wp-content\/uploads\/2024\/07\/Milton-Morrizon.jpg?resize=525%2C300&ssl=1 1.5x, https:\/\/i0.wp.com\/lasprimeras.com.do\/wp-content\/uploads\/2024\/07\/Milton-Morrizon.jpg?resize=700%2C400&ssl=1 2x"},"classes":[]},{"id":89083,"url":"https:\/\/lasprimeras.com.do\/index.php\/2024\/09\/15\/morrison-dice-que-el-problema-del-transito-necesita-el-apoyo-de-todos-para-resolverlo\/","url_meta":{"origin":97247,"position":2},"title":"Morrison dice que el problema del tr\u00e1nsito necesita el apoyo de todos para resolverlo","author":"Nelson Feliz","date":"15 de septiembre de 2024","format":false,"excerpt":"Llama a respetar la Ley 63-17, de Movilidad, Transporte Terrestre Tr\u00e1nsito y Seguridad Vial. Por Martin Restituyo El director ejecutivo del Instituto Nacional de Tr\u00e1nsito y Transporte Terrestre (Intrant),Milton Morrison, pidi\u00f3 el apoyo de la sociedad para enfrentar la actual problem\u00e1tica del tr\u00e1nsito, que afronta el pa\u00eds. Morrison dijo que\u2026","rel":"","context":"En \u00abNACIONALES\u00bb","block_context":{"text":"NACIONALES","link":"https:\/\/lasprimeras.com.do\/index.php\/category\/nacionales\/"},"img":{"alt_text":"Milton Morrison","src":"https:\/\/i0.wp.com\/lasprimeras.com.do\/wp-content\/uploads\/2024\/09\/Milton-Morrison.jpg?resize=350%2C200&ssl=1","width":350,"height":200,"srcset":"https:\/\/i0.wp.com\/lasprimeras.com.do\/wp-content\/uploads\/2024\/09\/Milton-Morrison.jpg?resize=350%2C200&ssl=1 1x, https:\/\/i0.wp.com\/lasprimeras.com.do\/wp-content\/uploads\/2024\/09\/Milton-Morrison.jpg?resize=525%2C300&ssl=1 1.5x, https:\/\/i0.wp.com\/lasprimeras.com.do\/wp-content\/uploads\/2024\/09\/Milton-Morrison.jpg?resize=700%2C400&ssl=1 2x"},"classes":[]},{"id":86755,"url":"https:\/\/lasprimeras.com.do\/index.php\/2024\/07\/31\/ejecutivos-de-mochotran-visitan-nuevo-director-del-intrant-milton-morrison\/","url_meta":{"origin":97247,"position":3},"title":"Ejecutivos de Mochotran visitan nuevo director del Intrant, Milton Morrison","author":"Nelson Feliz","date":"31 de julio de 2024","format":false,"excerpt":"Ejecutivos del Grupo de Empresas de transporte Mochotran, giraron una visita de cortes\u00eda al nuevo director del Instituto Nacional de Tr\u00e1nsito y Transporte Terrestre (Intrant), Milton Morrison, con quien intercambiaron ideas sobre los temas inherentes al sector transporte. Durante el encuentro, donde actualizaron al se\u00f1or Morrison sobre los temas en\u2026","rel":"","context":"En \u00abNACIONALES\u00bb","block_context":{"text":"NACIONALES","link":"https:\/\/lasprimeras.com.do\/index.php\/category\/nacionales\/"},"img":{"alt_text":"Alfredo Pulinario Mariot","src":"https:\/\/i0.wp.com\/lasprimeras.com.do\/wp-content\/uploads\/2024\/07\/UNAA.jpg?resize=350%2C200&ssl=1","width":350,"height":200,"srcset":"https:\/\/i0.wp.com\/lasprimeras.com.do\/wp-content\/uploads\/2024\/07\/UNAA.jpg?resize=350%2C200&ssl=1 1x, https:\/\/i0.wp.com\/lasprimeras.com.do\/wp-content\/uploads\/2024\/07\/UNAA.jpg?resize=525%2C300&ssl=1 1.5x, https:\/\/i0.wp.com\/lasprimeras.com.do\/wp-content\/uploads\/2024\/07\/UNAA.jpg?resize=700%2C400&ssl=1 2x"},"classes":[]},{"id":101897,"url":"https:\/\/lasprimeras.com.do\/index.php\/2025\/06\/29\/director-de-intrant-restablece-la-red-semaforica-de-san-cristobal-en-tiempo-record\/","url_meta":{"origin":97247,"position":4},"title":"Director de INTRANT restablece la red semaf\u00f3rica de San Crist\u00f3bal en tiempo r\u00e9cord","author":"Nelson Feliz","date":"29 de junio de 2025","format":false,"excerpt":"A pesar de que la instalaci\u00f3n, gesti\u00f3n y mantenimiento de la red semaf\u00f3rica es responsabilidad directa de las Alcald\u00edas, el director ejecutivo del Instituto Nacional de Tr\u00e1nsito y Transporte Terrestre (Intrant), Milton Morrison, culmin\u00f3 los trabajos de restablecimiento de la red semaf\u00f3rica del casco urbano de San Crist\u00f3bal. El sistema\u2026","rel":"","context":"En \u00abNACIONALES\u00bb","block_context":{"text":"NACIONALES","link":"https:\/\/lasprimeras.com.do\/index.php\/category\/nacionales\/"},"img":{"alt_text":"Milton Morrison","src":"https:\/\/i0.wp.com\/lasprimeras.com.do\/wp-content\/uploads\/2025\/06\/Milton-Morrison.jpg?resize=350%2C200&ssl=1","width":350,"height":200,"srcset":"https:\/\/i0.wp.com\/lasprimeras.com.do\/wp-content\/uploads\/2025\/06\/Milton-Morrison.jpg?resize=350%2C200&ssl=1 1x, https:\/\/i0.wp.com\/lasprimeras.com.do\/wp-content\/uploads\/2025\/06\/Milton-Morrison.jpg?resize=525%2C300&ssl=1 1.5x, https:\/\/i0.wp.com\/lasprimeras.com.do\/wp-content\/uploads\/2025\/06\/Milton-Morrison.jpg?resize=700%2C400&ssl=1 2x"},"classes":[]},{"id":88562,"url":"https:\/\/lasprimeras.com.do\/index.php\/2024\/08\/31\/presidente-de-la-unet-dice-director-de-intrant-no-tiene-capacidad-para-viabilizar-transito\/","url_meta":{"origin":97247,"position":5},"title":"Presidente de la UNET dice director de INTRANT no tiene capacidad para viabilizar tr\u00e1nsito","author":"Nelson Feliz","date":"31 de agosto de 2024","format":false,"excerpt":"Antes el desorden y el caos que se vivi\u00f3 este viernes en las principales avenidas del Distrito Nacional por la falla del sistema de sem\u00e1foros, el presidente de la Uni\u00f3n Nacional de Empresas del Transporte (UNET), Reynaldo P\u00e9rez S\u00e1nchez (Moreno), sostuvo que el director del Intrant es un incompetente y\u2026","rel":"","context":"En \u00abNACIONALES\u00bb","block_context":{"text":"NACIONALES","link":"https:\/\/lasprimeras.com.do\/index.php\/category\/nacionales\/"},"img":{"alt_text":"Reynaldo P\u00e9rez S\u00e1nchez","src":"https:\/\/i0.wp.com\/lasprimeras.com.do\/wp-content\/uploads\/2024\/08\/Moreno.jpg?resize=350%2C200&ssl=1","width":350,"height":200},"classes":[]}],"jetpack_sharing_enabled":true,"_links":{"self":[{"href":"https:\/\/lasprimeras.com.do\/index.php\/wp-json\/wp\/v2\/posts\/97247","targetHints":{"allow":["GET"]}}],"collection":[{"href":"https:\/\/lasprimeras.com.do\/index.php\/wp-json\/wp\/v2\/posts"}],"about":[{"href":"https:\/\/lasprimeras.com.do\/index.php\/wp-json\/wp\/v2\/types\/post"}],"author":[{"embeddable":true,"href":"https:\/\/lasprimeras.com.do\/index.php\/wp-json\/wp\/v2\/users\/2"}],"replies":[{"embeddable":true,"href":"https:\/\/lasprimeras.com.do\/index.php\/wp-json\/wp\/v2\/comments?post=97247"}],"version-history":[{"count":1,"href":"https:\/\/lasprimeras.com.do\/index.php\/wp-json\/wp\/v2\/posts\/97247\/revisions"}],"predecessor-version":[{"id":97249,"href":"https:\/\/lasprimeras.com.do\/index.php\/wp-json\/wp\/v2\/posts\/97247\/revisions\/97249"}],"wp:featuredmedia":[{"embeddable":true,"href":"https:\/\/lasprimeras.com.do\/index.php\/wp-json\/wp\/v2\/media\/97248"}],"wp:attachment":[{"href":"https:\/\/lasprimeras.com.do\/index.php\/wp-json\/wp\/v2\/media?parent=97247"}],"wp:term":[{"taxonomy":"category","embeddable":true,"href":"https:\/\/lasprimeras.com.do\/index.php\/wp-json\/wp\/v2\/categories?post=97247"},{"taxonomy":"post_tag","embeddable":true,"href":"https:\/\/lasprimeras.com.do\/index.php\/wp-json\/wp\/v2\/tags?post=97247"}],"curies":[{"name":"wp","href":"https:\/\/api.w.org\/{rel}","templated":true}]}}