{"id":97250,"date":"2025-04-17T18:42:29","date_gmt":"2025-04-17T22:42:29","guid":{"rendered":"https:\/\/lasprimeras.com.do\/?p=97250"},"modified":"2025-04-17T18:42:29","modified_gmt":"2025-04-17T22:42:29","slug":"muere-otra-victima-del-colapso-de-la-discoteca-jet-set","status":"publish","type":"post","link":"https:\/\/lasprimeras.com.do\/index.php\/2025\/04\/17\/muere-otra-victima-del-colapso-de-la-discoteca-jet-set\/","title":{"rendered":"Muere otra v\u00edctima del colapso de la discoteca Jet Set"},"content":{"rendered":"\n<p><strong>El SNS notific\u00f3 el deceso de un paciente de 46 a\u00f1os que se encontraba en el Dar\u00edo Contreras.<\/strong><\/p>\n\n\n\n<p><strong>Suman 232 los fallecidos por la tragedia en la discoteca.<\/strong><\/p>\n\n\n\n<p>El Servicio Nacional de Salud (SNS) inform\u00f3 este jueves sobre el fallecimiento de un paciente de 46 a\u00f1os que permanec\u00eda ingresado en la Unidad de Cuidados Intensivos (UCI) del Hospital Traumatol\u00f3gico Dar\u00edo Contreras, como consecuencia del colapso del techo de la discoteca Jet Set.<\/p>\n\n\n\n<p>Seg\u00fan el informe m\u00e9dico, el deceso se produjo a las 2:50 de la tarde, a causa de una parada cardiorrespiratoria que result\u00f3 refractaria a todas las maniobras de resucitaci\u00f3n aplicadas por el equipo de salud.<\/p>\n\n\n\n<p>En un comunicado anterior, la entidad hab\u00eda informado que el paciente fue sometido a una traqueotom\u00eda en horas de la ma\u00f1ana y que su pron\u00f3stico permanec\u00eda reservado.<\/p>\n\n\n\n<p>El SNS dijo que con este deceso, suman tres los fallecimientos en hospitales de la red p\u00fablica de pacientes afectados por el desplome del techo de la referida discoteca en la madrugada del martes 8 de abril, y se aumenta a 232 el total muertes relacionadas al hecho.<\/p>\n\n\n\n<p>La \u00faltima actualizaci\u00f3n de fallecidos se realiz\u00f3 el pasado lunes 14, cuando la ministra de Interior y Polic\u00eda, Faride Raful, dijo en rueda de prensa que la cifra preliminar hab\u00eda ascendido a 231 las personas.<\/p>\n\n\n\n<p>Decesos anteriores en la red p\u00fablica<\/p>\n\n\n\n<p>El doctor C\u00e9sar Roque, director del Dar\u00edo Contreras, y todo el equipo m\u00e9dico del centro expresaron su solidaridad a los parientes de los dos pacientes que han fallecido en este hospital.<\/p>\n\n\n\n<p>El caso anterior se trat\u00f3 de una joven de 35 a\u00f1os, quien falleci\u00f3 el viernes 11 de abril, y que se convirti\u00f3 en el primer deceso en un centro p\u00fablico.<\/p>\n\n\n\n<p>Era una paciente con pron\u00f3stico reservado, tras presentar traumatismo craneoencef\u00e1lico y vertebro-medular, cervico-lumbar completo, adem\u00e1s de m\u00faltiples fracturas.<\/p>\n\n\n\n<p>La segunda paciente fallecida era de nacionalidad costarricense y estaba ingresada en el Hospital Marcelino V\u00e9lez Santana, cuyo deceso ocurri\u00f3 el pasado s\u00e1bado 12 de abril a las dos de la tarde.<\/p>\n\n\n\n<p>Se trataba de una paciente femenina de 41 a\u00f1os, intervenida quir\u00fargicamente, quien estaba en estado cr\u00edtico en la Unidad de Cuidados Intensivos.<\/p>\n\n\n\n<p>Los fallecidos por el derrumbe en la discoteca Jet Set suman 232. El pasado jueves 10 de abril, cuando concluy\u00f3 la b\u00fasqueda de v\u00edctimas en la zona cero, la cantidad de fallecidos era de 221.<\/p>\n\n\n\n<p>Desde ese d\u00eda, se han notificado 11 v\u00edctimas m\u00e1s. Parte de ellos eran heridos que estaban ingresadao en hospitales y cl\u00ednicas.<\/p>\n","protected":false},"excerpt":{"rendered":"<p>El SNS notific\u00f3 el deceso de un paciente de 46 a\u00f1os que se encontraba en el Dar\u00edo Contreras. Suman 232 los fallecidos por la tragedia en la discoteca. El Servicio&hellip;<\/p>\n","protected":false},"author":2,"featured_media":97251,"comment_status":"open","ping_status":"open","sticky":false,"template":"","format":"standard","meta":{"content-type":"","jetpack_post_was_ever_published":false,"_jetpack_newsletter_access":"","_jetpack_dont_email_post_to_subs":false,"_jetpack_newsletter_tier_id":0,"_jetpack_memberships_contains_paywalled_content":false,"_jetpack_memberships_contains_paid_content":false,"footnotes":""},"categories":[25,16558],"tags":[9609,18679,650,18860],"class_list":["post-97250","post","type-post","status-publish","format-standard","has-post-thumbnail","hentry","category-portada","category-salud","tag-colapso","tag-discoteca-jet-set","tag-muere","tag-otra-victima"],"jetpack_featured_media_url":"https:\/\/lasprimeras.com.do\/wp-content\/uploads\/2025\/04\/Hospital-Dario-Contreras.jpg","jetpack-related-posts":[{"id":97305,"url":"https:\/\/lasprimeras.com.do\/index.php\/2025\/04\/18\/cinco-pacientes-continuan-ingresados-tras-colapso-en-discoteca-jet-set-informa-el-sns\/","url_meta":{"origin":97250,"position":0},"title":"Cinco pacientes contin\u00faan ingresados tras colapso en discoteca Jet Set, informa el SNS","author":"Nelson Feliz","date":"18 de abril de 2025","format":false,"excerpt":"El Servicio Nacional de Salud (SNS) inform\u00f3 este Viernes Santo que cinco personas permanecen hospitalizadas tras resultar heridas en el colapso del techo de la discoteca Jet Set, ocurrido el pasado martes 8 de abril. En el Hospital Salvador B. Gautier, una joven de 24 a\u00f1os se encuentra estable en\u2026","rel":"","context":"En \u00abSALUD\u00bb","block_context":{"text":"SALUD","link":"https:\/\/lasprimeras.com.do\/index.php\/category\/salud\/"},"img":{"alt_text":"","src":"https:\/\/i0.wp.com\/lasprimeras.com.do\/wp-content\/uploads\/2025\/04\/Foto-3.jpg?resize=350%2C200&ssl=1","width":350,"height":200,"srcset":"https:\/\/i0.wp.com\/lasprimeras.com.do\/wp-content\/uploads\/2025\/04\/Foto-3.jpg?resize=350%2C200&ssl=1 1x, https:\/\/i0.wp.com\/lasprimeras.com.do\/wp-content\/uploads\/2025\/04\/Foto-3.jpg?resize=525%2C300&ssl=1 1.5x, https:\/\/i0.wp.com\/lasprimeras.com.do\/wp-content\/uploads\/2025\/04\/Foto-3.jpg?resize=700%2C400&ssl=1 2x"},"classes":[]},{"id":96927,"url":"https:\/\/lasprimeras.com.do\/index.php\/2025\/04\/11\/fallece-en-el-hospital-dario-contreras-la-victima-222-del-derrumbe-en-jet-set\/","url_meta":{"origin":97250,"position":1},"title":"Fallece en el hospital Dar\u00edo Contreras la v\u00edctima 222 del derrumbe en Jet Set","author":"Nelson Feliz","date":"11 de abril de 2025","format":false,"excerpt":"Se trata de una mujer de 35 a\u00f1os y falleci\u00f3 de un paro cardiorespiratorio. El Servicio Nacional de Salud (SNS) inform\u00f3 la noche de este viernes, el fallecimiento de una joven de 35 a\u00f1os, quien permanec\u00eda ingresada en el Hospital Traumatol\u00f3gico Dar\u00edo Contreras, tras resultar afectada en el desplome del\u2026","rel":"","context":"En \u00abPORTADA\u00bb","block_context":{"text":"PORTADA","link":"https:\/\/lasprimeras.com.do\/index.php\/category\/portada\/"},"img":{"alt_text":"","src":"https:\/\/i0.wp.com\/lasprimeras.com.do\/wp-content\/uploads\/2025\/04\/Varias-personas-a-las-afueras-del-Hospital-Dario-Contreras.jpg?resize=350%2C200&ssl=1","width":350,"height":200,"srcset":"https:\/\/i0.wp.com\/lasprimeras.com.do\/wp-content\/uploads\/2025\/04\/Varias-personas-a-las-afueras-del-Hospital-Dario-Contreras.jpg?resize=350%2C200&ssl=1 1x, https:\/\/i0.wp.com\/lasprimeras.com.do\/wp-content\/uploads\/2025\/04\/Varias-personas-a-las-afueras-del-Hospital-Dario-Contreras.jpg?resize=525%2C300&ssl=1 1.5x, https:\/\/i0.wp.com\/lasprimeras.com.do\/wp-content\/uploads\/2025\/04\/Varias-personas-a-las-afueras-del-Hospital-Dario-Contreras.jpg?resize=700%2C400&ssl=1 2x"},"classes":[]},{"id":106840,"url":"https:\/\/lasprimeras.com.do\/index.php\/2025\/08\/20\/sisalril-sanciona-a-la-clinica-abel-gonzalez-por-negar-atencion-a-victimas-del-colapso-del-jet-set\/","url_meta":{"origin":97250,"position":2},"title":"Sisalril sanciona a la cl\u00ednica Abel Gonz\u00e1lez por negar atenci\u00f3n a v\u00edctimas del colapso del Jet Set","author":"Nelson Feliz","date":"20 de agosto de 2025","format":false,"excerpt":"La falta de atenci\u00f3n deriv\u00f3 el traslado de los pacientes a otro centro de salud (Hospiten Santo Domingo). La Superintendencia de Salud y Riesgos Laborales (Sisalril) impuso una sanci\u00f3n de RD$2,189,154 al Centro de Medicina Avanzada Dr. Abel Gonz\u00e1lez, S.A.S., por negar atenci\u00f3n m\u00e9dica de emergencia a dos afiliados del\u2026","rel":"","context":"En \u00abECONOM\u00cdA\u00bb","block_context":{"text":"ECONOM\u00cdA","link":"https:\/\/lasprimeras.com.do\/index.php\/category\/economia\/"},"img":{"alt_text":"","src":"https:\/\/i0.wp.com\/lasprimeras.com.do\/wp-content\/uploads\/2025\/06\/Sisalril.jpg?resize=350%2C200&ssl=1","width":350,"height":200,"srcset":"https:\/\/i0.wp.com\/lasprimeras.com.do\/wp-content\/uploads\/2025\/06\/Sisalril.jpg?resize=350%2C200&ssl=1 1x, https:\/\/i0.wp.com\/lasprimeras.com.do\/wp-content\/uploads\/2025\/06\/Sisalril.jpg?resize=525%2C300&ssl=1 1.5x, https:\/\/i0.wp.com\/lasprimeras.com.do\/wp-content\/uploads\/2025\/06\/Sisalril.jpg?resize=700%2C400&ssl=1 2x"},"classes":[]},{"id":96785,"url":"https:\/\/lasprimeras.com.do\/index.php\/2025\/04\/08\/abinader-confirma-la-muerte-de-gobernadora-de-montecristi-nelsy-cruz-en-la-discoteca-jet-set\/","url_meta":{"origin":97250,"position":3},"title":"Abinader confirma la muerte de gobernadora de Montecristi Nelsy Cruz en la discoteca Jet Set","author":"Nelson Feliz","date":"8 de abril de 2025","format":false,"excerpt":"\"Nos llamaron y se confirm\u00f3 que muri\u00f3 en la Plaza de la Salud\", expres\u00f3 el mandatario. El presidente de la Rep\u00fablica, Luis Abinader, confirm\u00f3 este martes el fallecimiento de la gobernadora de la provincia Montecristi, Nelsy Cruz, tras resultar herida en el colapso parcial del techo de la discoteca Jet\u2026","rel":"","context":"En \u00abNACIONALES\u00bb","block_context":{"text":"NACIONALES","link":"https:\/\/lasprimeras.com.do\/index.php\/category\/nacionales\/"},"img":{"alt_text":"","src":"https:\/\/i0.wp.com\/lasprimeras.com.do\/wp-content\/uploads\/2025\/04\/Luis-Abinader-JS.jpg?resize=350%2C200&ssl=1","width":350,"height":200},"classes":[]},{"id":114622,"url":"https:\/\/lasprimeras.com.do\/index.php\/2025\/08\/27\/servicio-nacional-de-salud-expone-caso-jet-set-como-modelo-de-gestion-comunicacional-en-emergencias\/","url_meta":{"origin":97250,"position":4},"title":"Servicio Nacional de Salud expone caso Jet Set como modelo de gesti\u00f3n comunicacional en emergencias","author":"Nelson Feliz","date":"27 de agosto de 2025","format":false,"excerpt":"El director del Servicio Nacional de Salud (SNS), doctor Mario Lama, particip\u00f3 este mi\u00e9rcoles en el di\u00e1logo \u201cCobertura medi\u00e1tica del derrumbe del techo de la discoteca Jet Set. Lecciones aprendidas para la comunicaci\u00f3n de la gesti\u00f3n integral del riesgo de desastres\u201d, organizado por la Sociedad Dominicana de Diarios y el\u2026","rel":"","context":"En \u00abNACIONALES\u00bb","block_context":{"text":"NACIONALES","link":"https:\/\/lasprimeras.com.do\/index.php\/category\/nacionales\/"},"img":{"alt_text":"","src":"https:\/\/i0.wp.com\/lasprimeras.com.do\/wp-content\/uploads\/2025\/11\/Servicio-Nacional-de-Salud.jpg?resize=350%2C200&ssl=1","width":350,"height":200,"srcset":"https:\/\/i0.wp.com\/lasprimeras.com.do\/wp-content\/uploads\/2025\/11\/Servicio-Nacional-de-Salud.jpg?resize=350%2C200&ssl=1 1x, https:\/\/i0.wp.com\/lasprimeras.com.do\/wp-content\/uploads\/2025\/11\/Servicio-Nacional-de-Salud.jpg?resize=525%2C300&ssl=1 1.5x, https:\/\/i0.wp.com\/lasprimeras.com.do\/wp-content\/uploads\/2025\/11\/Servicio-Nacional-de-Salud.jpg?resize=700%2C400&ssl=1 2x"},"classes":[]},{"id":96875,"url":"https:\/\/lasprimeras.com.do\/index.php\/2025\/04\/09\/se-eleva-a-184-cifra-de-fallecidos-por-el-derrumbe-en-la-discoteca-jet-set\/","url_meta":{"origin":97250,"position":5},"title":"Se eleva a 184 cifra de fallecidos por el derrumbe en la discoteca Jet Set","author":"Nelson Feliz","date":"9 de abril de 2025","format":false,"excerpt":"El director del COE, Juan Manuel M\u00e9ndez, dijo que la b\u00fasqueda no se detendr\u00e1 mientras haya v\u00edctimas. El director del Centro de Operaciones de Emergencia (COE), Juan Manuel M\u00e9ndez, inform\u00f3 la noche de este mi\u00e9rcoles que la cifra de fallecidos por el colapso del techo de la discoteca Jet Set\u2026","rel":"","context":"En \u00abNACIONALES\u00bb","block_context":{"text":"NACIONALES","link":"https:\/\/lasprimeras.com.do\/index.php\/category\/nacionales\/"},"img":{"alt_text":"El director del COE, Juan Manuel M\u00e9ndez, ofrece informaci\u00f3n actualizada sobre las v\u00edctimas y trabajos de b\u00fasqueda en la discoteca Jet Set.","src":"https:\/\/i0.wp.com\/lasprimeras.com.do\/wp-content\/uploads\/2025\/04\/Juan-Manuel-Mendez-1.jpg?resize=350%2C200&ssl=1","width":350,"height":200,"srcset":"https:\/\/i0.wp.com\/lasprimeras.com.do\/wp-content\/uploads\/2025\/04\/Juan-Manuel-Mendez-1.jpg?resize=350%2C200&ssl=1 1x, https:\/\/i0.wp.com\/lasprimeras.com.do\/wp-content\/uploads\/2025\/04\/Juan-Manuel-Mendez-1.jpg?resize=525%2C300&ssl=1 1.5x, https:\/\/i0.wp.com\/lasprimeras.com.do\/wp-content\/uploads\/2025\/04\/Juan-Manuel-Mendez-1.jpg?resize=700%2C400&ssl=1 2x"},"classes":[]}],"jetpack_sharing_enabled":true,"_links":{"self":[{"href":"https:\/\/lasprimeras.com.do\/index.php\/wp-json\/wp\/v2\/posts\/97250","targetHints":{"allow":["GET"]}}],"collection":[{"href":"https:\/\/lasprimeras.com.do\/index.php\/wp-json\/wp\/v2\/posts"}],"about":[{"href":"https:\/\/lasprimeras.com.do\/index.php\/wp-json\/wp\/v2\/types\/post"}],"author":[{"embeddable":true,"href":"https:\/\/lasprimeras.com.do\/index.php\/wp-json\/wp\/v2\/users\/2"}],"replies":[{"embeddable":true,"href":"https:\/\/lasprimeras.com.do\/index.php\/wp-json\/wp\/v2\/comments?post=97250"}],"version-history":[{"count":1,"href":"https:\/\/lasprimeras.com.do\/index.php\/wp-json\/wp\/v2\/posts\/97250\/revisions"}],"predecessor-version":[{"id":97252,"href":"https:\/\/lasprimeras.com.do\/index.php\/wp-json\/wp\/v2\/posts\/97250\/revisions\/97252"}],"wp:featuredmedia":[{"embeddable":true,"href":"https:\/\/lasprimeras.com.do\/index.php\/wp-json\/wp\/v2\/media\/97251"}],"wp:attachment":[{"href":"https:\/\/lasprimeras.com.do\/index.php\/wp-json\/wp\/v2\/media?parent=97250"}],"wp:term":[{"taxonomy":"category","embeddable":true,"href":"https:\/\/lasprimeras.com.do\/index.php\/wp-json\/wp\/v2\/categories?post=97250"},{"taxonomy":"post_tag","embeddable":true,"href":"https:\/\/lasprimeras.com.do\/index.php\/wp-json\/wp\/v2\/tags?post=97250"}],"curies":[{"name":"wp","href":"https:\/\/api.w.org\/{rel}","templated":true}]}}