{"id":97268,"date":"2025-04-17T20:47:58","date_gmt":"2025-04-18T00:47:58","guid":{"rendered":"https:\/\/lasprimeras.com.do\/?p=97268"},"modified":"2025-04-17T20:48:00","modified_gmt":"2025-04-18T00:48:00","slug":"senasa-refuerza-sus-puntos-de-servicios-en-hospitales","status":"publish","type":"post","link":"https:\/\/lasprimeras.com.do\/index.php\/2025\/04\/17\/senasa-refuerza-sus-puntos-de-servicios-en-hospitales\/","title":{"rendered":"SeNaSa refuerza sus puntos de servicios en hospitales"},"content":{"rendered":"\n<p>El director ejecutivo del Seguro Nacional de Salud (SeNaSa), doctor Santiago Hazim, anunci\u00f3 el fortalecimiento de los puntos de servicio en los principales hospitales del pa\u00eds durante la Semana Mayor.<\/p>\n\n\n\n<p>&#8220;As\u00ed como SeNaSa activa sus protocolos necesarios para que, durante esta Semana Santa, se sienta seguro y tranquilo, de esa misma manera invitamos a la poblaci\u00f3n a tomar las medidas preventivas, como por ejemplo verificar su botiqu\u00edn m\u00e9dico, chequear su veh\u00edculo, movilizarse respetando todas las leyes de tr\u00e1nsito y acogerse a las orientaciones que ofrece el Centro de Operaciones de Emergencias (COE)\u201d, dijo el doctor Hazim.<\/p>\n\n\n\n<p>El funcionario record\u00f3 a los afiliados, en caso de as\u00ed requerirlo todos los prestadores que conforman la red de servicios tambi\u00e9n activan sus protocolos para que, durante el asueto, \u201cnuestros afiliados cuenten con el respaldo de SeNaSa ante cualquier eventualidad en sus procesos de atenci\u00f3n m\u00e9dica. Empero apelamos a que este sea un tiempo para la renovaci\u00f3n espiritual\u201d.<\/p>\n\n\n\n<p>Resalt\u00f3 que los puntos de servicio ubicados en los hospitales traumatol\u00f3gicos estar\u00e1n operando en su horario habitual, reafirmando su compromiso de acompa\u00f1ar a cada afiliado en su camino hacia la salud y el bienestar.<\/p>\n\n\n\n<p>Asimismo, los afiliados podr\u00e1n acceder a la atenci\u00f3n m\u00e9dica a trav\u00e9s de diversos canales, incluyendo el chatbot Sof\u00eda, la Oficina Virtual del Afiliado (OVA), el *737 y la aplicaci\u00f3n m\u00f3vil de SeNaSa.<\/p>\n\n\n\n<p>Adem\u00e1s, el servicio de Autorizaciones M\u00e9dicas estar\u00e1 disponible las 24 horas del d\u00eda, todos los d\u00edas de la semana, asegurando un acceso ininterrumpido a la asistencia necesaria.<\/p>\n\n\n\n<p>Entre los hospitales traumatol\u00f3gicos en servicio se incluyen el Dr. Dar\u00edo Contreras en Santo Domingo Este, el Ney Arias Lora en Santo Domingo Norte y el Traumatol\u00f3gico y Quir\u00fargico Prof. Juan Bosch en La Vega.<\/p>\n\n\n\n<p>Asimismo, para los pacientes con enfermedades de alto costo, garantizamos la continuidad de sus tratamientos en la Liga Dominicana Contra el C\u00e1ncer (Hospital Heriberto Peter) en el Distrito Nacional, as\u00ed como en el Instituto Oncol\u00f3gico Regional del Cibao en Santiago y el Instituto Oncol\u00f3gico y Especialidades del Nordeste en San Francisco de Macor\u00eds.<\/p>\n\n\n\n<p>El doctor Hazim hace un llamado a la prudencia y a vivir esta Semana Santa con moderaci\u00f3n y responsabilidad, exhortando a mitigar las emergencias relacionadas con accidentes de tr\u00e1nsito, intoxicaciones alcoh\u00f3licas o problemas alimentarios.<\/p>\n\n\n\n<p>&#8220;Recordemos que este es un tiempo para la reflexi\u00f3n y la paz. Cuidemos nuestra vida y la de los dem\u00e1s, actuando con sensatez y amor al pr\u00f3jimo&#8221;, enfatiz\u00f3.<\/p>\n\n\n\n<p>Dirigi\u00e9ndose especialmente a los j\u00f3venes, el director los anima a celebrar en familia y con responsabilidad.<\/p>\n\n\n\n<p>&#8220;Usen casco, cintur\u00f3n de seguridad, respeten las se\u00f1ales de tr\u00e1nsito y, si van a consumir alcohol, designen a un conductor. Estas acciones simples, pero poderosas, no solo los protegen a ustedes, sino tambi\u00e9n a sus seres queridos&#8221;, concluy\u00f3 con un mensaje de esperanza y solidaridad.<\/p>\n\n\n\n<p>Concluy\u00f3 que durante el asueto sea un tiempo de paz, oraci\u00f3n y cuidado mutuo, recordando siempre que la prudencia y la prevenci\u00f3n son expresiones del amor de Dios hacia nosotros y hacia nuestros semejantes.<\/p>\n","protected":false},"excerpt":{"rendered":"<p>El director ejecutivo del Seguro Nacional de Salud (SeNaSa), doctor Santiago Hazim, anunci\u00f3 el fortalecimiento de los puntos de servicio en los principales hospitales del pa\u00eds durante la Semana Mayor.&hellip;<\/p>\n","protected":false},"author":2,"featured_media":94333,"comment_status":"open","ping_status":"open","sticky":false,"template":"","format":"standard","meta":{"content-type":"","jetpack_post_was_ever_published":false,"_jetpack_newsletter_access":"","_jetpack_dont_email_post_to_subs":false,"_jetpack_newsletter_tier_id":0,"_jetpack_memberships_contains_paywalled_content":false,"_jetpack_memberships_contains_paid_content":false,"footnotes":""},"categories":[16558],"tags":[1949,3036,4347,18865,75,580],"class_list":["post-97268","post","type-post","status-publish","format-standard","has-post-thumbnail","hentry","category-salud","tag-hospitales","tag-prevencion","tag-prudencia","tag-puntos-de-servicios","tag-refuerza","tag-senasa"],"jetpack_featured_media_url":"https:\/\/lasprimeras.com.do\/wp-content\/uploads\/2025\/02\/SeNaSa.jpg","jetpack-related-posts":[{"id":63263,"url":"https:\/\/lasprimeras.com.do\/index.php\/2023\/10\/11\/santiago-hazimsenasa-es-principal-aseguradora-rd-con-75-millones-afiliados\/","url_meta":{"origin":97268,"position":0},"title":"Santiago Hazim:&#8221;SENASA es principal aseguradora RD con 7,5 millones afiliados&#8221;","author":"Nelson Feliz","date":"11 de octubre de 2023","format":false,"excerpt":"Por Mart\u00edn Restituyo El Seguro Nacional de Salud (SENASA) se ha convertido en la principal aseguradora del pa\u00eds, impactando en la vida de m\u00e1s de 7,5 millones dominicanos afiliados activos con una inversi\u00f3n que sobre pasa los 102 mil 321 millones de pesos. El director ejecutivo del Seguro Nacional de\u2026","rel":"","context":"En \u00abECONOM\u00cdA\u00bb","block_context":{"text":"ECONOM\u00cdA","link":"https:\/\/lasprimeras.com.do\/index.php\/category\/economia\/"},"img":{"alt_text":"Santiago Hazim","src":"https:\/\/i0.wp.com\/lasprimeras.com.do\/wp-content\/uploads\/2023\/10\/Santiago-Hazim.jpg?resize=350%2C200&ssl=1","width":350,"height":200,"srcset":"https:\/\/i0.wp.com\/lasprimeras.com.do\/wp-content\/uploads\/2023\/10\/Santiago-Hazim.jpg?resize=350%2C200&ssl=1 1x, https:\/\/i0.wp.com\/lasprimeras.com.do\/wp-content\/uploads\/2023\/10\/Santiago-Hazim.jpg?resize=525%2C300&ssl=1 1.5x, https:\/\/i0.wp.com\/lasprimeras.com.do\/wp-content\/uploads\/2023\/10\/Santiago-Hazim.jpg?resize=700%2C400&ssl=1 2x"},"classes":[]},{"id":99519,"url":"https:\/\/lasprimeras.com.do\/index.php\/2025\/05\/22\/autoridades-del-comite-organizador-de-los-juegos-centroamericanos-y-del-caribe-se-reunen-con-el-director-de-senasa\/","url_meta":{"origin":97268,"position":1},"title":"Autoridades del Comit\u00e9 Organizador de los Juegos Centroamericanos y del Caribe se re\u00fanen con el director de SeNaSa","author":"Nelson Feliz","date":"22 de mayo de 2025","format":false,"excerpt":"Coordinan aspectos m\u00e9dicos del evento. El presidente del Comit\u00e9 Organizador de los Juegos Centroamericanos y del Caribe Santo Domingo 2026,Jos\u00e9 Monegro, y el director m\u00e9dico del evento, el doctor Milton Pinedo, realizaron una visita de cortes\u00eda al doctor Santiago Hazim, director ejecutivo del Seguro Nacional de Salud (SeNaSa), con el\u2026","rel":"","context":"En \u00abDEPORTES\u00bb","block_context":{"text":"DEPORTES","link":"https:\/\/lasprimeras.com.do\/index.php\/category\/deportes\/"},"img":{"alt_text":"Dr. Milton Pinero, Dr. Santiago Hazim y Jos\u00e9 Monegro","src":"https:\/\/i0.wp.com\/lasprimeras.com.do\/wp-content\/uploads\/2025\/05\/Dr.-Milton-Pinero-Dr.-Santiago-Hazim-y-Jose-Monegro.jpg?resize=350%2C200&ssl=1","width":350,"height":200,"srcset":"https:\/\/i0.wp.com\/lasprimeras.com.do\/wp-content\/uploads\/2025\/05\/Dr.-Milton-Pinero-Dr.-Santiago-Hazim-y-Jose-Monegro.jpg?resize=350%2C200&ssl=1 1x, https:\/\/i0.wp.com\/lasprimeras.com.do\/wp-content\/uploads\/2025\/05\/Dr.-Milton-Pinero-Dr.-Santiago-Hazim-y-Jose-Monegro.jpg?resize=525%2C300&ssl=1 1.5x, https:\/\/i0.wp.com\/lasprimeras.com.do\/wp-content\/uploads\/2025\/05\/Dr.-Milton-Pinero-Dr.-Santiago-Hazim-y-Jose-Monegro.jpg?resize=700%2C400&ssl=1 2x"},"classes":[]},{"id":104053,"url":"https:\/\/lasprimeras.com.do\/index.php\/2025\/07\/21\/senasa-exhorta-a-hombres-los-afiliados-realizar-chequeos-medicos-y-prevenir-enfermedades\/","url_meta":{"origin":97268,"position":2},"title":"SeNaSa exhorta a hombres los afiliados realizar chequeos m\u00e9dicos y prevenir enfermedades","author":"Nelson Feliz","date":"21 de julio de 2025","format":false,"excerpt":"En el marco del D\u00eda del Padre, el director ejecutivo del Seguro Nacional de Salud (SeNaSa), doctor Santiago Hazim, junto al doctor William Cuello, de la Gerencia de Salud, reiteraron el compromiso de la instituci\u00f3n con la salud integral de los hombres dominicanos y la importancia de fomentar una cultura\u2026","rel":"","context":"En \u00abSALUD\u00bb","block_context":{"text":"SALUD","link":"https:\/\/lasprimeras.com.do\/index.php\/category\/salud\/"},"img":{"alt_text":"","src":"https:\/\/i0.wp.com\/lasprimeras.com.do\/wp-content\/uploads\/2025\/02\/SeNaSa.jpg?resize=350%2C200&ssl=1","width":350,"height":200,"srcset":"https:\/\/i0.wp.com\/lasprimeras.com.do\/wp-content\/uploads\/2025\/02\/SeNaSa.jpg?resize=350%2C200&ssl=1 1x, https:\/\/i0.wp.com\/lasprimeras.com.do\/wp-content\/uploads\/2025\/02\/SeNaSa.jpg?resize=525%2C300&ssl=1 1.5x, https:\/\/i0.wp.com\/lasprimeras.com.do\/wp-content\/uploads\/2025\/02\/SeNaSa.jpg?resize=700%2C400&ssl=1 2x"},"classes":[]},{"id":100649,"url":"https:\/\/lasprimeras.com.do\/index.php\/2025\/06\/09\/senasa-relanza-su-voluntariado-con-nueva-imagen-institucional\/","url_meta":{"origin":97268,"position":3},"title":"SeNaSa relanza su voluntariado con nueva imagen institucional","author":"Nelson Feliz","date":"9 de junio de 2025","format":false,"excerpt":"El Seguro Nacional de Salud (SeNaSa) relanz\u00f3 oficialmente su voluntariado institucional con una imagen renovada, reafirmando su compromiso con la sostenibilidad y el bienestar colectivo. Esta iniciativa se enmarca en la celebraci\u00f3n de la Semana de la Sostenibilidad, impulsada por la entidad para fortalecer la cultura organizacional enfocada en la\u2026","rel":"","context":"En \u00abNACIONALES\u00bb","block_context":{"text":"NACIONALES","link":"https:\/\/lasprimeras.com.do\/index.php\/category\/nacionales\/"},"img":{"alt_text":"","src":"https:\/\/i0.wp.com\/lasprimeras.com.do\/wp-content\/uploads\/2025\/06\/senasa-1.jpg?resize=350%2C200&ssl=1","width":350,"height":200,"srcset":"https:\/\/i0.wp.com\/lasprimeras.com.do\/wp-content\/uploads\/2025\/06\/senasa-1.jpg?resize=350%2C200&ssl=1 1x, https:\/\/i0.wp.com\/lasprimeras.com.do\/wp-content\/uploads\/2025\/06\/senasa-1.jpg?resize=525%2C300&ssl=1 1.5x, https:\/\/i0.wp.com\/lasprimeras.com.do\/wp-content\/uploads\/2025\/06\/senasa-1.jpg?resize=700%2C400&ssl=1 2x"},"classes":[]},{"id":89523,"url":"https:\/\/lasprimeras.com.do\/index.php\/2024\/09\/26\/senasa-e-intracare-firman-acuerdo-para-beneficiar-a-afiliados-con-descuentos\/","url_meta":{"origin":97268,"position":4},"title":"SeNaSa e IntraCare firman acuerdo para beneficiar a afiliados con descuentos","author":"Nelson Feliz","date":"26 de septiembre de 2024","format":false,"excerpt":"La ARS de los dominicanos llega a 71 acuerdos firmados en beneficio de sus afiliados. El Seguro Nacional de Salud (SeNaSa) e IntraCare, un hospital de d\u00eda especializado en ofrecer servicios de quimioterapia, firmaron un acuerdo estrat\u00e9gico con el objetivo de proporcionar descuentos en la atenci\u00f3n m\u00e9dica integral a la\u2026","rel":"","context":"En \u00abPORTADA\u00bb","block_context":{"text":"PORTADA","link":"https:\/\/lasprimeras.com.do\/index.php\/category\/portada\/"},"img":{"alt_text":"","src":"https:\/\/i0.wp.com\/lasprimeras.com.do\/wp-content\/uploads\/2024\/09\/Diane-Desiree-Borrelly-directora-de-operaciones-de-IntraCare-y-el-doctor-Santiago-Hazim-director-ejecutivo-de-SeNaSa-durante-la-firma.jpg?resize=350%2C200&ssl=1","width":350,"height":200,"srcset":"https:\/\/i0.wp.com\/lasprimeras.com.do\/wp-content\/uploads\/2024\/09\/Diane-Desiree-Borrelly-directora-de-operaciones-de-IntraCare-y-el-doctor-Santiago-Hazim-director-ejecutivo-de-SeNaSa-durante-la-firma.jpg?resize=350%2C200&ssl=1 1x, https:\/\/i0.wp.com\/lasprimeras.com.do\/wp-content\/uploads\/2024\/09\/Diane-Desiree-Borrelly-directora-de-operaciones-de-IntraCare-y-el-doctor-Santiago-Hazim-director-ejecutivo-de-SeNaSa-durante-la-firma.jpg?resize=525%2C300&ssl=1 1.5x, https:\/\/i0.wp.com\/lasprimeras.com.do\/wp-content\/uploads\/2024\/09\/Diane-Desiree-Borrelly-directora-de-operaciones-de-IntraCare-y-el-doctor-Santiago-Hazim-director-ejecutivo-de-SeNaSa-durante-la-firma.jpg?resize=700%2C400&ssl=1 2x"},"classes":[]},{"id":97620,"url":"https:\/\/lasprimeras.com.do\/index.php\/2025\/04\/24\/senasa-fortalece-medidas-de-seguridad-en-el-expendio-de-medicamentos\/","url_meta":{"origin":97268,"position":5},"title":"SeNaSa fortalece medidas de seguridad en el expendio de medicamentos","author":"Nelson Feliz","date":"24 de abril de 2025","format":false,"excerpt":"SeNaSa garantiza mayor transparencia y control. El director de SeNaSa, doctor Santiago Hazim anunci\u00f3 la implementaci\u00f3n de nuevas medidas de seguridad en el proceso de expendio de medicamentos, con el objetivo de reforzar los niveles de transparencia, autenticidad y control en cada etapa del servicio. \u201cEstas acciones forman parte de\u2026","rel":"","context":"En \u00abSALUD\u00bb","block_context":{"text":"SALUD","link":"https:\/\/lasprimeras.com.do\/index.php\/category\/salud\/"},"img":{"alt_text":"","src":"https:\/\/i0.wp.com\/lasprimeras.com.do\/wp-content\/uploads\/2025\/02\/SeNaSa.jpg?resize=350%2C200&ssl=1","width":350,"height":200,"srcset":"https:\/\/i0.wp.com\/lasprimeras.com.do\/wp-content\/uploads\/2025\/02\/SeNaSa.jpg?resize=350%2C200&ssl=1 1x, https:\/\/i0.wp.com\/lasprimeras.com.do\/wp-content\/uploads\/2025\/02\/SeNaSa.jpg?resize=525%2C300&ssl=1 1.5x, https:\/\/i0.wp.com\/lasprimeras.com.do\/wp-content\/uploads\/2025\/02\/SeNaSa.jpg?resize=700%2C400&ssl=1 2x"},"classes":[]}],"jetpack_sharing_enabled":true,"_links":{"self":[{"href":"https:\/\/lasprimeras.com.do\/index.php\/wp-json\/wp\/v2\/posts\/97268","targetHints":{"allow":["GET"]}}],"collection":[{"href":"https:\/\/lasprimeras.com.do\/index.php\/wp-json\/wp\/v2\/posts"}],"about":[{"href":"https:\/\/lasprimeras.com.do\/index.php\/wp-json\/wp\/v2\/types\/post"}],"author":[{"embeddable":true,"href":"https:\/\/lasprimeras.com.do\/index.php\/wp-json\/wp\/v2\/users\/2"}],"replies":[{"embeddable":true,"href":"https:\/\/lasprimeras.com.do\/index.php\/wp-json\/wp\/v2\/comments?post=97268"}],"version-history":[{"count":1,"href":"https:\/\/lasprimeras.com.do\/index.php\/wp-json\/wp\/v2\/posts\/97268\/revisions"}],"predecessor-version":[{"id":97269,"href":"https:\/\/lasprimeras.com.do\/index.php\/wp-json\/wp\/v2\/posts\/97268\/revisions\/97269"}],"wp:featuredmedia":[{"embeddable":true,"href":"https:\/\/lasprimeras.com.do\/index.php\/wp-json\/wp\/v2\/media\/94333"}],"wp:attachment":[{"href":"https:\/\/lasprimeras.com.do\/index.php\/wp-json\/wp\/v2\/media?parent=97268"}],"wp:term":[{"taxonomy":"category","embeddable":true,"href":"https:\/\/lasprimeras.com.do\/index.php\/wp-json\/wp\/v2\/categories?post=97268"},{"taxonomy":"post_tag","embeddable":true,"href":"https:\/\/lasprimeras.com.do\/index.php\/wp-json\/wp\/v2\/tags?post=97268"}],"curies":[{"name":"wp","href":"https:\/\/api.w.org\/{rel}","templated":true}]}}