{"id":97293,"date":"2025-04-18T11:29:06","date_gmt":"2025-04-18T15:29:06","guid":{"rendered":"https:\/\/lasprimeras.com.do\/?p=97293"},"modified":"2025-04-18T11:29:06","modified_gmt":"2025-04-18T15:29:06","slug":"gobierno-de-trump-busca-expandir-significativamente-el-sistema-de-detencion-de-inmigrantes","status":"publish","type":"post","link":"https:\/\/lasprimeras.com.do\/index.php\/2025\/04\/18\/gobierno-de-trump-busca-expandir-significativamente-el-sistema-de-detencion-de-inmigrantes\/","title":{"rendered":"Gobierno de Trump busca expandir significativamente el sistema de detenci\u00f3n de inmigrantes"},"content":{"rendered":"\n<p>POR SARA CLINE and KATE BRUMBACK<\/p>\n\n\n\n<p>JENA, Luisiana, EE.UU. (AP) \u2014 En medio de las granjas de cangrejos de r\u00edo, los imponentes pinos y las cafeter\u00edas que sirven po\u2019boys en la zona rural de Luisiana, alrededor de 7.000 personas se encuentran encerradas en centros de detenci\u00f3n de inmigrantes a la espera de saber si ser\u00e1n expulsadas de Estados Unidos.<\/p>\n\n\n\n<p>Si el gobierno del presidente Donald Trump se sale con la suya, muy pronto se incrementar\u00e1 la capacidad para detener a decenas de miles de inmigrantes en todo el pa\u00eds, mientras Estados Unidos busca expandir significativamente un sistema de detenci\u00f3n de inmigrantes que ya es el m\u00e1s grande del mundo.<\/p>\n\n\n\n<p>Los esfuerzos del gobierno federal por llevar a cabo deportaciones a gran escala, tal como lo prometi\u00f3 durante su campa\u00f1a de 2024, representan una posible bonanza para las empresas penitenciarias privadas, as\u00ed como un desaf\u00edo para las agencias gubernamentales responsables de la expulsi\u00f3n ordenada de inmigrantes.<\/p>\n\n\n\n<p>Algunos cr\u00edticos afirman que entre los planes del gobierno tambi\u00e9n se incluye un intento deliberado por aislar a los detenidos, encerr\u00e1ndolos y llevando a cabo sus procedimientos judiciales lejos de sus abogados y sistemas de apoyo.<\/p>\n\n\n\n<p>El director interino del Servicio de Control de Inmigraci\u00f3n y Aduanas (ICE por sus iniciales en ingl\u00e9s), Todd Lyons, dijo la semana pasada en una conferencia de seguridad fronteriza en Phoenix que la agencia necesita \u201cmejorar en lo referente a tratar esto como un negocio\u201d y dej\u00f3 entrever que el sistema de deportaciones del pa\u00eds podr\u00eda funcionar \u201ccomo Amazon, tratando de entregar su producto en 24 horas\u201d.<\/p>\n\n\n\n<p>\u201cAs\u00ed que encontrar la forma de hacer eso con seres humanos y tratar de llevarlos a pr\u00e1cticamente todo el mundo es algo que realmente quisi\u00e9ramos\u201d, indic\u00f3 Lyons.<\/p>\n\n\n\n<p>ICE toma medidas para aumentar camas en centros de detenci\u00f3n<\/p>\n\n\n\n<p>El ICE invit\u00f3 hace unas semanas a varias empresas para que presenten ofertas para la operaci\u00f3n de centros de detenci\u00f3n en diversos puntos del pa\u00eds por hasta 45.000 millones de d\u00f3lares, mientras la agencia empieza a incrementar su presupuesto actual para unas 41.000 camas a cerca de 100.000.<\/p>\n\n\n\n<p>Los fondos a\u00fan no est\u00e1n disponibles, pero ya se empezaron a adjudicar las licitaciones.<\/p>\n\n\n\n<p>La C\u00e1mara de Representantes aprob\u00f3 por estrecho margen una iniciativa de gastos que incluye 175.000 millones de d\u00f3lares para reforzar la aplicaci\u00f3n de las leyes de inmigraci\u00f3n, lo que representa aproximadamente 22 veces el presupuesto anual del ICE.<\/p>\n\n\n\n<p>Los m\u00e1s de 100 centros de detenci\u00f3n de la agencia en todo el pa\u00eds albergan actualmente a unas 46.000 personas, lo que causa hacinamiento en lugares como Miami.<\/p>\n\n\n\n<p>La agencia otorg\u00f3 la semana pasada un contrato por hasta 3.850 millones de d\u00f3lares a Deployed Resources LLC para operar un campo de detenci\u00f3n en la base del Ej\u00e9rcito de Fort Bliss, en Texas.<\/p>\n\n\n\n<p>La empresa le ha dado un giro a su negocio luego de construir campamentos de la Patrulla Fronteriza para personas que llegan a Estados Unidos \u2014la mayor\u00eda de los cuales ya est\u00e1n cerrados\u2014 a la construcci\u00f3n de instalaciones del ICE para personas que est\u00e1n siendo deportadas.<\/p>\n\n\n\n<p>The Geo Group Inc. obtuvo un contrato para 1.000 camas en Newark, Nueva Jersey, con un valor de 1.000 millones e d\u00f3lares durante 15 a\u00f1os y otro para 1.800 camas en Baldwin, Michigan. CoreCivic Inc., gan\u00f3 un contrato para albergar a 2.400 personas en familias con ni\u00f1os peque\u00f1os en Dilley, Texas, por cinco a\u00f1os.<\/p>\n\n\n\n<p>El mercado de valores ha recompensado a ambas empresas privadas. El precio de las acciones de Geo ha aumentado un 94% desde la elecci\u00f3n de Trump, mientras que las de CoreCivic registran ganancias del 62%.<\/p>\n\n\n\n<p>Luisiana ocupa el segundo lugar del pa\u00eds en espacio de detenci\u00f3n para inmigrantes<\/p>\n\n\n\n<p>Luisiana, que tiene relativamente pocos inmigrantes y no limita con M\u00e9xico, podr\u00eda no parecer una opci\u00f3n obvia para establecer un centro de detenci\u00f3n de inmigrantes.<\/p>\n\n\n\n<p>Pero las circunstancias convergieron hacia el final de la \u00faltima d\u00e9cada que le permitieron al ICE asumir el control de cinco penales del estado tan s\u00f3lo en 2019.<\/p>\n\n\n\n<p>Ahora, el estado se ubica \u00fanicamente detr\u00e1s de Texas en cuanto a espacio de camas para inmigrantes detenidos.<\/p>\n\n\n\n<p>El ICE se sinti\u00f3 atra\u00eddo al estado en parte por los costos laborales relativamente bajos, un entorno pol\u00edtico en su mayor parte favorable y un suministro de c\u00e1rceles que quedaron vac\u00edas recientemente.<\/p>\n\n\n\n<p>En 2017, las leyes estatales redujeron las penas criminales, reduciendo la necesidad de camas en c\u00e1rceles y prisiones.<\/p>\n\n\n\n<p>En zonas rurales, donde una instalaci\u00f3n correccional es a menudo uno de los principales motores de la econom\u00eda local, las autoridades est\u00e1n ansiosas por adjudicar contratos para la detenci\u00f3n de inmigrantes.<\/p>\n\n\n\n<p>\u201cComo Luisiana era uno de los principales encarceladores del mundo, no es como si hubiera legisladores locales que est\u00e9n en contra de las prisiones o en contra de tener un complejo industrial penitenciario con fines de lucro que venga y realmente se asegure que estos contin\u00faen funcionando\u201d, dijo Nora Ahmed, directora legal de la Uni\u00f3n Americana de Libertades Civiles de Luisiana.<\/p>\n\n\n\n<p>Los tribunales federales conservadores en el Distrito Oeste de Luisiana y en el Tribunal Federal de Apelaciones del 5\u00ba Circuito hacen que sea m\u00e1s dif\u00edcil para las personas encarceladas en los centros de detenci\u00f3n de Luisiana impugnar las condiciones de detenci\u00f3n o apelar las decisiones de las cortes de inmigraci\u00f3n, dijo Mary Yanik, profesora y codirectora de la Cl\u00ednica de los Derechos de los Inmigrantes en la Facultad de Derecho de la Universidad de Tulane.<\/p>\n\n\n\n<p>\u201cEl ICE b\u00e1sicamente puede elegir los tribunales donde se escuchan sus casos al ubicar centros de detenci\u00f3n en ciertos lugares\u201d, se\u00f1al\u00f3.<\/p>\n\n\n\n<p>Lejos de ciudades y abogados<\/p>\n\n\n\n<p>Los nueve centros de detenci\u00f3n de inmigrantes de Luisiana se ubican en zonas rurales en el norte o el occidente del estado.<\/p>\n\n\n\n<p>Eso significa un viaje de varias horas desde sus ciudades m\u00e1s grandes, en donde se concentran los abogados y los grupos defensores de los derechos de los inmigrantes. Los detenidos se han quejado durante mucho tiempo de quedar aislados.<\/p>\n\n\n\n<p>Ser retenido en \u201ccondiciones deplorables\u201d y aislado de sus familias y de las redes de apoyo puede hacer que las personas dejen de luchar contra su deportaci\u00f3n y facilitar su expulsi\u00f3n a manos del ICE, dijo Carly P\u00e9rez Fern\u00e1ndez, portavoz de Detention Watch Network, un grupo que ayud\u00f3 a organizar protestas a nivel nacional el jueves.<\/p>\n\n\n\n<p>\u201cLa detenci\u00f3n realmente juega un papel crucial en facilitar la cruela agenda de deportaci\u00f3n masiva de Trump\u201d, afirm\u00f3. \u201cUna mayor capacidad de detenci\u00f3n exacerbar\u00e1 las condiciones de detenci\u00f3n que ya sabemos que son inhumanas\u201d.<\/p>\n\n\n\n<p>La mayor\u00eda de las instalaciones de detenci\u00f3n se ubican a una distancia relativamente corta de Alexandria, en donde el ICE habilit\u00f3 una antigua base militar en un centro de detenci\u00f3n de corto plazo con capacidad para 400 camas y una pista de aterrizaje adyacente para vuelos de deportaci\u00f3n.<\/p>\n\n\n\n<p>Una instalaci\u00f3n para 4.200 personas se encuentra en Jena, a unos 355 kil\u00f3metros (220 millas) de Nueva Orleans. La comunidad tiene solo un hotel, llamado Townsmen Inn.<\/p>\n\n\n\n<p>El centro de detenci\u00f3n de Jena, operado bajo contrato con el Geo Group, est\u00e1 rodeado de letreros de \u201cprohibido el paso\u201d, cercas con alambre de p\u00faas y guardias armados.<\/p>\n\n\n\n<p>Homero Lopez, abogado de Immigration Services and Legal Advocacy, que brinda representaci\u00f3n gratuita en los centros de detenci\u00f3n de Luisiana, dijo que su ubicaci\u00f3n tan lejana \u201chace que sea mucho m\u00e1s dif\u00edcil protestar y organizarse\u201d.<\/p>\n\n\n\n<p>La introducci\u00f3n de las audiencias por video en los tribunales de inmigraci\u00f3n ha suavizado, pero no eliminado, las cr\u00edticas de que el ICE intenta distanciar deliberadamente a los detenidos de sus familias, abogados y otras formas de apoyo.<\/p>\n\n\n\n<p>Lopez dijo que est\u00e1 contento con el uso de videoconferencias para asuntos preliminares, pero prefiere hacer el viaje para presentarse en persona en audiencias m\u00e1s relevantes.<\/p>\n\n\n\n<p>Dijo que los enlaces de video pueden ser \u201cdeshumanizantes\u201d y pueden llevar a los jueces a no apreciar lo que est\u00e1 en juego cuando no est\u00e1n frente a los inmigrantes.<\/p>\n","protected":false},"excerpt":{"rendered":"<p>POR SARA CLINE and KATE BRUMBACK JENA, Luisiana, EE.UU. (AP) \u2014 En medio de las granjas de cangrejos de r\u00edo, los imponentes pinos y las cafeter\u00edas que sirven po\u2019boys en&hellip;<\/p>\n","protected":false},"author":2,"featured_media":97294,"comment_status":"open","ping_status":"open","sticky":false,"template":"","format":"standard","meta":{"content-type":"","jetpack_post_was_ever_published":false,"_jetpack_newsletter_access":"","_jetpack_dont_email_post_to_subs":false,"_jetpack_newsletter_tier_id":0,"_jetpack_memberships_contains_paywalled_content":false,"_jetpack_memberships_contains_paid_content":false,"footnotes":""},"categories":[16289],"tags":[1964,171,102,7458,532,15616],"class_list":["post-97293","post","type-post","status-publish","format-standard","has-post-thumbnail","hentry","category-internacionales","tag-detencion","tag-gobierno","tag-inmigrantes","tag-luisiana","tag-sistema","tag-trump"],"jetpack_featured_media_url":"https:\/\/lasprimeras.com.do\/wp-content\/uploads\/2025\/04\/Luisiana.jpg","jetpack-related-posts":[{"id":97655,"url":"https:\/\/lasprimeras.com.do\/index.php\/2025\/04\/25\/aumentan-las-denuncias-de-abusos-en-centro-de-detencion-migratorio-de-eeuu\/","url_meta":{"origin":97293,"position":0},"title":"Aumentan las denuncias de abusos en centro de detenci\u00f3n migratorio de EEUU","author":"Nelson Feliz","date":"25 de abril de 2025","format":false,"excerpt":"POR JOSHUA GOODMAN and GISELA SALOMON MIAMI (AP) \u2014 Cuando cientos de inmigrantes abarrotaron el Centro de Detenci\u00f3n Krome de Miami, en las afueras de los humedales del Parque Nacional Everglades de Florida, el temor de una revuelta se apoder\u00f3 del personal. Mientras el presidente Donald J. Trump buscaba cumplir\u2026","rel":"","context":"En \u00abINTERNACIONALES\u00bb","block_context":{"text":"INTERNACIONALES","link":"https:\/\/lasprimeras.com.do\/index.php\/category\/sin-categoria\/internacionales\/"},"img":{"alt_text":"","src":"https:\/\/i0.wp.com\/lasprimeras.com.do\/wp-content\/uploads\/2025\/04\/Centro-de-Detencion.jpg?resize=350%2C200&ssl=1","width":350,"height":200,"srcset":"https:\/\/i0.wp.com\/lasprimeras.com.do\/wp-content\/uploads\/2025\/04\/Centro-de-Detencion.jpg?resize=350%2C200&ssl=1 1x, https:\/\/i0.wp.com\/lasprimeras.com.do\/wp-content\/uploads\/2025\/04\/Centro-de-Detencion.jpg?resize=525%2C300&ssl=1 1.5x, https:\/\/i0.wp.com\/lasprimeras.com.do\/wp-content\/uploads\/2025\/04\/Centro-de-Detencion.jpg?resize=700%2C400&ssl=1 2x"},"classes":[]},{"id":96054,"url":"https:\/\/lasprimeras.com.do\/index.php\/2025\/03\/25\/gobierno-de-trump-invoca-privilegio-de-secretos-de-estado-en-caso-de-deportaciones\/","url_meta":{"origin":97293,"position":1},"title":"Gobierno de Trump invoca privilegio de secretos de Estado en caso de deportaciones","author":"Nelson Feliz","date":"25 de marzo de 2025","format":false,"excerpt":"POR MICHAEL KUNZELMAN and LINDSAY WHITEHURST WASHINGTON (AP) \u2014 El gobierno del presidente estadounidense Donald Trump invoc\u00f3 el lunes un \u201cprivilegio de secretos de Estado\u201d y se neg\u00f3 a proporcionarle a un juez federal informaci\u00f3n adicional sobre la deportaci\u00f3n de migrantes venezolanos a El Salvador bajo una ley de guerra\u2026","rel":"","context":"En \u00abINTERNACIONALES\u00bb","block_context":{"text":"INTERNACIONALES","link":"https:\/\/lasprimeras.com.do\/index.php\/category\/sin-categoria\/internacionales\/"},"img":{"alt_text":"","src":"https:\/\/i0.wp.com\/lasprimeras.com.do\/wp-content\/uploads\/2025\/03\/carcel-1.jpg?resize=350%2C200&ssl=1","width":350,"height":200,"srcset":"https:\/\/i0.wp.com\/lasprimeras.com.do\/wp-content\/uploads\/2025\/03\/carcel-1.jpg?resize=350%2C200&ssl=1 1x, https:\/\/i0.wp.com\/lasprimeras.com.do\/wp-content\/uploads\/2025\/03\/carcel-1.jpg?resize=525%2C300&ssl=1 1.5x, https:\/\/i0.wp.com\/lasprimeras.com.do\/wp-content\/uploads\/2025\/03\/carcel-1.jpg?resize=700%2C400&ssl=1 2x"},"classes":[]},{"id":92872,"url":"https:\/\/lasprimeras.com.do\/index.php\/2025\/01\/18\/alcalde-de-ny-se-reune-con-zar-de-la-frontera-de-trump-para-discutir-como-ir-tras-criminales\/","url_meta":{"origin":97293,"position":2},"title":"Alcalde de NY se re\u00fane con \u201czar de la frontera\u201d de Trump para discutir c\u00f3mo ir tras criminales","author":"Nelson Feliz","date":"18 de enero de 2025","format":false,"excerpt":"POR ANTHONY IZAGUIRRE and CEDAR ATTANASIO NUEVA YORK (AP) \u2014 El alcalde de la ciudad de Nueva York, Eric Adams, se reuni\u00f3 el jueves con el \u201czar de la frontera\u201d del presidente electo Donald Trump, Tom Homan, y el alcalde dem\u00f3crata expres\u00f3 entusiasmo por trabajar con el gobierno entrante para\u2026","rel":"","context":"En \u00abINTERNACIONALES\u00bb","block_context":{"text":"INTERNACIONALES","link":"https:\/\/lasprimeras.com.do\/index.php\/category\/sin-categoria\/internacionales\/"},"img":{"alt_text":"","src":"https:\/\/i0.wp.com\/lasprimeras.com.do\/wp-content\/uploads\/2025\/01\/Eric-Adams-1.jpg?resize=350%2C200&ssl=1","width":350,"height":200,"srcset":"https:\/\/i0.wp.com\/lasprimeras.com.do\/wp-content\/uploads\/2025\/01\/Eric-Adams-1.jpg?resize=350%2C200&ssl=1 1x, https:\/\/i0.wp.com\/lasprimeras.com.do\/wp-content\/uploads\/2025\/01\/Eric-Adams-1.jpg?resize=525%2C300&ssl=1 1.5x, https:\/\/i0.wp.com\/lasprimeras.com.do\/wp-content\/uploads\/2025\/01\/Eric-Adams-1.jpg?resize=700%2C400&ssl=1 2x"},"classes":[]},{"id":94351,"url":"https:\/\/lasprimeras.com.do\/index.php\/2025\/02\/28\/decenas-de-personas-protestan-en-puerto-rico-contra-arrestos-de-migrantes-por-parte-de-ice\/","url_meta":{"origin":97293,"position":3},"title":"Decenas de personas protestan en Puerto Rico contra arrestos de migrantes por parte de ICE","author":"Nelson Feliz","date":"28 de febrero de 2025","format":false,"excerpt":"Los grupos promueven \"El apag\u00f3n econ\u00f3mico de 24 horas\" programado para este viernes, 28 de febrero San Juan,EFE \u2013 Decenas de personas se concentraron la tarde de este jueves en el Viejo San Juan, distrito hist\u00f3rico de la capital puertorrique\u00f1a, para protestar en contra de la pol\u00edtica migratoria del presidente\u2026","rel":"","context":"En \u00abINTERNACIONALES\u00bb","block_context":{"text":"INTERNACIONALES","link":"https:\/\/lasprimeras.com.do\/index.php\/category\/sin-categoria\/internacionales\/"},"img":{"alt_text":"","src":"https:\/\/i0.wp.com\/lasprimeras.com.do\/wp-content\/uploads\/2025\/02\/protesta.png?resize=350%2C200&ssl=1","width":350,"height":200,"srcset":"https:\/\/i0.wp.com\/lasprimeras.com.do\/wp-content\/uploads\/2025\/02\/protesta.png?resize=350%2C200&ssl=1 1x, https:\/\/i0.wp.com\/lasprimeras.com.do\/wp-content\/uploads\/2025\/02\/protesta.png?resize=525%2C300&ssl=1 1.5x, https:\/\/i0.wp.com\/lasprimeras.com.do\/wp-content\/uploads\/2025\/02\/protesta.png?resize=700%2C400&ssl=1 2x"},"classes":[]},{"id":95481,"url":"https:\/\/lasprimeras.com.do\/index.php\/2025\/03\/14\/en-primeros-50-dias-inmigracion-gobierno-trump-arresta-32809-incluidos-cientos-de-dominicanos\/","url_meta":{"origin":97293,"position":4},"title":"En primeros 50 d\u00edas Inmigraci\u00f3n gobierno Trump arresta 32,809, incluidos cientos de dominicanos","author":"Nelson Feliz","date":"14 de marzo de 2025","format":false,"excerpt":"Por Ram\u00f3n Mercedes NUEVA YORK.- En los primeros 50 d\u00edas del Gobierno del presidente Donald Trump, del 20 de enero al 10 de marzo, el Servicio de Control de Inmigraci\u00f3n y Aduanas de los Estados Unidos (ICE) ha efectuado 32.809 arrestos en territorio estadounidense, entre ellos cientos de dominicanos, seg\u00fan\u2026","rel":"","context":"En \u00abINTERNACIONALES\u00bb","block_context":{"text":"INTERNACIONALES","link":"https:\/\/lasprimeras.com.do\/index.php\/category\/sin-categoria\/internacionales\/"},"img":{"alt_text":"En primeros 50 d\u00edas Inmigraci\u00f3n gobierno Trump arresta 32,809, incluidos cientos de dominicanos","src":"https:\/\/i0.wp.com\/lasprimeras.com.do\/wp-content\/uploads\/2025\/03\/WhatsApp-Image-2025-03-13-at-6.35.32-AM-1.jpeg?resize=350%2C200&ssl=1","width":350,"height":200,"srcset":"https:\/\/i0.wp.com\/lasprimeras.com.do\/wp-content\/uploads\/2025\/03\/WhatsApp-Image-2025-03-13-at-6.35.32-AM-1.jpeg?resize=350%2C200&ssl=1 1x, https:\/\/i0.wp.com\/lasprimeras.com.do\/wp-content\/uploads\/2025\/03\/WhatsApp-Image-2025-03-13-at-6.35.32-AM-1.jpeg?resize=525%2C300&ssl=1 1.5x"},"classes":[]},{"id":93239,"url":"https:\/\/lasprimeras.com.do\/index.php\/2025\/01\/29\/diputada-de-ultramar-alza-su-voz-en-apoyo-a-la-comunidad-inmigrante\/","url_meta":{"origin":97293,"position":5},"title":"Diputada de ultramar alza su voz en apoyo a la comunidad inmigrante","author":"Nelson Feliz","date":"29 de enero de 2025","format":false,"excerpt":"La diputada de ultramar de la circunscripci\u00f3n 2 por el Partido Revolucionario Moderno (PRM), Adelis Olivares, alz\u00f3 su voz en solidaridad con todas las comunidades inmigrantes afectadas por medidas que generan miedo, incertidumbre y discriminaci\u00f3n. La representante de la di\u00e1spora dominicana en el exterior se\u00f1al\u00f3 que las redadas y pol\u00edticas\u2026","rel":"","context":"En \u00abPOLITICA\u00bb","block_context":{"text":"POLITICA","link":"https:\/\/lasprimeras.com.do\/index.php\/category\/politica\/"},"img":{"alt_text":"","src":"","width":0,"height":0},"classes":[]}],"jetpack_sharing_enabled":true,"_links":{"self":[{"href":"https:\/\/lasprimeras.com.do\/index.php\/wp-json\/wp\/v2\/posts\/97293","targetHints":{"allow":["GET"]}}],"collection":[{"href":"https:\/\/lasprimeras.com.do\/index.php\/wp-json\/wp\/v2\/posts"}],"about":[{"href":"https:\/\/lasprimeras.com.do\/index.php\/wp-json\/wp\/v2\/types\/post"}],"author":[{"embeddable":true,"href":"https:\/\/lasprimeras.com.do\/index.php\/wp-json\/wp\/v2\/users\/2"}],"replies":[{"embeddable":true,"href":"https:\/\/lasprimeras.com.do\/index.php\/wp-json\/wp\/v2\/comments?post=97293"}],"version-history":[{"count":1,"href":"https:\/\/lasprimeras.com.do\/index.php\/wp-json\/wp\/v2\/posts\/97293\/revisions"}],"predecessor-version":[{"id":97295,"href":"https:\/\/lasprimeras.com.do\/index.php\/wp-json\/wp\/v2\/posts\/97293\/revisions\/97295"}],"wp:featuredmedia":[{"embeddable":true,"href":"https:\/\/lasprimeras.com.do\/index.php\/wp-json\/wp\/v2\/media\/97294"}],"wp:attachment":[{"href":"https:\/\/lasprimeras.com.do\/index.php\/wp-json\/wp\/v2\/media?parent=97293"}],"wp:term":[{"taxonomy":"category","embeddable":true,"href":"https:\/\/lasprimeras.com.do\/index.php\/wp-json\/wp\/v2\/categories?post=97293"},{"taxonomy":"post_tag","embeddable":true,"href":"https:\/\/lasprimeras.com.do\/index.php\/wp-json\/wp\/v2\/tags?post=97293"}],"curies":[{"name":"wp","href":"https:\/\/api.w.org\/{rel}","templated":true}]}}