{"id":97296,"date":"2025-04-18T11:38:32","date_gmt":"2025-04-18T15:38:32","guid":{"rendered":"https:\/\/lasprimeras.com.do\/?p=97296"},"modified":"2025-04-18T11:38:34","modified_gmt":"2025-04-18T15:38:34","slug":"restablecen-la-electricidad-a-casi-todos-los-clientes-en-puerto-rico","status":"publish","type":"post","link":"https:\/\/lasprimeras.com.do\/index.php\/2025\/04\/18\/restablecen-la-electricidad-a-casi-todos-los-clientes-en-puerto-rico\/","title":{"rendered":"Restablecen la electricidad a casi todos los clientes en Puerto Rico"},"content":{"rendered":"\n<p>SAN JUAN (AP) \u2014 El 98,8% de los clientes volv\u00edan a tener suministro el\u00e9ctrico a primera hora del viernes despu\u00e9s de un apag\u00f3n generalizado que afect\u00f3 a Puerto Rico a principios de semana, seg\u00fan las autoridades.<\/p>\n\n\n\n<p>M\u00e1s de 1,45 millones de clientes ten\u00edan electricidad menos de 48 horas despu\u00e9s del inicio del corte, explic\u00f3 Luma Energy, que supervisa la transmisi\u00f3n y distribuci\u00f3n de energ\u00eda en la isla.<\/p>\n\n\n\n<p>\u201cAunque la restauraci\u00f3n ya est\u00e1 cerca de completarse, algunos clientes podr\u00edan seguir experimentando interrupciones temporales debido a generaci\u00f3n limitada\u201d, manifest\u00f3 Luma en un comunicado.<\/p>\n\n\n\n<p>El apag\u00f3n del mi\u00e9rcoles por la tarde se debi\u00f3 a un fallo en una l\u00ednea de transmisi\u00f3n que provoc\u00f3 que los generadores de toda la isla dejasen de funcionar de forma preventiva, de acuerdo con las autoridades. En un primer momento, tambi\u00e9n dej\u00f3 a m\u00e1s de 400.000 clientes sin agua.<\/p>\n\n\n\n<p>La causa del problema no estuvo clara de inmediato, aunque las autoridades est\u00e1n investigando si fallaron una serie de interruptores o si la vegetaci\u00f3n crecida es la culpable.<\/p>\n\n\n\n<p>La gobernadora, Jenniffer Gonz\u00e1lez, apunt\u00f3 que esperaba recibir un informe preliminar en los pr\u00f3ximos d\u00edas.<\/p>\n\n\n\n<p>Es el segundo apag\u00f3n masivo que afecta a Puerto Rico en menos de cuatro meses. El anterior ocurri\u00f3 en Nochevieja.<\/p>\n","protected":false},"excerpt":{"rendered":"<p>SAN JUAN (AP) \u2014 El 98,8% de los clientes volv\u00edan a tener suministro el\u00e9ctrico a primera hora del viernes despu\u00e9s de un apag\u00f3n generalizado que afect\u00f3 a Puerto Rico a&hellip;<\/p>\n","protected":false},"author":2,"featured_media":97297,"comment_status":"open","ping_status":"open","sticky":false,"template":"","format":"standard","meta":{"content-type":"","jetpack_post_was_ever_published":false,"_jetpack_newsletter_access":"","_jetpack_dont_email_post_to_subs":false,"_jetpack_newsletter_tier_id":0,"_jetpack_memberships_contains_paywalled_content":false,"_jetpack_memberships_contains_paid_content":false,"footnotes":""},"categories":[16289],"tags":[1084,6164,1078,18876],"class_list":["post-97296","post","type-post","status-publish","format-standard","has-post-thumbnail","hentry","category-internacionales","tag-clientes","tag-electricidad","tag-puerto-rico","tag-restablecen"],"jetpack_featured_media_url":"https:\/\/lasprimeras.com.do\/wp-content\/uploads\/2025\/04\/PR.jpg","jetpack-related-posts":[{"id":97218,"url":"https:\/\/lasprimeras.com.do\/index.php\/2025\/04\/17\/autoridades-piden-respuestas-mientras-puerto-rico-trata-de-recuperarse-de-un-nuevo-apagon-general\/","url_meta":{"origin":97296,"position":0},"title":"Autoridades piden respuestas mientras Puerto Rico trata de recuperarse de un nuevo apag\u00f3n general","author":"Nelson Feliz","date":"17 de abril de 2025","format":false,"excerpt":"POR D\u00c1NICA COTO SAN JUAN (AP) \u2014 Cuadrillas de operarios trabajaron durante la madrugada del jueves para restablecer el suministro el\u00e9ctrico en Puerto Rico despu\u00e9s de un apag\u00f3n generalizado en la isla que afect\u00f3 al principal aeropuerto internacional, a varios hospitales y a hoteles llenos de turistas que disfrutaban de\u2026","rel":"","context":"En \u00abINTERNACIONALES\u00bb","block_context":{"text":"INTERNACIONALES","link":"https:\/\/lasprimeras.com.do\/index.php\/category\/sin-categoria\/internacionales\/"},"img":{"alt_text":"","src":"https:\/\/i0.wp.com\/lasprimeras.com.do\/wp-content\/uploads\/2025\/04\/APAGON.jpg?resize=350%2C200&ssl=1","width":350,"height":200,"srcset":"https:\/\/i0.wp.com\/lasprimeras.com.do\/wp-content\/uploads\/2025\/04\/APAGON.jpg?resize=350%2C200&ssl=1 1x, https:\/\/i0.wp.com\/lasprimeras.com.do\/wp-content\/uploads\/2025\/04\/APAGON.jpg?resize=525%2C300&ssl=1 1.5x, https:\/\/i0.wp.com\/lasprimeras.com.do\/wp-content\/uploads\/2025\/04\/APAGON.jpg?resize=700%2C400&ssl=1 2x"},"classes":[]},{"id":92166,"url":"https:\/\/lasprimeras.com.do\/index.php\/2024\/12\/31\/casi-todo-puerto-rico-se-queda-sin-electricidad-en-nochevieja\/","url_meta":{"origin":97296,"position":1},"title":"Casi todo Puerto Rico se queda sin electricidad en Nochevieja","author":"Nelson Feliz","date":"31 de diciembre de 2024","format":false,"excerpt":"By D\u00c1NICA COTO SAN JUAN (AP) \u2014 Un apag\u00f3n afect\u00f3 a casi todo Puerto Rico la madrugada del martes cuando el territorio estadounidense se preparaba para celebrar la Nochevieja, dejando a m\u00e1s de 1,3 millones de clientes a oscuras. Funcionarios advirtieron que podr\u00eda tomar hasta dos d\u00edas restaurar la energ\u00eda.\u2026","rel":"","context":"En \u00abINTERNACIONALES\u00bb","block_context":{"text":"INTERNACIONALES","link":"https:\/\/lasprimeras.com.do\/index.php\/category\/sin-categoria\/internacionales\/"},"img":{"alt_text":"","src":"https:\/\/i0.wp.com\/lasprimeras.com.do\/wp-content\/uploads\/2024\/12\/energia.jpg?resize=350%2C200&ssl=1","width":350,"height":200,"srcset":"https:\/\/i0.wp.com\/lasprimeras.com.do\/wp-content\/uploads\/2024\/12\/energia.jpg?resize=350%2C200&ssl=1 1x, https:\/\/i0.wp.com\/lasprimeras.com.do\/wp-content\/uploads\/2024\/12\/energia.jpg?resize=525%2C300&ssl=1 1.5x, https:\/\/i0.wp.com\/lasprimeras.com.do\/wp-content\/uploads\/2024\/12\/energia.jpg?resize=700%2C400&ssl=1 2x"},"classes":[]},{"id":104221,"url":"https:\/\/lasprimeras.com.do\/index.php\/2025\/07\/22\/el-gobierno-de-puerto-rico-demanda-a-empresa-electrica-privada-por-danos-a-clientes\/","url_meta":{"origin":97296,"position":2},"title":"El gobierno de Puerto Rico demanda a empresa el\u00e9ctrica privada por da\u00f1os a clientes","author":"Nelson Feliz","date":"22 de julio de 2025","format":false,"excerpt":"SAN JUAN, Puerto Rico (AP) \u2014 El gobierno de Puerto Rico present\u00f3 una demanda contra una empresa el\u00e9ctrica privada, alegando que es responsable de los da\u00f1os a los electrodom\u00e9sticos de sus clientes causados por los cortes de energ\u00eda cr\u00f3nicos en el territorio. En la demanda civil, presentada por el departamento\u2026","rel":"","context":"En \u00abINTERNACIONALES\u00bb","block_context":{"text":"INTERNACIONALES","link":"https:\/\/lasprimeras.com.do\/index.php\/category\/sin-categoria\/internacionales\/"},"img":{"alt_text":"","src":"https:\/\/i0.wp.com\/lasprimeras.com.do\/wp-content\/uploads\/2025\/07\/Puerto-Rico-demanda-a-empresa-electrica-privada.jpg?resize=350%2C200&ssl=1","width":350,"height":200,"srcset":"https:\/\/i0.wp.com\/lasprimeras.com.do\/wp-content\/uploads\/2025\/07\/Puerto-Rico-demanda-a-empresa-electrica-privada.jpg?resize=350%2C200&ssl=1 1x, https:\/\/i0.wp.com\/lasprimeras.com.do\/wp-content\/uploads\/2025\/07\/Puerto-Rico-demanda-a-empresa-electrica-privada.jpg?resize=525%2C300&ssl=1 1.5x"},"classes":[]},{"id":87592,"url":"https:\/\/lasprimeras.com.do\/index.php\/2024\/08\/14\/casi-un-millon-de-personas-sin-luz-en-puerto-rico-por-la-tormenta-ernesto\/","url_meta":{"origin":97296,"position":3},"title":"Casi un mill\u00f3n de personas sin luz en Puerto Rico por la tormenta Ernesto","author":"Nelson Feliz","date":"14 de agosto de 2024","format":false,"excerpt":"San Juan, EFE.- Casi un mill\u00f3n de personas est\u00e1n sin luz en Puerto Rico este mi\u00e9rcoles debido al paso de la tormenta tropical Ernesto por el este de la isla, provocando tambi\u00e9n el cierre de carreteras por inundaciones y r\u00e1fagas de vientos que alcanzan el potencial de un hurac\u00e1n categor\u00eda\u2026","rel":"","context":"En \u00abSin categor\u00eda\u00bb","block_context":{"text":"Sin categor\u00eda","link":"https:\/\/lasprimeras.com.do\/index.php\/category\/sin-categoria\/"},"img":{"alt_text":"","src":"https:\/\/i0.wp.com\/lasprimeras.com.do\/wp-content\/uploads\/2024\/08\/LLUVIAS-2.jpg?resize=350%2C200&ssl=1","width":350,"height":200,"srcset":"https:\/\/i0.wp.com\/lasprimeras.com.do\/wp-content\/uploads\/2024\/08\/LLUVIAS-2.jpg?resize=350%2C200&ssl=1 1x, https:\/\/i0.wp.com\/lasprimeras.com.do\/wp-content\/uploads\/2024\/08\/LLUVIAS-2.jpg?resize=525%2C300&ssl=1 1.5x"},"classes":[]},{"id":100015,"url":"https:\/\/lasprimeras.com.do\/index.php\/2025\/05\/30\/gobernadora-de-puerto-rico-se-compromete-a-mejorar-la-red-electrica-y-la-economia-de-la-isla\/","url_meta":{"origin":97296,"position":4},"title":"Gobernadora de Puerto Rico se compromete a mejorar la red el\u00e9ctrica y la econom\u00eda de la isla","author":"Nelson Feliz","date":"30 de mayo de 2025","format":false,"excerpt":"POR D\u00c1NICA COTO SAN JUAN (AP) \u2014 La gobernadora Jenniffer Gonz\u00e1lez Col\u00f3n se comprometi\u00f3 el jueves a mejorar la deteriorada red el\u00e9ctrica de Puerto Rico y a impulsar la econom\u00eda, en su primer discurso tras ser elegida el a\u00f1o pasado mientras crece la indignaci\u00f3n por los cortes de energ\u00eda cr\u00f3nicos\u2026","rel":"","context":"En \u00abECONOM\u00cdA\u00bb","block_context":{"text":"ECONOM\u00cdA","link":"https:\/\/lasprimeras.com.do\/index.php\/category\/economia\/"},"img":{"alt_text":"","src":"https:\/\/i0.wp.com\/lasprimeras.com.do\/wp-content\/uploads\/2025\/05\/Jenniffer-Gonzalez-1.jpg?resize=350%2C200&ssl=1","width":350,"height":200,"srcset":"https:\/\/i0.wp.com\/lasprimeras.com.do\/wp-content\/uploads\/2025\/05\/Jenniffer-Gonzalez-1.jpg?resize=350%2C200&ssl=1 1x, https:\/\/i0.wp.com\/lasprimeras.com.do\/wp-content\/uploads\/2025\/05\/Jenniffer-Gonzalez-1.jpg?resize=525%2C300&ssl=1 1.5x, https:\/\/i0.wp.com\/lasprimeras.com.do\/wp-content\/uploads\/2025\/05\/Jenniffer-Gonzalez-1.jpg?resize=700%2C400&ssl=1 2x"},"classes":[]},{"id":123724,"url":"https:\/\/lasprimeras.com.do\/index.php\/2026\/03\/04\/millones-de-personas-se-quedan-sin-electricidad-tras-apagon-en-el-oeste-de-cuba\/","url_meta":{"origin":97296,"position":5},"title":"Millones de personas se quedan sin electricidad tras apag\u00f3n en el oeste de Cuba","author":"Nelson Feliz","date":"4 de marzo de 2026","format":false,"excerpt":"POR MILEXSY DUR\u00c1N and D\u00c1NICA COTO LA HABANA (AP) \u2014 Un apag\u00f3n afect\u00f3 a la mitad occidental de Cuba el mi\u00e9rcoles, dejando a millones de personas en La Habana y m\u00e1s all\u00e1 sin electricidad en el m\u00e1s reciente corte que golpea a una isla que lucha con reservas de petr\u00f3leo\u2026","rel":"","context":"En \u00abINTERNACIONALES\u00bb","block_context":{"text":"INTERNACIONALES","link":"https:\/\/lasprimeras.com.do\/index.php\/category\/sin-categoria\/internacionales\/"},"img":{"alt_text":"","src":"https:\/\/i0.wp.com\/lasprimeras.com.do\/wp-content\/uploads\/2025\/11\/Apagon-2.jpg?resize=350%2C200&ssl=1","width":350,"height":200,"srcset":"https:\/\/i0.wp.com\/lasprimeras.com.do\/wp-content\/uploads\/2025\/11\/Apagon-2.jpg?resize=350%2C200&ssl=1 1x, https:\/\/i0.wp.com\/lasprimeras.com.do\/wp-content\/uploads\/2025\/11\/Apagon-2.jpg?resize=525%2C300&ssl=1 1.5x, https:\/\/i0.wp.com\/lasprimeras.com.do\/wp-content\/uploads\/2025\/11\/Apagon-2.jpg?resize=700%2C400&ssl=1 2x"},"classes":[]}],"jetpack_sharing_enabled":true,"_links":{"self":[{"href":"https:\/\/lasprimeras.com.do\/index.php\/wp-json\/wp\/v2\/posts\/97296","targetHints":{"allow":["GET"]}}],"collection":[{"href":"https:\/\/lasprimeras.com.do\/index.php\/wp-json\/wp\/v2\/posts"}],"about":[{"href":"https:\/\/lasprimeras.com.do\/index.php\/wp-json\/wp\/v2\/types\/post"}],"author":[{"embeddable":true,"href":"https:\/\/lasprimeras.com.do\/index.php\/wp-json\/wp\/v2\/users\/2"}],"replies":[{"embeddable":true,"href":"https:\/\/lasprimeras.com.do\/index.php\/wp-json\/wp\/v2\/comments?post=97296"}],"version-history":[{"count":1,"href":"https:\/\/lasprimeras.com.do\/index.php\/wp-json\/wp\/v2\/posts\/97296\/revisions"}],"predecessor-version":[{"id":97298,"href":"https:\/\/lasprimeras.com.do\/index.php\/wp-json\/wp\/v2\/posts\/97296\/revisions\/97298"}],"wp:featuredmedia":[{"embeddable":true,"href":"https:\/\/lasprimeras.com.do\/index.php\/wp-json\/wp\/v2\/media\/97297"}],"wp:attachment":[{"href":"https:\/\/lasprimeras.com.do\/index.php\/wp-json\/wp\/v2\/media?parent=97296"}],"wp:term":[{"taxonomy":"category","embeddable":true,"href":"https:\/\/lasprimeras.com.do\/index.php\/wp-json\/wp\/v2\/categories?post=97296"},{"taxonomy":"post_tag","embeddable":true,"href":"https:\/\/lasprimeras.com.do\/index.php\/wp-json\/wp\/v2\/tags?post=97296"}],"curies":[{"name":"wp","href":"https:\/\/api.w.org\/{rel}","templated":true}]}}