{"id":97299,"date":"2025-04-18T11:46:22","date_gmt":"2025-04-18T15:46:22","guid":{"rendered":"https:\/\/lasprimeras.com.do\/?p=97299"},"modified":"2025-04-18T11:46:23","modified_gmt":"2025-04-18T15:46:23","slug":"rubio-sugiere-que-eeuu-abandonara-conversaciones-de-paz-entre-kiev-y-moscu-si-no-hay-avances-pronto","status":"publish","type":"post","link":"https:\/\/lasprimeras.com.do\/index.php\/2025\/04\/18\/rubio-sugiere-que-eeuu-abandonara-conversaciones-de-paz-entre-kiev-y-moscu-si-no-hay-avances-pronto\/","title":{"rendered":"Rubio sugiere que EEUU abandonar\u00e1 conversaciones de paz entre Kiev y Mosc\u00fa si no hay avances pronto"},"content":{"rendered":"\n<p>POR ANGELA CHARLTON and HANNA ARHIROVA<\/p>\n\n\n\n<p>PAR\u00cdS (AP) \u2014 Washington est\u00e1 dispuesto a \u201cdar vuelta a la p\u00e1gina\u201d en la b\u00fasqueda de un acuerdo de paz entre Rusia y Ucrania en caso de no haber avances en los pr\u00f3ximos d\u00edas, se\u00f1al\u00f3 el viernes el secretario de Estado de Estados Unidos, Marco Rubio, luego de meses de contactos que no han logrado poner fin a los combates.<\/p>\n\n\n\n<p>En declaraciones desde Par\u00eds despu\u00e9s que las hist\u00f3ricas conversaciones entre funcionarios estadounidenses, ucranianos y europeos dieran como resultado un esbozo sobre los pasos hacia la paz y pareciera que se lograron avances largamente esperados.<\/p>\n\n\n\n<p>Se prev\u00e9 una nueva reuni\u00f3n la pr\u00f3xima semana en Londres, y Rubio sugiri\u00f3 que podr\u00eda ser decisiva para determinar si el gobierno del presidente Donald Trump contin\u00faa involucrado en el proceso.<\/p>\n\n\n\n<p>\u201cEstamos llegando a un punto en que tenemos que decidir si esto es siquiera posible o no\u201d, dijo Rubio a los reporteros al marcharse. \u201cPorque si no lo es, entonces creo que simplemente vamos a dar vuelta a la p\u00e1gina\u201d.<\/p>\n\n\n\n<p>\u201cNo es nuestra guerra. Tenemos otras prioridades en las que centrarnos\u201d, agreg\u00f3 indicando que el gobierno estadounidense quiere tomar una decisi\u00f3n \u201cen cuesti\u00f3n de d\u00edas\u201d.<\/p>\n\n\n\n<p>Las declaraciones de Rubio aumentaron la presi\u00f3n sobre ambas partes para lograr un acuerdo de paz, incluso cuando Estados Unidos y Ucrania avanzaron en un pacto sobre minerales que Trump ha buscado para recuperar miles de millones de d\u00f3lares en asistencia militar que Washington envi\u00f3 a Kiev desde la invasi\u00f3n a gran escala de Rusia en febrero de 2022.<\/p>\n\n\n\n<p>Tambi\u00e9n indicaron que el camino hacia una tregua completa ser\u00e1 largo y lleno de contenciones, a pesar de que Trump afirm\u00f3 repetidamente durante la campa\u00f1a presidencial que pod\u00eda terminar esa guerra en un d\u00eda.<\/p>\n\n\n\n<p>Trump dijo el mes pasado que estaba \u201csiendo un poco sarc\u00e1stico\u201d cuando hizo esa afirmaci\u00f3n.<\/p>\n\n\n\n<p>El vicepresidente estadounidense JD Vance adopt\u00f3 un tono m\u00e1s esperanzador en Roma el viernes, antes de las conversaciones con la primera ministra italiana Giorgia Meloni.<\/p>\n\n\n\n<p>\u201cCreemos que tenemos cosas interesantes que reportar, por supuesto en privado\u201d, dijo. Sobre las negociaciones, \u201cno las prejuzgar\u00e9, pero nos sentimos optimistas de que, con suerte, podremos poner fin a esta guerra, a esta brutal guerra\u201d.<\/p>\n\n\n\n<p>No dio m\u00e1s detalles.<\/p>\n\n\n\n<p>Avances en el pacto sobre minerales<\/p>\n\n\n\n<p>Las declaraciones de Rubio se produjeron cuando Estados Unidos y Ucrania est\u00e1n cerca de cerrar un acuerdo largamente pospuesto que da a Washington acceso a los vastos recursos minerales ucranianos, lo que est\u00e1 vinculado al impulso de paz de Trump.<\/p>\n\n\n\n<p>El mandatario sostuvo el jueves que \u201ctenemos un acuerdo de minerales\u201d, y la ministra ucraniana de Econom\u00eda destac\u00f3 el viernes que las dos naciones han firmado un memorando de intenciones antes de un posible acuerdo m\u00e1s completo m\u00e1s adelante.<\/p>\n\n\n\n<p>Se espera que el pacto que la ministra Yuliia Svyrydenko dijo que firm\u00f3 con el secretario del Tesoro estadounidense Scott Bessent allane el camino para inversiones significativas, modernizaci\u00f3n de infraestructuras y cooperaci\u00f3n a largo plazo.<\/p>\n\n\n\n<p>El marco del acuerdo de minerales se hab\u00eda estancado en febrero tras la tensa reuni\u00f3n que mantuvieron Trump, su hom\u00f3logo ucraniano Volodymyr Zelenskyy, y el vicepresidente Vance en la Oficina Oval de la Casa Blanca. Las negociaciones se han reanudado desde entonces.<\/p>\n\n\n\n<p>Rusia dice estar \u201cabierta al di\u00e1logo\u201d<\/p>\n\n\n\n<p>A pesar de la aparente impaciencia de Washington sobre las negociaciones de paz, Rubio calific\u00f3 las conversaciones del jueves en Par\u00eds de constructivas. No se\u00f1al\u00f3 a Rusia ni a Ucrania como obst\u00e1culos en el proceso rumbo a la paz.<\/p>\n\n\n\n<p>Adem\u00e1s, apunt\u00f3 haber informado al ministro de Relaciones Exteriores ruso Sergey Lavrov sobre los esbozos alcanzados en una conversaci\u00f3n posterior al encuentro de Par\u00eds, pero no habl\u00f3 sobre la reacci\u00f3n de Lavrov.<\/p>\n\n\n\n<p>Ante la pregunta sobre los comentarios de Rubio el viernes, el vocero del Kremlin, Dmitry Peskov, dijo a reporteros que Estados Unidos y Rusia est\u00e1n manteniendo negociaciones \u201cbastante complejas\u201d.<\/p>\n\n\n\n<p>Aunque no ofreci\u00f3 m\u00e1s detalles, aclar\u00f3 que no hay conversaciones directas programadas entre Trump y Putin en los pr\u00f3ximos d\u00edas.<\/p>\n\n\n\n<p>\u201cRusia est\u00e1 esforz\u00e1ndose por resolver este conflicto, asegurando sus propios intereses, y est\u00e1 abierta al di\u00e1logo. Seguimos haci\u00e9ndolo\u201d, manifest\u00f3.<\/p>\n\n\n\n<p>Peskov hizo hincapi\u00e9 tambi\u00e9n en que el alto el fuego limitado de 30 d\u00edas respaldado por Washington, que tanto Rusia como Ucrania abrazaron en principio el mes pasado, ha expirado, pero no indic\u00f3 qu\u00e9 pasos podr\u00eda tomar Mosc\u00fa ahora.<\/p>\n\n\n\n<p>Aunque expresaron disposici\u00f3n a implementar el acuerdo, las partes en conflicto emitieron declaraciones contradictorias poco despu\u00e9s de sus conversaciones separadas con funcionarios estadounidenses en Arabia Saud\u00ed. Difirieron sobre el momento en que deb\u00edan detenerse los ataque y alegaron incumplimientos casi inmediatos por parte de la otra parte.<\/p>\n\n\n\n<p>Tras semanas de tensiones con los aliados europeos, Rubio dijo a los reporteros en Par\u00eds que los negociadores europeos resultaron ser \u00fatiles.<\/p>\n\n\n\n<p>\u201cEl Reino Unido, Francia y Alemania pueden ayudarnos a avanzar en esto\u201d, indic\u00f3.<\/p>\n\n\n\n<p>Las preocupaciones europeas sobre la disposici\u00f3n de Estados Unidos para acercarse m\u00e1s a Rusia van en aumento. Estas conversaciones fueron las primeras desde la toma de posesi\u00f3n de Trump en que altos funcionarios estadounidenses, ucranianos y europeos se reunieron para abordar el final de la guerra, que ha planteado el mayor desaf\u00edo de seguridad en Europa desde la Segunda Guerra Mundial.<\/p>\n\n\n\n<p>Las reuniones abordaron las garant\u00edas de seguridad para Ucrania en el futuro, pero Rubio no quiso discutir ning\u00fan posible papel de Estados Unidos en \u00e9l.<\/p>\n\n\n\n<p>Se considera que alg\u00fan tipo de respaldo de Washington a Kiev es crucial para garantizar que Mosc\u00fa no vuelva a atacar el pa\u00eds vecino luego de llegar a un acuerdo de paz.<\/p>\n\n\n\n<p>Rubio y el enviado presidencial Steve Witkoff han ayudado a liderar los esfuerzos de Estados Unidos hacia la paz, y Witkoff se ha reunido tres veces con Putin, seg\u00fan Rubio. Ha habido varias rondas de negociaciones en Arabia Saud\u00ed.<\/p>\n\n\n\n<p>Mosc\u00fa se ha negado de facto a aceptar un alto el fuego integral impulsado por Trump y que Ucrania ha respaldado. El Kremlin lo condiciona al cese de los esfuerzos de reclutamiento militar de Kiev y del suministro de armas occidentales, demandas que Ucrania ha rechazado.<\/p>\n\n\n\n<p>Ciudades ucranianas atacadas<\/p>\n\n\n\n<p>Rusia continu\u00f3 con una oleada de ataques letales contra ciudades ucranianas, seg\u00fan funcionarios del pa\u00eds, en los que hiri\u00f3 a decenas de civiles d\u00edas despu\u00e9s que misiles de Mosc\u00fa mataron al menos a 34 personas durante las celebraciones del Domingo de Ramos en la ciudad norte\u00f1a de Sumy.<\/p>\n\n\n\n<p>Una persona muri\u00f3 y 98 m\u00e1s, entre las que hab\u00eda seis ni\u00f1os, resultaron heridas a primera hora en un ataque del Kremlin sobre J\u00e1rkiv, la segunda ciudad m\u00e1s grande de Ucrania, report\u00f3 su alcalde, Ihor Terekhov, el viernes.<\/p>\n\n\n\n<p>Municiones de racimo impactaron un vecindario \u201cdensamente poblado\u201d cuatro veces, agreg\u00f3.<\/p>\n\n\n\n<p>Los drones rusos dieron tambi\u00e9n en una panader\u00eda en Sumy, menos de una semana despu\u00e9s de la letal ofensiva del domingo. Un cliente muri\u00f3 el viernes y un empleado sufri\u00f3 lesiones, de acuerdo con la fiscal\u00eda regional.<\/p>\n\n\n\n<p>Fotos publicadas por la agencia mostraron filas de pasteles de Pascua apilados dentro de un edificio devastado, cubiertos de una espesa capa de polvo, mientras el muro que estaba detr\u00e1s ten\u00eda un enorme agujero y los escombros se acumulaban en el piso.<\/p>\n\n\n\n<p>El ataque del domingo pasado en Sumy, que result\u00f3 en numerosas bajas, fue el segundo ataque con misiles a gran escala que cobr\u00f3 vidas civiles en poco m\u00e1s de una semana.<\/p>\n\n\n\n<p>Unas 20 personas, incluidos nueve ni\u00f1os, murieron el 4 de abril cuando misiles alcanzaron la ciudad natal de Zelenskyy, Kryvyi Rih.<\/p>\n","protected":false},"excerpt":{"rendered":"<p>POR ANGELA CHARLTON and HANNA ARHIROVA PAR\u00cdS (AP) \u2014 Washington est\u00e1 dispuesto a \u201cdar vuelta a la p\u00e1gina\u201d en la b\u00fasqueda de un acuerdo de paz entre Rusia y Ucrania&hellip;<\/p>\n","protected":false},"author":2,"featured_media":97300,"comment_status":"open","ping_status":"open","sticky":false,"template":"","format":"standard","meta":{"content-type":"","jetpack_post_was_ever_published":false,"_jetpack_newsletter_access":"","_jetpack_dont_email_post_to_subs":false,"_jetpack_newsletter_tier_id":0,"_jetpack_memberships_contains_paywalled_content":false,"_jetpack_memberships_contains_paid_content":false,"footnotes":""},"categories":[16289],"tags":[18878,18879,979,1483,3840,18877],"class_list":["post-97299","post","type-post","status-publish","format-standard","has-post-thumbnail","hentry","category-internacionales","tag-abandonara","tag-conversaciones-de-paz","tag-eeuu","tag-kiev","tag-moscu","tag-rubio"],"jetpack_featured_media_url":"https:\/\/lasprimeras.com.do\/wp-content\/uploads\/2025\/04\/RUBIO.jpg","jetpack-related-posts":[{"id":95229,"url":"https:\/\/lasprimeras.com.do\/index.php\/2025\/03\/11\/ucrania-y-eeuu-inician-dialogo-para-poner-fin-a-la-guerra-mientras-kiev-ataca-rusia-con-drones\/","url_meta":{"origin":97299,"position":0},"title":"Ucrania y EEUU inician di\u00e1logo para poner fin a la guerra, mientras Kiev ataca Rusia con drones","author":"Nelson Feliz","date":"11 de marzo de 2025","format":false,"excerpt":"POR MATTHEW LEE YEDA, Arabia Saud\u00ed (AP) \u2014 Las conversaciones de alto nivel entre delegaciones de Ucrania y Estados Unidos sobre c\u00f3mo poner fin a la guerra que enfrenta a Kiev y Mosc\u00fa desde hace tres a\u00f1os comenzaron en Arabia Saud\u00ed el martes, horas despu\u00e9s de que las defensas antia\u00e9reas\u2026","rel":"","context":"En \u00abINTERNACIONALES\u00bb","block_context":{"text":"INTERNACIONALES","link":"https:\/\/lasprimeras.com.do\/index.php\/category\/sin-categoria\/internacionales\/"},"img":{"alt_text":"","src":"https:\/\/i0.wp.com\/lasprimeras.com.do\/wp-content\/uploads\/2025\/03\/guerra.png?resize=350%2C200&ssl=1","width":350,"height":200,"srcset":"https:\/\/i0.wp.com\/lasprimeras.com.do\/wp-content\/uploads\/2025\/03\/guerra.png?resize=350%2C200&ssl=1 1x, https:\/\/i0.wp.com\/lasprimeras.com.do\/wp-content\/uploads\/2025\/03\/guerra.png?resize=525%2C300&ssl=1 1.5x, https:\/\/i0.wp.com\/lasprimeras.com.do\/wp-content\/uploads\/2025\/03\/guerra.png?resize=700%2C400&ssl=1 2x"},"classes":[]},{"id":115580,"url":"https:\/\/lasprimeras.com.do\/index.php\/2025\/11\/24\/autoridades-europeas-celebran-avances-sobre-propuestas-de-eeuu-para-acabar-con-la-guerra-en-ucrania\/","url_meta":{"origin":97299,"position":1},"title":"Autoridades europeas celebran avances sobre propuestas de EEUU para acabar con la guerra en Ucrania","author":"Nelson Feliz","date":"24 de noviembre de 2025","format":false,"excerpt":"POR BARRY HATTON Rusia, AP - Mandatarios europeos celebraron el lunes lo que calificaron como pasos en la direcci\u00f3n correcta en las conversaciones en Ginebra sobre las propuestas de paz de Estados Unidos, consideradas como muy favorables a Rusia tras su invasi\u00f3n de Ucrania, pero ofrecieron pocos detalles y advirtieron\u2026","rel":"","context":"En \u00abINTERNACIONALES\u00bb","block_context":{"text":"INTERNACIONALES","link":"https:\/\/lasprimeras.com.do\/index.php\/category\/sin-categoria\/internacionales\/"},"img":{"alt_text":"Autoridades europeas","src":"https:\/\/i0.wp.com\/lasprimeras.com.do\/wp-content\/uploads\/2025\/11\/Autoridades-europeas.jpg?resize=350%2C200&ssl=1","width":350,"height":200,"srcset":"https:\/\/i0.wp.com\/lasprimeras.com.do\/wp-content\/uploads\/2025\/11\/Autoridades-europeas.jpg?resize=350%2C200&ssl=1 1x, https:\/\/i0.wp.com\/lasprimeras.com.do\/wp-content\/uploads\/2025\/11\/Autoridades-europeas.jpg?resize=525%2C300&ssl=1 1.5x, https:\/\/i0.wp.com\/lasprimeras.com.do\/wp-content\/uploads\/2025\/11\/Autoridades-europeas.jpg?resize=700%2C400&ssl=1 2x"},"classes":[]},{"id":115470,"url":"https:\/\/lasprimeras.com.do\/index.php\/2025\/11\/23\/ucrania-y-aliados-se-reunen-en-ginebra-para-discutir-plan-de-paz-de-eeuu\/","url_meta":{"origin":97299,"position":2},"title":"Ucrania y aliados se re\u00fanen en Ginebra para discutir plan de paz de EEUU","author":"Nelson Feliz","date":"23 de noviembre de 2025","format":false,"excerpt":"GINEBRA (AP) \u2014 Las conversaciones entre Ucrania y sus aliados occidentales sobre un plan de paz propuesto por Estados Unidos para poner fin a la invasi\u00f3n de Rusia comenzaron en Ginebra el domingo, informaron funcionarios ucranianos. El jefe de la delegaci\u00f3n ucraniana, el jefe de gabinete presidencial Andrii Yermak, escribi\u00f3\u2026","rel":"","context":"En \u00abINTERNACIONALES\u00bb","block_context":{"text":"INTERNACIONALES","link":"https:\/\/lasprimeras.com.do\/index.php\/category\/sin-categoria\/internacionales\/"},"img":{"alt_text":"","src":"https:\/\/i0.wp.com\/lasprimeras.com.do\/wp-content\/uploads\/2025\/11\/ginebra.jpg?resize=350%2C200&ssl=1","width":350,"height":200,"srcset":"https:\/\/i0.wp.com\/lasprimeras.com.do\/wp-content\/uploads\/2025\/11\/ginebra.jpg?resize=350%2C200&ssl=1 1x, https:\/\/i0.wp.com\/lasprimeras.com.do\/wp-content\/uploads\/2025\/11\/ginebra.jpg?resize=525%2C300&ssl=1 1.5x, https:\/\/i0.wp.com\/lasprimeras.com.do\/wp-content\/uploads\/2025\/11\/ginebra.jpg?resize=700%2C400&ssl=1 2x"},"classes":[]},{"id":84725,"url":"https:\/\/lasprimeras.com.do\/index.php\/2024\/06\/14\/putin-ofrece-una-tregua-si-ucrania-sale-de-las-zonas-reclamadas-por-rusia-y-abandona-su-candidatura-a-la-otan\/","url_meta":{"origin":97299,"position":3},"title":"Putin ofrece una tregua si Ucrania sale de las zonas reclamadas por Rusia y abandona su candidatura a la OTAN","author":"Nelson Feliz","date":"14 de junio de 2024","format":false,"excerpt":"Kyiv lo califica de \"absurdo\" POR DASHA LITVINOVA El presidente ruso, Vladimir Putin, prometi\u00f3 el viernes ordenar \u201cinmediatamente\u201d un alto el fuego en Ucrania e iniciar negociaciones si Kiev comenzaba a retirar tropas de las cuatro regiones anexadas por Mosc\u00fa en 2022 y renunciaba a sus planes de unirse a\u2026","rel":"","context":"En \u00abSin categor\u00eda\u00bb","block_context":{"text":"Sin categor\u00eda","link":"https:\/\/lasprimeras.com.do\/index.php\/category\/sin-categoria\/"},"img":{"alt_text":"Vladimir Putin","src":"https:\/\/i0.wp.com\/lasprimeras.com.do\/wp-content\/uploads\/2024\/06\/Vladimir-Putin.jpg?resize=350%2C200&ssl=1","width":350,"height":200,"srcset":"https:\/\/i0.wp.com\/lasprimeras.com.do\/wp-content\/uploads\/2024\/06\/Vladimir-Putin.jpg?resize=350%2C200&ssl=1 1x, https:\/\/i0.wp.com\/lasprimeras.com.do\/wp-content\/uploads\/2024\/06\/Vladimir-Putin.jpg?resize=525%2C300&ssl=1 1.5x, https:\/\/i0.wp.com\/lasprimeras.com.do\/wp-content\/uploads\/2024\/06\/Vladimir-Putin.jpg?resize=700%2C400&ssl=1 2x"},"classes":[]},{"id":99002,"url":"https:\/\/lasprimeras.com.do\/index.php\/2025\/05\/15\/zelenskyy-llega-a-turquia-para-conversaciones-de-paz-sobre-ucrania-pero-putin-no-acude\/","url_meta":{"origin":97299,"position":4},"title":"Zelenskyy llega a Turqu\u00eda para conversaciones de paz sobre Ucrania, pero Putin no acude","author":"Nelson Feliz","date":"15 de mayo de 2025","format":false,"excerpt":"POR MEHMET GUZEL ESTAMBUL, Turqu\u00eda (AP) \u2014 El presidente de Rusia, Vlad\u00edmir Putin, no se present\u00f3 en Turqu\u00eda el jueves para las conversaciones de paz directas propuestas con el l\u00edder ucraniano Volodymyr Zelenskyy, quien lo esperaba en la capital de Ankara tras desafiar al l\u00edder del Kremlin a reunirse cara\u2026","rel":"","context":"En \u00abINTERNACIONALES\u00bb","block_context":{"text":"INTERNACIONALES","link":"https:\/\/lasprimeras.com.do\/index.php\/category\/sin-categoria\/internacionales\/"},"img":{"alt_text":"","src":"https:\/\/i0.wp.com\/lasprimeras.com.do\/wp-content\/uploads\/2025\/05\/ARMADOS.jpg?resize=350%2C200&ssl=1","width":350,"height":200,"srcset":"https:\/\/i0.wp.com\/lasprimeras.com.do\/wp-content\/uploads\/2025\/05\/ARMADOS.jpg?resize=350%2C200&ssl=1 1x, https:\/\/i0.wp.com\/lasprimeras.com.do\/wp-content\/uploads\/2025\/05\/ARMADOS.jpg?resize=525%2C300&ssl=1 1.5x, https:\/\/i0.wp.com\/lasprimeras.com.do\/wp-content\/uploads\/2025\/05\/ARMADOS.jpg?resize=700%2C400&ssl=1 2x"},"classes":[]},{"id":116266,"url":"https:\/\/lasprimeras.com.do\/index.php\/2025\/11\/30\/rubio-y-witkoff-se-reuniran-con-negociadores-de-ucrania-en-florida-mientras-trump-busca-un-acuerdo\/","url_meta":{"origin":97299,"position":5},"title":"Rubio y Witkoff se reunir\u00e1n con negociadores de Ucrania en Florida mientras Trump busca un acuerdo","author":"Nelson Feliz","date":"30 de noviembre de 2025","format":false,"excerpt":"POR JOSH BOAK WEST PALM BEACH, Florida, EE.UU. (AP) \u2014 Altos funcionarios del gobierno de Trump se reunir\u00e1n el domingo con negociadores ucranianos en Florida este fin de semana, con el objetivo de mediar para poner fin a la guerra de Rusia en Ucrania y preparar el escenario para las\u2026","rel":"","context":"En \u00abINTERNACIONALES\u00bb","block_context":{"text":"INTERNACIONALES","link":"https:\/\/lasprimeras.com.do\/index.php\/category\/sin-categoria\/internacionales\/"},"img":{"alt_text":"","src":"https:\/\/i0.wp.com\/lasprimeras.com.do\/wp-content\/uploads\/2025\/11\/Marco-Rubio.jpg?resize=350%2C200&ssl=1","width":350,"height":200,"srcset":"https:\/\/i0.wp.com\/lasprimeras.com.do\/wp-content\/uploads\/2025\/11\/Marco-Rubio.jpg?resize=350%2C200&ssl=1 1x, https:\/\/i0.wp.com\/lasprimeras.com.do\/wp-content\/uploads\/2025\/11\/Marco-Rubio.jpg?resize=525%2C300&ssl=1 1.5x, https:\/\/i0.wp.com\/lasprimeras.com.do\/wp-content\/uploads\/2025\/11\/Marco-Rubio.jpg?resize=700%2C400&ssl=1 2x"},"classes":[]}],"jetpack_sharing_enabled":true,"_links":{"self":[{"href":"https:\/\/lasprimeras.com.do\/index.php\/wp-json\/wp\/v2\/posts\/97299","targetHints":{"allow":["GET"]}}],"collection":[{"href":"https:\/\/lasprimeras.com.do\/index.php\/wp-json\/wp\/v2\/posts"}],"about":[{"href":"https:\/\/lasprimeras.com.do\/index.php\/wp-json\/wp\/v2\/types\/post"}],"author":[{"embeddable":true,"href":"https:\/\/lasprimeras.com.do\/index.php\/wp-json\/wp\/v2\/users\/2"}],"replies":[{"embeddable":true,"href":"https:\/\/lasprimeras.com.do\/index.php\/wp-json\/wp\/v2\/comments?post=97299"}],"version-history":[{"count":1,"href":"https:\/\/lasprimeras.com.do\/index.php\/wp-json\/wp\/v2\/posts\/97299\/revisions"}],"predecessor-version":[{"id":97301,"href":"https:\/\/lasprimeras.com.do\/index.php\/wp-json\/wp\/v2\/posts\/97299\/revisions\/97301"}],"wp:featuredmedia":[{"embeddable":true,"href":"https:\/\/lasprimeras.com.do\/index.php\/wp-json\/wp\/v2\/media\/97300"}],"wp:attachment":[{"href":"https:\/\/lasprimeras.com.do\/index.php\/wp-json\/wp\/v2\/media?parent=97299"}],"wp:term":[{"taxonomy":"category","embeddable":true,"href":"https:\/\/lasprimeras.com.do\/index.php\/wp-json\/wp\/v2\/categories?post=97299"},{"taxonomy":"post_tag","embeddable":true,"href":"https:\/\/lasprimeras.com.do\/index.php\/wp-json\/wp\/v2\/tags?post=97299"}],"curies":[{"name":"wp","href":"https:\/\/api.w.org\/{rel}","templated":true}]}}