{"id":97302,"date":"2025-04-18T11:52:40","date_gmt":"2025-04-18T15:52:40","guid":{"rendered":"https:\/\/lasprimeras.com.do\/?p=97302"},"modified":"2025-04-18T11:52:42","modified_gmt":"2025-04-18T15:52:42","slug":"ataques-israelies-matan-al-menos-a-17-en-gaza-y-huckabee-se-estrena-como-embajador-de-eeuu","status":"publish","type":"post","link":"https:\/\/lasprimeras.com.do\/index.php\/2025\/04\/18\/ataques-israelies-matan-al-menos-a-17-en-gaza-y-huckabee-se-estrena-como-embajador-de-eeuu\/","title":{"rendered":"Ataques israel\u00edes matan al menos a 17 en Gaza y Huckabee se estrena como embajador de EEUU"},"content":{"rendered":"\n<p>POR WAFAA SHURAFA and FATMA KHALED<\/p>\n\n\n\n<p>DEIR AL-BALAH, Gaza (AP) \u2014 Los ataques a\u00e9reos israel\u00edes sobre la Franja de Gaza mataron al menos a 17 personas, entre las que hab\u00eda varios menores, en la madrugada del viernes, seg\u00fan trabajadores hospitalarios, mientras que el nuevo embajador de Estados Unidos en Israel hizo su primera aparici\u00f3n p\u00fablica en Jerusal\u00e9n.<\/p>\n\n\n\n<p>Diez de los fallecidos estaban en Jabaliya, ocho de ellos en la misma vivienda, de acuerdo con el hospital Indonesio, que recibi\u00f3 los cuerpos.<\/p>\n\n\n\n<p>En la ciudad de Jan Yunis, en el sur del sitiado enclave palestino, siete personas perdieron la vida, incluyendo una mujer embarazada, dijo el hospital Nasser, a donde fueron trasladadas las v\u00edctimas.<\/p>\n\n\n\n<p>Los decesos se produjeron un d\u00eda despu\u00e9s de que m\u00e1s de dos docenas de personas murieran en Gaza, mientras Israel intensifica sus ataques para presionar a Ham\u00e1s para que devuelva a los rehenes y se desarme.<\/p>\n\n\n\n<p>El embajador estadounidense en Israel, Mike Huckabee, acudi\u00f3 el viernes al Muro de las Lamentos, el sitio de oraci\u00f3n jud\u00edo m\u00e1s sagrado en la Ciudad Vieja de Jerusal\u00e9n.<\/p>\n\n\n\n<p>Huckabee deposit\u00f3 un rezo en el muro, que dijo estaba escrita a mano por el presidente de Estados Unidos, Donald Trump. \u201cEstas son sus iniciales, D.T.,\u201d afirm\u00f3 Huckabee mientras mostraba la nota a la prensa.<\/p>\n\n\n\n<p>En su primer acto como embajador, Huckabee se\u00f1al\u00f3 que Trump le pidi\u00f3 que llevara su oraci\u00f3n y rezara por la paz de Jerusal\u00e9n, cont\u00f3. Adem\u00e1s indic\u00f3 que se estaban haciendo todos los esfuerzos posibles para llevar de vuelta al pa\u00eds a los rehenes que siguen en manos de Ham\u00e1s.<\/p>\n\n\n\n<p>El embajador, que en su d\u00eda aspir\u00f3 a llegar a la Casa Blanca, ha reconocido su apoyo pasado al derecho de Israel de anexionarse Cisjordania e incorporar a su poblaci\u00f3n palestina a Israel, pero dice que llevar a cabo esa pol\u00edtica no ser\u00e1 su \u201cprerrogativa\u201d.<\/p>\n\n\n\n<p>Durante su primer mandato, Trump reconoci\u00f3 a Jerusal\u00e9n como capital de Israel a pesar de las objeciones palestinas y traslad\u00f3 la embajada desde Tel Aviv.<\/p>\n\n\n\n<p>Los palestinos quieren que la parte oriental de la ciudad que Israel captur\u00f3 en la guerra de los Seis D\u00edas de 1967 sea la capital de su futuro Estado.<\/p>\n\n\n\n<p>La llegada de Huckabee se produce en un momento crucial en la guerra iniciada hace 18 meses, mientras los mediadores internacionales, incluyendo Estados Unidos, intentan reconducir el fracasado alto el fuego.<\/p>\n\n\n\n<p>Israel exige que Ham\u00e1s libere a m\u00e1s rehenes al inicio de cualquier nueva tregua y, en \u00faltima instancia, que acepte desarmarse y abandonar el enclave. Israel ha dicho adem\u00e1s que planea ocupar grandes \u201czonas de seguridad\u201d dentro de Gaza.<\/p>\n\n\n\n<p>Khalil al-Hayya, jefe del equipo negociador de Ham\u00e1s, se\u00f1al\u00f3 el jueves que el grupo rechaz\u00f3 la \u00faltima propuesta israel\u00ed en esos t\u00e9rminos.<\/p>\n\n\n\n<p>Reiter\u00f3 la postura del grupo de que devolver\u00e1 a los rehenes solo a cambio de la liberaci\u00f3n de m\u00e1s reclusos palestinos, de la retirada total de Israel de Gaza y de una tregua duradera, como contemplaba el acuerdo de alto el fuego, ahora roto, alcanzado en enero.<\/p>\n\n\n\n<p>Ham\u00e1s tiene a\u00fan a 59 rehenes, de los cuales se cree que 24 est\u00e1n vivos.<\/p>\n\n\n\n<p>La guerra comenz\u00f3 cuando insurgentes liderados por el grupo asaltaron el sur de Israel el 7 de octubre de 2023 y mataron a unas 1.200 personas, en su mayor\u00eda civiles, adem\u00e1s de capturar a otras 251 como rehenes.<\/p>\n\n\n\n<p>La mayor\u00eda de ellos han sido liberados desde entonces en acuerdos de alto el fuego y otros tratos.<\/p>\n\n\n\n<p>La ofensiva israel\u00ed se ha cobrado la vida de m\u00e1s de 51.000 palestinos, en su mayor\u00eda mujeres y ni\u00f1os, seg\u00fan el Ministerio de Salud gazat\u00ed, que no distingue entre v\u00edctimas civiles y combatientes.<\/p>\n\n\n\n<p>La guerra ha destruido amplias zonas del enclave y la mayor parte de su capacidad de producci\u00f3n de alimentos. Adem\u00e1s, ha desplazado alrededor del 90% de la poblaci\u00f3n, y cientos de miles viven en asentamientos de tiendas de campa\u00f1a y edificios bombardeados.<\/p>\n\n\n\n<p>El jueves, grupos de ayuda hicieron sonar las alarmas sobre el bloqueo impuesto hace seis semanas por Israel, que proh\u00edbe la entrada de alimentos y otros bienes en la Franja.<\/p>\n\n\n\n<p>Miles de ni\u00f1os est\u00e1n desnutridos y la mayor\u00eda de la poblaci\u00f3n ingiere apenas una comida diaria a medida que se agotan las existencias, dijo Naciones Unidas.<\/p>\n\n\n\n<p>El ministro israel\u00ed de Defensa sostiene que el bloqueo es una de las \u201ct\u00e1cticas de presi\u00f3n centrales\u201d contra Ham\u00e1s, a quien Israel acusa de desviar la ayuda para mantener a su gobierno.<\/p>\n\n\n\n<p>Los trabajadores humanitarios niegan que haya una desv\u00edo significativo de la ayuda y apuntan que la ONU controla de cerca la distribuci\u00f3n. Seg\u00fan estas organizaciones, la medida israel\u00ed es una \u201ct\u00e1ctica de hambruna\u201d.<\/p>\n","protected":false},"excerpt":{"rendered":"<p>POR WAFAA SHURAFA and FATMA KHALED DEIR AL-BALAH, Gaza (AP) \u2014 Los ataques a\u00e9reos israel\u00edes sobre la Franja de Gaza mataron al menos a 17 personas, entre las que hab\u00eda&hellip;<\/p>\n","protected":false},"author":2,"featured_media":97303,"comment_status":"open","ping_status":"open","sticky":false,"template":"","format":"standard","meta":{"content-type":"","jetpack_post_was_ever_published":false,"_jetpack_newsletter_access":"","_jetpack_dont_email_post_to_subs":false,"_jetpack_newsletter_tier_id":0,"_jetpack_memberships_contains_paywalled_content":false,"_jetpack_memberships_contains_paid_content":false,"footnotes":""},"categories":[16289],"tags":[5605,979,2016,8295,18880,8301,2823],"class_list":["post-97302","post","type-post","status-publish","format-standard","has-post-thumbnail","hentry","category-internacionales","tag-ataques","tag-eeuu","tag-embajador","tag-gaza","tag-huckabee","tag-israelies","tag-matan"],"jetpack_featured_media_url":"https:\/\/lasprimeras.com.do\/wp-content\/uploads\/2025\/04\/ATAQUES-1.jpg","jetpack-related-posts":[{"id":64179,"url":"https:\/\/lasprimeras.com.do\/index.php\/2023\/10\/18\/tras-ataque-israeli-en-hospital-de-gaza-iran-declara-un-dia-de-luto\/","url_meta":{"origin":97302,"position":0},"title":"Tras ataque israel\u00ed en hospital de Gaza Ir\u00e1n declara un d\u00eda de luto","author":"BIMARY DE JES\u00daS Matos","date":"18 de octubre de 2023","format":false,"excerpt":"IRAN.- El Gobierno conden\u00f3 el asesinato de cientos de palestinos en el bombardeo de un hospital de Gaza y declara un d\u00eda de luto. Por medio de un comunicado emitido el martes, el Gobierno de la Rep\u00fablica Isl\u00e1mica de Ir\u00e1n conden\u00f3 la masacre israel\u00ed de los palestinos, en particular ni\u00f1os\u2026","rel":"","context":"En \u00abSin categor\u00eda\u00bb","block_context":{"text":"Sin categor\u00eda","link":"https:\/\/lasprimeras.com.do\/index.php\/category\/sin-categoria\/"},"img":{"alt_text":"","src":"https:\/\/i0.wp.com\/lasprimeras.com.do\/wp-content\/uploads\/2023\/10\/Captura-de-pantalla-2023-10-18-140654-3.jpg?resize=350%2C200&ssl=1","width":350,"height":200,"srcset":"https:\/\/i0.wp.com\/lasprimeras.com.do\/wp-content\/uploads\/2023\/10\/Captura-de-pantalla-2023-10-18-140654-3.jpg?resize=350%2C200&ssl=1 1x, https:\/\/i0.wp.com\/lasprimeras.com.do\/wp-content\/uploads\/2023\/10\/Captura-de-pantalla-2023-10-18-140654-3.jpg?resize=525%2C300&ssl=1 1.5x, https:\/\/i0.wp.com\/lasprimeras.com.do\/wp-content\/uploads\/2023\/10\/Captura-de-pantalla-2023-10-18-140654-3.jpg?resize=700%2C400&ssl=1 2x, https:\/\/i0.wp.com\/lasprimeras.com.do\/wp-content\/uploads\/2023\/10\/Captura-de-pantalla-2023-10-18-140654-3.jpg?resize=1050%2C600&ssl=1 3x"},"classes":[]},{"id":84325,"url":"https:\/\/lasprimeras.com.do\/index.php\/2024\/06\/06\/un-ataque-israeli-mata-al-menos-a-33-personas-en-una-escuela-de-gaza\/","url_meta":{"origin":97302,"position":1},"title":"Un ataque israel\u00ed mata al menos a 33 personas en una escuela de Gaza","author":"Nelson Feliz","date":"6 de junio de 2024","format":false,"excerpt":"POR WAFAA SHURAFA Y SAMY MAGDY DEIR AL-BALAH, Franja de Gaza (AP) \u2014 Un ataque israel\u00ed la madrugada del jueves contra una escuela que albergaba a palestinos desplazados en el centro de Gaza mat\u00f3 a m\u00e1s de 30 personas, entre ellas 23 mujeres y ni\u00f1os, seg\u00fan funcionarios de salud locales.\u2026","rel":"","context":"En \u00abSin categor\u00eda\u00bb","block_context":{"text":"Sin categor\u00eda","link":"https:\/\/lasprimeras.com.do\/index.php\/category\/sin-categoria\/"},"img":{"alt_text":"","src":"https:\/\/i0.wp.com\/lasprimeras.com.do\/wp-content\/uploads\/2024\/06\/ATAQUE.jpg?resize=350%2C200&ssl=1","width":350,"height":200,"srcset":"https:\/\/i0.wp.com\/lasprimeras.com.do\/wp-content\/uploads\/2024\/06\/ATAQUE.jpg?resize=350%2C200&ssl=1 1x, https:\/\/i0.wp.com\/lasprimeras.com.do\/wp-content\/uploads\/2024\/06\/ATAQUE.jpg?resize=525%2C300&ssl=1 1.5x, https:\/\/i0.wp.com\/lasprimeras.com.do\/wp-content\/uploads\/2024\/06\/ATAQUE.jpg?resize=700%2C400&ssl=1 2x"},"classes":[]},{"id":97805,"url":"https:\/\/lasprimeras.com.do\/index.php\/2025\/04\/28\/ataques-israelies-en-gaza-matan-al-menos-a-27-palestinos\/","url_meta":{"origin":97302,"position":2},"title":"Ataques israel\u00edes en Gaza matan al menos a 27 palestinos","author":"Nelson Feliz","date":"28 de abril de 2025","format":false,"excerpt":"POR WAFAA SHURAFA and SAMY MAGDY DEIR AL-BALAH, Franja de Gaza (AP) \u2014 Los ataques israel\u00edes en la Franja de Gaza durante la noche del domingo el lunes mataron al menos a 27 palestinos, seg\u00fan funcionarios de salud locales. No hubo comentarios inmediatos por parte del Ej\u00e9rcito israel\u00ed. Israel ha\u2026","rel":"","context":"En \u00abINTERNACIONALES\u00bb","block_context":{"text":"INTERNACIONALES","link":"https:\/\/lasprimeras.com.do\/index.php\/category\/sin-categoria\/internacionales\/"},"img":{"alt_text":"","src":"https:\/\/i0.wp.com\/lasprimeras.com.do\/wp-content\/uploads\/2025\/04\/palestinos.jpg?resize=350%2C200&ssl=1","width":350,"height":200,"srcset":"https:\/\/i0.wp.com\/lasprimeras.com.do\/wp-content\/uploads\/2025\/04\/palestinos.jpg?resize=350%2C200&ssl=1 1x, https:\/\/i0.wp.com\/lasprimeras.com.do\/wp-content\/uploads\/2025\/04\/palestinos.jpg?resize=525%2C300&ssl=1 1.5x, https:\/\/i0.wp.com\/lasprimeras.com.do\/wp-content\/uploads\/2025\/04\/palestinos.jpg?resize=700%2C400&ssl=1 2x"},"classes":[]},{"id":63967,"url":"https:\/\/lasprimeras.com.do\/index.php\/2023\/10\/17\/los-bombardeos-israelies-en-gaza-matan-a-decenas-de-personas\/","url_meta":{"origin":97302,"position":3},"title":"Los bombardeos israel\u00edes en Gaza matan a decenas de personas","author":"Nelson Feliz","date":"17 de octubre de 2023","format":false,"excerpt":"POR NAJIB JOBAIN, SAMYA KULLAB Y RAVI NESSMAN KHAN YOUNIS, Franja de Gaza (AP) \u2014 Israel bombarde\u00f3 el martes zonas del sur de Gaza a donde hab\u00eda dicho a los palestinos que huyeran antes de una invasi\u00f3n prevista, matando a decenas de personas. Mientras tanto, los mediadores luchaban por salir\u2026","rel":"","context":"En \u00abSin categor\u00eda\u00bb","block_context":{"text":"Sin categor\u00eda","link":"https:\/\/lasprimeras.com.do\/index.php\/category\/sin-categoria\/"},"img":{"alt_text":"BOMBARDEOS","src":"https:\/\/i0.wp.com\/lasprimeras.com.do\/wp-content\/uploads\/2023\/10\/BOMBARDEOS.jpg?resize=350%2C200&ssl=1","width":350,"height":200,"srcset":"https:\/\/i0.wp.com\/lasprimeras.com.do\/wp-content\/uploads\/2023\/10\/BOMBARDEOS.jpg?resize=350%2C200&ssl=1 1x, https:\/\/i0.wp.com\/lasprimeras.com.do\/wp-content\/uploads\/2023\/10\/BOMBARDEOS.jpg?resize=525%2C300&ssl=1 1.5x"},"classes":[]},{"id":103885,"url":"https:\/\/lasprimeras.com.do\/index.php\/2025\/07\/19\/fuerzas-israelies-matan-a-32-palestinos-cerca-de-sitios-de-distribucion-de-ayuda-de-grupo-de-eeuu\/","url_meta":{"origin":97302,"position":4},"title":"Fuerzas israel\u00edes matan a 32 palestinos cerca de sitios de distribuci\u00f3n de ayuda de grupo de EEUU","author":"Nelson Feliz","date":"19 de julio de 2025","format":false,"excerpt":"POR WAFAA SHURAFA and SAMY MAGDY DEIR AL BALAH, Franja de Gaza (AP) \u2014 Soldados israel\u00edes comenzaron a disparar el s\u00e1bado contra multitudes de palestinos que buscaban alimentos en centros de distribuci\u00f3n gestionados por un grupo respaldado por Estados Unidos e Israel en el sur de la Franja de Gaza,\u2026","rel":"","context":"En \u00abINTERNACIONALES\u00bb","block_context":{"text":"INTERNACIONALES","link":"https:\/\/lasprimeras.com.do\/index.php\/category\/sin-categoria\/internacionales\/"},"img":{"alt_text":"","src":"https:\/\/i0.wp.com\/lasprimeras.com.do\/wp-content\/uploads\/2025\/07\/Fuerzas-israelies.jpg?resize=350%2C200&ssl=1","width":350,"height":200,"srcset":"https:\/\/i0.wp.com\/lasprimeras.com.do\/wp-content\/uploads\/2025\/07\/Fuerzas-israelies.jpg?resize=350%2C200&ssl=1 1x, https:\/\/i0.wp.com\/lasprimeras.com.do\/wp-content\/uploads\/2025\/07\/Fuerzas-israelies.jpg?resize=525%2C300&ssl=1 1.5x, https:\/\/i0.wp.com\/lasprimeras.com.do\/wp-content\/uploads\/2025\/07\/Fuerzas-israelies.jpg?resize=700%2C400&ssl=1 2x"},"classes":[]},{"id":85110,"url":"https:\/\/lasprimeras.com.do\/index.php\/2024\/06\/22\/al-menos-39-personas-murieron-en-ataques-israelies-en-el-norte-de-gaza-dicen-las-autoridades\/","url_meta":{"origin":97302,"position":5},"title":"Al menos 39 personas murieron en ataques israel\u00edes en el norte de Gaza, dicen las autoridades","author":"Nelson Feliz","date":"22 de junio de 2024","format":false,"excerpt":"POR JACK JEFFERY Y WAFAA SHURAFA DEIR AL-BALAH, Franja de Gaza (AP) \u2014 Al menos 39 personas murieron el s\u00e1bado por ataques israel\u00edes en el norte de Gaza, mientras los trabajadores de rescate se apresuraban a encontrar sobrevivientes bajo los escombros, seg\u00fan funcionarios palestinos y hospitalarios. Fadel Naem, director del\u2026","rel":"","context":"En \u00abSin categor\u00eda\u00bb","block_context":{"text":"Sin categor\u00eda","link":"https:\/\/lasprimeras.com.do\/index.php\/category\/sin-categoria\/"},"img":{"alt_text":"","src":"https:\/\/i0.wp.com\/lasprimeras.com.do\/wp-content\/uploads\/2024\/06\/muertos.jpg?resize=350%2C200&ssl=1","width":350,"height":200,"srcset":"https:\/\/i0.wp.com\/lasprimeras.com.do\/wp-content\/uploads\/2024\/06\/muertos.jpg?resize=350%2C200&ssl=1 1x, https:\/\/i0.wp.com\/lasprimeras.com.do\/wp-content\/uploads\/2024\/06\/muertos.jpg?resize=525%2C300&ssl=1 1.5x, https:\/\/i0.wp.com\/lasprimeras.com.do\/wp-content\/uploads\/2024\/06\/muertos.jpg?resize=700%2C400&ssl=1 2x"},"classes":[]}],"jetpack_sharing_enabled":true,"_links":{"self":[{"href":"https:\/\/lasprimeras.com.do\/index.php\/wp-json\/wp\/v2\/posts\/97302","targetHints":{"allow":["GET"]}}],"collection":[{"href":"https:\/\/lasprimeras.com.do\/index.php\/wp-json\/wp\/v2\/posts"}],"about":[{"href":"https:\/\/lasprimeras.com.do\/index.php\/wp-json\/wp\/v2\/types\/post"}],"author":[{"embeddable":true,"href":"https:\/\/lasprimeras.com.do\/index.php\/wp-json\/wp\/v2\/users\/2"}],"replies":[{"embeddable":true,"href":"https:\/\/lasprimeras.com.do\/index.php\/wp-json\/wp\/v2\/comments?post=97302"}],"version-history":[{"count":1,"href":"https:\/\/lasprimeras.com.do\/index.php\/wp-json\/wp\/v2\/posts\/97302\/revisions"}],"predecessor-version":[{"id":97304,"href":"https:\/\/lasprimeras.com.do\/index.php\/wp-json\/wp\/v2\/posts\/97302\/revisions\/97304"}],"wp:featuredmedia":[{"embeddable":true,"href":"https:\/\/lasprimeras.com.do\/index.php\/wp-json\/wp\/v2\/media\/97303"}],"wp:attachment":[{"href":"https:\/\/lasprimeras.com.do\/index.php\/wp-json\/wp\/v2\/media?parent=97302"}],"wp:term":[{"taxonomy":"category","embeddable":true,"href":"https:\/\/lasprimeras.com.do\/index.php\/wp-json\/wp\/v2\/categories?post=97302"},{"taxonomy":"post_tag","embeddable":true,"href":"https:\/\/lasprimeras.com.do\/index.php\/wp-json\/wp\/v2\/tags?post=97302"}],"curies":[{"name":"wp","href":"https:\/\/api.w.org\/{rel}","templated":true}]}}