{"id":97305,"date":"2025-04-18T12:04:43","date_gmt":"2025-04-18T16:04:43","guid":{"rendered":"https:\/\/lasprimeras.com.do\/?p=97305"},"modified":"2025-04-18T12:04:43","modified_gmt":"2025-04-18T16:04:43","slug":"cinco-pacientes-continuan-ingresados-tras-colapso-en-discoteca-jet-set-informa-el-sns","status":"publish","type":"post","link":"https:\/\/lasprimeras.com.do\/index.php\/2025\/04\/18\/cinco-pacientes-continuan-ingresados-tras-colapso-en-discoteca-jet-set-informa-el-sns\/","title":{"rendered":"Cinco pacientes contin\u00faan ingresados tras colapso en discoteca Jet Set, informa el SNS"},"content":{"rendered":"\n<p>El Servicio Nacional de Salud (SNS) inform\u00f3 este Viernes Santo que cinco personas permanecen hospitalizadas tras resultar heridas en el colapso del techo de la discoteca Jet Set, ocurrido el pasado martes 8 de abril.<\/p>\n\n\n\n<p>En el Hospital Salvador B. Gautier, una joven de 24 a\u00f1os se encuentra estable en su octavo d\u00eda postoperatorio. La paciente recibe tratamiento con injertos de piel y terapia de presi\u00f3n negativa (sistema VAC) como parte del proceso de recuperaci\u00f3n.<\/p>\n\n\n\n<p>En el mismo centro m\u00e9dico, un hombre de 55 a\u00f1os contin\u00faa ingresado en la Unidad de Cuidados Intensivos (UCI) polivalente. Su estado es de cuidado, aunque estable. Permanece intubado y con ventilaci\u00f3n mec\u00e1nica, mientras el equipo m\u00e9dico eval\u00faa su evoluci\u00f3n para programar cirug\u00edas en los arcos costales, debido a un cuadro de t\u00f3rax inestable.<\/p>\n\n\n\n<p>Por otro lado, el Hospital Traumatol\u00f3gico Ney Arias Lora report\u00f3 que uno de los dos pacientes ingresados presenta una notable mejor\u00eda, mientras que una mujer permanece en estado cr\u00edtico en la UCI, con pron\u00f3stico reservado.<\/p>\n\n\n\n<p>En el Hospital Marcelino V\u00e9lez Santana contin\u00faa hospitalizado un hombre de 40 a\u00f1os, quien est\u00e1 siendo tratado por trauma facial, trauma cerrado de t\u00f3rax, trauma dorso lumbar y lesi\u00f3n renal aguda.<\/p>\n\n\n\n<p>El SNS destac\u00f3 que los equipos m\u00e9dicos mantienen sus esfuerzos para lograr la recuperaci\u00f3n total de los pacientes afectados en este tr\u00e1gico suceso.<\/p>\n","protected":false},"excerpt":{"rendered":"<p>El Servicio Nacional de Salud (SNS) inform\u00f3 este Viernes Santo que cinco personas permanecen hospitalizadas tras resultar heridas en el colapso del techo de la discoteca Jet Set, ocurrido el&hellip;<\/p>\n","protected":false},"author":2,"featured_media":97102,"comment_status":"open","ping_status":"open","sticky":false,"template":"","format":"standard","meta":{"content-type":"","jetpack_post_was_ever_published":false,"_jetpack_newsletter_access":"","_jetpack_dont_email_post_to_subs":false,"_jetpack_newsletter_tier_id":0,"_jetpack_memberships_contains_paywalled_content":false,"_jetpack_memberships_contains_paid_content":false,"footnotes":""},"categories":[16558],"tags":[18881,9609,18679,18747,2756],"class_list":["post-97305","post","type-post","status-publish","format-standard","has-post-thumbnail","hentry","category-salud","tag-cinco-pacientes","tag-colapso","tag-discoteca-jet-set","tag-ingresados","tag-sns"],"jetpack_featured_media_url":"https:\/\/lasprimeras.com.do\/wp-content\/uploads\/2025\/04\/Foto-3.jpg","jetpack-related-posts":[{"id":97250,"url":"https:\/\/lasprimeras.com.do\/index.php\/2025\/04\/17\/muere-otra-victima-del-colapso-de-la-discoteca-jet-set\/","url_meta":{"origin":97305,"position":0},"title":"Muere otra v\u00edctima del colapso de la discoteca Jet Set","author":"Nelson Feliz","date":"17 de abril de 2025","format":false,"excerpt":"El SNS notific\u00f3 el deceso de un paciente de 46 a\u00f1os que se encontraba en el Dar\u00edo Contreras. Suman 232 los fallecidos por la tragedia en la discoteca. El Servicio Nacional de Salud (SNS) inform\u00f3 este jueves sobre el fallecimiento de un paciente de 46 a\u00f1os que permanec\u00eda ingresado en\u2026","rel":"","context":"En \u00abPORTADA\u00bb","block_context":{"text":"PORTADA","link":"https:\/\/lasprimeras.com.do\/index.php\/category\/portada\/"},"img":{"alt_text":"Hospital Dar\u00edo Contreras","src":"https:\/\/i0.wp.com\/lasprimeras.com.do\/wp-content\/uploads\/2025\/04\/Hospital-Dario-Contreras.jpg?resize=350%2C200&ssl=1","width":350,"height":200,"srcset":"https:\/\/i0.wp.com\/lasprimeras.com.do\/wp-content\/uploads\/2025\/04\/Hospital-Dario-Contreras.jpg?resize=350%2C200&ssl=1 1x, https:\/\/i0.wp.com\/lasprimeras.com.do\/wp-content\/uploads\/2025\/04\/Hospital-Dario-Contreras.jpg?resize=525%2C300&ssl=1 1.5x, https:\/\/i0.wp.com\/lasprimeras.com.do\/wp-content\/uploads\/2025\/04\/Hospital-Dario-Contreras.jpg?resize=700%2C400&ssl=1 2x"},"classes":[]},{"id":114622,"url":"https:\/\/lasprimeras.com.do\/index.php\/2025\/08\/27\/servicio-nacional-de-salud-expone-caso-jet-set-como-modelo-de-gestion-comunicacional-en-emergencias\/","url_meta":{"origin":97305,"position":1},"title":"Servicio Nacional de Salud expone caso Jet Set como modelo de gesti\u00f3n comunicacional en emergencias","author":"Nelson Feliz","date":"27 de agosto de 2025","format":false,"excerpt":"El director del Servicio Nacional de Salud (SNS), doctor Mario Lama, particip\u00f3 este mi\u00e9rcoles en el di\u00e1logo \u201cCobertura medi\u00e1tica del derrumbe del techo de la discoteca Jet Set. Lecciones aprendidas para la comunicaci\u00f3n de la gesti\u00f3n integral del riesgo de desastres\u201d, organizado por la Sociedad Dominicana de Diarios y el\u2026","rel":"","context":"En \u00abNACIONALES\u00bb","block_context":{"text":"NACIONALES","link":"https:\/\/lasprimeras.com.do\/index.php\/category\/nacionales\/"},"img":{"alt_text":"","src":"https:\/\/i0.wp.com\/lasprimeras.com.do\/wp-content\/uploads\/2025\/11\/Servicio-Nacional-de-Salud.jpg?resize=350%2C200&ssl=1","width":350,"height":200,"srcset":"https:\/\/i0.wp.com\/lasprimeras.com.do\/wp-content\/uploads\/2025\/11\/Servicio-Nacional-de-Salud.jpg?resize=350%2C200&ssl=1 1x, https:\/\/i0.wp.com\/lasprimeras.com.do\/wp-content\/uploads\/2025\/11\/Servicio-Nacional-de-Salud.jpg?resize=525%2C300&ssl=1 1.5x, https:\/\/i0.wp.com\/lasprimeras.com.do\/wp-content\/uploads\/2025\/11\/Servicio-Nacional-de-Salud.jpg?resize=700%2C400&ssl=1 2x"},"classes":[]},{"id":106840,"url":"https:\/\/lasprimeras.com.do\/index.php\/2025\/08\/20\/sisalril-sanciona-a-la-clinica-abel-gonzalez-por-negar-atencion-a-victimas-del-colapso-del-jet-set\/","url_meta":{"origin":97305,"position":2},"title":"Sisalril sanciona a la cl\u00ednica Abel Gonz\u00e1lez por negar atenci\u00f3n a v\u00edctimas del colapso del Jet Set","author":"Nelson Feliz","date":"20 de agosto de 2025","format":false,"excerpt":"La falta de atenci\u00f3n deriv\u00f3 el traslado de los pacientes a otro centro de salud (Hospiten Santo Domingo). La Superintendencia de Salud y Riesgos Laborales (Sisalril) impuso una sanci\u00f3n de RD$2,189,154 al Centro de Medicina Avanzada Dr. Abel Gonz\u00e1lez, S.A.S., por negar atenci\u00f3n m\u00e9dica de emergencia a dos afiliados del\u2026","rel":"","context":"En \u00abECONOM\u00cdA\u00bb","block_context":{"text":"ECONOM\u00cdA","link":"https:\/\/lasprimeras.com.do\/index.php\/category\/economia\/"},"img":{"alt_text":"","src":"https:\/\/i0.wp.com\/lasprimeras.com.do\/wp-content\/uploads\/2025\/06\/Sisalril.jpg?resize=350%2C200&ssl=1","width":350,"height":200,"srcset":"https:\/\/i0.wp.com\/lasprimeras.com.do\/wp-content\/uploads\/2025\/06\/Sisalril.jpg?resize=350%2C200&ssl=1 1x, https:\/\/i0.wp.com\/lasprimeras.com.do\/wp-content\/uploads\/2025\/06\/Sisalril.jpg?resize=525%2C300&ssl=1 1.5x, https:\/\/i0.wp.com\/lasprimeras.com.do\/wp-content\/uploads\/2025\/06\/Sisalril.jpg?resize=700%2C400&ssl=1 2x"},"classes":[]},{"id":96910,"url":"https:\/\/lasprimeras.com.do\/index.php\/2025\/04\/10\/continua-subiendo-la-cifra-de-muertos-por-el-colapso-en-la-discoteca-jet-set-van-218\/","url_meta":{"origin":97305,"position":3},"title":"Continua subiendo la cifra de muertos por el colapso en la discoteca Jet Set, van 218","author":"Nelson Feliz","date":"10 de abril de 2025","format":false,"excerpt":"A la tragedia, ocurrida la medianoche del pasado martes en el Distrito Nacional, se suman 189 personas heridas que fueron trasladadas a centros de salud. El n\u00famero de cad\u00e1veres recuperados por el colapso de la discoteca Jet Set aument\u00f3 a 218, seg\u00fan el m\u00e1s reciente informe del Centro de Operaciones\u2026","rel":"","context":"En \u00abNACIONALES\u00bb","block_context":{"text":"NACIONALES","link":"https:\/\/lasprimeras.com.do\/index.php\/category\/nacionales\/"},"img":{"alt_text":"","src":"https:\/\/i0.wp.com\/lasprimeras.com.do\/wp-content\/uploads\/2025\/04\/buscan.jpg?resize=350%2C200&ssl=1","width":350,"height":200,"srcset":"https:\/\/i0.wp.com\/lasprimeras.com.do\/wp-content\/uploads\/2025\/04\/buscan.jpg?resize=350%2C200&ssl=1 1x, https:\/\/i0.wp.com\/lasprimeras.com.do\/wp-content\/uploads\/2025\/04\/buscan.jpg?resize=525%2C300&ssl=1 1.5x, https:\/\/i0.wp.com\/lasprimeras.com.do\/wp-content\/uploads\/2025\/04\/buscan.jpg?resize=700%2C400&ssl=1 2x"},"classes":[]},{"id":96776,"url":"https:\/\/lasprimeras.com.do\/index.php\/2025\/04\/08\/presidente-abinader-expresa-profundo-pesar-por-el-desplome-de-techo-de-la-discoteca-jet-set\/","url_meta":{"origin":97305,"position":4},"title":"Presidente Abinader expresa &#8220;profundo pesar&#8221; por el desplome de techo de la discoteca Jet Set","author":"Nelson Feliz","date":"8 de abril de 2025","format":false,"excerpt":"Seg\u00fan el general Juan Manuel M\u00e9ndez, director del Centro de Operaciones de Emergencias (COE), m\u00e1s de 56 ambulancias fueron movilizadas para trasladar heridos a distintos hospitales. La madrugada de este martes, varias personas murieron, otras resultaron heridas y algunas contin\u00faan atrapadas tras el colapso parcial del techo de la reconocida\u2026","rel":"","context":"En \u00abNACIONALES\u00bb","block_context":{"text":"NACIONALES","link":"https:\/\/lasprimeras.com.do\/index.php\/category\/nacionales\/"},"img":{"alt_text":"Luis Abinader","src":"https:\/\/i0.wp.com\/lasprimeras.com.do\/wp-content\/uploads\/2025\/02\/Luis-Abinader-9.jpg?resize=350%2C200&ssl=1","width":350,"height":200,"srcset":"https:\/\/i0.wp.com\/lasprimeras.com.do\/wp-content\/uploads\/2025\/02\/Luis-Abinader-9.jpg?resize=350%2C200&ssl=1 1x, https:\/\/i0.wp.com\/lasprimeras.com.do\/wp-content\/uploads\/2025\/02\/Luis-Abinader-9.jpg?resize=525%2C300&ssl=1 1.5x, https:\/\/i0.wp.com\/lasprimeras.com.do\/wp-content\/uploads\/2025\/02\/Luis-Abinader-9.jpg?resize=700%2C400&ssl=1 2x"},"classes":[]},{"id":96785,"url":"https:\/\/lasprimeras.com.do\/index.php\/2025\/04\/08\/abinader-confirma-la-muerte-de-gobernadora-de-montecristi-nelsy-cruz-en-la-discoteca-jet-set\/","url_meta":{"origin":97305,"position":5},"title":"Abinader confirma la muerte de gobernadora de Montecristi Nelsy Cruz en la discoteca Jet Set","author":"Nelson Feliz","date":"8 de abril de 2025","format":false,"excerpt":"\"Nos llamaron y se confirm\u00f3 que muri\u00f3 en la Plaza de la Salud\", expres\u00f3 el mandatario. El presidente de la Rep\u00fablica, Luis Abinader, confirm\u00f3 este martes el fallecimiento de la gobernadora de la provincia Montecristi, Nelsy Cruz, tras resultar herida en el colapso parcial del techo de la discoteca Jet\u2026","rel":"","context":"En \u00abNACIONALES\u00bb","block_context":{"text":"NACIONALES","link":"https:\/\/lasprimeras.com.do\/index.php\/category\/nacionales\/"},"img":{"alt_text":"","src":"https:\/\/i0.wp.com\/lasprimeras.com.do\/wp-content\/uploads\/2025\/04\/Luis-Abinader-JS.jpg?resize=350%2C200&ssl=1","width":350,"height":200},"classes":[]}],"jetpack_sharing_enabled":true,"_links":{"self":[{"href":"https:\/\/lasprimeras.com.do\/index.php\/wp-json\/wp\/v2\/posts\/97305","targetHints":{"allow":["GET"]}}],"collection":[{"href":"https:\/\/lasprimeras.com.do\/index.php\/wp-json\/wp\/v2\/posts"}],"about":[{"href":"https:\/\/lasprimeras.com.do\/index.php\/wp-json\/wp\/v2\/types\/post"}],"author":[{"embeddable":true,"href":"https:\/\/lasprimeras.com.do\/index.php\/wp-json\/wp\/v2\/users\/2"}],"replies":[{"embeddable":true,"href":"https:\/\/lasprimeras.com.do\/index.php\/wp-json\/wp\/v2\/comments?post=97305"}],"version-history":[{"count":1,"href":"https:\/\/lasprimeras.com.do\/index.php\/wp-json\/wp\/v2\/posts\/97305\/revisions"}],"predecessor-version":[{"id":97306,"href":"https:\/\/lasprimeras.com.do\/index.php\/wp-json\/wp\/v2\/posts\/97305\/revisions\/97306"}],"wp:featuredmedia":[{"embeddable":true,"href":"https:\/\/lasprimeras.com.do\/index.php\/wp-json\/wp\/v2\/media\/97102"}],"wp:attachment":[{"href":"https:\/\/lasprimeras.com.do\/index.php\/wp-json\/wp\/v2\/media?parent=97305"}],"wp:term":[{"taxonomy":"category","embeddable":true,"href":"https:\/\/lasprimeras.com.do\/index.php\/wp-json\/wp\/v2\/categories?post=97305"},{"taxonomy":"post_tag","embeddable":true,"href":"https:\/\/lasprimeras.com.do\/index.php\/wp-json\/wp\/v2\/tags?post=97305"}],"curies":[{"name":"wp","href":"https:\/\/api.w.org\/{rel}","templated":true}]}}