{"id":97307,"date":"2025-04-18T12:11:20","date_gmt":"2025-04-18T16:11:20","guid":{"rendered":"https:\/\/lasprimeras.com.do\/?p=97307"},"modified":"2025-04-18T12:11:22","modified_gmt":"2025-04-18T16:11:22","slug":"la-economia-de-dios-no-mata-ni-aplasta-meditaciones-del-papa-para-el-via-crucis","status":"publish","type":"post","link":"https:\/\/lasprimeras.com.do\/index.php\/2025\/04\/18\/la-economia-de-dios-no-mata-ni-aplasta-meditaciones-del-papa-para-el-via-crucis\/","title":{"rendered":"\u00abLa econom\u00eda de Dios no mata ni aplasta\u00bb: meditaciones del Papa para el v\u00eda crucis"},"content":{"rendered":"\n<p>Ciudad del Vaticano, EFE.- El papa Francisco no estar\u00e1 presente en el v\u00eda crucis de este Viernes Santo en el Coliseo de Roma, por seguir convaleciente de su infecci\u00f3n respiratoria, pero ha dejado escritas las meditaciones que se leer\u00e1n y en las que destaca que la \u201ceconom\u00eda de Dios no mata ni aplasta\u00ab.<\/p>\n\n\n\n<p>Francisco tampoco estuvo presente en los dos \u00faltimos a\u00f1os debido al fr\u00edo intenso y sus problemas de salud pero se advirti\u00f3 al \u00faltimo momento, mientras que en esta ocasi\u00f3n estaba previsto ya que se est\u00e1 recuperando de su infecci\u00f3n respiratoria por la que estuvo ingresado 38 d\u00edas en el hospital Gemelli de Roma.<\/p>\n\n\n\n<p>\u201cLa v\u00eda del Calvario pasa por nuestras calles de todos los d\u00edas. Nosotros, Se\u00f1or, por lo general vamos en direcci\u00f3n opuesta a la tuya. Precisamente de ese modo puede ocurrir que nos encontremos con tu rostro, que nos crucemos con tu mirada\u201d, as\u00ed comienzan las meditaciones del via crucis que en esta ocasi\u00f3n estar\u00e1n presididas por el delegado del Papa y vicario de Roma, el cardenal Baldassare Reina.<\/p>\n\n\n\n<p>En las 14 estaciones en las que se describe la Pasi\u00f3n de Cristo, el papa hace reflexiones como la que propone abrazar \u201cla econom\u00eda de Dios, que no mata, no descarta, no aplasta.<\/p>\n\n\n\n<p>Es humilde, fiel a la tierra\u00ab. Y la compara con una econom\u00eda \u201cdeshumana\u201d en la que \u201cnoventa y nueve valen m\u00e1s que uno\u00bb.<\/p>\n\n\n\n<p>\u201cSin embargo, hemos construido un mundo que funciona de ese modo; un mundo de c\u00e1lculos y algoritmos, de fr\u00edas l\u00f3gicas e intereses implacables\u201d, denuncia.<\/p>\n\n\n\n<p>En cada estaci\u00f3n, el papa escribe una oraci\u00f3n y reza \u201cpara desafiar una econom\u00eda que mata\u201d o \u201cpor los que est\u00e1n en las fronteras y sienten que su viaje ha terminado\u00bb.<\/p>\n\n\n\n<p>En otra oraci\u00f3n, el papa pide que conceda paz a la iglesia. \u00bb Concede a tu Iglesia paz y unidad Se\u00f1or Jes\u00fas, que llevas las heridas de nuestra historia. Concede a tu Iglesia paz y unidad Se\u00f1or Jes\u00fas, que conoces la fragilidad de nuestro amor\u00bb.<\/p>\n\n\n\n<p>En la \u00faltima estaci\u00f3n el papa dese la paz para \u201ctodas las naciones\u00bb. \u201cQue venga tu paz Para la tierra, el aire y el agua. Que venga tu paz Para los justos y los injustos.<\/p>\n\n\n\n<p>Que venga tu paz Para quien es invisible y carece de voz. Que venga tu paz Para quien no tiene poder ni dinero. Que venga tu paz Para quien espera un renacer justo\u00bb.<\/p>\n\n\n\n<p>En la invocaci\u00f3n final el papa cita las palabras de san Francisco para invocar \u201cel don de la conversi\u00f3n del coraz\u00f3n\u00bb.<\/p>\n\n\n\n<p>El Vaticano no confirmar\u00e1 la presencia del papa en los ritos de Semana Santa, por lo que sus apariciones ser\u00e1n por sorpresa. Este jueves, Francisco quiso continuar con la tradici\u00f3n que comenz\u00f3 los Jueves Santos y acudi\u00f3 a la c\u00e1rcel de Regina Coeli, en el barrio de Trastevere, cerca del Vaticano, para encontrar a 70 reclusos.<\/p>\n\n\n\n<p>A\u00fan se desconoce si el papa podr\u00e1 dar la bendici\u00f3n \u2018Urbi et Orbi\u2019 de la Pascua que se realiza en el balc\u00f3n de la Logia central de la fachada de la bas\u00edlica de San Pedro el Domingo de Resurrecci\u00f3n.<\/p>\n","protected":false},"excerpt":{"rendered":"<p>Ciudad del Vaticano, EFE.- El papa Francisco no estar\u00e1 presente en el v\u00eda crucis de este Viernes Santo en el Coliseo de Roma, por seguir convaleciente de su infecci\u00f3n respiratoria,&hellip;<\/p>\n","protected":false},"author":2,"featured_media":97308,"comment_status":"open","ping_status":"open","sticky":false,"template":"","format":"standard","meta":{"content-type":"","jetpack_post_was_ever_published":false,"_jetpack_newsletter_access":"","_jetpack_dont_email_post_to_subs":false,"_jetpack_newsletter_tier_id":0,"_jetpack_memberships_contains_paywalled_content":false,"_jetpack_memberships_contains_paid_content":false,"footnotes":""},"categories":[16289],"tags":[18883,18882,2652,18884],"class_list":["post-97307","post","type-post","status-publish","format-standard","has-post-thumbnail","hentry","category-internacionales","tag-la-economia-de-dios-no-mata-ni-aplasta","tag-meditaciones","tag-papa","tag-via-crucis"],"jetpack_featured_media_url":"https:\/\/lasprimeras.com.do\/wp-content\/uploads\/2025\/04\/Papa-Francisco-1.jpg","jetpack-related-posts":[{"id":97215,"url":"https:\/\/lasprimeras.com.do\/index.php\/2025\/04\/17\/papa-francisco-visita-prision-de-roma-en-su-cita-anual-de-semana-santa\/","url_meta":{"origin":97307,"position":0},"title":"Papa Francisco visita prisi\u00f3n de Roma en su cita anual de Semana Santa","author":"Nelson Feliz","date":"17 de abril de 2025","format":false,"excerpt":"POR NICOLE WINFIELD CIUDAD DEL VATICANO (AP) \u2014 El papa Francisco visit\u00f3 el jueves la prisi\u00f3n principal de Roma y se reuni\u00f3 con decenas de reclusos mientras cumpl\u00eda con su compromiso pascual de pasar el Jueves Santo entre los menos afortunados, todo ello, mientras contin\u00faa recuper\u00e1ndose de un episodio de\u2026","rel":"","context":"En \u00abINTERNACIONALES\u00bb","block_context":{"text":"INTERNACIONALES","link":"https:\/\/lasprimeras.com.do\/index.php\/category\/sin-categoria\/internacionales\/"},"img":{"alt_text":"Papa Francisco","src":"https:\/\/i0.wp.com\/lasprimeras.com.do\/wp-content\/uploads\/2025\/04\/Papa-Francisco.jpg?resize=350%2C200&ssl=1","width":350,"height":200,"srcset":"https:\/\/i0.wp.com\/lasprimeras.com.do\/wp-content\/uploads\/2025\/04\/Papa-Francisco.jpg?resize=350%2C200&ssl=1 1x, https:\/\/i0.wp.com\/lasprimeras.com.do\/wp-content\/uploads\/2025\/04\/Papa-Francisco.jpg?resize=525%2C300&ssl=1 1.5x, https:\/\/i0.wp.com\/lasprimeras.com.do\/wp-content\/uploads\/2025\/04\/Papa-Francisco.jpg?resize=700%2C400&ssl=1 2x"},"classes":[]},{"id":79590,"url":"https:\/\/lasprimeras.com.do\/index.php\/2024\/03\/29\/papa-francisco-pide-a-sacerdotes-liberarse-egoismos-y-ambiciones\/","url_meta":{"origin":97307,"position":1},"title":"Papa Francisco pide a sacerdotes liberarse ego\u00edsmos y ambiciones","author":"BIMARY DE JES\u00daS Matos","date":"29 de marzo de 2024","format":false,"excerpt":"EFE.-El papa Francisco celebr\u00f3 este jueves 28 de marzo la misa Crismal, con la que se abre el llamado Triduo pascual de la Semana Santa. En su larga homil\u00eda, le\u00edda con buena voz, pidi\u00f3 a los sacerdotes liberarse de ego\u00edsmos y ambiciones, as\u00ed como perdonar siempre y \u201cllorar\u201d por los\u2026","rel":"","context":"En \u00abSin categor\u00eda\u00bb","block_context":{"text":"Sin categor\u00eda","link":"https:\/\/lasprimeras.com.do\/index.php\/category\/sin-categoria\/"},"img":{"alt_text":"","src":"https:\/\/i0.wp.com\/lasprimeras.com.do\/wp-content\/uploads\/2024\/03\/6a0c8a05-4f4b-48f5-a1d9-1ad180753c4a.jpg?resize=350%2C200&ssl=1","width":350,"height":200,"srcset":"https:\/\/i0.wp.com\/lasprimeras.com.do\/wp-content\/uploads\/2024\/03\/6a0c8a05-4f4b-48f5-a1d9-1ad180753c4a.jpg?resize=350%2C200&ssl=1 1x, https:\/\/i0.wp.com\/lasprimeras.com.do\/wp-content\/uploads\/2024\/03\/6a0c8a05-4f4b-48f5-a1d9-1ad180753c4a.jpg?resize=525%2C300&ssl=1 1.5x, https:\/\/i0.wp.com\/lasprimeras.com.do\/wp-content\/uploads\/2024\/03\/6a0c8a05-4f4b-48f5-a1d9-1ad180753c4a.jpg?resize=700%2C400&ssl=1 2x"},"classes":[]},{"id":95232,"url":"https:\/\/lasprimeras.com.do\/index.php\/2025\/03\/11\/francisco-participa-via-remota-en-un-retiro-espiritual-y-los-medicos-mejoran-su-pronostico\/","url_meta":{"origin":97307,"position":2},"title":"Francisco participa v\u00eda remota en un retiro espiritual y los m\u00e9dicos mejoran su pron\u00f3stico","author":"Nelson Feliz","date":"11 de marzo de 2025","format":false,"excerpt":"POR NICOLE WINFIELD ROMA (AP) \u2014 Francisco particip\u00f3 de manera remota en un retiro espiritual del Vaticano el martes despu\u00e9s de recibir buenas noticias de sus doctores: mejoraron su pron\u00f3stico y dicen que ya no est\u00e1 en peligro inminente de muerte como resultado de la neumon\u00eda bilateral que lo ha\u2026","rel":"","context":"En \u00abINTERNACIONALES\u00bb","block_context":{"text":"INTERNACIONALES","link":"https:\/\/lasprimeras.com.do\/index.php\/category\/sin-categoria\/internacionales\/"},"img":{"alt_text":"","src":"https:\/\/i0.wp.com\/lasprimeras.com.do\/wp-content\/uploads\/2025\/03\/papa-3.png?resize=350%2C200&ssl=1","width":350,"height":200,"srcset":"https:\/\/i0.wp.com\/lasprimeras.com.do\/wp-content\/uploads\/2025\/03\/papa-3.png?resize=350%2C200&ssl=1 1x, https:\/\/i0.wp.com\/lasprimeras.com.do\/wp-content\/uploads\/2025\/03\/papa-3.png?resize=525%2C300&ssl=1 1.5x, https:\/\/i0.wp.com\/lasprimeras.com.do\/wp-content\/uploads\/2025\/03\/papa-3.png?resize=700%2C400&ssl=1 2x"},"classes":[]},{"id":95113,"url":"https:\/\/lasprimeras.com.do\/index.php\/2025\/03\/10\/el-papa-sigue-desde-lejos-el-retiro-espiritual-del-vaticano-mientras-se-recupera-en-el-hospital\/","url_meta":{"origin":97307,"position":3},"title":"El papa sigue desde lejos el retiro espiritual del Vaticano mientras se recupera en el hospital","author":"Nelson Feliz","date":"10 de marzo de 2025","format":false,"excerpt":"POR NICOLE WINFIELD ROMA (AP) \u2014 El papa Francisco sigui\u00f3 por videoconferencia el retiro espiritual de una semana del Vaticano el lunes, mientras continuaba su recuperaci\u00f3n de una neumon\u00eda bilateral y miraba hacia el 12mo aniversario de su elecci\u00f3n en medio de preguntas sobre c\u00f3mo podr\u00eda ser el futuro de\u2026","rel":"","context":"En \u00abINTERNACIONALES\u00bb","block_context":{"text":"INTERNACIONALES","link":"https:\/\/lasprimeras.com.do\/index.php\/category\/sin-categoria\/internacionales\/"},"img":{"alt_text":"","src":"https:\/\/i0.wp.com\/lasprimeras.com.do\/wp-content\/uploads\/2025\/03\/papa-2.png?resize=350%2C200&ssl=1","width":350,"height":200,"srcset":"https:\/\/i0.wp.com\/lasprimeras.com.do\/wp-content\/uploads\/2025\/03\/papa-2.png?resize=350%2C200&ssl=1 1x, https:\/\/i0.wp.com\/lasprimeras.com.do\/wp-content\/uploads\/2025\/03\/papa-2.png?resize=525%2C300&ssl=1 1.5x, https:\/\/i0.wp.com\/lasprimeras.com.do\/wp-content\/uploads\/2025\/03\/papa-2.png?resize=700%2C400&ssl=1 2x"},"classes":[]},{"id":93713,"url":"https:\/\/lasprimeras.com.do\/index.php\/2025\/02\/19\/el-papa-francisco-tiene-neumonia-en-ambos-pulmones-que-tan-preocupante-es\/","url_meta":{"origin":97307,"position":4},"title":"El papa Francisco tiene neumon\u00eda en ambos pulmones. \u00bfQu\u00e9 tan preocupante es?","author":"Nelson Feliz","date":"19 de febrero de 2025","format":false,"excerpt":"POR MARIA CHENG LONDRES (AP) \u2014 Funcionarios del Vaticano han informado que el papa Francisco tiene neumon\u00eda en ambos pulmones, lo que complica a\u00fan m\u00e1s la recuperaci\u00f3n del pont\u00edfice. El papa de 88 a\u00f1os fue hospitalizado el viernes despu\u00e9s de una semana de bronquitis que empeoraba. El lunes, los m\u00e9dicos\u2026","rel":"","context":"En \u00abSALUD\u00bb","block_context":{"text":"SALUD","link":"https:\/\/lasprimeras.com.do\/index.php\/category\/salud\/"},"img":{"alt_text":"","src":"https:\/\/i0.wp.com\/lasprimeras.com.do\/wp-content\/uploads\/2025\/02\/papa.jpg?resize=350%2C200&ssl=1","width":350,"height":200,"srcset":"https:\/\/i0.wp.com\/lasprimeras.com.do\/wp-content\/uploads\/2025\/02\/papa.jpg?resize=350%2C200&ssl=1 1x, https:\/\/i0.wp.com\/lasprimeras.com.do\/wp-content\/uploads\/2025\/02\/papa.jpg?resize=525%2C300&ssl=1 1.5x, https:\/\/i0.wp.com\/lasprimeras.com.do\/wp-content\/uploads\/2025\/02\/papa.jpg?resize=700%2C400&ssl=1 2x"},"classes":[]},{"id":94941,"url":"https:\/\/lasprimeras.com.do\/index.php\/2025\/03\/07\/francisco-cumple-3-semanas-hospitalizado-tras-mensaje-que-mostro-al-mundo-lo-debil-que-se-encuentra\/","url_meta":{"origin":97307,"position":5},"title":"Francisco cumple 3 semanas hospitalizado tras mensaje que mostr\u00f3 al mundo lo d\u00e9bil que se encuentra","author":"Nelson Feliz","date":"7 de marzo de 2025","format":false,"excerpt":"POR NICOLE WINFIELD ROMA (AP) \u2014 El papa Francisco cumpli\u00f3 el viernes tres semanas de hospitalizaci\u00f3n a causa de una neumon\u00eda bilateral, en condici\u00f3n estable y reanudando sus terapias luego de ofrecer al mundo un indicio tangible de lo d\u00e9bil y enfermo que se encuentra. El Vaticano dijo que el\u2026","rel":"","context":"En \u00abINTERNACIONALES\u00bb","block_context":{"text":"INTERNACIONALES","link":"https:\/\/lasprimeras.com.do\/index.php\/category\/sin-categoria\/internacionales\/"},"img":{"alt_text":"","src":"https:\/\/i0.wp.com\/lasprimeras.com.do\/wp-content\/uploads\/2025\/03\/DEVOTO.png?resize=350%2C200&ssl=1","width":350,"height":200,"srcset":"https:\/\/i0.wp.com\/lasprimeras.com.do\/wp-content\/uploads\/2025\/03\/DEVOTO.png?resize=350%2C200&ssl=1 1x, https:\/\/i0.wp.com\/lasprimeras.com.do\/wp-content\/uploads\/2025\/03\/DEVOTO.png?resize=525%2C300&ssl=1 1.5x, https:\/\/i0.wp.com\/lasprimeras.com.do\/wp-content\/uploads\/2025\/03\/DEVOTO.png?resize=700%2C400&ssl=1 2x"},"classes":[]}],"jetpack_sharing_enabled":true,"_links":{"self":[{"href":"https:\/\/lasprimeras.com.do\/index.php\/wp-json\/wp\/v2\/posts\/97307","targetHints":{"allow":["GET"]}}],"collection":[{"href":"https:\/\/lasprimeras.com.do\/index.php\/wp-json\/wp\/v2\/posts"}],"about":[{"href":"https:\/\/lasprimeras.com.do\/index.php\/wp-json\/wp\/v2\/types\/post"}],"author":[{"embeddable":true,"href":"https:\/\/lasprimeras.com.do\/index.php\/wp-json\/wp\/v2\/users\/2"}],"replies":[{"embeddable":true,"href":"https:\/\/lasprimeras.com.do\/index.php\/wp-json\/wp\/v2\/comments?post=97307"}],"version-history":[{"count":1,"href":"https:\/\/lasprimeras.com.do\/index.php\/wp-json\/wp\/v2\/posts\/97307\/revisions"}],"predecessor-version":[{"id":97309,"href":"https:\/\/lasprimeras.com.do\/index.php\/wp-json\/wp\/v2\/posts\/97307\/revisions\/97309"}],"wp:featuredmedia":[{"embeddable":true,"href":"https:\/\/lasprimeras.com.do\/index.php\/wp-json\/wp\/v2\/media\/97308"}],"wp:attachment":[{"href":"https:\/\/lasprimeras.com.do\/index.php\/wp-json\/wp\/v2\/media?parent=97307"}],"wp:term":[{"taxonomy":"category","embeddable":true,"href":"https:\/\/lasprimeras.com.do\/index.php\/wp-json\/wp\/v2\/categories?post=97307"},{"taxonomy":"post_tag","embeddable":true,"href":"https:\/\/lasprimeras.com.do\/index.php\/wp-json\/wp\/v2\/tags?post=97307"}],"curies":[{"name":"wp","href":"https:\/\/api.w.org\/{rel}","templated":true}]}}