{"id":97332,"date":"2025-04-18T20:09:40","date_gmt":"2025-04-19T00:09:40","guid":{"rendered":"https:\/\/lasprimeras.com.do\/?p=97332"},"modified":"2025-04-18T20:09:42","modified_gmt":"2025-04-19T00:09:42","slug":"iglesia-reflexiona-de-forma-critica-sobre-la-realidad-nacional-en-el-sermon-de-las-7-palabras","status":"publish","type":"post","link":"https:\/\/lasprimeras.com.do\/index.php\/2025\/04\/18\/iglesia-reflexiona-de-forma-critica-sobre-la-realidad-nacional-en-el-sermon-de-las-7-palabras\/","title":{"rendered":"Iglesia reflexiona de forma cr\u00edtica sobre la realidad nacional en el serm\u00f3n de las 7 palabras"},"content":{"rendered":"\n<p>En el marco del Viernes Santo, la Iglesia Cat\u00f3lica celebra el tradicional Serm\u00f3n de las Siete Palabras en la Catedral Primada de Am\u00e9rica, una ceremonia cargada de reflexi\u00f3n partiendo de las \u00faltimas palabras pronunciadas por Jes\u00fas en la cruz.<\/p>\n\n\n\n<p>Los sacerdotes y laicos intervinientes en la reflexi\u00f3n desde el altar de la centenario templo cat\u00f3lico se quejaron del deterioro del sistema de salud, de la desprotecci\u00f3n ciudadana, de los feminicidios, de los da\u00f1os al medio ambiente y las injusticias, entre otros aspectos<\/p>\n\n\n\n<p>Primera palabra: \u201cPadre, perd\u00f3nalos, porque no saben lo que hacen\u201d<\/p>\n\n\n\n<p>El sacerdote de la parroquia San Roque Gonz\u00e1lez, Roberto Mart\u00ednez, llam\u00f3 a que se arrepienta todo aquel que, conscientes de sus actuaciones, hacen da\u00f1o al medio ambiente en Rep\u00fablica Dominicana.<\/p>\n\n\n\n<p>El enfoque del religioso se hizo en el marco del serm\u00f3n de las siete palabras, ceremonia tradicional del viernes santo en la Iglesia Catedral Primada de Am\u00e9rica.<\/p>\n\n\n\n<p>\u201cJes\u00fas no pidi\u00f3 perd\u00f3n por los que enga\u00f1aron a los peque\u00f1os. Perd\u00f3nalos, padre, pero porque no saben lo que hacen. Los que saben lo que est\u00e1n haciendo deben arrepentirse y volverse a Jes\u00fas como el Buen Ladr\u00f3n\u201d, manifest\u00f3 durante la lectura de la primera palabra: \u201cPadre, perd\u00f3nalos, porque no saben lo que hacen<\/p>\n\n\n\n<p>Ante los r\u00edos que se mueren, contaminados, sucios, feos; Jes\u00fas dice perdona a los que llenan, d\u00eda y noche, camiones y camiones de agregados. Porque no saben lo que hacen. Pero detr\u00e1s de los que daban latigazos al cuerpo desfigurado de Jes\u00fas, estaban los que s\u00ed sab\u00edan. Para ellos no se pidi\u00f3 perd\u00f3n. Que se arrepientan y paren, ya de una vez por todas, estas pr\u00e1cticas que asesinan lentamente a nuestros r\u00edos, subray\u00f3.<\/p>\n\n\n\n<p>Segunda Palabra: \u201cDe cierto te digo que hoy estar\u00e1s conmigo en el Para\u00edso\u201d<\/p>\n\n\n\n<p>La situaci\u00f3n de la salud p\u00fablica inspir\u00f3 al padre Nicol\u00e1s Cuello Hern\u00e1ndez, para interpretar la segunda de las frases pronunciadas por Jes\u00fas antes de morir en la cruz.<\/p>\n\n\n\n<p>\u201cLa salud no es un privilegio de algunos, no es un derecho de los ricos, es un derecho de todos los dominicanos y residentes legales en el pa\u00eds\u201d, dijo el sacerdote Cuello Hern\u00e1ndez para enumerar las debilidades que persisten en el referido sector.<\/p>\n\n\n\n<p>Falta de avance en la implementaci\u00f3n de la atenci\u00f3n primaria.<\/p>\n\n\n\n<p>Elevados costos a la atenci\u00f3n de los medicamentos, los cuales \u201cafectan gravemente a las familias pobres\u201d.<\/p>\n\n\n\n<p>Baja inversi\u00f3n del Producto Interno Bruto (PIB) y ausencia de un sistema de monitoreo funcional.<\/p>\n\n\n\n<p>Los bajos salarios y sobrecarga de trabajo de los m\u00e9dicos y enfermeras.<\/p>\n\n\n\n<p>D\u00e9ficit de personal y deficiencia de tipo institucional, estructural y log\u00edstico.<\/p>\n\n\n\n<p>Las infraestructuras hospitalarias se encuentran en muy mal estado.<\/p>\n\n\n\n<p>\u201cNi el Ministerio de Salud P\u00fablica, ni el Servicio Nacional de Salud han podido implantar la atenci\u00f3n primaria, \u00bfHasta d\u00f3nde llega la competencia de uno e inicia la del otro?\u201d.<\/p>\n\n\n\n<p>\u201c\u00bfPreguntamos al gobierno por qu\u00e9 el 911 no funciona como antes? \u00bfQu\u00e9 ha pasado? El sistema de salud est\u00e1 en crisis. Dec\u00eda madre Teresa de Calcuta: \u2018Que el peor mal es la indiferencia\u2019. \u00bfPor qu\u00e9 tanta indiferencia en el sector salud? \u00bfPor qu\u00e9 tanta incompetencia? \u00a1Ay de quienes malversan el dinero del presupuesto de salud p\u00fablica! \u00a1Ay de quienes malversan el dinero de los medicamentos de altos costos! \u00a1Ay de quienes se embolsillan el dinero para la salud mental\u201d, cuestion\u00f3 el sacerdote.<\/p>\n\n\n\n<p>Tercera palabra: Madre ah\u00ed tienes a tu hijo\u2026 Hijo ah\u00ed tienes a tu madre<\/p>\n\n\n\n<p>El di\u00e1cono Luis Sandy Cabrera Mart\u00ednez de la Parroquia Esp\u00edritu Santo de Villa Mella, al referirse a la tercera palabra basada en la cita b\u00edblica: \u201cHe aqu\u00ed tu hijo; he aqu\u00ed a tu madre\u00bb hizo \u00e9nfasis en la inseguridad ciudadana que arropa a la Rep\u00fablica Dominicana y llam\u00f3 a transformar el sufrimiento en fuerza.<\/p>\n\n\n\n<p>Expres\u00f3 que \u00aben el dolor de Mar\u00eda se reflejan los sufrimientos m\u00e1s profundos de la humanidad. Las injusticias, p\u00e9rdidas, traici\u00f3n, impotencia y una fe puesta a prueba es el grito silencioso de una sociedad herida. El dolor de una madre que ve morir a su hijo injustamente es tambi\u00e9n el reflejo de nuestras comunidades golpeadas por la inseguridad ciudadana\u00bb.<\/p>\n\n\n\n<p>Cabrera Mart\u00ednez manifest\u00f3 que \u00abhoy, detr\u00e1s de cada estad\u00edstica hay una madre que no podr\u00e1 volver a abrazar a su hijo, un padre que guardar\u00e1 para siempre la foto de su ni\u00f1o en la cartera y hermanos que crecer\u00e1n con el vac\u00edo irreparable de la ausencia\u00bb.<\/p>\n\n\n\n<p>Cuarta Palabra: \u201cDios m\u00edo, Dios m\u00edo, \u00bfPor qu\u00e9 me has abandonado?\u201d<\/p>\n\n\n\n<p>El Di\u00e1cono de la parroquia Corpus Christi, Juan Mar\u00eda Duran, se inspir\u00f3 en la cuarta frase pronunciada por Jesucristo en la cruz para denunciar la inseguridad vial en calles, avenidas y carreteras del pa\u00eds.<\/p>\n\n\n\n<p>Bas\u00f3 su reflexi\u00f3n en un informe de la OPS (Oficina Panamericana de la Salud), que indica que \u201cla Rep\u00fablica Dominicana tiene la tasa m\u00e1s alta de siniestros viales con lesionados en la regi\u00f3n por cada 100,000 habitantes\u201d este informe tambi\u00e9n revela que el pa\u00eds ocupa el segundo lugar en mortalidad por accidentes de tr\u00e1nsito, solo superado por el hermano pa\u00eds de Hait\u00ed\u201d<\/p>\n\n\n\n<p>En su exposici\u00f3n se\u00f1al\u00f3, que es com\u00fan observar c\u00f3mo los ciudadanos irrespetan las se\u00f1ales de tr\u00e1nsito y circulan libremente veh\u00edculos pesados y de cargas de materiales con neum\u00e1ticos desgastados, sin lonas verdaderas de protecci\u00f3n y sin cumplir la altura m\u00e1xima permitida de cargas.<\/p>\n\n\n\n<p>Culmin\u00f3 haciendo un llamado a las autoridades civiles, militares y familias en sentido general, con que ya es tiempo de sembrar esperanza, de cambiar el rumbo, de arrojar nuestro granito de arena para as\u00ed cambiar nuestra sociedad.<\/p>\n\n\n\n<p>Quinta palabra: \u00abtengo sed\u00bb.<\/p>\n\n\n\n<p>El di\u00e1cono Frank Luis de la Cruz Alcequiez, de la Parroquia Resurrecci\u00f3n del Se\u00f1or, ubicada en Engombe, Santo Domingo Oeste, durante su participaci\u00f3n en el Serm\u00f3n de las Siete Palabras, que se realiz\u00f3 desde la Catedral Primada de Am\u00e1rico, expres\u00f3 que la Iglesia se mantiene rezando por los encargados del Sistema Judicial, al igual que por los que rigen los servicios penitenciarios, para que estos est\u00e9n conscientes que al final de sus vidas ser\u00e1n juzgados por Dios.<\/p>\n\n\n\n<p>\u00abRezamos por los jueces, fiscales y los que dirigen la Direcci\u00f3n General de Servicios Penitenciarios y Correccionales, para que no olviden que al final de su existencia, Dios ser\u00e1 su juez, cada uno se enfrentar\u00e1 cara a cara con Jes\u00fas, pues \u00c9l est\u00e1 identificado como el juez universal, que decide la suerte de los hombres seg\u00fan el criterio de la fidelidad que se exprese a trav\u00e9s de una justa conducta de vida\u00bb, puntualiz\u00f3 De la Cruz Alcequiez, en la interpretaci\u00f3n de la quinta palabra pronunciada por el Se\u00f1or en la cruz-<\/p>\n\n\n\n<p>En ese sentido, el reverendo manifest\u00f3 que uno de los desaf\u00edos m\u00e1s urgentes de la Pastoral Penitenciaria es la defensa de los derechos humanos de las personas privadas de su libertad.<\/p>\n\n\n\n<p>Sexta palabra. \u201cTodo est\u00e1 consumado\u201d<\/p>\n\n\n\n<p>\u201cTodo est\u00e1 consumado\u201d. Con esta frase, cargada de esperanza, inici\u00f3 la reflexi\u00f3n de la Hna. Carmen Dolores Ferrer durante el Serm\u00f3n de las Siete Palabras.<\/p>\n\n\n\n<p>Adem\u00e1s, afirm\u00f3 que, aunque Jes\u00fas cumpli\u00f3 su misi\u00f3n en la cruz, la tarea de transformar el mundo apenas comienza para la humanidad<\/p>\n\n\n\n<p>\u201cDe parte de Cristo, s\u00ed, todo est\u00e1 consumado. Pero de nuestra parte, a\u00fan nos falta vivir ese largo d\u00eda a d\u00eda de la historia humana\u201d, afirm\u00f3. En su mensaje, hizo un llamado a reconocer que la pasi\u00f3n de Cristo no termin\u00f3 en el Calvario, sino que se prolonga en cada persona marginada, hambrienta, violentada y olvidada por la sociedad.<\/p>\n\n\n\n<p>\u201cLa cruz de Cristo no fue un final, sino el inicio de una historia que debemos continuar escribiendo con gestos de justicia, dignidad y amor\u201d, subray\u00f3. Y advirti\u00f3 con claridad: \u201cNada est\u00e1 consumado mientras uno solo de nuestros hermanos siga sufriendo hambre o desamor\u201d.<\/p>\n\n\n\n<p>S\u00e9ptima palabra: Padre, en tus manos encomiendo mi esp\u00edritu\u201d.<\/p>\n\n\n\n<p>La coordinadora de la pastoral infantil de la Parroquia Nuestra Se\u00f1ora del Rosario, B\u00e1rbara Su\u00e1rez, mostr\u00f3 preocupaci\u00f3n por la cantidad de mujeres que son violentadas y muertas a manos de sus parejas, calificando que las alarmantes cifras de feminicidios, sacuden fuerte y vergonzosamente a Rep\u00fablica Dominicana.<\/p>\n\n\n\n<p>Su\u00e1rez analiz\u00f3 la \u00faltima expresi\u00f3n de Jes\u00fas pronunciada antes de morir en la cruz, frase que expresa la entrega total y absoluta, \u201cPadre, en tus manos encomiendo mi esp\u00edritu\u201d.<\/p>\n\n\n\n<p>Aprovech\u00f3 su intervenci\u00f3n para reflexionar sobre la violencia intrafamiliar y los feminicidios, asegurando que es importante recordar cual es la posici\u00f3n de la familia en el Plan Divino, en la historia de salvaci\u00f3n.<\/p>\n\n\n\n<p>\u201cDios nos cre\u00f3 para que tengamos vida en abundancia, somos hechos a imagen y semejanza de Dios (G\u00e9nesis 26). Dios cre\u00f3 al hombre ya la mujer para que fuera una misma carne, esto lo leemos en el primer libro del G\u00e9nesis, por lo tanto, desde la creaci\u00f3n, Dios cre\u00f3 la uni\u00f3n conyugal; el matrimonio, y por fin la familia\u201d, dijo.<\/p>\n","protected":false},"excerpt":{"rendered":"<p>En el marco del Viernes Santo, la Iglesia Cat\u00f3lica celebra el tradicional Serm\u00f3n de las Siete Palabras en la Catedral Primada de Am\u00e9rica, una ceremonia cargada de reflexi\u00f3n partiendo de&hellip;<\/p>\n","protected":false},"author":2,"featured_media":97334,"comment_status":"open","ping_status":"open","sticky":false,"template":"","format":"standard","meta":{"content-type":"","jetpack_post_was_ever_published":false,"_jetpack_newsletter_access":"","_jetpack_dont_email_post_to_subs":false,"_jetpack_newsletter_tier_id":0,"_jetpack_memberships_contains_paywalled_content":false,"_jetpack_memberships_contains_paid_content":false,"footnotes":""},"categories":[35,25],"tags":[14373,2996,18894,18893,18895],"class_list":["post-97332","post","type-post","status-publish","format-standard","has-post-thumbnail","hentry","category-nacionales","category-portada","tag-critica-2","tag-iglesia","tag-realidad-nacional","tag-reflexiona","tag-sermon-de-las-7-palabras"],"jetpack_featured_media_url":"https:\/\/lasprimeras.com.do\/wp-content\/uploads\/2025\/04\/Iglesia-Catolica.jpg","jetpack-related-posts":[{"id":126581,"url":"https:\/\/lasprimeras.com.do\/index.php\/2026\/04\/03\/por-que-en-la-iglesia-catolica-besan-y-adoran-una-la-cruz-el-viernes-santo\/","url_meta":{"origin":97332,"position":0},"title":"\u00bfPor qu\u00e9 en la Iglesia cat\u00f3lica besan y adoran una la cruz el Viernes Santo?","author":"Nelson Feliz","date":"3 de abril de 2026","format":false,"excerpt":"Durante todo el Viernes Santo, la Iglesia cat\u00f3lica invita a todos sus feligreses a mantener posturas de reflexi\u00f3n, de recogimiento y silencio, para acompa\u00f1ar a Jes\u00fas que sufre por los pecados del mundo. El Viernes Santo en la Iglesia cat\u00f3lica pasan muchas cosas: no se celebra eucar\u00edstica, no se consagra\u2026","rel":"","context":"En \u00abHISTORIA\u00bb","block_context":{"text":"HISTORIA","link":"https:\/\/lasprimeras.com.do\/index.php\/category\/historia\/"},"img":{"alt_text":"","src":"https:\/\/i0.wp.com\/lasprimeras.com.do\/wp-content\/uploads\/2026\/04\/Jesus-en-la-cruz.jpeg?resize=350%2C200&ssl=1","width":350,"height":200,"srcset":"https:\/\/i0.wp.com\/lasprimeras.com.do\/wp-content\/uploads\/2026\/04\/Jesus-en-la-cruz.jpeg?resize=350%2C200&ssl=1 1x, https:\/\/i0.wp.com\/lasprimeras.com.do\/wp-content\/uploads\/2026\/04\/Jesus-en-la-cruz.jpeg?resize=525%2C300&ssl=1 1.5x, https:\/\/i0.wp.com\/lasprimeras.com.do\/wp-content\/uploads\/2026\/04\/Jesus-en-la-cruz.jpeg?resize=700%2C400&ssl=1 2x"},"classes":[]},{"id":126673,"url":"https:\/\/lasprimeras.com.do\/index.php\/2026\/04\/04\/el-gobierno-ha-dado-la-espalda-a-la-dificil-realidad-que-vive-el-pueblo-dominicano\/","url_meta":{"origin":97332,"position":1},"title":"El Gobierno ha dado la espalda a la dif\u00edcil realidad que vive el pueblo dominicano","author":"Nelson Feliz","date":"4 de abril de 2026","format":false,"excerpt":"Secretar\u00eda de Cultos del Partido de la Liberaci\u00f3n Dominicana (PLD) se identifica con el llamado de la iglesia en el Serm\u00f3n de las Siete Palabras. La Secretar\u00eda de Cultos del Partido de la Liberaci\u00f3n Dominicana (PLD) mostr\u00f3 identificaci\u00f3n con el mensaje de la Iglesia Cat\u00f3lica en el Serm\u00f3n de las\u2026","rel":"","context":"En \u00abPOLITICA\u00bb","block_context":{"text":"POLITICA","link":"https:\/\/lasprimeras.com.do\/index.php\/category\/politica\/"},"img":{"alt_text":"Gustavo Guzm\u00e1n","src":"https:\/\/i0.wp.com\/lasprimeras.com.do\/wp-content\/uploads\/2026\/04\/Gustavo-Guzman.jpg?resize=350%2C200&ssl=1","width":350,"height":200,"srcset":"https:\/\/i0.wp.com\/lasprimeras.com.do\/wp-content\/uploads\/2026\/04\/Gustavo-Guzman.jpg?resize=350%2C200&ssl=1 1x, https:\/\/i0.wp.com\/lasprimeras.com.do\/wp-content\/uploads\/2026\/04\/Gustavo-Guzman.jpg?resize=525%2C300&ssl=1 1.5x, https:\/\/i0.wp.com\/lasprimeras.com.do\/wp-content\/uploads\/2026\/04\/Gustavo-Guzman.jpg?resize=700%2C400&ssl=1 2x"},"classes":[]},{"id":126614,"url":"https:\/\/lasprimeras.com.do\/index.php\/2026\/04\/03\/las-criticas-de-la-iglesia-en-el-sermon-de-las-siete-palabras\/","url_meta":{"origin":97332,"position":2},"title":"Las cr\u00edticas de la Iglesia en el Serm\u00f3n de las Siete Palabras","author":"Nelson Feliz","date":"3 de abril de 2026","format":false,"excerpt":"La Iglesia cat\u00f3lica en Republica Domiciano centr\u00f3 este Viernes Santo su mensaje en el llamado serm\u00f3n de las siete palabra, criticando el funcionamiento del Estado, la corrupci\u00f3n, la falta de respuesta a los m\u00e1s vulnerables, los feminicidios, la brecha salarial y el contenido de la m\u00fasica que se difunde hoy\u2026","rel":"","context":"En \u00abPOLITICA\u00bb","block_context":{"text":"POLITICA","link":"https:\/\/lasprimeras.com.do\/index.php\/category\/politica\/"},"img":{"alt_text":"Iglesia en el Serm\u00f3n de las Siete Palabras","src":"https:\/\/i0.wp.com\/lasprimeras.com.do\/wp-content\/uploads\/2026\/04\/Iglesia-en-el-Sermon-de-las-Siete-Palabras.jpg?resize=350%2C200&ssl=1","width":350,"height":200,"srcset":"https:\/\/i0.wp.com\/lasprimeras.com.do\/wp-content\/uploads\/2026\/04\/Iglesia-en-el-Sermon-de-las-Siete-Palabras.jpg?resize=350%2C200&ssl=1 1x, https:\/\/i0.wp.com\/lasprimeras.com.do\/wp-content\/uploads\/2026\/04\/Iglesia-en-el-Sermon-de-las-Siete-Palabras.jpg?resize=525%2C300&ssl=1 1.5x, https:\/\/i0.wp.com\/lasprimeras.com.do\/wp-content\/uploads\/2026\/04\/Iglesia-en-el-Sermon-de-las-Siete-Palabras.jpg?resize=700%2C400&ssl=1 2x"},"classes":[]},{"id":79645,"url":"https:\/\/lasprimeras.com.do\/index.php\/2024\/03\/29\/sacerdote-llama-a-evangelicos-a-revisar-contenidos-del-cristianismo\/","url_meta":{"origin":97332,"position":3},"title":"Sacerdote llama a evang\u00e9licos a revisar contenidos del cristianismo","author":"BIMARY DE JES\u00daS Matos","date":"29 de marzo de 2024","format":false,"excerpt":"Santo Domingo.-El sacerdote Franciscano Jos\u00e9 Guerrero tuvo a su cargo hoy el tercer mensaje del Serm\u00f3n de las Siete Palabras, en el cual dedic\u00f3 este Viernes Santo a la mujer e hizo un llamado a los evang\u00e9licos para \"revisar la historia, los contenidos fundamentales del cristianismo y volver el rostro\u2026","rel":"","context":"En \u00abPORTADA\u00bb","block_context":{"text":"PORTADA","link":"https:\/\/lasprimeras.com.do\/index.php\/category\/portada\/"},"img":{"alt_text":"","src":"https:\/\/i0.wp.com\/lasprimeras.com.do\/wp-content\/uploads\/2024\/03\/1-millon-de-jovenes-votaran-en-las-elecciones-municipales-2-20.jpg?resize=350%2C200&ssl=1","width":350,"height":200,"srcset":"https:\/\/i0.wp.com\/lasprimeras.com.do\/wp-content\/uploads\/2024\/03\/1-millon-de-jovenes-votaran-en-las-elecciones-municipales-2-20.jpg?resize=350%2C200&ssl=1 1x, https:\/\/i0.wp.com\/lasprimeras.com.do\/wp-content\/uploads\/2024\/03\/1-millon-de-jovenes-votaran-en-las-elecciones-municipales-2-20.jpg?resize=525%2C300&ssl=1 1.5x, https:\/\/i0.wp.com\/lasprimeras.com.do\/wp-content\/uploads\/2024\/03\/1-millon-de-jovenes-votaran-en-las-elecciones-municipales-2-20.jpg?resize=700%2C400&ssl=1 2x"},"classes":[]},{"id":83957,"url":"https:\/\/lasprimeras.com.do\/index.php\/2024\/05\/28\/el-papa-se-disculpa-despues-de-prohibir-homosexualidad-en-la-iglesia-catolica\/","url_meta":{"origin":97332,"position":4},"title":"El Papa se disculpa despu\u00e9s de prohibir homosexualidad en la Iglesia Cat\u00f3lica","author":"Nelson Feliz","date":"28 de mayo de 2024","format":false,"excerpt":"POR NICOLE WINFIELD CIUDAD DEL VATICANO (AP) \u2014 El Papa Francisco se disculp\u00f3 el martes despu\u00e9s de que lo citaran usando un t\u00e9rmino vulgar y despectivo sobre los hombres homosexuales para reafirmar la prohibici\u00f3n de la Iglesia Cat\u00f3lica sobre los sacerdotes homosexuales. El alboroto que sigui\u00f3 subray\u00f3 c\u00f3mo la ense\u00f1anza\u2026","rel":"","context":"En \u00abSin categor\u00eda\u00bb","block_context":{"text":"Sin categor\u00eda","link":"https:\/\/lasprimeras.com.do\/index.php\/category\/sin-categoria\/"},"img":{"alt_text":"","src":"https:\/\/i0.wp.com\/lasprimeras.com.do\/wp-content\/uploads\/2024\/05\/El-Papa-Francisco-1.jpg?resize=350%2C200&ssl=1","width":350,"height":200,"srcset":"https:\/\/i0.wp.com\/lasprimeras.com.do\/wp-content\/uploads\/2024\/05\/El-Papa-Francisco-1.jpg?resize=350%2C200&ssl=1 1x, https:\/\/i0.wp.com\/lasprimeras.com.do\/wp-content\/uploads\/2024\/05\/El-Papa-Francisco-1.jpg?resize=525%2C300&ssl=1 1.5x, https:\/\/i0.wp.com\/lasprimeras.com.do\/wp-content\/uploads\/2024\/05\/El-Papa-Francisco-1.jpg?resize=700%2C400&ssl=1 2x"},"classes":[]},{"id":79983,"url":"https:\/\/lasprimeras.com.do\/index.php\/2024\/04\/02\/luis-el-gallo-llama-a-la-iglesia-a-mantener-la-unidad-defender-a-la-patria-y-luchar-por-los-pobres\/","url_meta":{"origin":97332,"position":5},"title":"Luis \u201cEl Gallo\u201d llama a la iglesia a mantener la unidad, defender a la Patria, y luchar por los pobres","author":"BIMARY DE JES\u00daS Matos","date":"2 de abril de 2024","format":false,"excerpt":"Santo Domingo.-El presidente de la Uni\u00f3n Dem\u00f3crata Cristiana \u2013UDC-, Luis Acosta Moreta, Luis \u201cEl Gallo\u201d, hizo hoy un llamado a la iglesia cat\u00f3lica a mantener la unidad interna, para defender a la Patria, luchar por los pobres, plantear respeto a los derechos humanos y reivindicar los principios morales. Lament\u00f3 que\u2026","rel":"","context":"En \u00abSin categor\u00eda\u00bb","block_context":{"text":"Sin categor\u00eda","link":"https:\/\/lasprimeras.com.do\/index.php\/category\/sin-categoria\/"},"img":{"alt_text":"","src":"https:\/\/i0.wp.com\/lasprimeras.com.do\/wp-content\/uploads\/2024\/04\/WhatsApp-Image-2024-04-02-at-8.32.44-AM-1.jpeg?resize=350%2C200&ssl=1","width":350,"height":200,"srcset":"https:\/\/i0.wp.com\/lasprimeras.com.do\/wp-content\/uploads\/2024\/04\/WhatsApp-Image-2024-04-02-at-8.32.44-AM-1.jpeg?resize=350%2C200&ssl=1 1x, https:\/\/i0.wp.com\/lasprimeras.com.do\/wp-content\/uploads\/2024\/04\/WhatsApp-Image-2024-04-02-at-8.32.44-AM-1.jpeg?resize=525%2C300&ssl=1 1.5x, https:\/\/i0.wp.com\/lasprimeras.com.do\/wp-content\/uploads\/2024\/04\/WhatsApp-Image-2024-04-02-at-8.32.44-AM-1.jpeg?resize=700%2C400&ssl=1 2x"},"classes":[]}],"jetpack_sharing_enabled":true,"_links":{"self":[{"href":"https:\/\/lasprimeras.com.do\/index.php\/wp-json\/wp\/v2\/posts\/97332","targetHints":{"allow":["GET"]}}],"collection":[{"href":"https:\/\/lasprimeras.com.do\/index.php\/wp-json\/wp\/v2\/posts"}],"about":[{"href":"https:\/\/lasprimeras.com.do\/index.php\/wp-json\/wp\/v2\/types\/post"}],"author":[{"embeddable":true,"href":"https:\/\/lasprimeras.com.do\/index.php\/wp-json\/wp\/v2\/users\/2"}],"replies":[{"embeddable":true,"href":"https:\/\/lasprimeras.com.do\/index.php\/wp-json\/wp\/v2\/comments?post=97332"}],"version-history":[{"count":1,"href":"https:\/\/lasprimeras.com.do\/index.php\/wp-json\/wp\/v2\/posts\/97332\/revisions"}],"predecessor-version":[{"id":97335,"href":"https:\/\/lasprimeras.com.do\/index.php\/wp-json\/wp\/v2\/posts\/97332\/revisions\/97335"}],"wp:featuredmedia":[{"embeddable":true,"href":"https:\/\/lasprimeras.com.do\/index.php\/wp-json\/wp\/v2\/media\/97334"}],"wp:attachment":[{"href":"https:\/\/lasprimeras.com.do\/index.php\/wp-json\/wp\/v2\/media?parent=97332"}],"wp:term":[{"taxonomy":"category","embeddable":true,"href":"https:\/\/lasprimeras.com.do\/index.php\/wp-json\/wp\/v2\/categories?post=97332"},{"taxonomy":"post_tag","embeddable":true,"href":"https:\/\/lasprimeras.com.do\/index.php\/wp-json\/wp\/v2\/tags?post=97332"}],"curies":[{"name":"wp","href":"https:\/\/api.w.org\/{rel}","templated":true}]}}