{"id":97343,"date":"2025-04-18T20:51:04","date_gmt":"2025-04-19T00:51:04","guid":{"rendered":"https:\/\/lasprimeras.com.do\/?p=97343"},"modified":"2025-04-18T20:51:05","modified_gmt":"2025-04-19T00:51:05","slug":"rodolfo-valentin-emite-mensaje-de-reflexion-y-paz-en-semana-santa","status":"publish","type":"post","link":"https:\/\/lasprimeras.com.do\/index.php\/2025\/04\/18\/rodolfo-valentin-emite-mensaje-de-reflexion-y-paz-en-semana-santa\/","title":{"rendered":"Rodolfo Valent\u00edn emite mensaje de reflexi\u00f3n y paz en Semana Santa"},"content":{"rendered":"\n<p>El director de la Oficina Nacional de Defensa P\u00fablica, Rodolfo Valent\u00edn Santos, dirigi\u00f3 un mensaje al pueblo dominicano, en el que invita a la ciudadan\u00eda a vivir estos d\u00edas con reflexi\u00f3n, paz, fe y unidad en el seno de sus hogares.<\/p>\n\n\n\n<p>\u201cEn esta Semana Santa, tiempo sagrado para la reflexi\u00f3n, la paz y la esperanza, desde la Oficina Nacional de Defensa P\u00fablica queremos invitar a cada ciudadano y ciudadana de nuestra amada Rep\u00fablica Dominicana a vivir estos d\u00edas con recogimiento, fe y uni\u00f3n en sus hogares\u201d, expres\u00f3 el director.<\/p>\n\n\n\n<p>Valent\u00edn Santos exhort\u00f3 a que este tiempo de pausa sea una oportunidad para reencontrarnos con los valores que fortalecen nuestra naci\u00f3n: la solidaridad, el respeto, el amor al pr\u00f3jimo y la b\u00fasqueda constante de justicia y equidad.<\/p>\n\n\n\n<p>\u201cRecordemos que el verdadero significado de esta \u00e9poca radica en la renovaci\u00f3n espiritual y en el compromiso con una vida m\u00e1s justa y compasiva\u201d, a\u00f1adi\u00f3.<\/p>\n\n\n\n<p>Asimismo, desde la instituci\u00f3n se elevan oraciones por cada familia dominicana, especialmente por aquellas que atraviesan momentos dif\u00edciles.<\/p>\n\n\n\n<p>\u201cQue esta Semana Santa sea una oportunidad para renovar la esperanza y fortalecer los lazos que nos unen como pueblo. Cuid\u00e9monos, am\u00e9monos y mantengamos viva la fe. Que la luz de la resurrecci\u00f3n inspire nuestros corazones y nuestras acciones\u201d, concluy\u00f3 el titular de la Defensa P\u00fablica.<\/p>\n\n\n\n<p>La Oficina Nacional de Defensa P\u00fablica reitera su compromiso con la protecci\u00f3n de los derechos fundamentales de todas las personas y hace un llamado a vivir esta Semana Santa con responsabilidad y empat\u00eda, guiados por los principios de justicia y humanidad.<\/p>\n","protected":false},"excerpt":{"rendered":"<p>El director de la Oficina Nacional de Defensa P\u00fablica, Rodolfo Valent\u00edn Santos, dirigi\u00f3 un mensaje al pueblo dominicano, en el que invita a la ciudadan\u00eda a vivir estos d\u00edas con&hellip;<\/p>\n","protected":false},"author":2,"featured_media":97344,"comment_status":"open","ping_status":"open","sticky":false,"template":"","format":"standard","meta":{"content-type":"","jetpack_post_was_ever_published":false,"_jetpack_newsletter_access":"","_jetpack_dont_email_post_to_subs":false,"_jetpack_newsletter_tier_id":0,"_jetpack_memberships_contains_paywalled_content":false,"_jetpack_memberships_contains_paid_content":false,"footnotes":""},"categories":[35],"tags":[6558,778,18369,9954,12198],"class_list":["post-97343","post","type-post","status-publish","format-standard","has-post-thumbnail","hentry","category-nacionales","tag-mensaje","tag-paz","tag-reflexion","tag-rodolfo-valentin","tag-semana-santa"],"jetpack_featured_media_url":"https:\/\/lasprimeras.com.do\/wp-content\/uploads\/2025\/04\/Rodolfo-Valentin-Santos.jpg","jetpack-related-posts":[{"id":69088,"url":"https:\/\/lasprimeras.com.do\/index.php\/2023\/11\/29\/rodolfo-valentin-aboga-por-el-respeto-a-los-derechos-fundamentales-y-el-debido-proceso\/","url_meta":{"origin":97343,"position":0},"title":"Rodolfo Valent\u00edn aboga por el Respeto a los Derechos Fundamentales y el Debido Proceso","author":"Nelson Feliz","date":"29 de noviembre de 2023","format":false,"excerpt":"El Director de la Oficina Nacional de Defensa P\u00fablica, Rodolfo Valent\u00edn Santos, emiti\u00f3 un mensaje dirigido a la poblaci\u00f3n en general, destacando la importancia de garantizar el respeto a la dignidad humana y la protecci\u00f3n efectiva de los derechos fundamentales, especialmente en el \u00e1mbito legal. Rodolfo Valent\u00edn, inform\u00f3 a la\u2026","rel":"","context":"En \u00abNACIONALES\u00bb","block_context":{"text":"NACIONALES","link":"https:\/\/lasprimeras.com.do\/index.php\/category\/nacionales\/"},"img":{"alt_text":"Rodolfo Valent\u00edn Santos","src":"https:\/\/i0.wp.com\/lasprimeras.com.do\/wp-content\/uploads\/2023\/11\/Rodolfo-Valentin-Santos.jpg?resize=350%2C200&ssl=1","width":350,"height":200,"srcset":"https:\/\/i0.wp.com\/lasprimeras.com.do\/wp-content\/uploads\/2023\/11\/Rodolfo-Valentin-Santos.jpg?resize=350%2C200&ssl=1 1x, https:\/\/i0.wp.com\/lasprimeras.com.do\/wp-content\/uploads\/2023\/11\/Rodolfo-Valentin-Santos.jpg?resize=525%2C300&ssl=1 1.5x, https:\/\/i0.wp.com\/lasprimeras.com.do\/wp-content\/uploads\/2023\/11\/Rodolfo-Valentin-Santos.jpg?resize=700%2C400&ssl=1 2x"},"classes":[]},{"id":114860,"url":"https:\/\/lasprimeras.com.do\/index.php\/2025\/11\/17\/presidente-de-la-suprema-juramenta-a-rodolfo-valentin-como-director-de-la-defensa-publica\/","url_meta":{"origin":97343,"position":1},"title":"Presidente de la Suprema juramenta a Rodolfo Valent\u00edn como director de la Defensa P\u00fablica","author":"Nelson Feliz","date":"17 de noviembre de 2025","format":false,"excerpt":"El Juez presidente de la Suprema Corte de Justicia (SCJ), Henry Molina jurament\u00f3 al abogado Rodolfo Valent\u00edn Santos como director de la Oficina Nacional de la Defensa P\u00fablica, quien fue ratificado en el cargo para dirigir esa entidad por un nuevo per\u00edodo de 6 a\u00f1os. En el acto de juramentaci\u00f3n\u2026","rel":"","context":"En \u00abJUSTICIA\u00bb","block_context":{"text":"JUSTICIA","link":"https:\/\/lasprimeras.com.do\/index.php\/category\/justicia\/"},"img":{"alt_text":"","src":"https:\/\/i0.wp.com\/lasprimeras.com.do\/wp-content\/uploads\/2025\/11\/Henry-Molina.jpg?resize=350%2C200&ssl=1","width":350,"height":200,"srcset":"https:\/\/i0.wp.com\/lasprimeras.com.do\/wp-content\/uploads\/2025\/11\/Henry-Molina.jpg?resize=350%2C200&ssl=1 1x, https:\/\/i0.wp.com\/lasprimeras.com.do\/wp-content\/uploads\/2025\/11\/Henry-Molina.jpg?resize=525%2C300&ssl=1 1.5x, https:\/\/i0.wp.com\/lasprimeras.com.do\/wp-content\/uploads\/2025\/11\/Henry-Molina.jpg?resize=700%2C400&ssl=1 2x"},"classes":[]},{"id":104653,"url":"https:\/\/lasprimeras.com.do\/index.php\/2025\/07\/25\/rodolfo-valentin-califica-de-locura-expedientes-de-mas-de-12-o-15-mil-paginas-del-mp\/","url_meta":{"origin":97343,"position":2},"title":"Rodolfo Valent\u00edn califica de &#8220;locura&#8221; expedientes de m\u00e1s de 12 o 15 mil p\u00e1ginas del MP","author":"Nelson Feliz","date":"25 de julio de 2025","format":false,"excerpt":"El director de la Oficina Nacional de la Defensa P\u00fablica, Rodolfo Valent\u00edn Santos, critic\u00f3 con firmeza la extensi\u00f3n de algunos expedientes judiciales y los largos plazos para leer las acusaciones del Ministerio P\u00fablico, lo cual -seg\u00fan \u00e9l- contradice los principios del C\u00f3digo Procesal Penal Dominicano. \"Pero \u00bfC\u00f3mo es posible que\u2026","rel":"","context":"En \u00abNACIONALES\u00bb","block_context":{"text":"NACIONALES","link":"https:\/\/lasprimeras.com.do\/index.php\/category\/nacionales\/"},"img":{"alt_text":"Rodolfo Valent\u00edn Santos","src":"https:\/\/i0.wp.com\/lasprimeras.com.do\/wp-content\/uploads\/2023\/11\/Rodolfo-Valentin-Santos.jpg?resize=350%2C200&ssl=1","width":350,"height":200,"srcset":"https:\/\/i0.wp.com\/lasprimeras.com.do\/wp-content\/uploads\/2023\/11\/Rodolfo-Valentin-Santos.jpg?resize=350%2C200&ssl=1 1x, https:\/\/i0.wp.com\/lasprimeras.com.do\/wp-content\/uploads\/2023\/11\/Rodolfo-Valentin-Santos.jpg?resize=525%2C300&ssl=1 1.5x, https:\/\/i0.wp.com\/lasprimeras.com.do\/wp-content\/uploads\/2023\/11\/Rodolfo-Valentin-Santos.jpg?resize=700%2C400&ssl=1 2x"},"classes":[]},{"id":110869,"url":"https:\/\/lasprimeras.com.do\/index.php\/2025\/10\/02\/director-de-la-defensa-publica-valora-evaluacion-de-jueces-como-un-hito-para-la-democracia\/","url_meta":{"origin":97343,"position":3},"title":"Director de la Defensa P\u00fablica valora evaluaci\u00f3n de jueces como un hito para la democracia","author":"Nelson Feliz","date":"2 de octubre de 2025","format":false,"excerpt":"El director de la Oficina Nacional de Defensa P\u00fablica, Rodolfo Valent\u00edn Santos, calific\u00f3 como un hecho hist\u00f3rico la evaluaci\u00f3n t\u00e9cnica del desempe\u00f1o de los jueces de la Suprema Corte de Justicia, destacando que este proceso marca un antes y un despu\u00e9s en la institucionalidad democr\u00e1tica del pa\u00eds. \u201cPor primera vez,\u2026","rel":"","context":"En \u00abNACIONALES\u00bb","block_context":{"text":"NACIONALES","link":"https:\/\/lasprimeras.com.do\/index.php\/category\/nacionales\/"},"img":{"alt_text":"","src":"https:\/\/i0.wp.com\/lasprimeras.com.do\/wp-content\/uploads\/2025\/10\/Rodolfo-Valentin-Santos.jpg?resize=350%2C200&ssl=1","width":350,"height":200,"srcset":"https:\/\/i0.wp.com\/lasprimeras.com.do\/wp-content\/uploads\/2025\/10\/Rodolfo-Valentin-Santos.jpg?resize=350%2C200&ssl=1 1x, https:\/\/i0.wp.com\/lasprimeras.com.do\/wp-content\/uploads\/2025\/10\/Rodolfo-Valentin-Santos.jpg?resize=525%2C300&ssl=1 1.5x, https:\/\/i0.wp.com\/lasprimeras.com.do\/wp-content\/uploads\/2025\/10\/Rodolfo-Valentin-Santos.jpg?resize=700%2C400&ssl=1 2x, https:\/\/i0.wp.com\/lasprimeras.com.do\/wp-content\/uploads\/2025\/10\/Rodolfo-Valentin-Santos.jpg?resize=1050%2C600&ssl=1 3x"},"classes":[]},{"id":122409,"url":"https:\/\/lasprimeras.com.do\/index.php\/2026\/02\/17\/defensa-publica-recibe-conferencia-magistral-sobre-etica-y-existencialismo-impartida-por-ricardo-nieves\/","url_meta":{"origin":97343,"position":4},"title":"Defensa P\u00fablica recibe conferencia magistral sobre \u00e9tica y existencialismo impartida por Ricardo Nieves","author":"Nelson Feliz","date":"17 de febrero de 2026","format":false,"excerpt":"La Oficina Nacional de Defensa P\u00fablica (ONDP) realiz\u00f3 la conferencia magistral \u201cLa \u00e9tica ante los grandes dilemas y desaf\u00edos del existencialismo\u201d, impartida por el destacado comunicador y acad\u00e9mico Dr. Ricardo Nieves, en una jornada formativa dirigida al personal de la instituci\u00f3n. El evento se llev\u00f3 a cabo en el sal\u00f3n\u2026","rel":"","context":"En \u00abNACIONALES\u00bb","block_context":{"text":"NACIONALES","link":"https:\/\/lasprimeras.com.do\/index.php\/category\/nacionales\/"},"img":{"alt_text":"","src":"https:\/\/i0.wp.com\/lasprimeras.com.do\/wp-content\/uploads\/2026\/02\/IMG-20260217-WA0576.jpg?resize=350%2C200&ssl=1","width":350,"height":200,"srcset":"https:\/\/i0.wp.com\/lasprimeras.com.do\/wp-content\/uploads\/2026\/02\/IMG-20260217-WA0576.jpg?resize=350%2C200&ssl=1 1x, https:\/\/i0.wp.com\/lasprimeras.com.do\/wp-content\/uploads\/2026\/02\/IMG-20260217-WA0576.jpg?resize=525%2C300&ssl=1 1.5x, https:\/\/i0.wp.com\/lasprimeras.com.do\/wp-content\/uploads\/2026\/02\/IMG-20260217-WA0576.jpg?resize=700%2C400&ssl=1 2x, https:\/\/i0.wp.com\/lasprimeras.com.do\/wp-content\/uploads\/2026\/02\/IMG-20260217-WA0576.jpg?resize=1050%2C600&ssl=1 3x, https:\/\/i0.wp.com\/lasprimeras.com.do\/wp-content\/uploads\/2026\/02\/IMG-20260217-WA0576.jpg?resize=1400%2C800&ssl=1 4x"},"classes":[]},{"id":79599,"url":"https:\/\/lasprimeras.com.do\/index.php\/2024\/03\/29\/politicos-exhortan-a-la-poblacion-a-reflexionar-durante-la-semana-santa\/","url_meta":{"origin":97343,"position":5},"title":"Pol\u00edticos exhortan a la poblaci\u00f3n a reflexionar durante la Semana Santa","author":"BIMARY DE JES\u00daS Matos","date":"29 de marzo de 2024","format":false,"excerpt":"Santo Domingo.-Dirigentes pol\u00edticos de diversas organizaciones enviaron su tradicional mensaje por el asueto de Semana Santa donde exhortaron a la poblaci\u00f3n dominicana a pasar este tiempo en reflexi\u00f3n y actuar con precauci\u00f3n. El candidato presidencial del partido Fuerza del Pueblo, Leonel Fern\u00e1ndez, invit\u00f3 a los dominicanos a \"recogerse en esp\u00edritu\u2026","rel":"","context":"En \u00abSin categor\u00eda\u00bb","block_context":{"text":"Sin categor\u00eda","link":"https:\/\/lasprimeras.com.do\/index.php\/category\/sin-categoria\/"},"img":{"alt_text":"","src":"https:\/\/i0.wp.com\/lasprimeras.com.do\/wp-content\/uploads\/2024\/03\/6a0c8a05-4f4b-48f5-a1d9-1ad180753c4a-3.jpg?resize=350%2C200&ssl=1","width":350,"height":200,"srcset":"https:\/\/i0.wp.com\/lasprimeras.com.do\/wp-content\/uploads\/2024\/03\/6a0c8a05-4f4b-48f5-a1d9-1ad180753c4a-3.jpg?resize=350%2C200&ssl=1 1x, https:\/\/i0.wp.com\/lasprimeras.com.do\/wp-content\/uploads\/2024\/03\/6a0c8a05-4f4b-48f5-a1d9-1ad180753c4a-3.jpg?resize=525%2C300&ssl=1 1.5x, https:\/\/i0.wp.com\/lasprimeras.com.do\/wp-content\/uploads\/2024\/03\/6a0c8a05-4f4b-48f5-a1d9-1ad180753c4a-3.jpg?resize=700%2C400&ssl=1 2x"},"classes":[]}],"jetpack_sharing_enabled":true,"_links":{"self":[{"href":"https:\/\/lasprimeras.com.do\/index.php\/wp-json\/wp\/v2\/posts\/97343","targetHints":{"allow":["GET"]}}],"collection":[{"href":"https:\/\/lasprimeras.com.do\/index.php\/wp-json\/wp\/v2\/posts"}],"about":[{"href":"https:\/\/lasprimeras.com.do\/index.php\/wp-json\/wp\/v2\/types\/post"}],"author":[{"embeddable":true,"href":"https:\/\/lasprimeras.com.do\/index.php\/wp-json\/wp\/v2\/users\/2"}],"replies":[{"embeddable":true,"href":"https:\/\/lasprimeras.com.do\/index.php\/wp-json\/wp\/v2\/comments?post=97343"}],"version-history":[{"count":1,"href":"https:\/\/lasprimeras.com.do\/index.php\/wp-json\/wp\/v2\/posts\/97343\/revisions"}],"predecessor-version":[{"id":97345,"href":"https:\/\/lasprimeras.com.do\/index.php\/wp-json\/wp\/v2\/posts\/97343\/revisions\/97345"}],"wp:featuredmedia":[{"embeddable":true,"href":"https:\/\/lasprimeras.com.do\/index.php\/wp-json\/wp\/v2\/media\/97344"}],"wp:attachment":[{"href":"https:\/\/lasprimeras.com.do\/index.php\/wp-json\/wp\/v2\/media?parent=97343"}],"wp:term":[{"taxonomy":"category","embeddable":true,"href":"https:\/\/lasprimeras.com.do\/index.php\/wp-json\/wp\/v2\/categories?post=97343"},{"taxonomy":"post_tag","embeddable":true,"href":"https:\/\/lasprimeras.com.do\/index.php\/wp-json\/wp\/v2\/tags?post=97343"}],"curies":[{"name":"wp","href":"https:\/\/api.w.org\/{rel}","templated":true}]}}