{"id":97346,"date":"2025-04-18T21:26:09","date_gmt":"2025-04-19T01:26:09","guid":{"rendered":"https:\/\/lasprimeras.com.do\/?p=97346"},"modified":"2025-04-18T21:26:09","modified_gmt":"2025-04-19T01:26:09","slug":"ver-video-momento-en-que-agentes-policiales-agreden-motociclista","status":"publish","type":"post","link":"https:\/\/lasprimeras.com.do\/index.php\/2025\/04\/18\/ver-video-momento-en-que-agentes-policiales-agreden-motociclista\/","title":{"rendered":"VER VIDEO: Momento en que agentes policiales agreden motociclista"},"content":{"rendered":"\n<p>Un incidente protagonizado por miembros de la Polic\u00eda Nacional ha generado reacciones en La Romana, Rep\u00fablica Dominicana, luego de que un video de vigilancia captara el momento en que varios agentes motorizados agreden a un joven que se desplazaba en una motocicleta.<\/p>\n\n\n\n<p>El hecho ocurri\u00f3 en la calle que conduce al antiguo \u201cMajao Majoa\u201d, a tan solo dos casas de la residencia del afectado.<\/p>\n\n\n\n<p>La persona agredida fue identificada como Joan Carlos Berroa. En el video se observa claramente c\u00f3mo agentes policiales, a bordo de motocicletas, interceptan al joven mientras este circulaba por la v\u00eda.<\/p>\n\n\n\n<p>Sin que se aprecie en las im\u00e1genes una provocaci\u00f3n o resistencia visible por parte del motociclista, los uniformados proceden a golpearlo en repetidas ocasiones.<\/p>\n\n\n\n<p>Las im\u00e1genes, grabadas por una c\u00e1mara de seguridad ubicada en las cercan\u00edas, muestran la secuencia del accionar de los agentes, quienes se bajan de sus veh\u00edculos y se aproximan r\u00e1pidamente al joven. Acto seguido, se ve c\u00f3mo lo rodean y comienzan a agredirlo f\u00edsicamente.<\/p>\n\n\n\n<p>Este hecho ha despertado preocupaci\u00f3n entre los ciudadanos que han visto el video, especialmente por tratarse de una zona residencial tranquila y por la cercan\u00eda del lugar del incidente con la vivienda del joven afectado.<\/p>\n\n\n\n<p>Seg\u00fan los datos disponibles, Joan Carlos Berroa vive apenas a dos casas de distancia del lugar donde fue interceptado y agredido por los agentes.<\/p>\n\n\n\n<p>En el material audiovisual, captado en un punto estrat\u00e9gico de la calle, se puede observar sin dificultad el accionar de los agentes, lo que ha generado cuestionamientos sobre los protocolos de actuaci\u00f3n de la Polic\u00eda Nacional.<\/p>\n\n\n\n<p>La falta de una explicaci\u00f3n oficial hasta el momento ha aumentado las inquietudes de la comunidad sobre el uso de la fuerza por parte de las autoridades.<\/p>\n\n\n\n<p>\u201cObserven el accionar de los miembros de la gloriosa Polic\u00eda Nacional\u201d, es la frase que acompa\u00f1a la publicaci\u00f3n del video, donde se evidencia la agresi\u00f3n al joven motociclista. La frase parece reflejar una cr\u00edtica ir\u00f3nica hacia el comportamiento de los agentes involucrados.<\/p>\n\n\n\n<p>Hasta ahora no se ha emitido ninguna declaraci\u00f3n p\u00fablica por parte de la Polic\u00eda Nacional respecto a este incidente, ni se conocen medidas tomadas tras la difusi\u00f3n del video.<\/p>\n\n\n\n<p>La comunidad espera respuestas claras sobre lo ocurrido y que se determine si hubo uso excesivo de la fuerza en este procedimiento.<\/p>\n\n\n\n<p><a href=\"https:\/\/entrecomillastv10.blogspot.com\/2025\/04\/ver-video-momento-en-que-agentes.html\">https:\/\/entrecomillastv10.blogspot.com\/2025\/04\/ver-video-momento-en-que-agentes.html<\/a><\/p>\n\n\n\n<p><\/p>\n\n\n\n<p><\/p>\n","protected":false},"excerpt":{"rendered":"<p>Un incidente protagonizado por miembros de la Polic\u00eda Nacional ha generado reacciones en La Romana, Rep\u00fablica Dominicana, luego de que un video de vigilancia captara el momento en que varios&hellip;<\/p>\n","protected":false},"author":2,"featured_media":97347,"comment_status":"open","ping_status":"open","sticky":false,"template":"","format":"standard","meta":{"content-type":"","jetpack_post_was_ever_published":false,"_jetpack_newsletter_access":"","_jetpack_dont_email_post_to_subs":false,"_jetpack_newsletter_tier_id":0,"_jetpack_memberships_contains_paywalled_content":false,"_jetpack_memberships_contains_paid_content":false,"footnotes":""},"categories":[35],"tags":[5056,18900,12277,18901],"class_list":["post-97346","post","type-post","status-publish","format-standard","has-post-thumbnail","hentry","category-nacionales","tag-agentes-policiales","tag-agreden","tag-momento","tag-motociclista"],"jetpack_featured_media_url":"https:\/\/lasprimeras.com.do\/wp-content\/uploads\/2025\/04\/policias.jpg","jetpack-related-posts":[{"id":97367,"url":"https:\/\/lasprimeras.com.do\/index.php\/2025\/04\/19\/digesett-y-ministerio-publico-investigan-incidente-en-moca\/","url_meta":{"origin":97346,"position":0},"title":"DIGESETT y Ministerio P\u00fablico investigan incidente en Moca","author":"Nelson Feliz","date":"19 de abril de 2025","format":false,"excerpt":"El ahora detenido transitaba sin casco protector y al momento de ser interceptado intent\u00f3 agredir agentes con arma blanca. La Direcci\u00f3n General de Seguridad de Tr\u00e1nsito y Transporte Terrestre (DIGESETT) inform\u00f3 que junto al Ministerio P\u00fablico se encuentra en proceso de investigaci\u00f3n un incidente ocurrido en el municipio de Moca,\u2026","rel":"","context":"En \u00abNACIONALES\u00bb","block_context":{"text":"NACIONALES","link":"https:\/\/lasprimeras.com.do\/index.php\/category\/nacionales\/"},"img":{"alt_text":"","src":"https:\/\/i0.wp.com\/lasprimeras.com.do\/wp-content\/uploads\/2025\/04\/digessei.jpg?resize=350%2C200&ssl=1","width":350,"height":200,"srcset":"https:\/\/i0.wp.com\/lasprimeras.com.do\/wp-content\/uploads\/2025\/04\/digessei.jpg?resize=350%2C200&ssl=1 1x, https:\/\/i0.wp.com\/lasprimeras.com.do\/wp-content\/uploads\/2025\/04\/digessei.jpg?resize=525%2C300&ssl=1 1.5x, https:\/\/i0.wp.com\/lasprimeras.com.do\/wp-content\/uploads\/2025\/04\/digessei.jpg?resize=700%2C400&ssl=1 2x"},"classes":[]},{"id":60421,"url":"https:\/\/lasprimeras.com.do\/index.php\/2023\/09\/14\/directora-de-guayabal-se-disculpa-por-agredir-agente-policial-en-destacamento\/","url_meta":{"origin":97346,"position":1},"title":"Directora de Guayabal se disculpa por agredir agente policial en destacamento","author":"Nelson Feliz","date":"14 de septiembre de 2023","format":false,"excerpt":"La excusa fue presentada durante la audiencia de conciliaci\u00f3n avalada por el Ministerio P\u00fablico. La directora del distrito municipal Guayabal, en la provincia Santiago, Fior Denis Tav\u00e1rez, pidi\u00f3 disculpas al agente de la Polic\u00eda Nacional que agredi\u00f3, durante un incidente registrado el pasado mes en el destacamento de Pu\u00f1al. La\u2026","rel":"","context":"En \u00abNACIONALES\u00bb","block_context":{"text":"NACIONALES","link":"https:\/\/lasprimeras.com.do\/index.php\/category\/nacionales\/"},"img":{"alt_text":"Fior Denis Tav\u00e1rez","src":"https:\/\/i0.wp.com\/lasprimeras.com.do\/wp-content\/uploads\/2023\/09\/Fior-Denis-Tavarez.jpg?resize=350%2C200&ssl=1","width":350,"height":200,"srcset":"https:\/\/i0.wp.com\/lasprimeras.com.do\/wp-content\/uploads\/2023\/09\/Fior-Denis-Tavarez.jpg?resize=350%2C200&ssl=1 1x, https:\/\/i0.wp.com\/lasprimeras.com.do\/wp-content\/uploads\/2023\/09\/Fior-Denis-Tavarez.jpg?resize=525%2C300&ssl=1 1.5x, https:\/\/i0.wp.com\/lasprimeras.com.do\/wp-content\/uploads\/2023\/09\/Fior-Denis-Tavarez.jpg?resize=700%2C400&ssl=1 2x"},"classes":[]},{"id":92260,"url":"https:\/\/lasprimeras.com.do\/index.php\/2025\/01\/01\/siguen-los-escandalos-denuncian-seguridad-de-guzman-peralta-agrede-personas-iban-a-rio\/","url_meta":{"origin":97346,"position":2},"title":"Siguen los esc\u00e1ndalos: Denuncian seguridad de Guzm\u00e1n Peralta agrede personas ib\u00e1n a r\u00edo","author":"Nelson Feliz","date":"1 de enero de 2025","format":false,"excerpt":"Un grupo de personas denunciaron la tarde de hoy que agentes policiales de la seguridad del director general de la polic\u00eda el Mayor General Ram\u00f3n Antonio Guzm\u00e1n Peralta, lo agredieron mientras estos se dirig\u00edan al R\u00edo Hoyo de Puta, en S\u00e1bana Grandes de Boy\u00e1, Monte Plata. Sureiby Hern\u00e1ndez, Mois\u00e9s Hern\u00e1ndez,\u2026","rel":"","context":"En \u00abNACIONALES\u00bb","block_context":{"text":"NACIONALES","link":"https:\/\/lasprimeras.com.do\/index.php\/category\/nacionales\/"},"img":{"alt_text":"","src":"https:\/\/i0.wp.com\/lasprimeras.com.do\/wp-content\/uploads\/2025\/01\/AGRESION.jpg?resize=350%2C200&ssl=1","width":350,"height":200,"srcset":"https:\/\/i0.wp.com\/lasprimeras.com.do\/wp-content\/uploads\/2025\/01\/AGRESION.jpg?resize=350%2C200&ssl=1 1x, https:\/\/i0.wp.com\/lasprimeras.com.do\/wp-content\/uploads\/2025\/01\/AGRESION.jpg?resize=525%2C300&ssl=1 1.5x, https:\/\/i0.wp.com\/lasprimeras.com.do\/wp-content\/uploads\/2025\/01\/AGRESION.jpg?resize=700%2C400&ssl=1 2x"},"classes":[]},{"id":85071,"url":"https:\/\/lasprimeras.com.do\/index.php\/2024\/06\/22\/valverde-tirotean-un-vehiculo-en-marcha-matan-hombre-hieren-una-mujer\/","url_meta":{"origin":97346,"position":3},"title":"Valverde: Tirotean un veh\u00edculo en marcha; matan hombre, hieren una mujer","author":"Nelson Feliz","date":"22 de junio de 2024","format":false,"excerpt":"Un hombre fue muerto y una mujer result\u00f3 herida al ser agredidos a balazos por personas que viajaban en una motocicleta en una comunidad rural de Valverde, confirmaron las autoridades. El hecho ocurri\u00f3 a las 12:30 pm de este viernes en el tramo carretero Mao-Guatapanal. Testigos dijeron que los motociclistas\u2026","rel":"","context":"En \u00abNACIONALES\u00bb","block_context":{"text":"NACIONALES","link":"https:\/\/lasprimeras.com.do\/index.php\/category\/nacionales\/"},"img":{"alt_text":"","src":"https:\/\/i0.wp.com\/lasprimeras.com.do\/wp-content\/uploads\/2024\/06\/heridos.jpeg?resize=350%2C200&ssl=1","width":350,"height":200,"srcset":"https:\/\/i0.wp.com\/lasprimeras.com.do\/wp-content\/uploads\/2024\/06\/heridos.jpeg?resize=350%2C200&ssl=1 1x, https:\/\/i0.wp.com\/lasprimeras.com.do\/wp-content\/uploads\/2024\/06\/heridos.jpeg?resize=525%2C300&ssl=1 1.5x, https:\/\/i0.wp.com\/lasprimeras.com.do\/wp-content\/uploads\/2024\/06\/heridos.jpeg?resize=700%2C400&ssl=1 2x, https:\/\/i0.wp.com\/lasprimeras.com.do\/wp-content\/uploads\/2024\/06\/heridos.jpeg?resize=1050%2C600&ssl=1 3x"},"classes":[]},{"id":70011,"url":"https:\/\/lasprimeras.com.do\/index.php\/2023\/12\/07\/detenido-hombre-captado-en-video-agrediendo-una-mujer-en-la-vega\/","url_meta":{"origin":97346,"position":4},"title":"Detenido hombre captado en video agrediendo una mujer en La Vega","author":"Nelson Feliz","date":"7 de diciembre de 2023","format":false,"excerpt":"Por Mart\u00edn Restituyo Agentes policiales, pertenecientes a la Direcci\u00f3n Central de Investigaci\u00f3n (Dicrim), apresaron mediante orden de arresto en la provincia de La Vega, a un hombre que era buscado por agresi\u00f3n f\u00edsica y verbal contra su pareja, hecho que fue captado en video y hecho viral en las redes\u2026","rel":"","context":"En \u00abMILITARES\u00bb","block_context":{"text":"MILITARES","link":"https:\/\/lasprimeras.com.do\/index.php\/category\/militares\/"},"img":{"alt_text":"preso-celda","src":"https:\/\/i0.wp.com\/lasprimeras.com.do\/wp-content\/uploads\/2023\/06\/preso-celda.jpg?resize=350%2C200&ssl=1","width":350,"height":200,"srcset":"https:\/\/i0.wp.com\/lasprimeras.com.do\/wp-content\/uploads\/2023\/06\/preso-celda.jpg?resize=350%2C200&ssl=1 1x, https:\/\/i0.wp.com\/lasprimeras.com.do\/wp-content\/uploads\/2023\/06\/preso-celda.jpg?resize=525%2C300&ssl=1 1.5x, https:\/\/i0.wp.com\/lasprimeras.com.do\/wp-content\/uploads\/2023\/06\/preso-celda.jpg?resize=700%2C400&ssl=1 2x"},"classes":[]},{"id":102453,"url":"https:\/\/lasprimeras.com.do\/index.php\/2025\/07\/04\/apresan-a-seis-motociclistas-por-agresion-a-vehiculo-en-plena-via-publica\/","url_meta":{"origin":97346,"position":5},"title":"Apresan a seis motociclistas por agresi\u00f3n a veh\u00edculo en plena v\u00eda p\u00fablica","author":"Nelson Feliz","date":"4 de julio de 2025","format":false,"excerpt":"Miembros de la Polic\u00eda Nacional apresaron ayer a seis motociclistas que aparecen en un video difundido en redes sociales, agrediendo con piedras, cascos protectores un veh\u00edculo en marcha, ocasion\u00e1ndole da\u00f1os en todos sus cristales. El hecho ocurri\u00f3 en la avenida John F. Kennedy, del Distrito Nacional. Los detenidos son Osner\u2026","rel":"","context":"En \u00abMILITARES\u00bb","block_context":{"text":"MILITARES","link":"https:\/\/lasprimeras.com.do\/index.php\/category\/militares\/"},"img":{"alt_text":"","src":"https:\/\/i0.wp.com\/lasprimeras.com.do\/wp-content\/uploads\/2025\/07\/preso-1.jpg?resize=350%2C200&ssl=1","width":350,"height":200,"srcset":"https:\/\/i0.wp.com\/lasprimeras.com.do\/wp-content\/uploads\/2025\/07\/preso-1.jpg?resize=350%2C200&ssl=1 1x, https:\/\/i0.wp.com\/lasprimeras.com.do\/wp-content\/uploads\/2025\/07\/preso-1.jpg?resize=525%2C300&ssl=1 1.5x, https:\/\/i0.wp.com\/lasprimeras.com.do\/wp-content\/uploads\/2025\/07\/preso-1.jpg?resize=700%2C400&ssl=1 2x"},"classes":[]}],"jetpack_sharing_enabled":true,"_links":{"self":[{"href":"https:\/\/lasprimeras.com.do\/index.php\/wp-json\/wp\/v2\/posts\/97346","targetHints":{"allow":["GET"]}}],"collection":[{"href":"https:\/\/lasprimeras.com.do\/index.php\/wp-json\/wp\/v2\/posts"}],"about":[{"href":"https:\/\/lasprimeras.com.do\/index.php\/wp-json\/wp\/v2\/types\/post"}],"author":[{"embeddable":true,"href":"https:\/\/lasprimeras.com.do\/index.php\/wp-json\/wp\/v2\/users\/2"}],"replies":[{"embeddable":true,"href":"https:\/\/lasprimeras.com.do\/index.php\/wp-json\/wp\/v2\/comments?post=97346"}],"version-history":[{"count":1,"href":"https:\/\/lasprimeras.com.do\/index.php\/wp-json\/wp\/v2\/posts\/97346\/revisions"}],"predecessor-version":[{"id":97348,"href":"https:\/\/lasprimeras.com.do\/index.php\/wp-json\/wp\/v2\/posts\/97346\/revisions\/97348"}],"wp:featuredmedia":[{"embeddable":true,"href":"https:\/\/lasprimeras.com.do\/index.php\/wp-json\/wp\/v2\/media\/97347"}],"wp:attachment":[{"href":"https:\/\/lasprimeras.com.do\/index.php\/wp-json\/wp\/v2\/media?parent=97346"}],"wp:term":[{"taxonomy":"category","embeddable":true,"href":"https:\/\/lasprimeras.com.do\/index.php\/wp-json\/wp\/v2\/categories?post=97346"},{"taxonomy":"post_tag","embeddable":true,"href":"https:\/\/lasprimeras.com.do\/index.php\/wp-json\/wp\/v2\/tags?post=97346"}],"curies":[{"name":"wp","href":"https:\/\/api.w.org\/{rel}","templated":true}]}}