{"id":97352,"date":"2025-04-19T18:17:52","date_gmt":"2025-04-19T22:17:52","guid":{"rendered":"https:\/\/lasprimeras.com.do\/?p=97352"},"modified":"2025-04-19T18:17:55","modified_gmt":"2025-04-19T22:17:55","slug":"presidente-sirio-se-reune-con-un-miembro-del-congreso-de-eeuu-en-visita-no-oficial-a-damasco","status":"publish","type":"post","link":"https:\/\/lasprimeras.com.do\/index.php\/2025\/04\/19\/presidente-sirio-se-reune-con-un-miembro-del-congreso-de-eeuu-en-visita-no-oficial-a-damasco\/","title":{"rendered":"Presidente sirio se re\u00fane con un miembro del Congreso de EEUU en visita no oficial a Damasco"},"content":{"rendered":"\n<p>POR OMAR SANADIKI and BASSEM MROUE<\/p>\n\n\n\n<p>DAMASCO (AP) \u2014 El presidente de Siria recibi\u00f3 el s\u00e1bado a un legislador estadounidense republicano en la primera visita al pa\u00eds por parte de legisladores estadounidenses desde la destituci\u00f3n del exl\u00edder Bashar Assad en diciembre.<\/p>\n\n\n\n<p>La agencia estatal de noticias SANA no dio detalles sobre la reuni\u00f3n entre el presidente Ahmad al-Sharaa y el representante Cory Mills de Florida en la capital, Damasco.<\/p>\n\n\n\n<p>Indic\u00f3 que a la reuni\u00f3n asisti\u00f3 el ministro de Relaciones Exteriores de Siria, Asaad al-Shibani, y se produce tras los llamados de los nuevos gobernantes de Siria para el levantamiento de las sanciones impuestas por Estados Unidos y otras naciones occidentales al inicio del conflicto.<\/p>\n\n\n\n<p>Desde su llegada a Siria en una visita no oficial el viernes, el representante Marlin Stutzman de Indiana y Mills recorrieron partes de Damasco, incluido el casco antiguo de la ciudad, as\u00ed como una de las sinagogas m\u00e1s antiguas del mundo que fue gravemente da\u00f1ada y saqueada durante el conflicto de 14 a\u00f1os del pa\u00eds que mat\u00f3 a medio mill\u00f3n de personas.<\/p>\n\n\n\n<p>Stutzman visit\u00f3 el s\u00e1bado la notoria prisi\u00f3n de Saydnaya cerca de Damasco, donde decenas de miles de personas fueron torturadas y asesinadas durante los 54 a\u00f1os de gobierno de la familia Assad.<\/p>\n\n\n\n<p>El grupo islamista Hayat Tahrir al-Sham de Al-Sharaa lider\u00f3 la ofensiva que captur\u00f3 Damasco a principios de diciembre, obligando a Assad y su familia a huir a su aliado Rusia, donde se le concedi\u00f3 asilo.<\/p>\n\n\n\n<p>D\u00edas despu\u00e9s de que Assad fuera destituido, la entonces administraci\u00f3n Biden decidi\u00f3 no seguir adelante con una recompensa de 10 millones de d\u00f3lares que hab\u00eda ofrecido por la captura de al-Sharaa, un exl\u00edder de la rama de Al Qaeda en Siria.<\/p>\n\n\n\n<p>El anuncio en diciembre sigui\u00f3 a una reuni\u00f3n entre al-Sharaa y la entonces principal diplom\u00e1tica estadounidense para el Oriente Medio, Barbara Leaf, quien lider\u00f3 la primera delegaci\u00f3n diplom\u00e1tica estadounidense en Siria desde la destituci\u00f3n de Assad.<\/p>\n","protected":false},"excerpt":{"rendered":"<p>POR OMAR SANADIKI and BASSEM MROUE DAMASCO (AP) \u2014 El presidente de Siria recibi\u00f3 el s\u00e1bado a un legislador estadounidense republicano en la primera visita al pa\u00eds por parte de&hellip;<\/p>\n","protected":false},"author":2,"featured_media":97353,"comment_status":"open","ping_status":"open","sticky":false,"template":"","format":"standard","meta":{"content-type":"","jetpack_post_was_ever_published":false,"_jetpack_newsletter_access":"","_jetpack_dont_email_post_to_subs":false,"_jetpack_newsletter_tier_id":0,"_jetpack_memberships_contains_paywalled_content":false,"_jetpack_memberships_contains_paid_content":false,"footnotes":""},"categories":[16289],"tags":[530,18903,979,3166,18902],"class_list":["post-97352","post","type-post","status-publish","format-standard","has-post-thumbnail","hentry","category-internacionales","tag-congreso","tag-damasco","tag-eeuu","tag-miembro","tag-presidente-sirio"],"jetpack_featured_media_url":"https:\/\/lasprimeras.com.do\/wp-content\/uploads\/2025\/04\/Presidente-sirio.jpg","jetpack-related-posts":[{"id":103998,"url":"https:\/\/lasprimeras.com.do\/index.php\/2025\/07\/21\/enviado-de-eeuu-reafirma-apoyo-al-gobierno-de-siria-y-critica-intervencion-de-israel\/","url_meta":{"origin":97352,"position":0},"title":"Enviado de EEUU reafirma apoyo al gobierno de Siria y critica intervenci\u00f3n de Israel","author":"Nelson Feliz","date":"21 de julio de 2025","format":false,"excerpt":"POR ABBY SEWELL BEIRUT (AP) \u2014 Un enviado de Estados Unidos reafirm\u00f3 el apoyo de Washington al nuevo gobierno en Siria, afirmando el lunes que no hay alternativa a trabajar con las autoridades actuales para unir al pa\u00eds, que a\u00fan se recupera de una guerra civil de casi 14 a\u00f1os\u2026","rel":"","context":"En \u00abINTERNACIONALES\u00bb","block_context":{"text":"INTERNACIONALES","link":"https:\/\/lasprimeras.com.do\/index.php\/category\/sin-categoria\/internacionales\/"},"img":{"alt_text":"","src":"https:\/\/i0.wp.com\/lasprimeras.com.do\/wp-content\/uploads\/2025\/07\/Tom-Barrack.jpg?resize=350%2C200&ssl=1","width":350,"height":200,"srcset":"https:\/\/i0.wp.com\/lasprimeras.com.do\/wp-content\/uploads\/2025\/07\/Tom-Barrack.jpg?resize=350%2C200&ssl=1 1x, https:\/\/i0.wp.com\/lasprimeras.com.do\/wp-content\/uploads\/2025\/07\/Tom-Barrack.jpg?resize=525%2C300&ssl=1 1.5x, https:\/\/i0.wp.com\/lasprimeras.com.do\/wp-content\/uploads\/2025\/07\/Tom-Barrack.jpg?resize=700%2C400&ssl=1 2x"},"classes":[]},{"id":103508,"url":"https:\/\/lasprimeras.com.do\/index.php\/2025\/07\/16\/israel-ataca-en-damasco-mientras-continuan-los-choques-entre-fuerzas-sirias-y-grupos-drusos-en-siria\/","url_meta":{"origin":97352,"position":1},"title":"Israel ataca en Damasco mientras contin\u00faan los choques entre fuerzas sirias y grupos drusos en Siria","author":"Nelson Feliz","date":"16 de julio de 2025","format":false,"excerpt":"DAMASCO, Siria (AP) \u2014 Los enfrentamientos en la ciudad sure\u00f1a siria de Sweida se intensificaron el mi\u00e9rcoles tras el colapso de un alto el fuego entre las fuerzas gubernamentales y grupos armados drusos, mientras Israel amenazaba con escalar su participaci\u00f3n, diciendo que apoya a la minor\u00eda religiosa drusa. El Ej\u00e9rcito\u2026","rel":"","context":"En \u00abINTERNACIONALES\u00bb","block_context":{"text":"INTERNACIONALES","link":"https:\/\/lasprimeras.com.do\/index.php\/category\/sin-categoria\/internacionales\/"},"img":{"alt_text":"","src":"https:\/\/i0.wp.com\/lasprimeras.com.do\/wp-content\/uploads\/2025\/07\/siria.jpg?resize=350%2C200&ssl=1","width":350,"height":200,"srcset":"https:\/\/i0.wp.com\/lasprimeras.com.do\/wp-content\/uploads\/2025\/07\/siria.jpg?resize=350%2C200&ssl=1 1x, https:\/\/i0.wp.com\/lasprimeras.com.do\/wp-content\/uploads\/2025\/07\/siria.jpg?resize=525%2C300&ssl=1 1.5x, https:\/\/i0.wp.com\/lasprimeras.com.do\/wp-content\/uploads\/2025\/07\/siria.jpg?resize=700%2C400&ssl=1 2x"},"classes":[]},{"id":103756,"url":"https:\/\/lasprimeras.com.do\/index.php\/2025\/07\/18\/fuerzas-del-gobierno-sirio-se-alistan-para-volver-a-sweida-tras-choques-entre-drusos-y-beduinos\/","url_meta":{"origin":97352,"position":2},"title":"Fuerzas del gobierno sirio se alistan para volver a Sweida tras choques entre drusos y beduinos","author":"Nelson Feliz","date":"18 de julio de 2025","format":false,"excerpt":"POR GHAITH ALSAYED DAMASCO, Siria (AP) \u2014 Los enfrentamientos entre grupos armados drusos y miembros de clanes beduinos se reanudaron en el sur de Siria durante la noche, y las fuerzas gubernamentales se preparaban para volver a desplegarse en la zona el viernes despu\u00e9s de retirarse en virtud de un\u2026","rel":"","context":"En \u00abINTERNACIONALES\u00bb","block_context":{"text":"INTERNACIONALES","link":"https:\/\/lasprimeras.com.do\/index.php\/category\/sin-categoria\/internacionales\/"},"img":{"alt_text":"","src":"https:\/\/i0.wp.com\/lasprimeras.com.do\/wp-content\/uploads\/2025\/07\/drusos.jpg?resize=350%2C200&ssl=1","width":350,"height":200,"srcset":"https:\/\/i0.wp.com\/lasprimeras.com.do\/wp-content\/uploads\/2025\/07\/drusos.jpg?resize=350%2C200&ssl=1 1x, https:\/\/i0.wp.com\/lasprimeras.com.do\/wp-content\/uploads\/2025\/07\/drusos.jpg?resize=525%2C300&ssl=1 1.5x, https:\/\/i0.wp.com\/lasprimeras.com.do\/wp-content\/uploads\/2025\/07\/drusos.jpg?resize=700%2C400&ssl=1 2x"},"classes":[]},{"id":117130,"url":"https:\/\/lasprimeras.com.do\/index.php\/2025\/12\/08\/un-ano-despues-de-la-huida-de-bashar-assad-siria-tiene-problemas-para-cerrar-heridas\/","url_meta":{"origin":97352,"position":3},"title":"Un a\u00f1o despu\u00e9s de la huida de Bashar Assad, Siria tiene problemas para cerrar heridas","author":"Nelson Feliz","date":"8 de diciembre de 2025","format":false,"excerpt":"POR GHAITH ALSAYED and ABBY SEWELL HOMS, Siria (AP) \u2014 Hace un a\u00f1o, Mohammad Marwan sali\u00f3 a trompicones, descalzo y aturdido, de la notoria prisi\u00f3n de Saydnaya a las afueras de Damasco, cuando las fuerzas rebeldes que avanzaban hacia la capital abrieron sus puertas para liberar a los prisioneros. Arrestado\u2026","rel":"","context":"En \u00abINTERNACIONALES\u00bb","block_context":{"text":"INTERNACIONALES","link":"https:\/\/lasprimeras.com.do\/index.php\/category\/sin-categoria\/internacionales\/"},"img":{"alt_text":"","src":"https:\/\/i0.wp.com\/lasprimeras.com.do\/wp-content\/uploads\/2025\/12\/sirios.jpg?resize=350%2C200&ssl=1","width":350,"height":200,"srcset":"https:\/\/i0.wp.com\/lasprimeras.com.do\/wp-content\/uploads\/2025\/12\/sirios.jpg?resize=350%2C200&ssl=1 1x, https:\/\/i0.wp.com\/lasprimeras.com.do\/wp-content\/uploads\/2025\/12\/sirios.jpg?resize=525%2C300&ssl=1 1.5x, https:\/\/i0.wp.com\/lasprimeras.com.do\/wp-content\/uploads\/2025\/12\/sirios.jpg?resize=700%2C400&ssl=1 2x"},"classes":[]},{"id":109964,"url":"https:\/\/lasprimeras.com.do\/index.php\/2025\/09\/24\/por-primera-vez-en-casi-60-anos-un-presidente-sirio-habla-en-la-onu\/","url_meta":{"origin":97352,"position":4},"title":"Por primera vez en casi 60 a\u00f1os, un presidente sirio habla en la ONU","author":"Nelson Feliz","date":"24 de septiembre de 2025","format":false,"excerpt":"POR JENNIFER PELTZ and BASSEM MROUE NACIONES UNIDAS (AP) \u2014 El presidente de Siria, Ahmad al-Sharaa, se dirigi\u00f3 a la Asamblea General de la ONU el mi\u00e9rcoles, la primera vez que un l\u00edder sirio lo hace en casi 60 a\u00f1os. Ahmad al-Sharaa dijo el mi\u00e9rcoles que Siria est\u00e1 regresando a\u2026","rel":"","context":"En \u00abINTERNACIONALES\u00bb","block_context":{"text":"INTERNACIONALES","link":"https:\/\/lasprimeras.com.do\/index.php\/category\/sin-categoria\/internacionales\/"},"img":{"alt_text":"","src":"https:\/\/i0.wp.com\/lasprimeras.com.do\/wp-content\/uploads\/2025\/09\/Ahmad-al-Sharaa.jpg?resize=350%2C200&ssl=1","width":350,"height":200,"srcset":"https:\/\/i0.wp.com\/lasprimeras.com.do\/wp-content\/uploads\/2025\/09\/Ahmad-al-Sharaa.jpg?resize=350%2C200&ssl=1 1x, https:\/\/i0.wp.com\/lasprimeras.com.do\/wp-content\/uploads\/2025\/09\/Ahmad-al-Sharaa.jpg?resize=525%2C300&ssl=1 1.5x, https:\/\/i0.wp.com\/lasprimeras.com.do\/wp-content\/uploads\/2025\/09\/Ahmad-al-Sharaa.jpg?resize=700%2C400&ssl=1 2x"},"classes":[]},{"id":103392,"url":"https:\/\/lasprimeras.com.do\/index.php\/2025\/07\/15\/siria-anuncia-un-alto-el-fuego-tras-violencia-religiosa\/","url_meta":{"origin":97352,"position":5},"title":"Siria anuncia un alto el fuego tras violencia religiosa","author":"Nelson Feliz","date":"15 de julio de 2025","format":false,"excerpt":"POR GHAITH ALSAYED and ABBY SEWELL BUSRA AL-HARIR, Siria (AP) \u2014 El ministro de defensa de Siria anunci\u00f3 el martes un alto el fuego poco despu\u00e9s de que las fuerzas gubernamentales entraran en una ciudad clave en la provincia de Sweida. El anuncio se produjo al d\u00eda siguiente de enfrentamientos\u2026","rel":"","context":"En \u00abINTERNACIONALES\u00bb","block_context":{"text":"INTERNACIONALES","link":"https:\/\/lasprimeras.com.do\/index.php\/category\/sin-categoria\/internacionales\/"},"img":{"alt_text":"","src":"https:\/\/i0.wp.com\/lasprimeras.com.do\/wp-content\/uploads\/2025\/07\/alto-el-fuego-1.jpg?resize=350%2C200&ssl=1","width":350,"height":200,"srcset":"https:\/\/i0.wp.com\/lasprimeras.com.do\/wp-content\/uploads\/2025\/07\/alto-el-fuego-1.jpg?resize=350%2C200&ssl=1 1x, https:\/\/i0.wp.com\/lasprimeras.com.do\/wp-content\/uploads\/2025\/07\/alto-el-fuego-1.jpg?resize=525%2C300&ssl=1 1.5x, https:\/\/i0.wp.com\/lasprimeras.com.do\/wp-content\/uploads\/2025\/07\/alto-el-fuego-1.jpg?resize=700%2C400&ssl=1 2x"},"classes":[]}],"jetpack_sharing_enabled":true,"_links":{"self":[{"href":"https:\/\/lasprimeras.com.do\/index.php\/wp-json\/wp\/v2\/posts\/97352","targetHints":{"allow":["GET"]}}],"collection":[{"href":"https:\/\/lasprimeras.com.do\/index.php\/wp-json\/wp\/v2\/posts"}],"about":[{"href":"https:\/\/lasprimeras.com.do\/index.php\/wp-json\/wp\/v2\/types\/post"}],"author":[{"embeddable":true,"href":"https:\/\/lasprimeras.com.do\/index.php\/wp-json\/wp\/v2\/users\/2"}],"replies":[{"embeddable":true,"href":"https:\/\/lasprimeras.com.do\/index.php\/wp-json\/wp\/v2\/comments?post=97352"}],"version-history":[{"count":1,"href":"https:\/\/lasprimeras.com.do\/index.php\/wp-json\/wp\/v2\/posts\/97352\/revisions"}],"predecessor-version":[{"id":97354,"href":"https:\/\/lasprimeras.com.do\/index.php\/wp-json\/wp\/v2\/posts\/97352\/revisions\/97354"}],"wp:featuredmedia":[{"embeddable":true,"href":"https:\/\/lasprimeras.com.do\/index.php\/wp-json\/wp\/v2\/media\/97353"}],"wp:attachment":[{"href":"https:\/\/lasprimeras.com.do\/index.php\/wp-json\/wp\/v2\/media?parent=97352"}],"wp:term":[{"taxonomy":"category","embeddable":true,"href":"https:\/\/lasprimeras.com.do\/index.php\/wp-json\/wp\/v2\/categories?post=97352"},{"taxonomy":"post_tag","embeddable":true,"href":"https:\/\/lasprimeras.com.do\/index.php\/wp-json\/wp\/v2\/tags?post=97352"}],"curies":[{"name":"wp","href":"https:\/\/api.w.org\/{rel}","templated":true}]}}