{"id":97355,"date":"2025-04-19T18:24:24","date_gmt":"2025-04-19T22:24:24","guid":{"rendered":"https:\/\/lasprimeras.com.do\/?p=97355"},"modified":"2025-04-19T18:24:25","modified_gmt":"2025-04-19T22:24:25","slug":"netanyahu-dice-que-israel-no-tiene-otra-opcion-que-continuar-luchando-en-gaza","status":"publish","type":"post","link":"https:\/\/lasprimeras.com.do\/index.php\/2025\/04\/19\/netanyahu-dice-que-israel-no-tiene-otra-opcion-que-continuar-luchando-en-gaza\/","title":{"rendered":"Netanyahu dice que Israel no tiene \u2018otra opci\u00f3n\u2019 que continuar luchando en Gaza"},"content":{"rendered":"\n<p>POR WAFAA SHURAFA, SAMY MAGDY and JOSEF FEDERMAN<\/p>\n\n\n\n<p>DEIR AL-BALAH, Franja de Gaza (AP) \u2014 El primer ministro israel\u00ed Benjamin Netanyahu insisti\u00f3 nuevamente el s\u00e1bado que Israel \u201cno tiene otra opci\u00f3n\u201d que continuar luchando en Gaza y no terminar\u00e1 la guerra antes de destruir a Ham\u00e1s, liberar a los rehenes y asegurar que el territorio no represente una amenaza para Israel.<\/p>\n\n\n\n<p>El primer ministro tambi\u00e9n repiti\u00f3 su promesa de asegurarse de que Ir\u00e1n nunca obtenga un arma nuclear.<\/p>\n\n\n\n<p>Netanyahu est\u00e1 bajo creciente presi\u00f3n no solo de las familias de los rehenes y sus simpatizantes, sino tambi\u00e9n de soldados israel\u00edes reservistas y retirados que cuestionan la continuaci\u00f3n de la guerra despu\u00e9s de que Israel rompi\u00f3 un cese al fuego el mes pasado.<\/p>\n\n\n\n<p>En su declaraci\u00f3n, afirm\u00f3 que Ham\u00e1s ha rechazado la \u00faltima propuesta de Israel para liberar a la mitad de los rehenes a cambio de un cese al fuego continuo.<\/p>\n\n\n\n<p>El primer ministro habl\u00f3 despu\u00e9s de que ataques israel\u00edes mataran a m\u00e1s de 90 personas en 48 horas, inform\u00f3 el s\u00e1bado el Ministerio de Salud de Gaza.<\/p>\n\n\n\n<p>Las tropas israel\u00edes han intensificado sus ataques para presionar a Ham\u00e1s para que libere a los rehenes y se desarme.<\/p>\n\n\n\n<p>Entre los 15 muertos durante la noche hab\u00eda mujeres y menores, seg\u00fan personal hospitalario.<\/p>\n\n\n\n<p>Al menos 11 personas perdieron la vida en la ciudad sure\u00f1a de Jan Yunis, varias de ellas en una tienda de campa\u00f1a en la zona de Mwasi, donde viven cientos de miles de desplazados, seg\u00fan un trabajador hospitalario. Israel ha designado el lugar como zona humanitaria.<\/p>\n\n\n\n<p>Los dolientes acunaron y besaron los rostros de los muertos. Un hombre acarici\u00f3 la frente de un ni\u00f1o con su dedo antes de que se cerraran las bolsas para cad\u00e1veres.<\/p>\n\n\n\n<p>\u201cOmar se ha ido\u2026 Ojal\u00e1 hubiera sido yo\u201d, grit\u00f3 el hermano de una de las v\u00edctimas.<\/p>\n\n\n\n<p>Otras cuatro personas murieron en ataques en la ciudad de Rafah, incluyendo una madre y su hija, seg\u00fan el Hospital Europeo, a donde fueron llevados los cuerpos.<\/p>\n","protected":false},"excerpt":{"rendered":"<p>POR WAFAA SHURAFA, SAMY MAGDY and JOSEF FEDERMAN DEIR AL-BALAH, Franja de Gaza (AP) \u2014 El primer ministro israel\u00ed Benjamin Netanyahu insisti\u00f3 nuevamente el s\u00e1bado que Israel \u201cno tiene otra&hellip;<\/p>\n","protected":false},"author":2,"featured_media":97356,"comment_status":"open","ping_status":"open","sticky":false,"template":"","format":"standard","meta":{"content-type":"","jetpack_post_was_ever_published":false,"_jetpack_newsletter_access":"","_jetpack_dont_email_post_to_subs":false,"_jetpack_newsletter_tier_id":0,"_jetpack_memberships_contains_paywalled_content":false,"_jetpack_memberships_contains_paid_content":false,"footnotes":""},"categories":[16289],"tags":[7692,8295,18904,12174],"class_list":["post-97355","post","type-post","status-publish","format-standard","has-post-thumbnail","hentry","category-internacionales","tag-benjamin-netanyahu","tag-gaza","tag-israel-no-tiene-otra-opcion","tag-luchando"],"jetpack_featured_media_url":"https:\/\/lasprimeras.com.do\/wp-content\/uploads\/2025\/04\/muertos.jpg","jetpack-related-posts":[{"id":66446,"url":"https:\/\/lasprimeras.com.do\/index.php\/2023\/11\/07\/israel-descarta-tregua-en-gaza-hasta-que-israel-libere-a-rehenes\/","url_meta":{"origin":97355,"position":0},"title":"Israel descarta tregua en Gaza hasta que Israel libere a rehenes","author":"BIMARY DE JES\u00daS Matos","date":"7 de noviembre de 2023","format":false,"excerpt":"Israel.-El primer ministro israel\u00ed, Benjam\u00edn Netanyahu, ha descartado de nuevo una tregua en el conflicto en la Franja de Gaza hasta que Ham\u00e1s libere a los rehenes, aunque ha concedido que pueda haber \u00abpausas t\u00e1cticas\u00bb. \u00abNo habr\u00e1 cese al fuego general sin la liberaci\u00f3n de rehenes\u00bb, ha declarado Netanyahu en\u2026","rel":"","context":"En \u00abSin categor\u00eda\u00bb","block_context":{"text":"Sin categor\u00eda","link":"https:\/\/lasprimeras.com.do\/index.php\/category\/sin-categoria\/"},"img":{"alt_text":"","src":"https:\/\/i0.wp.com\/lasprimeras.com.do\/wp-content\/uploads\/2023\/11\/torose-4.jpg?resize=350%2C200&ssl=1","width":350,"height":200,"srcset":"https:\/\/i0.wp.com\/lasprimeras.com.do\/wp-content\/uploads\/2023\/11\/torose-4.jpg?resize=350%2C200&ssl=1 1x, https:\/\/i0.wp.com\/lasprimeras.com.do\/wp-content\/uploads\/2023\/11\/torose-4.jpg?resize=525%2C300&ssl=1 1.5x"},"classes":[]},{"id":82948,"url":"https:\/\/lasprimeras.com.do\/index.php\/2024\/05\/09\/netanyahu-dice-que-israel-luchara-hasta-con-las-unas-si-es-necesario-para-derrotar-a-hamas\/","url_meta":{"origin":97355,"position":1},"title":"Netanyahu dice que Israel \u201cluchar\u00e1 hasta con las u\u00f1as\u201d si es necesario para derrotar a Ham\u00e1s","author":"Nelson Feliz","date":"9 de mayo de 2024","format":false,"excerpt":"BY JOSEPH KRAUSS AND JOSEF FEDERMAN JERUSAL\u00c9N (AP) \u2014 El primer ministro israel\u00ed Benjamin Netanyahu declar\u00f3 el jueves que la amenaza de Estados Unidos de retener armamento no evitar\u00e1 que Israel contin\u00fae con su ofensiva en la Franja de Gaza, indicando que podr\u00eda proceder con una invasi\u00f3n a la hacinada\u2026","rel":"","context":"En \u00abSin categor\u00eda\u00bb","block_context":{"text":"Sin categor\u00eda","link":"https:\/\/lasprimeras.com.do\/index.php\/category\/sin-categoria\/"},"img":{"alt_text":"","src":"https:\/\/i0.wp.com\/lasprimeras.com.do\/wp-content\/uploads\/2024\/05\/muertos.jpg?resize=350%2C200&ssl=1","width":350,"height":200,"srcset":"https:\/\/i0.wp.com\/lasprimeras.com.do\/wp-content\/uploads\/2024\/05\/muertos.jpg?resize=350%2C200&ssl=1 1x, https:\/\/i0.wp.com\/lasprimeras.com.do\/wp-content\/uploads\/2024\/05\/muertos.jpg?resize=525%2C300&ssl=1 1.5x, https:\/\/i0.wp.com\/lasprimeras.com.do\/wp-content\/uploads\/2024\/05\/muertos.jpg?resize=700%2C400&ssl=1 2x"},"classes":[]},{"id":85197,"url":"https:\/\/lasprimeras.com.do\/index.php\/2024\/06\/25\/netanyahu-rechaza-un-acuerdo-que-ponga-fin-a-la-guerra-en-gaza-pone-a-prueba-propuesta-de-tregua\/","url_meta":{"origin":97355,"position":2},"title":"Netanyahu rechaza un acuerdo que ponga fin a la guerra en Gaza, pone a prueba propuesta de tregua","author":"Nelson Feliz","date":"25 de junio de 2024","format":false,"excerpt":"BY TIA GOLDENBERG AND SAMY MAGDY TEL AVIV, Israel (AP) \u2014 La viabilidad de una propuesta respaldada por Estados Unidos para poner fin a casi nueve meses de guerra en Gaza qued\u00f3 en duda el lunes despu\u00e9s de que el primer ministro israel\u00ed, Benjamin Netanyahu, dijera que \u00fanicamente aceptar\u00eda un\u2026","rel":"","context":"En \u00abSin categor\u00eda\u00bb","block_context":{"text":"Sin categor\u00eda","link":"https:\/\/lasprimeras.com.do\/index.php\/category\/sin-categoria\/"},"img":{"alt_text":"","src":"https:\/\/i0.wp.com\/lasprimeras.com.do\/wp-content\/uploads\/2024\/06\/acuerdo.jpg?resize=350%2C200&ssl=1","width":350,"height":200,"srcset":"https:\/\/i0.wp.com\/lasprimeras.com.do\/wp-content\/uploads\/2024\/06\/acuerdo.jpg?resize=350%2C200&ssl=1 1x, https:\/\/i0.wp.com\/lasprimeras.com.do\/wp-content\/uploads\/2024\/06\/acuerdo.jpg?resize=525%2C300&ssl=1 1.5x, https:\/\/i0.wp.com\/lasprimeras.com.do\/wp-content\/uploads\/2024\/06\/acuerdo.jpg?resize=700%2C400&ssl=1 2x"},"classes":[]},{"id":82087,"url":"https:\/\/lasprimeras.com.do\/index.php\/2024\/04\/28\/biden-y-netanyahu-hablan-por-telefono-sobre-liberacion-de-rehenes-y-alto-el-fuego-en-gaza\/","url_meta":{"origin":97355,"position":3},"title":"Biden y Netanyahu hablan por tel\u00e9fono sobre liberaci\u00f3n de rehenes y alto el fuego en Gaza","author":"Nelson Feliz","date":"28 de abril de 2024","format":false,"excerpt":"Egipto, Qatar y Estados Unidos llevan meses intentando mediar para alcanzar una nueva tregua. Washington, Estados Unidos, AFP.-. El presidente de Estados Unidos, Joe Biden, habl\u00f3 por tel\u00e9fono este domingo con el primer ministro de Israel, Benjamin Netanyahu, y \"repas\u00f3 las conversaciones en curso\" para liberar a los rehenes en\u2026","rel":"","context":"En \u00abSin categor\u00eda\u00bb","block_context":{"text":"Sin categor\u00eda","link":"https:\/\/lasprimeras.com.do\/index.php\/category\/sin-categoria\/"},"img":{"alt_text":"Joe Biden y Benjamin Netanyahu","src":"https:\/\/i0.wp.com\/lasprimeras.com.do\/wp-content\/uploads\/2024\/04\/Joe-Biden-y-Benjamin-Netanyahu.jpeg?resize=350%2C200&ssl=1","width":350,"height":200,"srcset":"https:\/\/i0.wp.com\/lasprimeras.com.do\/wp-content\/uploads\/2024\/04\/Joe-Biden-y-Benjamin-Netanyahu.jpeg?resize=350%2C200&ssl=1 1x, https:\/\/i0.wp.com\/lasprimeras.com.do\/wp-content\/uploads\/2024\/04\/Joe-Biden-y-Benjamin-Netanyahu.jpeg?resize=525%2C300&ssl=1 1.5x, https:\/\/i0.wp.com\/lasprimeras.com.do\/wp-content\/uploads\/2024\/04\/Joe-Biden-y-Benjamin-Netanyahu.jpeg?resize=700%2C400&ssl=1 2x"},"classes":[]},{"id":86460,"url":"https:\/\/lasprimeras.com.do\/index.php\/2024\/07\/25\/harris-le-dice-a-netanyahu-que-es-hora-de-poner-fin-a-la-guerra-en-gaza-y-traer-a-los-rehenes-a-casa\/","url_meta":{"origin":97355,"position":4},"title":"Harris le dice a Netanyahu que &#8220;es hora&#8221; de poner fin a la guerra en Gaza y traer a los rehenes a casa","author":"Nelson Feliz","date":"25 de julio de 2024","format":false,"excerpt":"POR AAMER MADHANI WASHINGTON (AP) \u2014 La vicepresidenta Kamala Harris dijo el jueves que inst\u00f3 al primer ministro israel\u00ed, Benjamin Netanyahu, a alcanzar pronto un acuerdo de alto el fuego con Hamas para que decenas de rehenes retenidos por los militantes en Gaza desde el 7 de octubre puedan regresar\u2026","rel":"","context":"En \u00abSin categor\u00eda\u00bb","block_context":{"text":"Sin categor\u00eda","link":"https:\/\/lasprimeras.com.do\/index.php\/category\/sin-categoria\/"},"img":{"alt_text":"Kamala Harris","src":"https:\/\/i0.wp.com\/lasprimeras.com.do\/wp-content\/uploads\/2024\/07\/Kamala-Harris.png?resize=350%2C200&ssl=1","width":350,"height":200,"srcset":"https:\/\/i0.wp.com\/lasprimeras.com.do\/wp-content\/uploads\/2024\/07\/Kamala-Harris.png?resize=350%2C200&ssl=1 1x, https:\/\/i0.wp.com\/lasprimeras.com.do\/wp-content\/uploads\/2024\/07\/Kamala-Harris.png?resize=525%2C300&ssl=1 1.5x, https:\/\/i0.wp.com\/lasprimeras.com.do\/wp-content\/uploads\/2024\/07\/Kamala-Harris.png?resize=700%2C400&ssl=1 2x"},"classes":[]},{"id":83490,"url":"https:\/\/lasprimeras.com.do\/index.php\/2024\/05\/18\/un-miembro-del-gabinete-de-guerra-de-israel-dice-que-dejara-el-gobierno-el-8-de-junio\/","url_meta":{"origin":97355,"position":5},"title":"Un miembro del Gabinete de Guerra de Israel dice que dejar\u00e1 el gobierno el 8 de junio","author":"Nelson Feliz","date":"18 de mayo de 2024","format":false,"excerpt":"POR WAFAA SHURAFA, JACK JEFFERY Y JOE KRAUSS DEIR AL-BALAH, Franja de Gaza (AP) \u2014 Benny Gantz , un popular miembro centrista del gabinete de guerra de tres miembros de Israel, amenaz\u00f3 el s\u00e1bado con renunciar al gobierno si no adopta un nuevo plan dentro de tres semanas para la\u2026","rel":"","context":"En \u00abSin categor\u00eda\u00bb","block_context":{"text":"Sin categor\u00eda","link":"https:\/\/lasprimeras.com.do\/index.php\/category\/sin-categoria\/"},"img":{"alt_text":"","src":"https:\/\/i0.wp.com\/lasprimeras.com.do\/wp-content\/uploads\/2024\/05\/Miembro-de-Guerra.jpg?resize=350%2C200&ssl=1","width":350,"height":200,"srcset":"https:\/\/i0.wp.com\/lasprimeras.com.do\/wp-content\/uploads\/2024\/05\/Miembro-de-Guerra.jpg?resize=350%2C200&ssl=1 1x, https:\/\/i0.wp.com\/lasprimeras.com.do\/wp-content\/uploads\/2024\/05\/Miembro-de-Guerra.jpg?resize=525%2C300&ssl=1 1.5x, https:\/\/i0.wp.com\/lasprimeras.com.do\/wp-content\/uploads\/2024\/05\/Miembro-de-Guerra.jpg?resize=700%2C400&ssl=1 2x"},"classes":[]}],"jetpack_sharing_enabled":true,"_links":{"self":[{"href":"https:\/\/lasprimeras.com.do\/index.php\/wp-json\/wp\/v2\/posts\/97355","targetHints":{"allow":["GET"]}}],"collection":[{"href":"https:\/\/lasprimeras.com.do\/index.php\/wp-json\/wp\/v2\/posts"}],"about":[{"href":"https:\/\/lasprimeras.com.do\/index.php\/wp-json\/wp\/v2\/types\/post"}],"author":[{"embeddable":true,"href":"https:\/\/lasprimeras.com.do\/index.php\/wp-json\/wp\/v2\/users\/2"}],"replies":[{"embeddable":true,"href":"https:\/\/lasprimeras.com.do\/index.php\/wp-json\/wp\/v2\/comments?post=97355"}],"version-history":[{"count":1,"href":"https:\/\/lasprimeras.com.do\/index.php\/wp-json\/wp\/v2\/posts\/97355\/revisions"}],"predecessor-version":[{"id":97357,"href":"https:\/\/lasprimeras.com.do\/index.php\/wp-json\/wp\/v2\/posts\/97355\/revisions\/97357"}],"wp:featuredmedia":[{"embeddable":true,"href":"https:\/\/lasprimeras.com.do\/index.php\/wp-json\/wp\/v2\/media\/97356"}],"wp:attachment":[{"href":"https:\/\/lasprimeras.com.do\/index.php\/wp-json\/wp\/v2\/media?parent=97355"}],"wp:term":[{"taxonomy":"category","embeddable":true,"href":"https:\/\/lasprimeras.com.do\/index.php\/wp-json\/wp\/v2\/categories?post=97355"},{"taxonomy":"post_tag","embeddable":true,"href":"https:\/\/lasprimeras.com.do\/index.php\/wp-json\/wp\/v2\/tags?post=97355"}],"curies":[{"name":"wp","href":"https:\/\/api.w.org\/{rel}","templated":true}]}}