{"id":97358,"date":"2025-04-19T18:31:07","date_gmt":"2025-04-19T22:31:07","guid":{"rendered":"https:\/\/lasprimeras.com.do\/?p=97358"},"modified":"2025-04-19T18:31:09","modified_gmt":"2025-04-19T22:31:09","slug":"vaticano-habla-de-intercambio-de-opiniones-sobre-inmigracion-y-reclusos-en-reunion-con-vance","status":"publish","type":"post","link":"https:\/\/lasprimeras.com.do\/index.php\/2025\/04\/19\/vaticano-habla-de-intercambio-de-opiniones-sobre-inmigracion-y-reclusos-en-reunion-con-vance\/","title":{"rendered":"Vaticano habla de \u201cintercambio de opiniones\u201d sobre inmigraci\u00f3n y reclusos en reuni\u00f3n con Vance"},"content":{"rendered":"\n<p>POR NICOLE WINFIELD<\/p>\n\n\n\n<p>CIUDAD DEL VATICANO (AP) \u2014 El vicepresidente estadounidense JD Vance se reuni\u00f3 el s\u00e1bado con el n\u00famero dos del Vaticano en medio de las tensiones por la represi\u00f3n migratoria de Washington, y la Santa Sede reafirm\u00f3 la buena relaci\u00f3n con la Casa Blanca pero se\u00f1al\u00f3 que se produjo \u201cun intercambio de opiniones\u201d sobre los conflictos internacionales actuales, los migrantes y los presos.<\/p>\n\n\n\n<p>El Vaticano emiti\u00f3 un comunicado despu\u00e9s de que Vance, que se convirti\u00f3 al catolicismo, se reuni\u00f3 con el secretario de Estado, el cardenal Pietro Parolin, y el ministro de Exteriores, el arzobispo Paul Gallagher.<\/p>\n\n\n\n<p>Por el momento se desconoc\u00eda si Vance salud\u00f3 al papa Francisco, que ha retomado algunas funciones oficiales mientras se recupera de una neumon\u00eda.<\/p>\n\n\n\n<p>Vance, a Catholic convert, met with the secretary of state, Cardinal Pietro Parolin, and the foreign minister, Archbishop Paul Gallagher, in the Apostolic Palace.<\/p>\n\n\n\n<p>There was no indication he met with Pope Francis, who has sharply cut back official duties during his recovery from pneumonia.<\/p>\n\n\n\n<p>El despacho de Vance indic\u00f3 que \u00e9ste y Parolin \u201cdiscutieron su fe religiosa compartida, el catolicismo en Estados Unidos, la situaci\u00f3n de comunidades cristianas perseguidas en todo el mundo y el compromiso del presidente Trump en restaurar la paz mundial\u201d.<\/p>\n\n\n\n<p>La Santa Sede ha respondido con cautela al gobierno de Trump, manteniendo su tradici\u00f3n de neutralidad diplom\u00e1tica. Ha mostrado su alarma por la represi\u00f3n a los migrantes y los recortes en la ayuda internacional, mientras insiste en resoluciones pac\u00edficas para las guerras en Ucrania y Gaza.<\/p>\n\n\n\n<p>Francisco tambi\u00e9n ha cambiado la doctrina de la Iglesia para indicar que la pena capital es inmoral y ha hecho del ministerio a los reclusos un sello distintivo de su papado.<\/p>\n\n\n\n<p>Esas preocupaciones se reflejaron en el comunicado del Vaticano, que apunt\u00f3 que las conversaciones fueron cordiales y que la Santa Sede expres\u00f3 su satisfacci\u00f3n con el compromiso del gobierno de proteger la libertad de culto y de conciencia.<\/p>\n\n\n\n<p>\u201cHubo un intercambio de opiniones sobre la situaci\u00f3n internacional, especialmente en lo que respecta a los pa\u00edses afectados por la guerra, las tensiones pol\u00edticas y las dif\u00edciles situaciones humanitarias, con especial atenci\u00f3n a los migrantes, refugiados y presos\u201d, agreg\u00f3 la nota.<\/p>\n\n\n\n<p>\u201cFinalmente, se expres\u00f3 esperanza por una colaboraci\u00f3n serena entre el Estado y la Iglesia cat\u00f3lica en Estados Unidos, cuyo valioso servicio a las personas m\u00e1s vulnerables fue reconocido\u201d.<\/p>\n\n\n\n<p>La referencia a la \u201ccolaboraci\u00f3n serena\u201d parec\u00eda aludir a la acusaci\u00f3n de Vance de que la Conferencia Episcopal estadounidense estaba reubicando a \u201cinmigrantes ilegales\u201d para obtener fondos federales.<\/p>\n\n\n\n<p>Los principales cardenales estadounidenses han rechazado en\u00e9rgicamente esa afirmaci\u00f3n.<\/p>\n\n\n\n<p>\u201cEst\u00e1 claro que el enfoque del actual gobierno de Estados Unidos es muy diferente al que estamos acostumbrados y, especialmente en Occidente, en el que hemos confiado durante muchos a\u00f1os\u201d, expres\u00f3 Parolin en declaraciones al diario La Repubblica en la v\u00edspera de la visita de Vance.<\/p>\n","protected":false},"excerpt":{"rendered":"<p>POR NICOLE WINFIELD CIUDAD DEL VATICANO (AP) \u2014 El vicepresidente estadounidense JD Vance se reuni\u00f3 el s\u00e1bado con el n\u00famero dos del Vaticano en medio de las tensiones por la&hellip;<\/p>\n","protected":false},"author":2,"featured_media":97359,"comment_status":"open","ping_status":"open","sticky":false,"template":"","format":"standard","meta":{"content-type":"","jetpack_post_was_ever_published":false,"_jetpack_newsletter_access":"","_jetpack_dont_email_post_to_subs":false,"_jetpack_newsletter_tier_id":0,"_jetpack_memberships_contains_paywalled_content":false,"_jetpack_memberships_contains_paid_content":false,"footnotes":""},"categories":[16289],"tags":[4249,18905,17716,11695,2194],"class_list":["post-97358","post","type-post","status-publish","format-standard","has-post-thumbnail","hentry","category-internacionales","tag-inmigracion","tag-intercambio-de-opiniones","tag-jd-vance","tag-reclusos","tag-vaticano"],"jetpack_featured_media_url":"https:\/\/lasprimeras.com.do\/wp-content\/uploads\/2025\/04\/JD-Vance.jpg","jetpack-related-posts":[{"id":99200,"url":"https:\/\/lasprimeras.com.do\/index.php\/2025\/05\/19\/leon-xiv-y-jd-vance-se-reunen-antes-de-esfuerzos-de-eeuu-para-buscar-alto-al-fuego-en-ucrania\/","url_meta":{"origin":97358,"position":0},"title":"Le\u00f3n XIV y JD Vance se re\u00fanen antes de esfuerzos de EEUU para buscar alto al fuego en Ucrania","author":"Nelson Feliz","date":"19 de mayo de 2025","format":false,"excerpt":"POR NICOLE WINFIELD and JACQUELYN MARTIN CIUDAD DEL VATICANO (AP) \u2014 Dos cat\u00f3licos destacados, el papa Le\u00f3n XIV y el vicepresidente de Estados Unidos, JD Vance, se reunieron el lunes en medio de una serie de esfuerzos diplom\u00e1ticos liderados por Estados Unidos para avanzar en un alto el fuego en\u2026","rel":"","context":"En \u00abINTERNACIONALES\u00bb","block_context":{"text":"INTERNACIONALES","link":"https:\/\/lasprimeras.com.do\/index.php\/category\/sin-categoria\/internacionales\/"},"img":{"alt_text":"","src":"https:\/\/i0.wp.com\/lasprimeras.com.do\/wp-content\/uploads\/2025\/05\/el-papa-Leon-XIV-1.jpg?resize=350%2C200&ssl=1","width":350,"height":200,"srcset":"https:\/\/i0.wp.com\/lasprimeras.com.do\/wp-content\/uploads\/2025\/05\/el-papa-Leon-XIV-1.jpg?resize=350%2C200&ssl=1 1x, https:\/\/i0.wp.com\/lasprimeras.com.do\/wp-content\/uploads\/2025\/05\/el-papa-Leon-XIV-1.jpg?resize=525%2C300&ssl=1 1.5x, https:\/\/i0.wp.com\/lasprimeras.com.do\/wp-content\/uploads\/2025\/05\/el-papa-Leon-XIV-1.jpg?resize=700%2C400&ssl=1 2x"},"classes":[]},{"id":94429,"url":"https:\/\/lasprimeras.com.do\/index.php\/2025\/02\/28\/el-vicepresidente-jd-vance-catolico-reconoce-la-critica-del-papa-a-la-represion-migratoria-en-eeuu\/","url_meta":{"origin":97358,"position":1},"title":"El vicepresidente JD Vance, cat\u00f3lico, reconoce la cr\u00edtica del papa a la represi\u00f3n migratoria en EEUU","author":"Nelson Feliz","date":"28 de febrero de 2025","format":false,"excerpt":"POR PETER SMITH El vicepresidente JD Vance reconoci\u00f3 las cr\u00edticas del Papa Francisco a la represi\u00f3n de la inmigraci\u00f3n ejercida por el gobierno de Trump, pero no respondi\u00f3 a ninguno de sus pormenores ni a la aparente cr\u00edtica del pont\u00edfice al uso que Vance hace de la tradici\u00f3n cat\u00f3lica para\u2026","rel":"","context":"En \u00abINTERNACIONALES\u00bb","block_context":{"text":"INTERNACIONALES","link":"https:\/\/lasprimeras.com.do\/index.php\/category\/sin-categoria\/internacionales\/"},"img":{"alt_text":"","src":"https:\/\/i0.wp.com\/lasprimeras.com.do\/wp-content\/uploads\/2025\/02\/JD-Vance.jpg?resize=350%2C200&ssl=1","width":350,"height":200,"srcset":"https:\/\/i0.wp.com\/lasprimeras.com.do\/wp-content\/uploads\/2025\/02\/JD-Vance.jpg?resize=350%2C200&ssl=1 1x, https:\/\/i0.wp.com\/lasprimeras.com.do\/wp-content\/uploads\/2025\/02\/JD-Vance.jpg?resize=525%2C300&ssl=1 1.5x, https:\/\/i0.wp.com\/lasprimeras.com.do\/wp-content\/uploads\/2025\/02\/JD-Vance.jpg?resize=700%2C400&ssl=1 2x"},"classes":[]},{"id":97646,"url":"https:\/\/lasprimeras.com.do\/index.php\/2025\/04\/25\/viaje-de-trump-al-funeral-del-papa-pone-de-relieve-sus-enfrentamientos-a-lo-largo-de-los-anos\/","url_meta":{"origin":97358,"position":2},"title":"Viaje de Trump al funeral del papa pone de relieve sus enfrentamientos a lo largo de los a\u00f1os","author":"Nelson Feliz","date":"25 de abril de 2025","format":false,"excerpt":"POR PETER SMITH and MICHELLE L. PRICE WASHINGTON (AP) \u2014 El d\u00eda antes de morir, en su \u00faltimo discurso p\u00fablico, el papa Francisco transmiti\u00f3 un mensaje de unidad en el Domingo de Pascua e hizo un llamado a favor de los marginados y los migrantes. \u201cTodos nosotros\u201d, proclam\u00f3, \u201csomos hijos\u2026","rel":"","context":"En \u00abINTERNACIONALES\u00bb","block_context":{"text":"INTERNACIONALES","link":"https:\/\/lasprimeras.com.do\/index.php\/category\/sin-categoria\/internacionales\/"},"img":{"alt_text":"","src":"https:\/\/i0.wp.com\/lasprimeras.com.do\/wp-content\/uploads\/2025\/04\/Donald-Trump-1.jpg?resize=350%2C200&ssl=1","width":350,"height":200,"srcset":"https:\/\/i0.wp.com\/lasprimeras.com.do\/wp-content\/uploads\/2025\/04\/Donald-Trump-1.jpg?resize=350%2C200&ssl=1 1x, https:\/\/i0.wp.com\/lasprimeras.com.do\/wp-content\/uploads\/2025\/04\/Donald-Trump-1.jpg?resize=525%2C300&ssl=1 1.5x, https:\/\/i0.wp.com\/lasprimeras.com.do\/wp-content\/uploads\/2025\/04\/Donald-Trump-1.jpg?resize=700%2C400&ssl=1 2x"},"classes":[]},{"id":97215,"url":"https:\/\/lasprimeras.com.do\/index.php\/2025\/04\/17\/papa-francisco-visita-prision-de-roma-en-su-cita-anual-de-semana-santa\/","url_meta":{"origin":97358,"position":3},"title":"Papa Francisco visita prisi\u00f3n de Roma en su cita anual de Semana Santa","author":"Nelson Feliz","date":"17 de abril de 2025","format":false,"excerpt":"POR NICOLE WINFIELD CIUDAD DEL VATICANO (AP) \u2014 El papa Francisco visit\u00f3 el jueves la prisi\u00f3n principal de Roma y se reuni\u00f3 con decenas de reclusos mientras cumpl\u00eda con su compromiso pascual de pasar el Jueves Santo entre los menos afortunados, todo ello, mientras contin\u00faa recuper\u00e1ndose de un episodio de\u2026","rel":"","context":"En \u00abINTERNACIONALES\u00bb","block_context":{"text":"INTERNACIONALES","link":"https:\/\/lasprimeras.com.do\/index.php\/category\/sin-categoria\/internacionales\/"},"img":{"alt_text":"Papa Francisco","src":"https:\/\/i0.wp.com\/lasprimeras.com.do\/wp-content\/uploads\/2025\/04\/Papa-Francisco.jpg?resize=350%2C200&ssl=1","width":350,"height":200,"srcset":"https:\/\/i0.wp.com\/lasprimeras.com.do\/wp-content\/uploads\/2025\/04\/Papa-Francisco.jpg?resize=350%2C200&ssl=1 1x, https:\/\/i0.wp.com\/lasprimeras.com.do\/wp-content\/uploads\/2025\/04\/Papa-Francisco.jpg?resize=525%2C300&ssl=1 1.5x, https:\/\/i0.wp.com\/lasprimeras.com.do\/wp-content\/uploads\/2025\/04\/Papa-Francisco.jpg?resize=700%2C400&ssl=1 2x"},"classes":[]},{"id":49710,"url":"https:\/\/lasprimeras.com.do\/index.php\/2023\/05\/13\/zelenski-y-el-papa-francisco-se-reunieron-este-sabado-en-el-vaticano\/","url_meta":{"origin":97358,"position":4},"title":"Zelenski y el papa Francisco se reunieron este s\u00e1bado en el Vaticano","author":"prenxa100","date":"13 de mayo de 2023","format":false,"excerpt":"El Vaticano.-. El presidente ucraniano, Volodimir Zelenski, y el papa Francisco se reunieron este s\u00e1bado en el Vaticano durante unos 40 minutos, en un esperado encuentro que se produjo despu\u00e9s que el pont\u00edfice revelase que est\u00e1 en marcha una misi\u00f3n para poder poner fin a la guerra en Ucrania de\u2026","rel":"","context":"En \u00abSin categor\u00eda\u00bb","block_context":{"text":"Sin categor\u00eda","link":"https:\/\/lasprimeras.com.do\/index.php\/category\/sin-categoria\/"},"img":{"alt_text":"","src":"","width":0,"height":0},"classes":[]},{"id":93561,"url":"https:\/\/lasprimeras.com.do\/index.php\/2025\/02\/14\/zelenskyy-quiere-garantias-de-seguridad-mientras-trump-busca-poner-fin-a-la-guerra-en-ucrania\/","url_meta":{"origin":97358,"position":5},"title":"Zelenskyy quiere \u201cgarant\u00edas de seguridad\u201d mientras Trump busca poner fin a la guerra en Ucrania","author":"Nelson Feliz","date":"14 de febrero de 2025","format":false,"excerpt":"POR AAMER MADHANI, EMMA BURROWS and STEFANIE DAZIO M\u00daNICH (AP) \u2014 El presidente de Ucrania, Volodymyr Zelenskyy, dijo el viernes que su pa\u00eds quiere \u201cgarant\u00edas de seguridad\u201d antes de cualquier conversaci\u00f3n con Rusia, mientras el gobierno de Estados Unidos presiona a ambos pa\u00edses para encontrar un final r\u00e1pido a la\u2026","rel":"","context":"En \u00abINTERNACIONALES\u00bb","block_context":{"text":"INTERNACIONALES","link":"https:\/\/lasprimeras.com.do\/index.php\/category\/sin-categoria\/internacionales\/"},"img":{"alt_text":"Volodymyr Zelenskyy","src":"https:\/\/i0.wp.com\/lasprimeras.com.do\/wp-content\/uploads\/2025\/02\/Volodymyr-Zelenskyy.jpg?resize=350%2C200&ssl=1","width":350,"height":200,"srcset":"https:\/\/i0.wp.com\/lasprimeras.com.do\/wp-content\/uploads\/2025\/02\/Volodymyr-Zelenskyy.jpg?resize=350%2C200&ssl=1 1x, https:\/\/i0.wp.com\/lasprimeras.com.do\/wp-content\/uploads\/2025\/02\/Volodymyr-Zelenskyy.jpg?resize=525%2C300&ssl=1 1.5x, https:\/\/i0.wp.com\/lasprimeras.com.do\/wp-content\/uploads\/2025\/02\/Volodymyr-Zelenskyy.jpg?resize=700%2C400&ssl=1 2x"},"classes":[]}],"jetpack_sharing_enabled":true,"_links":{"self":[{"href":"https:\/\/lasprimeras.com.do\/index.php\/wp-json\/wp\/v2\/posts\/97358","targetHints":{"allow":["GET"]}}],"collection":[{"href":"https:\/\/lasprimeras.com.do\/index.php\/wp-json\/wp\/v2\/posts"}],"about":[{"href":"https:\/\/lasprimeras.com.do\/index.php\/wp-json\/wp\/v2\/types\/post"}],"author":[{"embeddable":true,"href":"https:\/\/lasprimeras.com.do\/index.php\/wp-json\/wp\/v2\/users\/2"}],"replies":[{"embeddable":true,"href":"https:\/\/lasprimeras.com.do\/index.php\/wp-json\/wp\/v2\/comments?post=97358"}],"version-history":[{"count":1,"href":"https:\/\/lasprimeras.com.do\/index.php\/wp-json\/wp\/v2\/posts\/97358\/revisions"}],"predecessor-version":[{"id":97360,"href":"https:\/\/lasprimeras.com.do\/index.php\/wp-json\/wp\/v2\/posts\/97358\/revisions\/97360"}],"wp:featuredmedia":[{"embeddable":true,"href":"https:\/\/lasprimeras.com.do\/index.php\/wp-json\/wp\/v2\/media\/97359"}],"wp:attachment":[{"href":"https:\/\/lasprimeras.com.do\/index.php\/wp-json\/wp\/v2\/media?parent=97358"}],"wp:term":[{"taxonomy":"category","embeddable":true,"href":"https:\/\/lasprimeras.com.do\/index.php\/wp-json\/wp\/v2\/categories?post=97358"},{"taxonomy":"post_tag","embeddable":true,"href":"https:\/\/lasprimeras.com.do\/index.php\/wp-json\/wp\/v2\/tags?post=97358"}],"curies":[{"name":"wp","href":"https:\/\/api.w.org\/{rel}","templated":true}]}}