{"id":97361,"date":"2025-04-19T18:36:58","date_gmt":"2025-04-19T22:36:58","guid":{"rendered":"https:\/\/lasprimeras.com.do\/?p=97361"},"modified":"2025-04-19T18:36:59","modified_gmt":"2025-04-19T22:36:59","slug":"eeuu-dice-que-negociaciones-nucleares-con-iran-han-logrado-muy-buenos-avances","status":"publish","type":"post","link":"https:\/\/lasprimeras.com.do\/index.php\/2025\/04\/19\/eeuu-dice-que-negociaciones-nucleares-con-iran-han-logrado-muy-buenos-avances\/","title":{"rendered":"EEUU dice que negociaciones nucleares con Ir\u00e1n han logrado \u201cmuy buenos avances\u201d"},"content":{"rendered":"\n<p>POR MATTHEW LEE and JON GAMBRELL<\/p>\n\n\n\n<p>ROMA (AP) \u2014 Ir\u00e1n y Estados Unidos planean reunirse nuevamente la pr\u00f3xima semana para discutir el programa nuclear de r\u00e1pido avance de Teher\u00e1n, despu\u00e9s de que las partes se\u00f1alaron que sus negociaciones entabladas el s\u00e1bado hab\u00edan sido \u201cconstructivas\u201d y logrado \u201cmuy buenos avances\u201d.<\/p>\n\n\n\n<p>Un funcionario estadounidense confirm\u00f3 que en un momento durante las negociaciones en Roma, el enviado especial del presidente Donald Trump, Steve Witkoff, y el ministro de Exteriores iran\u00ed, Abbas Araghchi, hablaron cara a cara.<\/p>\n\n\n\n<p>Antes de que se re\u00fanan nuevamente en Om\u00e1n el 26 de abril, Araghchi dijo previamente que se llevar\u00edan a cabo negociaciones a nivel t\u00e9cnico en los pr\u00f3ximos d\u00edas.<\/p>\n\n\n\n<p>Que los expertos discutan detalles de un posible acuerdo sugiere un avance en las discusiones y se produce mientras Trump ha estado presionando por un acuerdo r\u00e1pido mientras amenaza con acciones militares contra Ir\u00e1n.<\/p>\n\n\n\n<p>Las partes \u201chicieron muy buenos avances en nuestras discusiones directas e indirectas\u201d, seg\u00fan un alto funcionario del gobierno de Trump que habl\u00f3 bajo condici\u00f3n de anonimato para discutir una reuni\u00f3n diplom\u00e1tica privada.<\/p>\n\n\n\n<p>Araghchi dijo a la televisi\u00f3n estatal iran\u00ed que \u201clas conversaciones se llevaron a cabo en un ambiente constructivo y puedo decir que est\u00e1n avanzando. Espero que estemos en una mejor posici\u00f3n despu\u00e9s de las conversaciones t\u00e9cnicas\u201d .<\/p>\n\n\n\n<p>Agreg\u00f3: \u201cEsta vez, logramos alcanzar un mejor entendimiento sobre una especie de principios y objetivos\u201d.<\/p>\n\n\n\n<p>Mientras que Estados Unidos dijo que se llevaron a cabo discusiones tanto directas como indirectas, los funcionarios iran\u00edes las describieron como indirectas, al igual que el fin de semana pasado en Mascate, Om\u00e1n, con el ministro de Exteriores de Om\u00e1n, Badr al-Busaidi, traslad\u00e1ndose entre ellos en diferentes salas.<\/p>\n\n\n\n<p>\u201cEstas conversaciones est\u00e1n cobrando impulso y ahora hasta lo improbable es posible\u201d, escribi\u00f3 al-Busaidi en la red social X.<\/p>\n","protected":false},"excerpt":{"rendered":"<p>POR MATTHEW LEE and JON GAMBRELL ROMA (AP) \u2014 Ir\u00e1n y Estados Unidos planean reunirse nuevamente la pr\u00f3xima semana para discutir el programa nuclear de r\u00e1pido avance de Teher\u00e1n, despu\u00e9s&hellip;<\/p>\n","protected":false},"author":2,"featured_media":97362,"comment_status":"open","ping_status":"open","sticky":false,"template":"","format":"standard","meta":{"content-type":"","jetpack_post_was_ever_published":false,"_jetpack_newsletter_access":"","_jetpack_dont_email_post_to_subs":false,"_jetpack_newsletter_tier_id":0,"_jetpack_memberships_contains_paywalled_content":false,"_jetpack_memberships_contains_paid_content":false,"footnotes":""},"categories":[16289],"tags":[979,6186,777,13752],"class_list":["post-97361","post","type-post","status-publish","format-standard","has-post-thumbnail","hentry","category-internacionales","tag-eeuu","tag-iran","tag-negociaciones","tag-nucleares"],"jetpack_featured_media_url":"https:\/\/lasprimeras.com.do\/wp-content\/uploads\/2025\/04\/delegados.jpg","jetpack-related-posts":[{"id":101579,"url":"https:\/\/lasprimeras.com.do\/index.php\/2025\/06\/24\/europa-se-apresura-a-reactivar-la-diplomacia-tras-ataques-de-eeuu-a-sitios-nucleares-de-iran\/","url_meta":{"origin":97361,"position":0},"title":"Europa se apresura a reactivar la diplomacia tras ataques de EEUU a sitios nucleares de Ir\u00e1n","author":"Nelson Feliz","date":"24 de junio de 2025","format":false,"excerpt":"POR JILL LAWLESS and ELLA JOYNER LONDRES (AP) \u2014 Las naciones europeas trabajaron el lunes para mantener vivas las iniciativas diplom\u00e1ticas destinadas a frenar la guerra entre Israel e Ir\u00e1n, mientras ambos pa\u00edses intercambiaban ataques tras el ataque del fin de semana de Estados Unidos al programa nuclear de Ir\u00e1n.\u2026","rel":"","context":"En \u00abINTERNACIONALES\u00bb","block_context":{"text":"INTERNACIONALES","link":"https:\/\/lasprimeras.com.do\/index.php\/category\/sin-categoria\/internacionales\/"},"img":{"alt_text":"Kaja Kallas","src":"https:\/\/i0.wp.com\/lasprimeras.com.do\/wp-content\/uploads\/2025\/06\/Kaja-Kallas.jpg?resize=350%2C200&ssl=1","width":350,"height":200,"srcset":"https:\/\/i0.wp.com\/lasprimeras.com.do\/wp-content\/uploads\/2025\/06\/Kaja-Kallas.jpg?resize=350%2C200&ssl=1 1x, https:\/\/i0.wp.com\/lasprimeras.com.do\/wp-content\/uploads\/2025\/06\/Kaja-Kallas.jpg?resize=525%2C300&ssl=1 1.5x, https:\/\/i0.wp.com\/lasprimeras.com.do\/wp-content\/uploads\/2025\/06\/Kaja-Kallas.jpg?resize=700%2C400&ssl=1 2x"},"classes":[]},{"id":101443,"url":"https:\/\/lasprimeras.com.do\/index.php\/2025\/06\/22\/vance-dice-que-iran-tiene-nueva-oportunidad-de-seguir-el-camino-de-la-paz\/","url_meta":{"origin":97361,"position":1},"title":"Vance dice que Ir\u00e1n tiene nueva oportunidad de seguir \u201cel camino de la paz\u201d","author":"Nelson Feliz","date":"22 de junio de 2025","format":false,"excerpt":"POR MIKE PESOLI and JOSH BOAK WASHINGTON (AP) \u2014 El secretario de Defensa Pete Hegseth declar\u00f3 el domingo que Estados Unidos \u201cno busca la guerra\u201d con Ir\u00e1n tras un ataque sorpresa durante la noche en tres de los sitios nucleares de ese pa\u00eds, mientras que el vicepresidente JD Vance afirm\u00f3\u2026","rel":"","context":"En \u00abINTERNACIONALES\u00bb","block_context":{"text":"INTERNACIONALES","link":"https:\/\/lasprimeras.com.do\/index.php\/category\/sin-categoria\/internacionales\/"},"img":{"alt_text":"","src":"https:\/\/i0.wp.com\/lasprimeras.com.do\/wp-content\/uploads\/2025\/06\/JD-Vance.jpg?resize=350%2C200&ssl=1","width":350,"height":200,"srcset":"https:\/\/i0.wp.com\/lasprimeras.com.do\/wp-content\/uploads\/2025\/06\/JD-Vance.jpg?resize=350%2C200&ssl=1 1x, https:\/\/i0.wp.com\/lasprimeras.com.do\/wp-content\/uploads\/2025\/06\/JD-Vance.jpg?resize=525%2C300&ssl=1 1.5x, https:\/\/i0.wp.com\/lasprimeras.com.do\/wp-content\/uploads\/2025\/06\/JD-Vance.jpg?resize=700%2C400&ssl=1 2x"},"classes":[]},{"id":101828,"url":"https:\/\/lasprimeras.com.do\/index.php\/2025\/06\/27\/jefe-de-la-diplomacia-irani-dice-que-ataque-de-eeuu-a-sitios-nucleares-complica-las-conversaciones\/","url_meta":{"origin":97361,"position":2},"title":"Jefe de la diplomacia iran\u00ed dice que ataque de EEUU a sitios nucleares complica las conversaciones","author":"Nelson Feliz","date":"27 de junio de 2025","format":false,"excerpt":"POR DAVID RISING DUB\u00c1I, Emiratos \u00c1rabes Unidos (AP) \u2014 El jefe de la diplomacia de Ir\u00e1n afirm\u00f3 que la posibilidad de celebrar nuevas negociaciones con Estados Unidos sobre el programa nuclear de Teher\u00e1n se ha \u201ccomplicado\u201d debido al ataque de Washington a tres de sus instalaciones, lo que caus\u00f3 \u201cda\u00f1os\u2026","rel":"","context":"En \u00abINTERNACIONALES\u00bb","block_context":{"text":"INTERNACIONALES","link":"https:\/\/lasprimeras.com.do\/index.php\/category\/sin-categoria\/internacionales\/"},"img":{"alt_text":"","src":"https:\/\/i0.wp.com\/lasprimeras.com.do\/wp-content\/uploads\/2025\/06\/Abbas-Araghchi.jpg?resize=350%2C200&ssl=1","width":350,"height":200,"srcset":"https:\/\/i0.wp.com\/lasprimeras.com.do\/wp-content\/uploads\/2025\/06\/Abbas-Araghchi.jpg?resize=350%2C200&ssl=1 1x, https:\/\/i0.wp.com\/lasprimeras.com.do\/wp-content\/uploads\/2025\/06\/Abbas-Araghchi.jpg?resize=525%2C300&ssl=1 1.5x, https:\/\/i0.wp.com\/lasprimeras.com.do\/wp-content\/uploads\/2025\/06\/Abbas-Araghchi.jpg?resize=700%2C400&ssl=1 2x"},"classes":[]},{"id":121595,"url":"https:\/\/lasprimeras.com.do\/index.php\/2026\/02\/07\/israel-dice-que-netanyahu-se-reunira-con-trump-el-miercoles-para-hablar-sobre-negociaciones-con-iran\/","url_meta":{"origin":97361,"position":3},"title":"Israel dice que Netanyahu se reunir\u00e1 con Trump el mi\u00e9rcoles para hablar sobre negociaciones con Ir\u00e1n","author":"Nelson Feliz","date":"7 de febrero de 2026","format":false,"excerpt":"JERUSAL\u00c9N (AP) \u2014 El primer ministro israel\u00ed Benjamin Netanyahu se reunir\u00e1 con el presidente estadounidense Donald Trump en Washington el mi\u00e9rcoles para hablar sobre las conversaciones con Ir\u00e1n, inform\u00f3 el s\u00e1bado el gobierno israel\u00ed. \u201cEl primer ministro cree que todas las negociaciones deben incluir la limitaci\u00f3n de los misiles bal\u00edsticos\u2026","rel":"","context":"En \u00abINTERNACIONALES\u00bb","block_context":{"text":"INTERNACIONALES","link":"https:\/\/lasprimeras.com.do\/index.php\/category\/sin-categoria\/internacionales\/"},"img":{"alt_text":"Benjamin Netanyahu","src":"https:\/\/i0.wp.com\/lasprimeras.com.do\/wp-content\/uploads\/2026\/02\/Benjamin-Netanyahu.jpg?resize=350%2C200&ssl=1","width":350,"height":200,"srcset":"https:\/\/i0.wp.com\/lasprimeras.com.do\/wp-content\/uploads\/2026\/02\/Benjamin-Netanyahu.jpg?resize=350%2C200&ssl=1 1x, https:\/\/i0.wp.com\/lasprimeras.com.do\/wp-content\/uploads\/2026\/02\/Benjamin-Netanyahu.jpg?resize=525%2C300&ssl=1 1.5x, https:\/\/i0.wp.com\/lasprimeras.com.do\/wp-content\/uploads\/2026\/02\/Benjamin-Netanyahu.jpg?resize=700%2C400&ssl=1 2x"},"classes":[]},{"id":101457,"url":"https:\/\/lasprimeras.com.do\/index.php\/2025\/06\/22\/eeuu-senala-disposicion-a-renovar-conversaciones-con-iran-y-evitar-guerra-prolongada\/","url_meta":{"origin":97361,"position":4},"title":"EEUU se\u00f1ala disposici\u00f3n a renovar conversaciones con Ir\u00e1n y evitar guerra prolongada","author":"Nelson Feliz","date":"22 de junio de 2025","format":false,"excerpt":"POR MIKE PESOLI and JOSH BOAK WASHINGTON (AP) \u2014 La administraci\u00f3n Trump se\u00f1al\u00f3 el domingo su disposici\u00f3n a renovar las conversaciones con Ir\u00e1n y evitar una guerra prolongada tras un ataque sorpresa en tres de los sitios nucleares del pa\u00eds, mientras los funcionarios estadounidenses evaluaban las ambiciones nucleares de Teher\u00e1n\u2026","rel":"","context":"En \u00abINTERNACIONALES\u00bb","block_context":{"text":"INTERNACIONALES","link":"https:\/\/lasprimeras.com.do\/index.php\/category\/sin-categoria\/internacionales\/"},"img":{"alt_text":"","src":"https:\/\/i0.wp.com\/lasprimeras.com.do\/wp-content\/uploads\/2025\/06\/JD-Vance.jpg?resize=350%2C200&ssl=1","width":350,"height":200,"srcset":"https:\/\/i0.wp.com\/lasprimeras.com.do\/wp-content\/uploads\/2025\/06\/JD-Vance.jpg?resize=350%2C200&ssl=1 1x, https:\/\/i0.wp.com\/lasprimeras.com.do\/wp-content\/uploads\/2025\/06\/JD-Vance.jpg?resize=525%2C300&ssl=1 1.5x, https:\/\/i0.wp.com\/lasprimeras.com.do\/wp-content\/uploads\/2025\/06\/JD-Vance.jpg?resize=700%2C400&ssl=1 2x"},"classes":[]},{"id":101502,"url":"https:\/\/lasprimeras.com.do\/index.php\/2025\/06\/23\/trump-se-dice-dispuesto-a-cambio-de-regimen-irani-pese-a-que-eeuu-nego-que-ese-era-el-objetivo\/","url_meta":{"origin":97361,"position":5},"title":"Trump se dice dispuesto a cambio de r\u00e9gimen iran\u00ed, pese a que EEUU neg\u00f3 que ese era el objetivo","author":"Nelson Feliz","date":"23 de junio de 2025","format":false,"excerpt":"POR MIKE PESOLI and JOSH BOAK WASHINGTON (AP) \u2014 El presidente Donald Trump puso en duda el futuro de la teocracia gobernante de Ir\u00e1n el domingo tras un ataque sorpresa en tres de las instalaciones nucleares del pa\u00eds, aparentemente contradiciendo los exhortos anteriores de su gobierno para reanudar las negociaciones\u2026","rel":"","context":"En \u00abINTERNACIONALES\u00bb","block_context":{"text":"INTERNACIONALES","link":"https:\/\/lasprimeras.com.do\/index.php\/category\/sin-categoria\/internacionales\/"},"img":{"alt_text":"","src":"https:\/\/i0.wp.com\/lasprimeras.com.do\/wp-content\/uploads\/2025\/06\/JD-Vance.jpg?resize=350%2C200&ssl=1","width":350,"height":200,"srcset":"https:\/\/i0.wp.com\/lasprimeras.com.do\/wp-content\/uploads\/2025\/06\/JD-Vance.jpg?resize=350%2C200&ssl=1 1x, https:\/\/i0.wp.com\/lasprimeras.com.do\/wp-content\/uploads\/2025\/06\/JD-Vance.jpg?resize=525%2C300&ssl=1 1.5x, https:\/\/i0.wp.com\/lasprimeras.com.do\/wp-content\/uploads\/2025\/06\/JD-Vance.jpg?resize=700%2C400&ssl=1 2x"},"classes":[]}],"jetpack_sharing_enabled":true,"_links":{"self":[{"href":"https:\/\/lasprimeras.com.do\/index.php\/wp-json\/wp\/v2\/posts\/97361","targetHints":{"allow":["GET"]}}],"collection":[{"href":"https:\/\/lasprimeras.com.do\/index.php\/wp-json\/wp\/v2\/posts"}],"about":[{"href":"https:\/\/lasprimeras.com.do\/index.php\/wp-json\/wp\/v2\/types\/post"}],"author":[{"embeddable":true,"href":"https:\/\/lasprimeras.com.do\/index.php\/wp-json\/wp\/v2\/users\/2"}],"replies":[{"embeddable":true,"href":"https:\/\/lasprimeras.com.do\/index.php\/wp-json\/wp\/v2\/comments?post=97361"}],"version-history":[{"count":1,"href":"https:\/\/lasprimeras.com.do\/index.php\/wp-json\/wp\/v2\/posts\/97361\/revisions"}],"predecessor-version":[{"id":97363,"href":"https:\/\/lasprimeras.com.do\/index.php\/wp-json\/wp\/v2\/posts\/97361\/revisions\/97363"}],"wp:featuredmedia":[{"embeddable":true,"href":"https:\/\/lasprimeras.com.do\/index.php\/wp-json\/wp\/v2\/media\/97362"}],"wp:attachment":[{"href":"https:\/\/lasprimeras.com.do\/index.php\/wp-json\/wp\/v2\/media?parent=97361"}],"wp:term":[{"taxonomy":"category","embeddable":true,"href":"https:\/\/lasprimeras.com.do\/index.php\/wp-json\/wp\/v2\/categories?post=97361"},{"taxonomy":"post_tag","embeddable":true,"href":"https:\/\/lasprimeras.com.do\/index.php\/wp-json\/wp\/v2\/tags?post=97361"}],"curies":[{"name":"wp","href":"https:\/\/api.w.org\/{rel}","templated":true}]}}