{"id":97364,"date":"2025-04-19T18:43:12","date_gmt":"2025-04-19T22:43:12","guid":{"rendered":"https:\/\/lasprimeras.com.do\/?p=97364"},"modified":"2025-04-19T18:43:13","modified_gmt":"2025-04-19T22:43:13","slug":"ucrania-esceptica-ante-anuncio-de-tregua-de-putin","status":"publish","type":"post","link":"https:\/\/lasprimeras.com.do\/index.php\/2025\/04\/19\/ucrania-esceptica-ante-anuncio-de-tregua-de-putin\/","title":{"rendered":"Ucrania esc\u00e9ptica ante anuncio de tregua de Putin"},"content":{"rendered":"\n<p>POR HANNA ARHIROVA<\/p>\n\n\n\n<p>REGI\u00d3N CHERNIHIV, Ucrania (AP) \u2014 Ucrania dijo que igualar\u00eda cualquier cese al fuego genuino por parte de Mosc\u00fa, pero expres\u00f3 escepticismo despu\u00e9s de que el presidente ruso Vlad\u00edmir Putin anunciara una tregua temporal por la Pascua a partir del s\u00e1bado.<\/p>\n\n\n\n<p>El anuncio de Kiev se produjo mientras Rusia y Ucrania realizaban su mayor intercambio de prisioneros desde que comenz\u00f3 la invasi\u00f3n a gran escala de Mosc\u00fa hace m\u00e1s de tres a\u00f1os.<\/p>\n\n\n\n<p>Putin anunci\u00f3 un cese al fuego temporal por la Pascua en Ucrania a partir del s\u00e1bado, citando razones humanitarias.<\/p>\n\n\n\n<p>De acuerdo con el Kremlin, el cese del fuego durar\u00e1 desde las 6 p.m. hora de Mosc\u00fa (1500 GMT) del s\u00e1bado hasta la medianoche (2100 GMT) despu\u00e9s del Domingo de Pascua.<\/p>\n\n\n\n<p>Putin no ofreci\u00f3 detalles sobre c\u00f3mo se supervisar\u00eda el cese al fuego o si cubrir\u00eda los ataques a\u00e9reos o las batallas terrestres en curso que se libran las 24 horas del d\u00eda.<\/p>\n\n\n\n<p>El presidente ucraniano Volodymyr Zelenskyy declar\u00f3 que si Rusia est\u00e1 realmente lista para observar un cese al fuego total e incondicional, Ucrania reflejar\u00e1 ese enfoque y solo atacar\u00e1 en defensa.<\/p>\n\n\n\n<p>Expres\u00f3 que tal gesto, particularmente durante el fin de semana de Pascua, podr\u00eda revelar las verdaderas intenciones de Mosc\u00fa.<\/p>\n\n\n\n<p>\u201cSi un cese al fuego total realmente se lleva a cabo, Ucrania propone extenderlo m\u00e1s all\u00e1 del D\u00eda de Pascua el 20 de abril\u201d, se\u00f1al\u00f3 Zelenskyy en Telegram.<\/p>\n\n\n\n<p>\u201cEso revelar\u00e1 las verdaderas intenciones de Rusia, ya que 30 horas son suficientes para los titulares, pero no para medidas genuinas de construcci\u00f3n de confianza\u201d.<\/p>\n\n\n\n<p>Zelenskyy agreg\u00f3 que, seg\u00fan informes militares, los asaltos rusos y el fuego de artiller\u00eda continuaron a lo largo de partes de la l\u00ednea del frente de 1,000 kil\u00f3metros (600 millas) de largo.<\/p>\n\n\n\n<p>En respuesta al anuncio del cese al fuego, el ministro de Relaciones Exteriores de Ucrania, Andrii Sybiha, se\u00f1al\u00f3 que Kiev hab\u00eda \u201caceptado incondicionalmente en marzo la propuesta de Estados Unidos de un cese al fuego total provisional por 30 d\u00edas\u201d, que Rusia rechaz\u00f3.<\/p>\n\n\n\n<p>\u201cPutin ahora ha hecho declaraciones sobre su supuesta disposici\u00f3n para un cese al fuego. 30 horas en lugar de 30 d\u00edas\u201d, continu\u00f3 Sybiha, escribiendo en X. \u201cDesafortunadamente, hemos tenido una larga historia de sus declaraciones que no coinciden con sus acciones\u201d.<\/p>\n\n\n\n<p>El anuncio de Putin se produjo despu\u00e9s de que el presidente estadounidense Donald Trump dijera el viernes que las negociaciones entre Ucrania y Rusia est\u00e1n \u201cllegando a un punto cr\u00edtico\u201d e insistiera en que ninguna de las partes lo est\u00e1 \u201cmanipulando\u201d en su esfuerzo por poner fin a la prolongada guerra de tres a\u00f1os.<\/p>\n\n\n\n<p>Mientras tanto, las dos partes intercambiaron cientos de prisioneros de guerra el s\u00e1bado.<\/p>\n\n\n\n<p>El Ministerio de Defensa de Rusia indic\u00f3 que 246 militares rusos fueron devueltos desde territorio controlado por Kiev y que \u201ccomo gesto de buena voluntad\u201d 31 prisioneros de guerra ucranianos heridos fueron transferidos a cambio de 15 soldados rusos heridos que necesitaban atenci\u00f3n m\u00e9dica urgente.<\/p>\n\n\n\n<p>Zelenskyy indic\u00f3 que 277 \u201cguerreros ucranianos han regresado a casa desde el cautiverio ruso\u201d.<\/p>\n\n\n\n<p>Ambas partes agradecieron a los Emiratos \u00c1rabes Unidos por su mediaci\u00f3n.<\/p>\n\n\n\n<p>La mayor\u00eda de los ucranianos liberados en el \u00faltimo intercambio de prisioneros son j\u00f3venes nacidos despu\u00e9s del a\u00f1o 2000, sostuvo el viernes la Sede de Coordinaci\u00f3n de Ucrania para el Tratamiento de Prisioneros de Guerra.<\/p>\n\n\n\n<p>Fuera de un hospital en la regi\u00f3n norte\u00f1a de Chern\u00edhiv en Ucrania, donde los prisioneros de guerra recientemente liberados fueron llevados despu\u00e9s del intercambio en la frontera, docenas de familiares esperaban.<\/p>\n\n\n\n<p>Entre ellos estaba Nataliia Lohvynchuk, de 48 a\u00f1os, quien se apresur\u00f3 hacia el autob\u00fas en el momento en que lleg\u00f3. No hab\u00eda visto a su hijo en tres a\u00f1os, desde que fue capturado durante la batalla por Mari\u00fapol en la primavera de 2022 .<\/p>\n","protected":false},"excerpt":{"rendered":"<p>POR HANNA ARHIROVA REGI\u00d3N CHERNIHIV, Ucrania (AP) \u2014 Ucrania dijo que igualar\u00eda cualquier cese al fuego genuino por parte de Mosc\u00fa, pero expres\u00f3 escepticismo despu\u00e9s de que el presidente ruso&hellip;<\/p>\n","protected":false},"author":2,"featured_media":97365,"comment_status":"open","ping_status":"open","sticky":false,"template":"","format":"standard","meta":{"content-type":"","jetpack_post_was_ever_published":false,"_jetpack_newsletter_access":"","_jetpack_dont_email_post_to_subs":false,"_jetpack_newsletter_tier_id":0,"_jetpack_memberships_contains_paywalled_content":false,"_jetpack_memberships_contains_paid_content":false,"footnotes":""},"categories":[16289],"tags":[18906,6722,1108,3868],"class_list":["post-97364","post","type-post","status-publish","format-standard","has-post-thumbnail","hentry","category-internacionales","tag-esceptica","tag-tregua","tag-ucrania","tag-vladimir-putin-2"],"jetpack_featured_media_url":"https:\/\/lasprimeras.com.do\/wp-content\/uploads\/2025\/04\/Vladimir-Putin.jpg","jetpack-related-posts":[{"id":127207,"url":"https:\/\/lasprimeras.com.do\/index.php\/2026\/04\/09\/putin-declara-un-alto-el-fuego-en-ucrania-por-pascua-ortodoxa\/","url_meta":{"origin":97364,"position":0},"title":"Putin declara un alto el fuego en Ucrania por Pascua ortodoxa","author":"Nelson Feliz","date":"9 de abril de 2026","format":false,"excerpt":"El presidente ruso Vlad\u00edmir Putin declar\u00f3 el jueves un alto el fuego de 32 horas en Ucrania durante el fin de semana de la Pascua ortodoxa, tras un llamado anterior del presidente ucraniano Volodymyr Zelenskyy a una pausa en algunas de las hostilidades para observar la festividad. El decreto de\u2026","rel":"","context":"En \u00abINTERNACIONALES\u00bb","block_context":{"text":"INTERNACIONALES","link":"https:\/\/lasprimeras.com.do\/index.php\/category\/sin-categoria\/internacionales\/"},"img":{"alt_text":"Vlad\u00edmir Putin","src":"https:\/\/i0.wp.com\/lasprimeras.com.do\/wp-content\/uploads\/2026\/04\/Vladimir-Putin.jpg?resize=350%2C200&ssl=1","width":350,"height":200,"srcset":"https:\/\/i0.wp.com\/lasprimeras.com.do\/wp-content\/uploads\/2026\/04\/Vladimir-Putin.jpg?resize=350%2C200&ssl=1 1x, https:\/\/i0.wp.com\/lasprimeras.com.do\/wp-content\/uploads\/2026\/04\/Vladimir-Putin.jpg?resize=525%2C300&ssl=1 1.5x, https:\/\/i0.wp.com\/lasprimeras.com.do\/wp-content\/uploads\/2026\/04\/Vladimir-Putin.jpg?resize=700%2C400&ssl=1 2x"},"classes":[]},{"id":97865,"url":"https:\/\/lasprimeras.com.do\/index.php\/2025\/04\/29\/rusia-anuncia-alto-el-fuego-de-72-horas-en-ucrania-para-proxima-semana-para-conmemorar-derrota-nazi\/","url_meta":{"origin":97364,"position":1},"title":"Rusia anuncia alto el fuego de 72 horas en Ucrania para pr\u00f3xima semana para conmemorar derrota nazi","author":"Nelson Feliz","date":"29 de abril de 2025","format":false,"excerpt":"POR ILLIA NOVIKOV KIEV, Ucrania (AP) \u2014 El presidente ruso Vlad\u00edmir Putin anunci\u00f3 el lunes un alto el fuego unilateral de 72 horas la pr\u00f3xima semana en Ucrania para conmemorar el D\u00eda de la Victoria en la Segunda Guerra Mundial, al tiempo que Estados Unidos presiona por un acuerdo para\u2026","rel":"","context":"En \u00abINTERNACIONALES\u00bb","block_context":{"text":"INTERNACIONALES","link":"https:\/\/lasprimeras.com.do\/index.php\/category\/sin-categoria\/internacionales\/"},"img":{"alt_text":"","src":"https:\/\/i0.wp.com\/lasprimeras.com.do\/wp-content\/uploads\/2025\/04\/fuego.jpg?resize=350%2C200&ssl=1","width":350,"height":200,"srcset":"https:\/\/i0.wp.com\/lasprimeras.com.do\/wp-content\/uploads\/2025\/04\/fuego.jpg?resize=350%2C200&ssl=1 1x, https:\/\/i0.wp.com\/lasprimeras.com.do\/wp-content\/uploads\/2025\/04\/fuego.jpg?resize=525%2C300&ssl=1 1.5x, https:\/\/i0.wp.com\/lasprimeras.com.do\/wp-content\/uploads\/2025\/04\/fuego.jpg?resize=700%2C400&ssl=1 2x"},"classes":[]},{"id":95724,"url":"https:\/\/lasprimeras.com.do\/index.php\/2025\/03\/18\/trump-y-putin-hablaran-por-telefono-sobre-alto-el-fuego-pero-zelenskyy-se-muestra-esceptico\/","url_meta":{"origin":97364,"position":2},"title":"Trump y Putin hablar\u00e1n por tel\u00e9fono sobre alto el fuego, pero Zelenskyy se muestra esc\u00e9ptico","author":"Nelson Feliz","date":"18 de marzo de 2025","format":false,"excerpt":"POR AAMER MADHANI WASHINGTON (AP) \u2014 Donald Trump, mantendr\u00e1 conversaciones el martes con su hom\u00f3logo ruso, Vlad\u00edmir Putin, en su intento por obtener apoyos para la propuesta de alto el fuego de Estados Unidos que espera que pueda crear una v\u00eda para poner fin a la devastadora guerra de Rusia\u2026","rel":"","context":"En \u00abINTERNACIONALES\u00bb","block_context":{"text":"INTERNACIONALES","link":"https:\/\/lasprimeras.com.do\/index.php\/category\/sin-categoria\/internacionales\/"},"img":{"alt_text":"Vlad\u00edmir Putin y Donald Trump","src":"https:\/\/i0.wp.com\/lasprimeras.com.do\/wp-content\/uploads\/2025\/03\/Vladimir-Putin-y-Donald-Trump.jpg?resize=350%2C200&ssl=1","width":350,"height":200,"srcset":"https:\/\/i0.wp.com\/lasprimeras.com.do\/wp-content\/uploads\/2025\/03\/Vladimir-Putin-y-Donald-Trump.jpg?resize=350%2C200&ssl=1 1x, https:\/\/i0.wp.com\/lasprimeras.com.do\/wp-content\/uploads\/2025\/03\/Vladimir-Putin-y-Donald-Trump.jpg?resize=525%2C300&ssl=1 1.5x, https:\/\/i0.wp.com\/lasprimeras.com.do\/wp-content\/uploads\/2025\/03\/Vladimir-Putin-y-Donald-Trump.jpg?resize=700%2C400&ssl=1 2x"},"classes":[]},{"id":95383,"url":"https:\/\/lasprimeras.com.do\/index.php\/2025\/03\/13\/rusia-dice-haber-retomado-ciudad-en-kursk-asesor-de-putin-senala-que-una-tregua-ayudaria-a-kiev\/","url_meta":{"origin":97364,"position":3},"title":"Rusia dice haber retomado ciudad en Kursk, asesor de Putin se\u00f1ala que una tregua ayudar\u00eda a Kiev","author":"Nelson Feliz","date":"13 de marzo de 2025","format":false,"excerpt":"Las fuerzas rusas afirmaron el jueves que sus tropas han expulsado al ej\u00e9rcito ucraniano de la ciudad m\u00e1s grande de la regi\u00f3n fronteriza rusa de Kursk, mientras un alto funcionario del Kremlin dijo que un alto el fuego de 30 d\u00edas propuesto por Estados Unidos en la guerra, tres a\u00f1os\u2026","rel":"","context":"En \u00abINTERNACIONALES\u00bb","block_context":{"text":"INTERNACIONALES","link":"https:\/\/lasprimeras.com.do\/index.php\/category\/sin-categoria\/internacionales\/"},"img":{"alt_text":"","src":"https:\/\/i0.wp.com\/lasprimeras.com.do\/wp-content\/uploads\/2025\/03\/Vladimir-Putin-y-Valery-Gerasimov.png?resize=350%2C200&ssl=1","width":350,"height":200,"srcset":"https:\/\/i0.wp.com\/lasprimeras.com.do\/wp-content\/uploads\/2025\/03\/Vladimir-Putin-y-Valery-Gerasimov.png?resize=350%2C200&ssl=1 1x, https:\/\/i0.wp.com\/lasprimeras.com.do\/wp-content\/uploads\/2025\/03\/Vladimir-Putin-y-Valery-Gerasimov.png?resize=525%2C300&ssl=1 1.5x, https:\/\/i0.wp.com\/lasprimeras.com.do\/wp-content\/uploads\/2025\/03\/Vladimir-Putin-y-Valery-Gerasimov.png?resize=700%2C400&ssl=1 2x"},"classes":[]},{"id":127334,"url":"https:\/\/lasprimeras.com.do\/index.php\/2026\/04\/10\/zelenskyy-afirma-que-ucrania-derribo-drones-shahed-en-paises-de-oriente-medio-durante-guerra-de-iran\/","url_meta":{"origin":97364,"position":4},"title":"Zelenskyy afirma que Ucrania derrib\u00f3 drones Shahed en pa\u00edses de Oriente Medio durante guerra de Ir\u00e1n","author":"Nelson Feliz","date":"10 de abril de 2026","format":false,"excerpt":"POR VOLODYMYR YURCHUK and HANNA ARHIROVA KIEV, Ucrania (AP) \u2014 Personal militar ucraniano derrib\u00f3 drones Shahed de fabricaci\u00f3n iran\u00ed en varios pa\u00edses de Oriente Medio durante la guerra con Ir\u00e1n, afirm\u00f3 el presidente Volodymyr Zelenskyy, quien describi\u00f3 las operaciones como parte de un esfuerzo m\u00e1s amplio para ayudar a sus\u2026","rel":"","context":"En \u00abINTERNACIONALES\u00bb","block_context":{"text":"INTERNACIONALES","link":"https:\/\/lasprimeras.com.do\/index.php\/category\/sin-categoria\/internacionales\/"},"img":{"alt_text":"Volodymyr Zelenskyy","src":"https:\/\/i0.wp.com\/lasprimeras.com.do\/wp-content\/uploads\/2026\/04\/Volodymyr-Zelenskyy.jpg?resize=350%2C200&ssl=1","width":350,"height":200,"srcset":"https:\/\/i0.wp.com\/lasprimeras.com.do\/wp-content\/uploads\/2026\/04\/Volodymyr-Zelenskyy.jpg?resize=350%2C200&ssl=1 1x, https:\/\/i0.wp.com\/lasprimeras.com.do\/wp-content\/uploads\/2026\/04\/Volodymyr-Zelenskyy.jpg?resize=525%2C300&ssl=1 1.5x, https:\/\/i0.wp.com\/lasprimeras.com.do\/wp-content\/uploads\/2026\/04\/Volodymyr-Zelenskyy.jpg?resize=700%2C400&ssl=1 2x"},"classes":[]},{"id":95553,"url":"https:\/\/lasprimeras.com.do\/index.php\/2025\/03\/14\/putin-esta-de-acuerdo-en-principio-con-la-propuesta-de-alto-el-fuego-en-ucrania-y-dice-que-se-necesitan-mas-discusiones\/","url_meta":{"origin":97364,"position":5},"title":"Putin est\u00e1 de acuerdo en principio con la propuesta de alto el fuego en Ucrania y dice que se necesitan m\u00e1s discusiones","author":"Nelson Feliz","date":"14 de marzo de 2025","format":false,"excerpt":"El presidente ruso, Vladimir Putin, dijo el jueves que est\u00e1 de acuerdo en principio con la propuesta estadounidense de un alto el fuego de 30 d\u00edas en Ucrania, pero enfatiz\u00f3 que los t\u00e9rminos a\u00fan est\u00e1n por definirse y agreg\u00f3 que cualquier tregua debe allanar el camino hacia una paz duradera\u2026","rel":"","context":"En \u00abINTERNACIONALES\u00bb","block_context":{"text":"INTERNACIONALES","link":"https:\/\/lasprimeras.com.do\/index.php\/category\/sin-categoria\/internacionales\/"},"img":{"alt_text":"Vladimir Putin","src":"https:\/\/i0.wp.com\/lasprimeras.com.do\/wp-content\/uploads\/2025\/03\/Vladimir-Putin.png?resize=350%2C200&ssl=1","width":350,"height":200,"srcset":"https:\/\/i0.wp.com\/lasprimeras.com.do\/wp-content\/uploads\/2025\/03\/Vladimir-Putin.png?resize=350%2C200&ssl=1 1x, https:\/\/i0.wp.com\/lasprimeras.com.do\/wp-content\/uploads\/2025\/03\/Vladimir-Putin.png?resize=525%2C300&ssl=1 1.5x, https:\/\/i0.wp.com\/lasprimeras.com.do\/wp-content\/uploads\/2025\/03\/Vladimir-Putin.png?resize=700%2C400&ssl=1 2x"},"classes":[]}],"jetpack_sharing_enabled":true,"_links":{"self":[{"href":"https:\/\/lasprimeras.com.do\/index.php\/wp-json\/wp\/v2\/posts\/97364","targetHints":{"allow":["GET"]}}],"collection":[{"href":"https:\/\/lasprimeras.com.do\/index.php\/wp-json\/wp\/v2\/posts"}],"about":[{"href":"https:\/\/lasprimeras.com.do\/index.php\/wp-json\/wp\/v2\/types\/post"}],"author":[{"embeddable":true,"href":"https:\/\/lasprimeras.com.do\/index.php\/wp-json\/wp\/v2\/users\/2"}],"replies":[{"embeddable":true,"href":"https:\/\/lasprimeras.com.do\/index.php\/wp-json\/wp\/v2\/comments?post=97364"}],"version-history":[{"count":1,"href":"https:\/\/lasprimeras.com.do\/index.php\/wp-json\/wp\/v2\/posts\/97364\/revisions"}],"predecessor-version":[{"id":97366,"href":"https:\/\/lasprimeras.com.do\/index.php\/wp-json\/wp\/v2\/posts\/97364\/revisions\/97366"}],"wp:featuredmedia":[{"embeddable":true,"href":"https:\/\/lasprimeras.com.do\/index.php\/wp-json\/wp\/v2\/media\/97365"}],"wp:attachment":[{"href":"https:\/\/lasprimeras.com.do\/index.php\/wp-json\/wp\/v2\/media?parent=97364"}],"wp:term":[{"taxonomy":"category","embeddable":true,"href":"https:\/\/lasprimeras.com.do\/index.php\/wp-json\/wp\/v2\/categories?post=97364"},{"taxonomy":"post_tag","embeddable":true,"href":"https:\/\/lasprimeras.com.do\/index.php\/wp-json\/wp\/v2\/tags?post=97364"}],"curies":[{"name":"wp","href":"https:\/\/api.w.org\/{rel}","templated":true}]}}