{"id":97367,"date":"2025-04-19T19:02:41","date_gmt":"2025-04-19T23:02:41","guid":{"rendered":"https:\/\/lasprimeras.com.do\/?p=97367"},"modified":"2025-04-19T19:02:42","modified_gmt":"2025-04-19T23:02:42","slug":"digesett-y-ministerio-publico-investigan-incidente-en-moca","status":"publish","type":"post","link":"https:\/\/lasprimeras.com.do\/index.php\/2025\/04\/19\/digesett-y-ministerio-publico-investigan-incidente-en-moca\/","title":{"rendered":"DIGESETT y Ministerio P\u00fablico investigan incidente en Moca"},"content":{"rendered":"\n<p><strong>El ahora detenido transitaba sin casco protector y al momento de ser interceptado intent\u00f3 agredir agentes con arma blanca.<\/strong><\/p>\n\n\n\n<p>La Direcci\u00f3n General de Seguridad de Tr\u00e1nsito y Transporte Terrestre (DIGESETT) inform\u00f3 que junto al Ministerio P\u00fablico se encuentra en proceso de investigaci\u00f3n un incidente ocurrido en el municipio de Moca, provincia Espaillat, donde agentes de la instituci\u00f3n detuvieron a un motociclista que intent\u00f3 agredirlos luego de ser sorprendido transitando sin casco protector.<\/p>\n\n\n\n<p>Seg\u00fan los datos preliminares, el ciudadano se mostr\u00f3 renuente a la retenci\u00f3n de su motocicleta y, en un acto de resistencia, hizo uso de un arma blanca contra los agentes.<\/p>\n\n\n\n<p>Tras este incidente, el individuo fue detenido y puesto a disposici\u00f3n del Ministerio P\u00fablico para los fines correspondientes.<\/p>\n\n\n\n<p>La DIGESETT reitera su compromiso con la seguridad vial y el estricto cumplimiento de la ley de tr\u00e1nsito, y hace un llamado a la ciudadan\u00eda para que respeten las normativas en materia de tr\u00e1nsito, que buscan proteger la vida y el bienestar de todos los usuarios&nbsp;de&nbsp;las&nbsp;v\u00edas.<\/p>\n\n\n\n<p>La mayor\u00eda de los ucranianos liberados en el \u00faltimo intercambio de prisioneros son j\u00f3venes nacidos despu\u00e9s del a\u00f1o 2000, sostuvo el viernes la Sede de Coordinaci\u00f3n de Ucrania para el Tratamiento de Prisioneros de Guerra.<\/p>\n\n\n\n<p>Fuera de un hospital en la regi\u00f3n norte\u00f1a de Chern\u00edhiv en Ucrania, donde los prisioneros de guerra recientemente liberados fueron llevados despu\u00e9s del intercambio en la frontera, docenas de familiares esperaban.<\/p>\n\n\n\n<p>Entre ellos estaba Nataliia Lohvynchuk, de 48 a\u00f1os, quien se apresur\u00f3 hacia el autob\u00fas en el momento en que lleg\u00f3. No hab\u00eda visto a su hijo en tres a\u00f1os, desde que fue capturado durante la batalla por Mari\u00fapol en la primavera de 2022 .<\/p>\n\n\n\n<figure class=\"wp-block-embed is-type-video is-provider-youtube wp-block-embed-youtube wp-embed-aspect-16-9 wp-has-aspect-ratio\"><div class=\"wp-block-embed__wrapper\">\n<iframe title=\"DIGESETT y Ministerio P\u00fablico investigan incidente en Moca\" width=\"500\" height=\"281\" src=\"https:\/\/www.youtube.com\/embed\/54pnlp-P0DU?feature=oembed\" frameborder=\"0\" allow=\"accelerometer; autoplay; clipboard-write; encrypted-media; gyroscope; picture-in-picture; web-share\" referrerpolicy=\"strict-origin-when-cross-origin\" allowfullscreen><\/iframe>\n<\/div><\/figure>\n","protected":false},"excerpt":{"rendered":"<p>El ahora detenido transitaba sin casco protector y al momento de ser interceptado intent\u00f3 agredir agentes con arma blanca. La Direcci\u00f3n General de Seguridad de Tr\u00e1nsito y Transporte Terrestre (DIGESETT)&hellip;<\/p>\n","protected":false},"author":2,"featured_media":97368,"comment_status":"open","ping_status":"open","sticky":false,"template":"","format":"standard","meta":{"content-type":"","jetpack_post_was_ever_published":false,"_jetpack_newsletter_access":"","_jetpack_dont_email_post_to_subs":false,"_jetpack_newsletter_tier_id":0,"_jetpack_memberships_contains_paywalled_content":false,"_jetpack_memberships_contains_paid_content":false,"footnotes":""},"categories":[35],"tags":[1964,244,1583,290,2030,18901],"class_list":["post-97367","post","type-post","status-publish","format-standard","has-post-thumbnail","hentry","category-nacionales","tag-detencion","tag-digesett","tag-incidente","tag-ministerio-publico","tag-moca","tag-motociclista"],"jetpack_featured_media_url":"https:\/\/lasprimeras.com.do\/wp-content\/uploads\/2025\/04\/digessei.jpg","jetpack-related-posts":[{"id":72428,"url":"https:\/\/lasprimeras.com.do\/index.php\/2023\/12\/29\/director-de-la-digesett-instruye-amplio-operativo-en-diferentes-puntos-del-pais\/","url_meta":{"origin":97367,"position":0},"title":"Director de la DIGESETT instruye amplio operativo en diferentes puntos del pa\u00eds","author":"Nelson Feliz","date":"29 de diciembre de 2023","format":false,"excerpt":"Por Martin Restituyo El director de la Direcci\u00f3n General de Seguridad de Tr\u00e1nsito y Transporte Terrestre (DIGESETT), general Francisco Osoria de la Cruz, P.N., instruy\u00f3 la realizaci\u00f3n de un operativo la noche de ayer en diferentes puntos del pa\u00eds, enfocado en la prevenci\u00f3n y control de veh\u00edculos que transitan sin\u2026","rel":"","context":"En \u00abNACIONALES\u00bb","block_context":{"text":"NACIONALES","link":"https:\/\/lasprimeras.com.do\/index.php\/category\/nacionales\/"},"img":{"alt_text":"DIGESETT","src":"https:\/\/i0.wp.com\/lasprimeras.com.do\/wp-content\/uploads\/2023\/12\/206e0d39-461d-45cc-ad00-e3455e8123c5.jpg?resize=350%2C200&ssl=1","width":350,"height":200,"srcset":"https:\/\/i0.wp.com\/lasprimeras.com.do\/wp-content\/uploads\/2023\/12\/206e0d39-461d-45cc-ad00-e3455e8123c5.jpg?resize=350%2C200&ssl=1 1x, https:\/\/i0.wp.com\/lasprimeras.com.do\/wp-content\/uploads\/2023\/12\/206e0d39-461d-45cc-ad00-e3455e8123c5.jpg?resize=525%2C300&ssl=1 1.5x, https:\/\/i0.wp.com\/lasprimeras.com.do\/wp-content\/uploads\/2023\/12\/206e0d39-461d-45cc-ad00-e3455e8123c5.jpg?resize=700%2C400&ssl=1 2x, https:\/\/i0.wp.com\/lasprimeras.com.do\/wp-content\/uploads\/2023\/12\/206e0d39-461d-45cc-ad00-e3455e8123c5.jpg?resize=1050%2C600&ssl=1 3x, https:\/\/i0.wp.com\/lasprimeras.com.do\/wp-content\/uploads\/2023\/12\/206e0d39-461d-45cc-ad00-e3455e8123c5.jpg?resize=1400%2C800&ssl=1 4x"},"classes":[]},{"id":77704,"url":"https:\/\/lasprimeras.com.do\/index.php\/2024\/02\/24\/digesett-continua-los-operativos-contra-motociclistas-que-violan-la-ley-de-transito\/","url_meta":{"origin":97367,"position":1},"title":"DIGESETT contin\u00faa los operativos contra motociclistas que violan la Ley de tr\u00e1nsito","author":"BIMARY DE JES\u00daS Matos","date":"24 de febrero de 2024","format":false,"excerpt":"Martin Restituyo Santo Domingo.-En lo que va de a\u00f1o han fiscalizado 61,738 motociclista por no llevar casco protector Con el objetivo de prevenir accidentes de tr\u00e1nsito, la Direcci\u00f3n General de Seguridad de Tr\u00e1nsito y Transporte Terrestre (DIGESETT) continua con los operativos a nivel nacional contra aquellos motociclistas que violan la\u2026","rel":"","context":"En \u00abNACIONALES\u00bb","block_context":{"text":"NACIONALES","link":"https:\/\/lasprimeras.com.do\/index.php\/category\/nacionales\/"},"img":{"alt_text":"","src":"https:\/\/i0.wp.com\/lasprimeras.com.do\/wp-content\/uploads\/2024\/02\/IMG-20240224-WA00561.jpg?resize=350%2C200&ssl=1","width":350,"height":200,"srcset":"https:\/\/i0.wp.com\/lasprimeras.com.do\/wp-content\/uploads\/2024\/02\/IMG-20240224-WA00561.jpg?resize=350%2C200&ssl=1 1x, https:\/\/i0.wp.com\/lasprimeras.com.do\/wp-content\/uploads\/2024\/02\/IMG-20240224-WA00561.jpg?resize=525%2C300&ssl=1 1.5x, https:\/\/i0.wp.com\/lasprimeras.com.do\/wp-content\/uploads\/2024\/02\/IMG-20240224-WA00561.jpg?resize=700%2C400&ssl=1 2x, https:\/\/i0.wp.com\/lasprimeras.com.do\/wp-content\/uploads\/2024\/02\/IMG-20240224-WA00561.jpg?resize=1050%2C600&ssl=1 3x"},"classes":[]},{"id":99678,"url":"https:\/\/lasprimeras.com.do\/index.php\/2025\/05\/25\/digesett-cambia-multas-por-cascos-protectores-a-mujeres-de-la-vega-en-dia-de-las-madres\/","url_meta":{"origin":97367,"position":2},"title":"Digesett cambia multas por cascos protectores a mujeres de La Vega en D\u00eda de las Madres","author":"Nelson Feliz","date":"25 de mayo de 2025","format":false,"excerpt":"Por Am\u00e9rica Borb\u00f3n La Direcci\u00f3n General de Seguridad de Tr\u00e1nsito y Transporte Terrestre (DIGESETT) entreg\u00f3 este domingo cascos protectores a madres motociclistas sorprendidas sin protecci\u00f3n en las calles de La Vega, por motivo del D\u00eda de las Madres Dominicanas. La jornada fue encabezada por el teniente coronel Vinicio de los\u2026","rel":"","context":"En \u00abNACIONALES\u00bb","block_context":{"text":"NACIONALES","link":"https:\/\/lasprimeras.com.do\/index.php\/category\/nacionales\/"},"img":{"alt_text":"","src":"https:\/\/i0.wp.com\/lasprimeras.com.do\/wp-content\/uploads\/2025\/05\/cascos.jpg?resize=350%2C200&ssl=1","width":350,"height":200,"srcset":"https:\/\/i0.wp.com\/lasprimeras.com.do\/wp-content\/uploads\/2025\/05\/cascos.jpg?resize=350%2C200&ssl=1 1x, https:\/\/i0.wp.com\/lasprimeras.com.do\/wp-content\/uploads\/2025\/05\/cascos.jpg?resize=525%2C300&ssl=1 1.5x, https:\/\/i0.wp.com\/lasprimeras.com.do\/wp-content\/uploads\/2025\/05\/cascos.jpg?resize=700%2C400&ssl=1 2x"},"classes":[]},{"id":79785,"url":"https:\/\/lasprimeras.com.do\/index.php\/2024\/03\/31\/digesett-retiene-cientos-de-vehiculos-por-infracciones-durante-operativos-de-semana-santa\/","url_meta":{"origin":97367,"position":3},"title":"Digesett retiene cientos de veh\u00edculos por infracciones durante operativos de Semana Santa","author":"Nelson Feliz","date":"31 de marzo de 2024","format":false,"excerpt":"Las autoridades de la Digesett llevaron a cabo un amplio operativo de fiscalizaci\u00f3n durante los d\u00edas jueves, y s\u00e1bado viernes santo, resultando con la retenci\u00f3n de miles de veh\u00edculos y la inspecci\u00f3n de conductores por diversas infracciones a la ley de tr\u00e1nsito, en especial a los motociclistas. Seg\u00fan detalla el\u2026","rel":"","context":"En \u00abNACIONALES\u00bb","block_context":{"text":"NACIONALES","link":"https:\/\/lasprimeras.com.do\/index.php\/category\/nacionales\/"},"img":{"alt_text":"Digesett","src":"https:\/\/i0.wp.com\/lasprimeras.com.do\/wp-content\/uploads\/2024\/03\/Digesett-1.jpg?resize=350%2C200&ssl=1","width":350,"height":200},"classes":[]},{"id":103978,"url":"https:\/\/lasprimeras.com.do\/index.php\/2025\/07\/20\/al-menos-3-muertos-y-decenas-heridos-en-accidente-en-carretera-de-moca\/","url_meta":{"origin":97367,"position":4},"title":"Al menos 3 muertos y decenas heridos en accidente en carretera de Moca","author":"Nelson Feliz","date":"20 de julio de 2025","format":false,"excerpt":"Un autob\u00fas que regresaba de R\u00edo San Juan con destino a Esperanza sufri\u00f3 un accidente este domingo en la noche en la carretera de Jamao al Norte, en la provincia Espaillat. Seg\u00fan reportes preliminares, en el veh\u00edculo viajaban decenas de personas que compart\u00edan en una excursi\u00f3n. Se habla de tres\u2026","rel":"","context":"En \u00abNACIONALES\u00bb","block_context":{"text":"NACIONALES","link":"https:\/\/lasprimeras.com.do\/index.php\/category\/nacionales\/"},"img":{"alt_text":"","src":"https:\/\/i0.wp.com\/lasprimeras.com.do\/wp-content\/uploads\/2025\/07\/accide.jpeg?resize=350%2C200&ssl=1","width":350,"height":200,"srcset":"https:\/\/i0.wp.com\/lasprimeras.com.do\/wp-content\/uploads\/2025\/07\/accide.jpeg?resize=350%2C200&ssl=1 1x, https:\/\/i0.wp.com\/lasprimeras.com.do\/wp-content\/uploads\/2025\/07\/accide.jpeg?resize=525%2C300&ssl=1 1.5x, https:\/\/i0.wp.com\/lasprimeras.com.do\/wp-content\/uploads\/2025\/07\/accide.jpeg?resize=700%2C400&ssl=1 2x, https:\/\/i0.wp.com\/lasprimeras.com.do\/wp-content\/uploads\/2025\/07\/accide.jpeg?resize=1050%2C600&ssl=1 3x"},"classes":[]},{"id":123580,"url":"https:\/\/lasprimeras.com.do\/index.php\/2026\/03\/02\/david-ortiz-se-une-a-la-digesett-en-campana-para-motociclistas\/","url_meta":{"origin":97367,"position":5},"title":"David Ortiz se une a la DIGESETT en campa\u00f1a para motociclistas","author":"Nelson Feliz","date":"2 de marzo de 2026","format":false,"excerpt":"La Direcci\u00f3n General de Seguridad de Tr\u00e1nsito y Transporte Terrestre (DIGESETT) contin\u00faa presentando video de concientizaci\u00f3n vial, esta vez protagonizado por la leyenda del b\u00e9isbol dominicano David Ortiz, como parte de su campa\u00f1a nacional orientada a fomentar una conducci\u00f3n responsable, especialmente entre los motociclistas. En este material audiovisual, David Ortiz\u2026","rel":"","context":"En \u00abNACIONALES\u00bb","block_context":{"text":"NACIONALES","link":"https:\/\/lasprimeras.com.do\/index.php\/category\/nacionales\/"},"img":{"alt_text":"","src":"https:\/\/i0.wp.com\/lasprimeras.com.do\/wp-content\/uploads\/2026\/03\/CP1.jpeg?resize=350%2C200&ssl=1","width":350,"height":200,"srcset":"https:\/\/i0.wp.com\/lasprimeras.com.do\/wp-content\/uploads\/2026\/03\/CP1.jpeg?resize=350%2C200&ssl=1 1x, https:\/\/i0.wp.com\/lasprimeras.com.do\/wp-content\/uploads\/2026\/03\/CP1.jpeg?resize=525%2C300&ssl=1 1.5x, https:\/\/i0.wp.com\/lasprimeras.com.do\/wp-content\/uploads\/2026\/03\/CP1.jpeg?resize=700%2C400&ssl=1 2x"},"classes":[]}],"jetpack_sharing_enabled":true,"_links":{"self":[{"href":"https:\/\/lasprimeras.com.do\/index.php\/wp-json\/wp\/v2\/posts\/97367","targetHints":{"allow":["GET"]}}],"collection":[{"href":"https:\/\/lasprimeras.com.do\/index.php\/wp-json\/wp\/v2\/posts"}],"about":[{"href":"https:\/\/lasprimeras.com.do\/index.php\/wp-json\/wp\/v2\/types\/post"}],"author":[{"embeddable":true,"href":"https:\/\/lasprimeras.com.do\/index.php\/wp-json\/wp\/v2\/users\/2"}],"replies":[{"embeddable":true,"href":"https:\/\/lasprimeras.com.do\/index.php\/wp-json\/wp\/v2\/comments?post=97367"}],"version-history":[{"count":1,"href":"https:\/\/lasprimeras.com.do\/index.php\/wp-json\/wp\/v2\/posts\/97367\/revisions"}],"predecessor-version":[{"id":97369,"href":"https:\/\/lasprimeras.com.do\/index.php\/wp-json\/wp\/v2\/posts\/97367\/revisions\/97369"}],"wp:featuredmedia":[{"embeddable":true,"href":"https:\/\/lasprimeras.com.do\/index.php\/wp-json\/wp\/v2\/media\/97368"}],"wp:attachment":[{"href":"https:\/\/lasprimeras.com.do\/index.php\/wp-json\/wp\/v2\/media?parent=97367"}],"wp:term":[{"taxonomy":"category","embeddable":true,"href":"https:\/\/lasprimeras.com.do\/index.php\/wp-json\/wp\/v2\/categories?post=97367"},{"taxonomy":"post_tag","embeddable":true,"href":"https:\/\/lasprimeras.com.do\/index.php\/wp-json\/wp\/v2\/tags?post=97367"}],"curies":[{"name":"wp","href":"https:\/\/api.w.org\/{rel}","templated":true}]}}