{"id":97393,"date":"2025-04-16T21:42:42","date_gmt":"2025-04-17T01:42:42","guid":{"rendered":"https:\/\/lasprimeras.com.do\/?p=97393"},"modified":"2025-04-19T21:45:46","modified_gmt":"2025-04-20T01:45:46","slug":"el-acta-de-defuncion-y-la-tragedia-del-jet-set","status":"publish","type":"post","link":"https:\/\/lasprimeras.com.do\/index.php\/2025\/04\/16\/el-acta-de-defuncion-y-la-tragedia-del-jet-set\/","title":{"rendered":"El acta de defunci\u00f3n y la tragedia del Jet Set"},"content":{"rendered":"\n<p>Por Pablo Vicente<\/p>\n\n\n\n<p>La tragedia ocurrida recientemente en jet set, no s\u00f3lo ha despertado dolor y alarma en la ciudadan\u00eda, sino tambi\u00e9n interrogantes jur\u00eddicas y administrativas. Uno de los temas que ha salido a colaci\u00f3n es en torno a la emisi\u00f3n del acta de defunci\u00f3n y el procedimiento aplicable en contextos que implican muertes sospechosas o violentas.<\/p>\n\n\n\n<p>Aunque este aspecto puede parecer meramente formal, en realidad se trata de un documento de alto valor legal, social y humano. De ah\u00ed que su correcta elaboraci\u00f3n, registro y contenido conforme a la Ley n\u00fam. 4-23 sea esencial para garantizar la certeza jur\u00eddica, institucional y el respeto a las v\u00edctimas y sus familias.<\/p>\n\n\n\n<p>La Junta Central Electoral, seg\u00fan lo establece el art\u00edculo 8 de la Ley 4-23, es la autoridad m\u00e1xima en materia del Registro Civil, y tiene la obligaci\u00f3n de velar por la correcta inscripci\u00f3n de los hechos vitales de las personas.<\/p>\n\n\n\n<p>El art\u00edculo 25, numeral 13, refuerza esa responsabilidad al ordenar al Director Nacional del Registro del Estado Civil \u201ccumplir y hacer cumplir esta ley, as\u00ed como las dem\u00e1s disposiciones sobre la materia\u201d.<\/p>\n\n\n\n<p>Asimismo, el art\u00edculo 67 faculta a la JCE a suspender la expedici\u00f3n de cualquier acta del Estado Civil que est\u00e9 viciada o no haya sido instrumentada conforme al procedimiento legal, lo que incluye las actas de defunci\u00f3n incompletas.<\/p>\n\n\n\n<p>No basta con que una persona haya fallecido, para el Estado dominicano, ese hecho solo adquiere validez legal cuando se acredita con un certificado m\u00e9dico de defunci\u00f3n.<\/p>\n\n\n\n<p>As\u00ed lo establece el art\u00edculo 180 de la Ley 4-23. Este documento, expedido por un profesional de la salud debidamente autorizado, es el punto de partida para todo lo que viene despu\u00e9s: registro, anotaci\u00f3n en el acta de nacimiento y expedici\u00f3n de certificaciones,<\/p>\n\n\n\n<p>Pero \u00bfY si no hay m\u00e9dico? La ley, consciente de la realidad del pa\u00eds, prev\u00e9 escenarios donde no hay personal m\u00e9dico disponible.<\/p>\n\n\n\n<p>En esos casos, como se\u00f1ala el art\u00edculo 186, la autoridad municipal tiene la obligaci\u00f3n de levantar el reporte correspondiente, que luego se valida en el centro de salud m\u00e1s cercano. Es una manera de asegurar que ninguna muerte quede sin registrar, sin importar d\u00f3nde ocurra.<\/p>\n\n\n\n<p>Una vez acreditada la defunci\u00f3n, \u00e9sta debe inscribirse en la Oficial\u00eda del Estado Civil correspondiente al lugar de fallecimiento, entierro o residencia del difunto.<\/p>\n\n\n\n<p>La ley otorga un plazo de 60 d\u00edas calendario para realizar esta inscripci\u00f3n seg\u00fan establece el art\u00edculo 179 de la Ley 4-23<\/p>\n\n\n\n<p>En relaci\u00f3n con el contenido del acta de defunci\u00f3n, es importante precisar que, aunque la Ley 4-23 no detalla todos los campos del acta, estos se derivan del certificado m\u00e9dico y de la declaraci\u00f3n que hace la persona compareciente.<\/p>\n\n\n\n<p>La identidad del fallecido, la causa de muerte, el lugar y hora del hecho, y los datos del declarante son elementos esenciales.<\/p>\n\n\n\n<p>Adem\u00e1s, el art\u00edculo 182 obliga a que el fallecimiento sea anotado al margen del acta de nacimiento de la persona, cerrando as\u00ed su ciclo registral ante el Estado.<\/p>\n\n\n\n<p>\u00bfY que pasa si nadie declara la muerte? Sobre ese particular, el art\u00edculo 181 se\u00f1ala que: La Junta Central Electoral queda facultada para ordenar de oficio la inscripci\u00f3n de las defunciones en el registro correspondiente de aquellas personas fallecidas cuyos familiares, amigos o vecinos no hayan hecho la declaraci\u00f3n del fallecimiento ante la delegaci\u00f3n u Oficial\u00eda del Estado Civil correspondientes.<\/p>\n\n\n\n<p>En relaci\u00f3n con lo que podr\u00eda ser el caso del suceso en Jet Set, si la muerte es violenta, o si no se puede identificar al fallecido de inmediato, el art\u00edculo 189 exige que el acta sea levantada por un oficial p\u00fablico o el Ministerio P\u00fablico.<br>Solo despu\u00e9s de cumplir este procedimiento puede inscribirse oficialmente.<\/p>\n\n\n\n<p>Adem\u00e1s, el Ministerio de Salud debe notificar electr\u00f3nicamente a la JCE en un plazo de 24 horas, y si hay auditor\u00eda cl\u00ednica o autopsia pendiente, tiene 30 d\u00edas para remitir las causas definitivas (art\u00edculo 183).<\/p>\n\n\n\n<p>Este procedimiento nos recuerda que cada vida importa hasta el \u00faltimo instante, y que la sociedad tiene un deber de cerrar debidamente cada historia. Las estad\u00edsticas, los seguros, las herencias, los registros de salud p\u00fablica, todo parte de este acto.<\/p>\n\n\n\n<p>En un pa\u00eds que aspira a fortalecer su institucionalidad, hablar de la muerte no debe ser tab\u00fa. Todo fallecimiento requiere un acto legal que lo respalde. En definitiva, la defunci\u00f3n no solo es el final de una vida: es tambi\u00e9n el inicio de un procedimiento que protege los derechos de los vivos.<\/p>\n\n\n\n<p>El autor es abogado, mag\u00edster en derecho electoral, presidente de FUJUDEL fujudel@gmail.com<\/p>\n","protected":false},"excerpt":{"rendered":"<p>Por Pablo Vicente La tragedia ocurrida recientemente en jet set, no s\u00f3lo ha despertado dolor y alarma en la ciudadan\u00eda, sino tambi\u00e9n interrogantes jur\u00eddicas y administrativas. Uno de los temas&hellip;<\/p>\n","protected":false},"author":2,"featured_media":97394,"comment_status":"open","ping_status":"open","sticky":false,"template":"","format":"standard","meta":{"content-type":"","jetpack_post_was_ever_published":false,"_jetpack_newsletter_access":"","_jetpack_dont_email_post_to_subs":false,"_jetpack_newsletter_tier_id":0,"_jetpack_memberships_contains_paywalled_content":false,"_jetpack_memberships_contains_paid_content":false,"footnotes":""},"categories":[95],"tags":[18920],"class_list":["post-97393","post","type-post","status-publish","format-standard","has-post-thumbnail","hentry","category-opinion","tag-el-acta-de-defuncion-y-la-tragedia-del-jet-set"],"jetpack_featured_media_url":"https:\/\/lasprimeras.com.do\/wp-content\/uploads\/2025\/04\/Pablo-Vicente.jpg","jetpack-related-posts":[{"id":96921,"url":"https:\/\/lasprimeras.com.do\/index.php\/2025\/04\/11\/fiscalia-entrega-11-vehiculos-y-otras-pertenencias-de-victimas-del-derrumbe-en-el-jet-set\/","url_meta":{"origin":97393,"position":0},"title":"Fiscal\u00eda entrega 11 veh\u00edculos y otras pertenencias de v\u00edctimas del derrumbe en el Jet Set","author":"Nelson Feliz","date":"11 de abril de 2025","format":false,"excerpt":"Entre los objetos devueltos figuran celulares, carteras, prendas y dinero en efectivo. La Fiscal\u00eda del Distrito Nacional inici\u00f3 hoy la entrega a familiares de al menos 11 veh\u00edculos que fueron trasladados del entorno de la discoteca Jet Set tras el derrumbe del techo ocurrido m\u00e1s all\u00e1 de la media noche\u2026","rel":"","context":"En \u00abJUSTICIA\u00bb","block_context":{"text":"JUSTICIA","link":"https:\/\/lasprimeras.com.do\/index.php\/category\/justicia\/"},"img":{"alt_text":"","src":"https:\/\/i0.wp.com\/lasprimeras.com.do\/wp-content\/uploads\/2025\/04\/pertenencias.jpg?resize=350%2C200&ssl=1","width":350,"height":200,"srcset":"https:\/\/i0.wp.com\/lasprimeras.com.do\/wp-content\/uploads\/2025\/04\/pertenencias.jpg?resize=350%2C200&ssl=1 1x, https:\/\/i0.wp.com\/lasprimeras.com.do\/wp-content\/uploads\/2025\/04\/pertenencias.jpg?resize=525%2C300&ssl=1 1.5x, https:\/\/i0.wp.com\/lasprimeras.com.do\/wp-content\/uploads\/2025\/04\/pertenencias.jpg?resize=700%2C400&ssl=1 2x"},"classes":[]},{"id":97002,"url":"https:\/\/lasprimeras.com.do\/index.php\/2025\/04\/13\/cespedes-martinez-atribuye-tragedia-de-jet-set-a-falta-de-supervision-del-dueno-y-la-autoridades\/","url_meta":{"origin":97393,"position":1},"title":"C\u00e9spedes Mart\u00ednez atribuye tragedia de Jet Set a falta de supervisi\u00f3n del due\u00f1o y la autoridades","author":"Nelson Feliz","date":"13 de abril de 2025","format":false,"excerpt":"El ex-procurador General de la Rep\u00fablica, V\u00edctor C\u00e9spedes Mart\u00ednez, asegur\u00f3 que la tragedia en el centro de diversi\u00f3n nocturno Jet Set, fue provocada por falta de supervisi\u00f3n y negligencia tanto del due\u00f1o como de las autoridades. C\u00e9spedes Mart\u00ednez sostuvo que en cualquier lugar donde acuden tantas personas es de obligaci\u00f3n\u2026","rel":"","context":"En \u00abNACIONALES\u00bb","block_context":{"text":"NACIONALES","link":"https:\/\/lasprimeras.com.do\/index.php\/category\/nacionales\/"},"img":{"alt_text":"V\u00edctor C\u00e9spedes Martinez","src":"https:\/\/i0.wp.com\/lasprimeras.com.do\/wp-content\/uploads\/2025\/04\/Victor-Cespedes-Martinez.jpg?resize=350%2C200&ssl=1","width":350,"height":200,"srcset":"https:\/\/i0.wp.com\/lasprimeras.com.do\/wp-content\/uploads\/2025\/04\/Victor-Cespedes-Martinez.jpg?resize=350%2C200&ssl=1 1x, https:\/\/i0.wp.com\/lasprimeras.com.do\/wp-content\/uploads\/2025\/04\/Victor-Cespedes-Martinez.jpg?resize=525%2C300&ssl=1 1.5x"},"classes":[]},{"id":97084,"url":"https:\/\/lasprimeras.com.do\/index.php\/2025\/04\/14\/sacerdote-en-villa-altagracia-cuestiona-accionar-de-las-autoridades-ante-tragedia-en-jet-set\/","url_meta":{"origin":97393,"position":2},"title":"Sacerdote en Villa Altagracia cuestiona accionar de las autoridades ante tragedia en Jet Set","author":"Nelson Feliz","date":"14 de abril de 2025","format":false,"excerpt":"Durante una homil\u00eda en la Parroquia Cristo Rey del Universo, en Villa Altagracia, el sacerdote P. Jos\u00e9 Luis Cedano cuestion\u00f3 el accionar de las autoridades judiciales ante la tragedia ocurrida en la discoteca Jet Set. El sacerdote lament\u00f3 que el poder que se gan\u00f3 con el sacrificio de Cristo hoy\u2026","rel":"","context":"En \u00abNACIONALES\u00bb","block_context":{"text":"NACIONALES","link":"https:\/\/lasprimeras.com.do\/index.php\/category\/nacionales\/"},"img":{"alt_text":"","src":"https:\/\/i0.wp.com\/lasprimeras.com.do\/wp-content\/uploads\/2025\/04\/pastor.jpg?resize=350%2C200&ssl=1","width":350,"height":200},"classes":[]},{"id":96816,"url":"https:\/\/lasprimeras.com.do\/index.php\/2025\/04\/08\/nicolas-maduro-envia-mensaje-de-condolencia-al-pais-por-tragedia-en-jet-set\/","url_meta":{"origin":97393,"position":3},"title":"Nicol\u00e1s Maduro env\u00eda mensaje de condolencia al pa\u00eds por tragedia en Jet Set","author":"Nelson Feliz","date":"8 de abril de 2025","format":false,"excerpt":"Hasta el momento, las autoridades reportan 79 fallecidos. El presidente de Venezuela, Nicol\u00e1s Maduro, expres\u00f3 sus m\u00e1s profundas condolencias por la tragedia ocurrida en la discoteca Jet Set, que ha consternado a la Rep\u00fablica Dominicana. Hasta el momento, las autoridades del Centro de Operaciones de Emergencias han confirmado 79 v\u00edctimas\u2026","rel":"","context":"En \u00abINTERNACIONALES\u00bb","block_context":{"text":"INTERNACIONALES","link":"https:\/\/lasprimeras.com.do\/index.php\/category\/sin-categoria\/internacionales\/"},"img":{"alt_text":"Nicol\u00e1s Maduro","src":"https:\/\/i0.wp.com\/lasprimeras.com.do\/wp-content\/uploads\/2025\/04\/Nicolas-Maduro.jpg?resize=350%2C200&ssl=1","width":350,"height":200,"srcset":"https:\/\/i0.wp.com\/lasprimeras.com.do\/wp-content\/uploads\/2025\/04\/Nicolas-Maduro.jpg?resize=350%2C200&ssl=1 1x, https:\/\/i0.wp.com\/lasprimeras.com.do\/wp-content\/uploads\/2025\/04\/Nicolas-Maduro.jpg?resize=525%2C300&ssl=1 1.5x, https:\/\/i0.wp.com\/lasprimeras.com.do\/wp-content\/uploads\/2025\/04\/Nicolas-Maduro.jpg?resize=700%2C400&ssl=1 2x"},"classes":[]},{"id":96848,"url":"https:\/\/lasprimeras.com.do\/index.php\/2025\/04\/09\/juan-soto-envia-condolencias-a-familiares-de-personas-afectadas-en-la-tragedia-de-discoteca-jet-set\/","url_meta":{"origin":97393,"position":4},"title":"Juan Soto env\u00eda condolencias a familiares de personas afectadas en la tragedia de Discoteca Jet Set","author":"Nelson Feliz","date":"9 de abril de 2025","format":false,"excerpt":"El pelotero de los Mets de Nueva York se une a una serie de personalidades que han expresado su dolor por lo acontecido. El jardinero de los Mets de Nueva York, Juan Soto, envi\u00f3 sus condolencias a todos los familiares de la personas afectadas en la tragedia de la madrugada\u2026","rel":"","context":"En \u00abDEPORTES\u00bb","block_context":{"text":"DEPORTES","link":"https:\/\/lasprimeras.com.do\/index.php\/category\/deportes\/"},"img":{"alt_text":"","src":"https:\/\/i0.wp.com\/lasprimeras.com.do\/wp-content\/uploads\/2025\/04\/Juan-Soto.jpg?resize=350%2C200&ssl=1","width":350,"height":200,"srcset":"https:\/\/i0.wp.com\/lasprimeras.com.do\/wp-content\/uploads\/2025\/04\/Juan-Soto.jpg?resize=350%2C200&ssl=1 1x, https:\/\/i0.wp.com\/lasprimeras.com.do\/wp-content\/uploads\/2025\/04\/Juan-Soto.jpg?resize=525%2C300&ssl=1 1.5x, https:\/\/i0.wp.com\/lasprimeras.com.do\/wp-content\/uploads\/2025\/04\/Juan-Soto.jpg?resize=700%2C400&ssl=1 2x"},"classes":[]},{"id":96795,"url":"https:\/\/lasprimeras.com.do\/index.php\/2025\/04\/08\/propietarios-de-jet-set-lamentan-tragedia-y-se-solidarizan-con-las-victimas\/","url_meta":{"origin":97393,"position":5},"title":"Propietarios de Jet Set lamentan tragedia y se solidarizan con las v\u00edctimas","author":"Nelson Feliz","date":"8 de abril de 2025","format":false,"excerpt":"-.Familia Espaillat L\u00f3pez pide no adelantarse a las investigaciones. La discoteca Jet Set y la familia Espaillat L\u00f3pez, propietaria del local, lamenta la tragedia ocurrida la madrugada de este martes en su establecimiento. \u201cNos solidarizamos con los las personas afectadas y sus familiares. Al tiempo que pedimos no adelantarnos a\u2026","rel":"","context":"En \u00abNACIONALES\u00bb","block_context":{"text":"NACIONALES","link":"https:\/\/lasprimeras.com.do\/index.php\/category\/nacionales\/"},"img":{"alt_text":"","src":"https:\/\/i0.wp.com\/lasprimeras.com.do\/wp-content\/uploads\/2025\/04\/Derrumbe-parcial-en-la-Discoteca-Jet-Set-durante-espectaculo-la-madrugada-de-este-martes.jpg?resize=350%2C200&ssl=1","width":350,"height":200,"srcset":"https:\/\/i0.wp.com\/lasprimeras.com.do\/wp-content\/uploads\/2025\/04\/Derrumbe-parcial-en-la-Discoteca-Jet-Set-durante-espectaculo-la-madrugada-de-este-martes.jpg?resize=350%2C200&ssl=1 1x, https:\/\/i0.wp.com\/lasprimeras.com.do\/wp-content\/uploads\/2025\/04\/Derrumbe-parcial-en-la-Discoteca-Jet-Set-durante-espectaculo-la-madrugada-de-este-martes.jpg?resize=525%2C300&ssl=1 1.5x, https:\/\/i0.wp.com\/lasprimeras.com.do\/wp-content\/uploads\/2025\/04\/Derrumbe-parcial-en-la-Discoteca-Jet-Set-durante-espectaculo-la-madrugada-de-este-martes.jpg?resize=700%2C400&ssl=1 2x"},"classes":[]}],"jetpack_sharing_enabled":true,"_links":{"self":[{"href":"https:\/\/lasprimeras.com.do\/index.php\/wp-json\/wp\/v2\/posts\/97393","targetHints":{"allow":["GET"]}}],"collection":[{"href":"https:\/\/lasprimeras.com.do\/index.php\/wp-json\/wp\/v2\/posts"}],"about":[{"href":"https:\/\/lasprimeras.com.do\/index.php\/wp-json\/wp\/v2\/types\/post"}],"author":[{"embeddable":true,"href":"https:\/\/lasprimeras.com.do\/index.php\/wp-json\/wp\/v2\/users\/2"}],"replies":[{"embeddable":true,"href":"https:\/\/lasprimeras.com.do\/index.php\/wp-json\/wp\/v2\/comments?post=97393"}],"version-history":[{"count":1,"href":"https:\/\/lasprimeras.com.do\/index.php\/wp-json\/wp\/v2\/posts\/97393\/revisions"}],"predecessor-version":[{"id":97395,"href":"https:\/\/lasprimeras.com.do\/index.php\/wp-json\/wp\/v2\/posts\/97393\/revisions\/97395"}],"wp:featuredmedia":[{"embeddable":true,"href":"https:\/\/lasprimeras.com.do\/index.php\/wp-json\/wp\/v2\/media\/97394"}],"wp:attachment":[{"href":"https:\/\/lasprimeras.com.do\/index.php\/wp-json\/wp\/v2\/media?parent=97393"}],"wp:term":[{"taxonomy":"category","embeddable":true,"href":"https:\/\/lasprimeras.com.do\/index.php\/wp-json\/wp\/v2\/categories?post=97393"},{"taxonomy":"post_tag","embeddable":true,"href":"https:\/\/lasprimeras.com.do\/index.php\/wp-json\/wp\/v2\/tags?post=97393"}],"curies":[{"name":"wp","href":"https:\/\/api.w.org\/{rel}","templated":true}]}}