{"id":97410,"date":"2025-04-20T13:56:02","date_gmt":"2025-04-20T17:56:02","guid":{"rendered":"https:\/\/lasprimeras.com.do\/?p=97410"},"modified":"2025-04-20T13:56:04","modified_gmt":"2025-04-20T17:56:04","slug":"a-juicio-los-asesinos-de-una-dominicana-de-44-anos-en-madrid","status":"publish","type":"post","link":"https:\/\/lasprimeras.com.do\/index.php\/2025\/04\/20\/a-juicio-los-asesinos-de-una-dominicana-de-44-anos-en-madrid\/","title":{"rendered":"A juicio los asesinos de una dominicana de 44 a\u00f1os en Madrid"},"content":{"rendered":"\n<p>MADRID,EFE.- Una mujer colombiana y su primo, de la misma nacionalidad, ser\u00e1n juzgados a partir del martes 22 de abril en Madrid, acusados de asesinar con un cuchillo a una dominicana de 44 a\u00f1os, identificada solo como Katy, quien era la responsable de un prost\u00edbulo, en un municipio de la capital de Espa\u00f1a.<\/p>\n\n\n\n<p>El crimen, seg\u00fan los investigadores de la Guardia Civil, fue por una venganza, pues Luc\u00eda fue despedida por la dominicana de 44 a\u00f1os, quien hab\u00eda sido ascendida apenas una semana antes a \u2018madame\u2019 del burdel, ubicado en localidad de Pezuela de las Torres, en el extremo oriental de Madrid.<\/p>\n\n\n\n<p>Adem\u00e1s de Luc\u00eda y su pariente, de 25 a\u00f1os, para los que la Fiscal\u00eda espa\u00f1ola pide 24 a\u00f1os de prisi\u00f3n, hay un tercer imputado. Se trata de un espa\u00f1ol de 57 a\u00f1os, que presuntamente esper\u00f3 con un veh\u00edculo a que los colombianos asesinaran a la dominicana para huir, quien se enfrenta a una condena de 10 a\u00f1os.<\/p>\n\n\n\n<p>La Fiscal\u00eda reclama tambi\u00e9n una indemnizaci\u00f3n de 100,000 euros para la pareja de la v\u00edctima y de 80,000 euros para cada uno de sus cinco hijos.<\/p>\n\n\n\n<p>Seg\u00fan las investigaciones de los agentes de Homicidios de la Guardia Civil espa\u00f1ola, fueron las desavenencias y disputas entre las dos mujeres las que desencadenaron el crimen, pues la arrestada hab\u00eda sido despedida por la v\u00edctima.<\/p>\n\n\n\n<p>LA MATARON CON UN CUCHILLO<\/p>\n\n\n\n<p>Los hechos sucedieron en febrero del 2023 en una localidad al este de Madrid, cuando los acusados accedieron al prost\u00edbulo que regenteaba la dominicana, el hombre con el rostro oculto para evitar ser identificado, seg\u00fan la acusaci\u00f3n del fiscal.<\/p>\n\n\n\n<p>Cuando localizaron la habitaci\u00f3n donde se encontraba la responsable del local, ambos \u00abse abalanzaron sobre ella de manera s\u00fabita y sorpresiva\u00bb con un cuchillo de grandes dimensiones, que le clavaron \u00abrepetidamente\u00bb en el abdomen, caus\u00e1ndole m\u00faltiples heridas que determinaron su muerte de manera casi inmediata.<\/p>\n\n\n\n<p>Tras la agresi\u00f3n los dos se subieron a un veh\u00edculo conducido por la pareja sentimental de Luc\u00eda, un espa\u00f1ol que la trasladaba a diario desde el municipio de Parla para trabajar en el club de alterne, como as\u00ed se\u00f1alaron los testigos que lo reconocieron a esa hora en el estacionamiento del club.<\/p>\n\n\n\n<p>A mediados de marzo del 2023, fue detenida la mujer de 43 a\u00f1os cuando se dispon\u00eda a coger un vuelo que la llevara hasta Colombia, su pa\u00eds de origen. El familiar de esta mujer, un hombre de 25 a\u00f1os, fue detenido en la estaci\u00f3n ferroviaria de Chamart\u00edn y el tercer individuo fue detenido en Parla.<\/p>\n\n\n\n<p>Las entradas y registros realizados permitieron localizar diversos efectos que les vinculan con la muerte violenta, entre ellos se localiz\u00f3 el arma presuntamente utilizada en el crimen y que fue remitido al laboratorio de criminal\u00edstica para su an\u00e1lisis.<\/p>\n","protected":false},"excerpt":{"rendered":"<p>MADRID,EFE.- Una mujer colombiana y su primo, de la misma nacionalidad, ser\u00e1n juzgados a partir del martes 22 de abril en Madrid, acusados de asesinar con un cuchillo a una&hellip;<\/p>\n","protected":false},"author":10,"featured_media":97411,"comment_status":"open","ping_status":"open","sticky":false,"template":"","format":"standard","meta":{"content-type":"","jetpack_post_was_ever_published":false,"_jetpack_newsletter_access":"","_jetpack_dont_email_post_to_subs":false,"_jetpack_newsletter_tier_id":0,"_jetpack_memberships_contains_paywalled_content":false,"_jetpack_memberships_contains_paid_content":false,"footnotes":""},"categories":[16289],"tags":[18928,18929,549,670],"class_list":["post-97410","post","type-post","status-publish","format-standard","has-post-thumbnail","hentry","category-internacionales","tag-a-juicio","tag-asesinos","tag-dominicana","tag-madrid"],"jetpack_featured_media_url":"https:\/\/lasprimeras.com.do\/wp-content\/uploads\/2025\/04\/mallete.png","jetpack-related-posts":[{"id":98566,"url":"https:\/\/lasprimeras.com.do\/index.php\/2025\/05\/08\/hija-de-policia-dominicana-asesinada-en-el-bronx-continua-reclamos\/","url_meta":{"origin":97410,"position":0},"title":"Hija de Polic\u00eda dominicana asesinada en El Bronx contin\u00faa reclamos","author":"Nelson Feliz","date":"8 de mayo de 2025","format":false,"excerpt":"Por Ram\u00f3n Mercedes NUEVA YORK.- G\u00e9nesis Villella, hija de la polic\u00eda dominicana Miosotis Familia, de 48 a\u00f1os, asesinada en El Bronx en julio 2017 cuando cumpl\u00eda con su deber, denunci\u00f3 que contin\u00faa reclamando los beneficios por su madre. Sostiene que lleva a\u00f1os luchando por los mismos provenientes del plan de\u2026","rel":"","context":"En \u00abINTERNACIONALES\u00bb","block_context":{"text":"INTERNACIONALES","link":"https:\/\/lasprimeras.com.do\/index.php\/category\/sin-categoria\/internacionales\/"},"img":{"alt_text":"","src":"https:\/\/i0.wp.com\/lasprimeras.com.do\/wp-content\/uploads\/2025\/05\/WhatsApp-Image-2025-05-08-at-9.22.27-AM.jpeg?resize=350%2C200&ssl=1","width":350,"height":200,"srcset":"https:\/\/i0.wp.com\/lasprimeras.com.do\/wp-content\/uploads\/2025\/05\/WhatsApp-Image-2025-05-08-at-9.22.27-AM.jpeg?resize=350%2C200&ssl=1 1x, https:\/\/i0.wp.com\/lasprimeras.com.do\/wp-content\/uploads\/2025\/05\/WhatsApp-Image-2025-05-08-at-9.22.27-AM.jpeg?resize=525%2C300&ssl=1 1.5x"},"classes":[]},{"id":96207,"url":"https:\/\/lasprimeras.com.do\/index.php\/2025\/03\/26\/prision-preventiva-contra-hombre-acusado-de-asesinar-a-su-madre-e-hija-en-sfm\/","url_meta":{"origin":97410,"position":1},"title":"Prisi\u00f3n preventiva contra hombre acusado de asesinar a su madre e hija en SFM","author":"Nelson Feliz","date":"26 de marzo de 2025","format":false,"excerpt":"La Oficina Judicial de Servicios de Atenci\u00f3n Permanente de Duarte impuso tres meses de prisi\u00f3n preventiva contra Eddy Jes\u00fas Camarena Jim\u00e9nez, imputado por el asesinato de su madre y su hija de tres a\u00f1os, as\u00ed como por tentativa de homicidio contra su expareja. La medida fue dictada a solicitud del\u2026","rel":"","context":"En \u00abJUSTICIA\u00bb","block_context":{"text":"JUSTICIA","link":"https:\/\/lasprimeras.com.do\/index.php\/category\/justicia\/"},"img":{"alt_text":"","src":"https:\/\/i0.wp.com\/lasprimeras.com.do\/wp-content\/uploads\/2025\/03\/preso.jpg?resize=350%2C200&ssl=1","width":350,"height":200,"srcset":"https:\/\/i0.wp.com\/lasprimeras.com.do\/wp-content\/uploads\/2025\/03\/preso.jpg?resize=350%2C200&ssl=1 1x, https:\/\/i0.wp.com\/lasprimeras.com.do\/wp-content\/uploads\/2025\/03\/preso.jpg?resize=525%2C300&ssl=1 1.5x, https:\/\/i0.wp.com\/lasprimeras.com.do\/wp-content\/uploads\/2025\/03\/preso.jpg?resize=700%2C400&ssl=1 2x"},"classes":[]},{"id":59248,"url":"https:\/\/lasprimeras.com.do\/index.php\/2023\/09\/01\/tragedia-de-familia-acuchillada-en-su-hogar-en-manhattan-recrudece-el-debate-sobre-la-violencia-domestica-silenciosa\/","url_meta":{"origin":97410,"position":2},"title":"Tragedia de familia acuchillada en su hogar en Manhattan recrudece el debate sobre la violencia dom\u00e9stica \u201csilenciosa\u201d","author":"Nelson Feliz","date":"1 de septiembre de 2023","format":false,"excerpt":"Ocho historias de presuntos asesinatos intrafamiliares han sacudido a Nueva York desde el pasado mes de diciembre. El caso de la familia L\u00f3pez Witek en la calle 86 y Riverside Drive todav\u00eda est\u00e1 bajo la sombra del misterio. Por Fernando Mart\u00ednez Pasan los d\u00edas y la conmoci\u00f3n, las dudas y\u2026","rel":"","context":"En \u00abSin categor\u00eda\u00bb","block_context":{"text":"Sin categor\u00eda","link":"https:\/\/lasprimeras.com.do\/index.php\/category\/sin-categoria\/"},"img":{"alt_text":"","src":"https:\/\/i0.wp.com\/lasprimeras.com.do\/wp-content\/uploads\/2023\/09\/rueda-de-prensa.jpg?resize=350%2C200&ssl=1","width":350,"height":200,"srcset":"https:\/\/i0.wp.com\/lasprimeras.com.do\/wp-content\/uploads\/2023\/09\/rueda-de-prensa.jpg?resize=350%2C200&ssl=1 1x, https:\/\/i0.wp.com\/lasprimeras.com.do\/wp-content\/uploads\/2023\/09\/rueda-de-prensa.jpg?resize=525%2C300&ssl=1 1.5x, https:\/\/i0.wp.com\/lasprimeras.com.do\/wp-content\/uploads\/2023\/09\/rueda-de-prensa.jpg?resize=700%2C400&ssl=1 2x"},"classes":[]},{"id":104252,"url":"https:\/\/lasprimeras.com.do\/index.php\/2025\/07\/22\/italia-indignacion-por-condena-de-14-anos-al-asesino-de-la-dominicana-yirelis-santana\/","url_meta":{"origin":97410,"position":3},"title":"Italia: Indignaci\u00f3n por condena de 14 a\u00f1os al asesino de la dominicana Yirelis Santana","author":"Nelson Feliz","date":"22 de julio de 2025","format":false,"excerpt":"Italia.- La condena de 14 a\u00f1os impuesta al asesino de Yirelis Pe\u00f1a Santana ha generado profunda indignaci\u00f3n entre la comunidad dominicana en Italia. La joven de 34 a\u00f1os, madre de tres hijos, fue brutalmente asesinada a pu\u00f1aladas en su apartamento de Cassino en mayo de 2023. El Tribunal de Cassino\u2026","rel":"","context":"En \u00abINTERNACIONALES\u00bb","block_context":{"text":"INTERNACIONALES","link":"https:\/\/lasprimeras.com.do\/index.php\/category\/sin-categoria\/internacionales\/"},"img":{"alt_text":"","src":"https:\/\/i0.wp.com\/lasprimeras.com.do\/wp-content\/uploads\/2025\/07\/BANNER-2CIRCULO-6.png?resize=350%2C200&ssl=1","width":350,"height":200,"srcset":"https:\/\/i0.wp.com\/lasprimeras.com.do\/wp-content\/uploads\/2025\/07\/BANNER-2CIRCULO-6.png?resize=350%2C200&ssl=1 1x, https:\/\/i0.wp.com\/lasprimeras.com.do\/wp-content\/uploads\/2025\/07\/BANNER-2CIRCULO-6.png?resize=525%2C300&ssl=1 1.5x, https:\/\/i0.wp.com\/lasprimeras.com.do\/wp-content\/uploads\/2025\/07\/BANNER-2CIRCULO-6.png?resize=700%2C400&ssl=1 2x, https:\/\/i0.wp.com\/lasprimeras.com.do\/wp-content\/uploads\/2025\/07\/BANNER-2CIRCULO-6.png?resize=1050%2C600&ssl=1 3x"},"classes":[]},{"id":52320,"url":"https:\/\/lasprimeras.com.do\/index.php\/2023\/06\/09\/policia-asesina-pareja-sentimental-este-madrugada-en-la-victoria\/","url_meta":{"origin":97410,"position":4},"title":"Miembro de la FARD asesina pareja sentimental este madrugada en La Victoria","author":"prenxa100","date":"9 de junio de 2023","format":false,"excerpt":"El miembro de la Fuerza A\u00e9rea de la Rep\u00fablica Dominicana, (FARD), Genaro Vargas Martinez de 39 a\u00f1os, mat\u00f3 a su pareja sentimental la madrugada de este viernes de un disparo en la cabeza supuestamente por celos, en el sector de La Ca\u00f1a de La Victoria municipio Santo Domingo Norte. Se\u2026","rel":"","context":"En \u00abNACIONALES\u00bb","block_context":{"text":"NACIONALES","link":"https:\/\/lasprimeras.com.do\/index.php\/category\/nacionales\/"},"img":{"alt_text":"","src":"https:\/\/i0.wp.com\/atento.com.do\/wp-content\/uploads\/2023\/06\/Genaro-Vargas-576x1024.jpg?resize=350%2C200&ssl=1","width":350,"height":200,"srcset":"https:\/\/i0.wp.com\/atento.com.do\/wp-content\/uploads\/2023\/06\/Genaro-Vargas-576x1024.jpg?resize=350%2C200&ssl=1 1x, https:\/\/i0.wp.com\/atento.com.do\/wp-content\/uploads\/2023\/06\/Genaro-Vargas-576x1024.jpg?resize=525%2C300&ssl=1 1.5x"},"classes":[]},{"id":99395,"url":"https:\/\/lasprimeras.com.do\/index.php\/2025\/05\/21\/un-asesor-del-expresidente-ucraniano-yanukovich-es-asesinado-a-tiros-frente-a-una-escuela-en-espana\/","url_meta":{"origin":97410,"position":5},"title":"Un asesor del expresidente ucraniano Yanukovich es asesinado a tiros frente a una escuela en Espa\u00f1a","author":"Nelson Feliz","date":"21 de mayo de 2025","format":false,"excerpt":"POR JOSEPH WILSON and SUMAN NAISHADHAM MADRID (AP) \u2014 Las autoridades espa\u00f1olas dijeron que un asesor del expresidente ucraniano Viktor Yanukovich fue asesinado a tiros el mi\u00e9rcoles cuando unos pistoleros lo atacaron frente a la American School de Madrid. Andrii Portnov, de 52 a\u00f1os, fue identificado como la v\u00edctima por\u2026","rel":"","context":"En \u00abINTERNACIONALES\u00bb","block_context":{"text":"INTERNACIONALES","link":"https:\/\/lasprimeras.com.do\/index.php\/category\/sin-categoria\/internacionales\/"},"img":{"alt_text":"","src":"https:\/\/i0.wp.com\/lasprimeras.com.do\/wp-content\/uploads\/2025\/05\/MUERE.jpg?resize=350%2C200&ssl=1","width":350,"height":200,"srcset":"https:\/\/i0.wp.com\/lasprimeras.com.do\/wp-content\/uploads\/2025\/05\/MUERE.jpg?resize=350%2C200&ssl=1 1x, https:\/\/i0.wp.com\/lasprimeras.com.do\/wp-content\/uploads\/2025\/05\/MUERE.jpg?resize=525%2C300&ssl=1 1.5x, https:\/\/i0.wp.com\/lasprimeras.com.do\/wp-content\/uploads\/2025\/05\/MUERE.jpg?resize=700%2C400&ssl=1 2x"},"classes":[]}],"jetpack_sharing_enabled":true,"_links":{"self":[{"href":"https:\/\/lasprimeras.com.do\/index.php\/wp-json\/wp\/v2\/posts\/97410","targetHints":{"allow":["GET"]}}],"collection":[{"href":"https:\/\/lasprimeras.com.do\/index.php\/wp-json\/wp\/v2\/posts"}],"about":[{"href":"https:\/\/lasprimeras.com.do\/index.php\/wp-json\/wp\/v2\/types\/post"}],"author":[{"embeddable":true,"href":"https:\/\/lasprimeras.com.do\/index.php\/wp-json\/wp\/v2\/users\/10"}],"replies":[{"embeddable":true,"href":"https:\/\/lasprimeras.com.do\/index.php\/wp-json\/wp\/v2\/comments?post=97410"}],"version-history":[{"count":1,"href":"https:\/\/lasprimeras.com.do\/index.php\/wp-json\/wp\/v2\/posts\/97410\/revisions"}],"predecessor-version":[{"id":97412,"href":"https:\/\/lasprimeras.com.do\/index.php\/wp-json\/wp\/v2\/posts\/97410\/revisions\/97412"}],"wp:featuredmedia":[{"embeddable":true,"href":"https:\/\/lasprimeras.com.do\/index.php\/wp-json\/wp\/v2\/media\/97411"}],"wp:attachment":[{"href":"https:\/\/lasprimeras.com.do\/index.php\/wp-json\/wp\/v2\/media?parent=97410"}],"wp:term":[{"taxonomy":"category","embeddable":true,"href":"https:\/\/lasprimeras.com.do\/index.php\/wp-json\/wp\/v2\/categories?post=97410"},{"taxonomy":"post_tag","embeddable":true,"href":"https:\/\/lasprimeras.com.do\/index.php\/wp-json\/wp\/v2\/tags?post=97410"}],"curies":[{"name":"wp","href":"https:\/\/api.w.org\/{rel}","templated":true}]}}