{"id":97413,"date":"2025-04-20T15:07:53","date_gmt":"2025-04-20T19:07:53","guid":{"rendered":"https:\/\/lasprimeras.com.do\/?p=97413"},"modified":"2025-04-20T15:07:55","modified_gmt":"2025-04-20T19:07:55","slug":"se-lamben-a-mas-dos-mil-haitianos-entre-diciembre-y-febrero-2025","status":"publish","type":"post","link":"https:\/\/lasprimeras.com.do\/index.php\/2025\/04\/20\/se-lamben-a-mas-dos-mil-haitianos-entre-diciembre-y-febrero-2025\/","title":{"rendered":"Se lamben a m\u00e1s dos mil haitianos entre diciembre y febrero 2025"},"content":{"rendered":"\n<p>Por PRENSA LATINA<\/p>\n\n\n\n<p>PUERTO PRINCIPE.- La violencia que impera en Hait\u00ed dej\u00f3 un balance de dos mil 660 muertos entre diciembre y febrero de 2025, entre ellos, 323 mujeres y 74 ni\u00f1os.<\/p>\n\n\n\n<p>Seg\u00fan un informe de la Organizaci\u00f3n de Naciones Unidas (ONU), esas muertes fueron asesinatos intencionales.<\/p>\n\n\n\n<p>Los datos representan un aumento del 41,3 por ciento en el n\u00famero de v\u00edctimas en comparaci\u00f3n con el per\u00edodo anterior, de septiembre a noviembre de 2024, seg\u00fan el texto dado a conocer por el diario Le Nouvelliste.<\/p>\n\n\n\n<p>El documento alerta que las pandillas anhelan extender su control sobre Puerto Pr\u00edncipe, donde aumentaron la presi\u00f3n, y casi pueden hacer colapsar al Estado en la capital.<\/p>\n\n\n\n<p>La Polic\u00eda Nacional de Hait\u00ed y el Ej\u00e9rcito no pueden contener la expansi\u00f3n de las bandas armadas, y el panorama es m\u00e1s sombr\u00edo sin el apoyo de la comunidad internacional, se\u00f1ala el rotativo.<\/p>\n\n\n\n<p>Este lunes ser\u00e1 la primera reuni\u00f3n del Consejo de Seguridad sobre la situaci\u00f3n en Hait\u00ed desde que los miembros recibieron la carta el 24 de febrero con recomendaciones estrat\u00e9gicas sobre las opciones de apoyo de la ONU a Hait\u00ed.<\/p>\n\n\n\n<p>En el pa\u00eds se espera que los miembros del Consejo de Seguridad expresen su preocupaci\u00f3n por la violencia desenfrenada y el r\u00e1pido deterioro de la situaci\u00f3n.<\/p>\n","protected":false},"excerpt":{"rendered":"<p>Por PRENSA LATINA PUERTO PRINCIPE.- La violencia que impera en Hait\u00ed dej\u00f3 un balance de dos mil 660 muertos entre diciembre y febrero de 2025, entre ellos, 323 mujeres y&hellip;<\/p>\n","protected":false},"author":10,"featured_media":97415,"comment_status":"open","ping_status":"open","sticky":false,"template":"","format":"standard","meta":{"content-type":"","jetpack_post_was_ever_published":false,"_jetpack_newsletter_access":"","_jetpack_dont_email_post_to_subs":false,"_jetpack_newsletter_tier_id":0,"_jetpack_memberships_contains_paywalled_content":false,"_jetpack_memberships_contains_paid_content":false,"footnotes":""},"categories":[16289],"tags":[9095,18932,18931,18930],"class_list":["post-97413","post","type-post","status-publish","format-standard","has-post-thumbnail","hentry","category-internacionales","tag-diciembre","tag-febrero-2025","tag-mas-dos-mil-haitianos","tag-se-lamben"],"jetpack_featured_media_url":"https:\/\/lasprimeras.com.do\/wp-content\/uploads\/2025\/04\/haitianos.png","jetpack-related-posts":[{"id":97414,"url":"https:\/\/lasprimeras.com.do\/index.php\/2025\/04\/20\/se-lamben-a-mas-dos-mil-haitianos-entre-diciembre-y-febrero-2025-2\/","url_meta":{"origin":97413,"position":0},"title":"Se lamben a m\u00e1s dos mil haitianos entre diciembre y febrero 2025","author":"Nelson Feliz","date":"20 de abril de 2025","format":false,"excerpt":"Por PRENSA LATINA PUERTO PRINCIPE.- La violencia que impera en Hait\u00ed dej\u00f3 un balance de dos mil 660 muertos entre diciembre y febrero de 2025, entre ellos, 323 mujeres y 74 ni\u00f1os. Seg\u00fan un informe de la Organizaci\u00f3n de Naciones Unidas (ONU), esas muertes fueron asesinatos intencionales. Los datos representan\u2026","rel":"","context":"En \u00abINTERNACIONALES\u00bb","block_context":{"text":"INTERNACIONALES","link":"https:\/\/lasprimeras.com.do\/index.php\/category\/sin-categoria\/internacionales\/"},"img":{"alt_text":"","src":"https:\/\/i0.wp.com\/lasprimeras.com.do\/wp-content\/uploads\/2025\/04\/haitianos-1.png?resize=350%2C200&ssl=1","width":350,"height":200,"srcset":"https:\/\/i0.wp.com\/lasprimeras.com.do\/wp-content\/uploads\/2025\/04\/haitianos-1.png?resize=350%2C200&ssl=1 1x, https:\/\/i0.wp.com\/lasprimeras.com.do\/wp-content\/uploads\/2025\/04\/haitianos-1.png?resize=525%2C300&ssl=1 1.5x"},"classes":[]},{"id":105365,"url":"https:\/\/lasprimeras.com.do\/index.php\/2025\/08\/03\/la-policia-haitiana-arresta-a-un-exsenador-acusado-de-colaborar-con-pandillas-para-atacar-a-una-comunidad-pacifica\/","url_meta":{"origin":97413,"position":1},"title":"La polic\u00eda haitiana arresta a un exsenador acusado de colaborar con pandillas para atacar a una comunidad pac\u00edfica","author":"Nelson Feliz","date":"3 de agosto de 2025","format":false,"excerpt":"BOGOT\u00c1, Colombia (AP) \u2014 La polic\u00eda de Hait\u00ed arrest\u00f3 a un ex senador acusado de conspirar contra el Estado y financiar organizaciones criminales. Nenel Cassy fue arrestado el s\u00e1bado mientras se encontraba en un restaurante en P\u00e9tionville, un barrio adinerado de la capital, Puerto Pr\u00edncipe, seg\u00fan inform\u00f3 la Polic\u00eda Nacional\u2026","rel":"","context":"En \u00abINTERNACIONALES\u00bb","block_context":{"text":"INTERNACIONALES","link":"https:\/\/lasprimeras.com.do\/index.php\/category\/sin-categoria\/internacionales\/"},"img":{"alt_text":"","src":"https:\/\/i0.wp.com\/lasprimeras.com.do\/wp-content\/uploads\/2025\/08\/Nenel-Cassy.jpg?resize=350%2C200&ssl=1","width":350,"height":200,"srcset":"https:\/\/i0.wp.com\/lasprimeras.com.do\/wp-content\/uploads\/2025\/08\/Nenel-Cassy.jpg?resize=350%2C200&ssl=1 1x, https:\/\/i0.wp.com\/lasprimeras.com.do\/wp-content\/uploads\/2025\/08\/Nenel-Cassy.jpg?resize=525%2C300&ssl=1 1.5x"},"classes":[]},{"id":104947,"url":"https:\/\/lasprimeras.com.do\/index.php\/2025\/07\/29\/haiti-enviara-400-policias-a-brasil-para-entrenamiento-mientras-pandillas-toman-mas-territorio\/","url_meta":{"origin":97413,"position":2},"title":"Hait\u00ed enviar\u00e1 400 polic\u00edas a Brasil para entrenamiento mientras pandillas toman m\u00e1s territorio","author":"Nelson Feliz","date":"29 de julio de 2025","format":false,"excerpt":"Por EVENS SANON PUERTO PR\u00cdNCIPE, Hait\u00ed (AP) \u2014 El gobierno de Hait\u00ed dijo el lunes que planea enviar 400 polic\u00edas a Brasil el pr\u00f3ximo mes para recibir entrenamiento mientras la violencia de pandillas abruma al atribulado pa\u00eds caribe\u00f1o. Actualmente, Hait\u00ed s\u00f3lo cuenta con unos 10.000 polic\u00edas y 1.300 soldados que\u2026","rel":"","context":"En \u00abINTERNACIONALES\u00bb","block_context":{"text":"INTERNACIONALES","link":"https:\/\/lasprimeras.com.do\/index.php\/category\/sin-categoria\/internacionales\/"},"img":{"alt_text":"","src":"https:\/\/i0.wp.com\/lasprimeras.com.do\/wp-content\/uploads\/2025\/07\/policia-haiti.jpg?resize=350%2C200&ssl=1","width":350,"height":200,"srcset":"https:\/\/i0.wp.com\/lasprimeras.com.do\/wp-content\/uploads\/2025\/07\/policia-haiti.jpg?resize=350%2C200&ssl=1 1x, https:\/\/i0.wp.com\/lasprimeras.com.do\/wp-content\/uploads\/2025\/07\/policia-haiti.jpg?resize=525%2C300&ssl=1 1.5x, https:\/\/i0.wp.com\/lasprimeras.com.do\/wp-content\/uploads\/2025\/07\/policia-haiti.jpg?resize=700%2C400&ssl=1 2x"},"classes":[]},{"id":76607,"url":"https:\/\/lasprimeras.com.do\/index.php\/2024\/02\/12\/centenares-de-desplazados-haitianos-huyen-de-la-guerra-entre-bandas\/","url_meta":{"origin":97413,"position":3},"title":"Centenares de desplazados haitianos huyen de la guerra entre bandas","author":"Nelson Feliz","date":"12 de febrero de 2024","format":false,"excerpt":"Hait\u00ed,EFE- Centenares de habitantes de Cite-Soleil, en el norte de la capital de Hait\u00ed, se vieron obligados este lunes a huir de sus barrios, debido a la creciente guerra entre bandas que se disputan el territorio. Desde hace unos d\u00edas, el grupo armado de Chen Mechan, miembro de la coalici\u00f3n\u2026","rel":"","context":"En \u00abSin categor\u00eda\u00bb","block_context":{"text":"Sin categor\u00eda","link":"https:\/\/lasprimeras.com.do\/index.php\/category\/sin-categoria\/"},"img":{"alt_text":"haitianos","src":"https:\/\/i0.wp.com\/lasprimeras.com.do\/wp-content\/uploads\/2024\/02\/haitianos.jpg?resize=350%2C200&ssl=1","width":350,"height":200,"srcset":"https:\/\/i0.wp.com\/lasprimeras.com.do\/wp-content\/uploads\/2024\/02\/haitianos.jpg?resize=350%2C200&ssl=1 1x, https:\/\/i0.wp.com\/lasprimeras.com.do\/wp-content\/uploads\/2024\/02\/haitianos.jpg?resize=525%2C300&ssl=1 1.5x, https:\/\/i0.wp.com\/lasprimeras.com.do\/wp-content\/uploads\/2024\/02\/haitianos.jpg?resize=700%2C400&ssl=1 2x"},"classes":[]},{"id":76098,"url":"https:\/\/lasprimeras.com.do\/index.php\/2024\/02\/07\/haiti-arde-con-la-llegada-de-guy-philippe-a-puerto-principe\/","url_meta":{"origin":97413,"position":4},"title":"Hait\u00ed arde con la llegada de Guy Philippe a Puerto Pr\u00edncipe","author":"Nelson Feliz","date":"7 de febrero de 2024","format":false,"excerpt":"El exconvicto llam\u00f3 a la gente a tirarse a las calles para pedir la renuncia de Henry. Se esperan manifestaciones violentas este 7 de febrero, fecha hist\u00f3rica para los haitianos PUERTO PR\u00cdNCIPE, Hait\u00ed, AP, EFE- Un exl\u00edder rebelde hizo una visita sorpresa a la capital de Hait\u00ed el martes en\u2026","rel":"","context":"En \u00abSin categor\u00eda\u00bb","block_context":{"text":"Sin categor\u00eda","link":"https:\/\/lasprimeras.com.do\/index.php\/category\/sin-categoria\/"},"img":{"alt_text":"Personas se manifiestan hoy, en las calles de Puerto Pr\u00edncipe","src":"https:\/\/i0.wp.com\/lasprimeras.com.do\/wp-content\/uploads\/2024\/02\/Personas-se-manifiestan-hoy-en-las-calles-de-Puerto-Principe-1.jpg?resize=350%2C200&ssl=1","width":350,"height":200,"srcset":"https:\/\/i0.wp.com\/lasprimeras.com.do\/wp-content\/uploads\/2024\/02\/Personas-se-manifiestan-hoy-en-las-calles-de-Puerto-Principe-1.jpg?resize=350%2C200&ssl=1 1x, https:\/\/i0.wp.com\/lasprimeras.com.do\/wp-content\/uploads\/2024\/02\/Personas-se-manifiestan-hoy-en-las-calles-de-Puerto-Principe-1.jpg?resize=525%2C300&ssl=1 1.5x, https:\/\/i0.wp.com\/lasprimeras.com.do\/wp-content\/uploads\/2024\/02\/Personas-se-manifiestan-hoy-en-las-calles-de-Puerto-Principe-1.jpg?resize=700%2C400&ssl=1 2x"},"classes":[]},{"id":82475,"url":"https:\/\/lasprimeras.com.do\/index.php\/2024\/05\/04\/lluvias-dejan-13-muertos-y-mas-de-dos-mil-casas-inundadas-en-el-norte-de-haiti\/","url_meta":{"origin":97413,"position":5},"title":"Lluvias dejan 13 muertos y m\u00e1s de dos mil casas inundadas en el norte de Hait\u00ed","author":"BIMARY DE JES\u00daS Matos","date":"4 de mayo de 2024","format":false,"excerpt":"Puerto Pr\u00edncipe.- Las autoridades de Hait\u00ed informaron este viernes que 13 personas han muerto y m\u00e1s de 2.200 casas est\u00e1n inundadas a causa de las torrenciales lluvias que en los \u00faltimos d\u00edas han afectado a Cabo Haitiano, la segunda ciudad del pa\u00eds. Doce de las v\u00edctimas murieron debido a un\u2026","rel":"","context":"En \u00abSin categor\u00eda\u00bb","block_context":{"text":"Sin categor\u00eda","link":"https:\/\/lasprimeras.com.do\/index.php\/category\/sin-categoria\/"},"img":{"alt_text":"","src":"https:\/\/i0.wp.com\/lasprimeras.com.do\/wp-content\/uploads\/2024\/05\/08-11-16-haiti-dix-morts-dans-des-crues-survenues-au-cours-du-week-end-1.jpg?resize=350%2C200&ssl=1","width":350,"height":200,"srcset":"https:\/\/i0.wp.com\/lasprimeras.com.do\/wp-content\/uploads\/2024\/05\/08-11-16-haiti-dix-morts-dans-des-crues-survenues-au-cours-du-week-end-1.jpg?resize=350%2C200&ssl=1 1x, https:\/\/i0.wp.com\/lasprimeras.com.do\/wp-content\/uploads\/2024\/05\/08-11-16-haiti-dix-morts-dans-des-crues-survenues-au-cours-du-week-end-1.jpg?resize=525%2C300&ssl=1 1.5x"},"classes":[]}],"jetpack_sharing_enabled":true,"_links":{"self":[{"href":"https:\/\/lasprimeras.com.do\/index.php\/wp-json\/wp\/v2\/posts\/97413","targetHints":{"allow":["GET"]}}],"collection":[{"href":"https:\/\/lasprimeras.com.do\/index.php\/wp-json\/wp\/v2\/posts"}],"about":[{"href":"https:\/\/lasprimeras.com.do\/index.php\/wp-json\/wp\/v2\/types\/post"}],"author":[{"embeddable":true,"href":"https:\/\/lasprimeras.com.do\/index.php\/wp-json\/wp\/v2\/users\/10"}],"replies":[{"embeddable":true,"href":"https:\/\/lasprimeras.com.do\/index.php\/wp-json\/wp\/v2\/comments?post=97413"}],"version-history":[{"count":1,"href":"https:\/\/lasprimeras.com.do\/index.php\/wp-json\/wp\/v2\/posts\/97413\/revisions"}],"predecessor-version":[{"id":97416,"href":"https:\/\/lasprimeras.com.do\/index.php\/wp-json\/wp\/v2\/posts\/97413\/revisions\/97416"}],"wp:featuredmedia":[{"embeddable":true,"href":"https:\/\/lasprimeras.com.do\/index.php\/wp-json\/wp\/v2\/media\/97415"}],"wp:attachment":[{"href":"https:\/\/lasprimeras.com.do\/index.php\/wp-json\/wp\/v2\/media?parent=97413"}],"wp:term":[{"taxonomy":"category","embeddable":true,"href":"https:\/\/lasprimeras.com.do\/index.php\/wp-json\/wp\/v2\/categories?post=97413"},{"taxonomy":"post_tag","embeddable":true,"href":"https:\/\/lasprimeras.com.do\/index.php\/wp-json\/wp\/v2\/tags?post=97413"}],"curies":[{"name":"wp","href":"https:\/\/api.w.org\/{rel}","templated":true}]}}