{"id":97430,"date":"2025-04-20T19:39:48","date_gmt":"2025-04-20T23:39:48","guid":{"rendered":"https:\/\/lasprimeras.com.do\/?p=97430"},"modified":"2025-04-20T19:39:49","modified_gmt":"2025-04-20T23:39:49","slug":"luis-abinader-el-gobierno-esta-comprometido-en-esclarecer-colapso-techo-jet-set","status":"publish","type":"post","link":"https:\/\/lasprimeras.com.do\/index.php\/2025\/04\/20\/luis-abinader-el-gobierno-esta-comprometido-en-esclarecer-colapso-techo-jet-set\/","title":{"rendered":"Luis Abinader : El Gobierno est\u00e1 comprometido en esclarecer colapso techo Jet Set"},"content":{"rendered":"\n<p>Tras el derrumbe en la discoteca Jet Set el pasado martes 8 de abril, el presidente Luis Abinader asegur\u00f3 que el Gobierno est\u00e1 comprometido a esclarecer los hechos y a prevenir que situaciones similares ocurran en el futuro.<\/p>\n\n\n\n<p>Abinader reconoci\u00f3 la existencia de un vac\u00edo legal que debe ser abordado para garantizar mayor seguridad en las infraestructuras.<\/p>\n\n\n\n<p>Admiti\u00f3 que no existe una supervisi\u00f3n obligatoria para las obras privadas, lo que representa un desaf\u00edo que debe ser atendido.<\/p>\n\n\n\n<p>El mandatario inform\u00f3 que el Ministerio de Vivienda y Edificaciones (Mived) est\u00e1 trabajando en un proyecto de ley, que busca establecer medidas m\u00e1s estrictas para la supervisi\u00f3n de infraestructuras privadas y p\u00fablicas.<\/p>\n\n\n\n<p>En otro orden, garantiz\u00f3 que el Gobierno no interferir\u00e1 en el proceso judicial relacionado con el colapso del techo de la discoteca que dej\u00f3 un saldo de 232 personas fallecidas y decenas de heridos.<\/p>\n\n\n\n<p>Luis Abinader, subray\u00f3 el compromiso de su administraci\u00f3n con el respeto a los procesos legales y la justicia, asegurando que no habr\u00e1 injerencia gubernamental en las investigaciones ni en las decisiones judiciales.<\/p>\n","protected":false},"excerpt":{"rendered":"<p>Tras el derrumbe en la discoteca Jet Set el pasado martes 8 de abril, el presidente Luis Abinader asegur\u00f3 que el Gobierno est\u00e1 comprometido a esclarecer los hechos y a&hellip;<\/p>\n","protected":false},"author":2,"featured_media":93253,"comment_status":"open","ping_status":"open","sticky":false,"template":"","format":"standard","meta":{"content-type":"","jetpack_post_was_ever_published":false,"_jetpack_newsletter_access":"","_jetpack_dont_email_post_to_subs":false,"_jetpack_newsletter_tier_id":0,"_jetpack_memberships_contains_paywalled_content":false,"_jetpack_memberships_contains_paid_content":false,"footnotes":""},"categories":[35,25],"tags":[9609,18941,171,1324,67,2067],"class_list":["post-97430","post","type-post","status-publish","format-standard","has-post-thumbnail","hentry","category-nacionales","category-portada","tag-colapso","tag-esclarecer","tag-gobierno","tag-jet-set","tag-luis-abinader","tag-techo"],"jetpack_featured_media_url":"https:\/\/lasprimeras.com.do\/wp-content\/uploads\/2025\/02\/Luis-Abinader-9.jpg","jetpack-related-posts":[{"id":97054,"url":"https:\/\/lasprimeras.com.do\/index.php\/2025\/04\/10\/presidencia-ordena-estudio-tecnico-sobre-colapso-del-jet-set\/","url_meta":{"origin":97430,"position":0},"title":"Presidencia ordena estudio t\u00e9cnico sobre colapso del Jet Set","author":"Nelson Feliz","date":"10 de abril de 2025","format":false,"excerpt":"El an\u00e1lisis estar\u00e1 a cargo de expertos nacionales e internacionales, con pleno respeto a la investigaci\u00f3n del Ministerio P\u00fablico. Tras la conclusi\u00f3n de los trabajos de b\u00fasqueda y recuperaci\u00f3n de v\u00edctimas en la discoteca Jet Set, la Presidencia de la Rep\u00fablica anunci\u00f3 la conformaci\u00f3n de un equipo t\u00e9cnico para determinar\u2026","rel":"","context":"En \u00abNACIONALES\u00bb","block_context":{"text":"NACIONALES","link":"https:\/\/lasprimeras.com.do\/index.php\/category\/nacionales\/"},"img":{"alt_text":"presidencia","src":"https:\/\/i0.wp.com\/lasprimeras.com.do\/wp-content\/uploads\/2023\/10\/presidencia.jpg?resize=350%2C200&ssl=1","width":350,"height":200,"srcset":"https:\/\/i0.wp.com\/lasprimeras.com.do\/wp-content\/uploads\/2023\/10\/presidencia.jpg?resize=350%2C200&ssl=1 1x, https:\/\/i0.wp.com\/lasprimeras.com.do\/wp-content\/uploads\/2023\/10\/presidencia.jpg?resize=525%2C300&ssl=1 1.5x"},"classes":[]},{"id":96781,"url":"https:\/\/lasprimeras.com.do\/index.php\/2025\/04\/08\/presidente-abinader-lamenta-colapso-del-techo-de-la-discoteca-jet-set\/","url_meta":{"origin":97430,"position":1},"title":"Presidente Abinader lamenta colapso del techo de la discoteca Jet Set","author":"Nelson Feliz","date":"8 de abril de 2025","format":false,"excerpt":"Organimos de socorro trabajan activamente en las labores de rescate de los afectados. El presidente Luis Abinader lament\u00f3 la tragedia ocurrida en la discoteca Jet Set en la madrugada de este martes tras el colapso del techo del centro de diversi\u00f3n ubicado en el kil\u00f3metro 6 de la avenida. \"Lamentamos\u2026","rel":"","context":"En \u00abNACIONALES\u00bb","block_context":{"text":"NACIONALES","link":"https:\/\/lasprimeras.com.do\/index.php\/category\/nacionales\/"},"img":{"alt_text":"","src":"https:\/\/i0.wp.com\/lasprimeras.com.do\/wp-content\/uploads\/2024\/02\/FOTO-PRINCIPAL-PALACIO-NACIONAL-e1708074506177.jpg?resize=350%2C200&ssl=1","width":350,"height":200,"srcset":"https:\/\/i0.wp.com\/lasprimeras.com.do\/wp-content\/uploads\/2024\/02\/FOTO-PRINCIPAL-PALACIO-NACIONAL-e1708074506177.jpg?resize=350%2C200&ssl=1 1x, https:\/\/i0.wp.com\/lasprimeras.com.do\/wp-content\/uploads\/2024\/02\/FOTO-PRINCIPAL-PALACIO-NACIONAL-e1708074506177.jpg?resize=525%2C300&ssl=1 1.5x, https:\/\/i0.wp.com\/lasprimeras.com.do\/wp-content\/uploads\/2024\/02\/FOTO-PRINCIPAL-PALACIO-NACIONAL-e1708074506177.jpg?resize=700%2C400&ssl=1 2x, https:\/\/i0.wp.com\/lasprimeras.com.do\/wp-content\/uploads\/2024\/02\/FOTO-PRINCIPAL-PALACIO-NACIONAL-e1708074506177.jpg?resize=1050%2C600&ssl=1 3x"},"classes":[]},{"id":96881,"url":"https:\/\/lasprimeras.com.do\/index.php\/2025\/04\/09\/gobierno-socorristas-entraran-en-fase-de-recuperacion-de-cadaveres-en-el-jet-set\/","url_meta":{"origin":97430,"position":2},"title":"Gobierno: Socorristas entrar\u00e1n en fase de recuperaci\u00f3n de cad\u00e1veres en el Jet Set","author":"Nelson Feliz","date":"9 de abril de 2025","format":false,"excerpt":"El Gobierno anunci\u00f3 la noche de este mi\u00e9rcoles que dentro de dos horas estar\u00e1 concluyendo la fase de b\u00fasqueda y salvamento y comenzar\u00e1 con la etapa de \"recuperaci\u00f3n de cuerpos\" dentro de la colapsada discoteca Jet Set. El comunicado fue emitido a las 7:00 de la noche, por lo que\u2026","rel":"","context":"En \u00abNACIONALES\u00bb","block_context":{"text":"NACIONALES","link":"https:\/\/lasprimeras.com.do\/index.php\/category\/nacionales\/"},"img":{"alt_text":"","src":"https:\/\/i0.wp.com\/lasprimeras.com.do\/wp-content\/uploads\/2025\/04\/Bandera-media-acta.jpg?resize=350%2C200&ssl=1","width":350,"height":200,"srcset":"https:\/\/i0.wp.com\/lasprimeras.com.do\/wp-content\/uploads\/2025\/04\/Bandera-media-acta.jpg?resize=350%2C200&ssl=1 1x, https:\/\/i0.wp.com\/lasprimeras.com.do\/wp-content\/uploads\/2025\/04\/Bandera-media-acta.jpg?resize=525%2C300&ssl=1 1.5x"},"classes":[]},{"id":96807,"url":"https:\/\/lasprimeras.com.do\/index.php\/2025\/04\/08\/instituciones-de-emergencia-estan-a-disposicion-para-salvar-vidas-en-tragedia-de-jet-set-dice-abinader\/","url_meta":{"origin":97430,"position":3},"title":"Instituciones de emergencia est\u00e1n a disposici\u00f3n para salvar vidas en tragedia de Jet Set, dice Abinader","author":"Nelson Feliz","date":"8 de abril de 2025","format":false,"excerpt":"El presidente Luis Abinader acudi\u00f3 en compa\u00f1\u00eda de la primera dama, Raquel Arbaje a las instalaciones de Jet Set, donde ocurri\u00f3 la tragedia en la madrugada de este martes tras el colapso del techo del centro de diversi\u00f3n, donde expres\u00f3 que todos los recursos e instituciones de emergencia del gobierno\u2026","rel":"","context":"En \u00abNACIONALES\u00bb","block_context":{"text":"NACIONALES","link":"https:\/\/lasprimeras.com.do\/index.php\/category\/nacionales\/"},"img":{"alt_text":"","src":"https:\/\/i0.wp.com\/lasprimeras.com.do\/wp-content\/uploads\/2025\/04\/Luis-Abinader-t.jpg?resize=350%2C200&ssl=1","width":350,"height":200,"srcset":"https:\/\/i0.wp.com\/lasprimeras.com.do\/wp-content\/uploads\/2025\/04\/Luis-Abinader-t.jpg?resize=350%2C200&ssl=1 1x, https:\/\/i0.wp.com\/lasprimeras.com.do\/wp-content\/uploads\/2025\/04\/Luis-Abinader-t.jpg?resize=525%2C300&ssl=1 1.5x, https:\/\/i0.wp.com\/lasprimeras.com.do\/wp-content\/uploads\/2025\/04\/Luis-Abinader-t.jpg?resize=700%2C400&ssl=1 2x"},"classes":[]},{"id":97097,"url":"https:\/\/lasprimeras.com.do\/index.php\/2025\/04\/15\/gerente-de-jet-set-colaborara-en-la-investigacion-sobre-derrumbe\/","url_meta":{"origin":97430,"position":4},"title":"Gerente de Jet Set colaborar\u00e1 en la Investigaci\u00f3n sobre derrumbe","author":"Nelson Feliz","date":"15 de abril de 2025","format":false,"excerpt":"El gerente de Inversiones E Y L, S.R.L., Antonio Espaillat, dijo que la empresa propietaria del centro de entretenimiento Jet Set colaborar\u00e1 de forma plena con la Procuradur\u00eda Fiscal del Distrito Nacional en la investigaci\u00f3n por el colapso estructural ocurrido en sus instalaciones. En una carta remitida a la fiscal\u2026","rel":"","context":"En \u00abNACIONALES\u00bb","block_context":{"text":"NACIONALES","link":"https:\/\/lasprimeras.com.do\/index.php\/category\/nacionales\/"},"img":{"alt_text":"Discoteca Jet Set","src":"https:\/\/i0.wp.com\/lasprimeras.com.do\/wp-content\/uploads\/2025\/04\/Discoteca-Jet-Set-12.jpg?resize=350%2C200&ssl=1","width":350,"height":200,"srcset":"https:\/\/i0.wp.com\/lasprimeras.com.do\/wp-content\/uploads\/2025\/04\/Discoteca-Jet-Set-12.jpg?resize=350%2C200&ssl=1 1x, https:\/\/i0.wp.com\/lasprimeras.com.do\/wp-content\/uploads\/2025\/04\/Discoteca-Jet-Set-12.jpg?resize=525%2C300&ssl=1 1.5x, https:\/\/i0.wp.com\/lasprimeras.com.do\/wp-content\/uploads\/2025\/04\/Discoteca-Jet-Set-12.jpg?resize=700%2C400&ssl=1 2x"},"classes":[]},{"id":96785,"url":"https:\/\/lasprimeras.com.do\/index.php\/2025\/04\/08\/abinader-confirma-la-muerte-de-gobernadora-de-montecristi-nelsy-cruz-en-la-discoteca-jet-set\/","url_meta":{"origin":97430,"position":5},"title":"Abinader confirma la muerte de gobernadora de Montecristi Nelsy Cruz en la discoteca Jet Set","author":"Nelson Feliz","date":"8 de abril de 2025","format":false,"excerpt":"\"Nos llamaron y se confirm\u00f3 que muri\u00f3 en la Plaza de la Salud\", expres\u00f3 el mandatario. El presidente de la Rep\u00fablica, Luis Abinader, confirm\u00f3 este martes el fallecimiento de la gobernadora de la provincia Montecristi, Nelsy Cruz, tras resultar herida en el colapso parcial del techo de la discoteca Jet\u2026","rel":"","context":"En \u00abNACIONALES\u00bb","block_context":{"text":"NACIONALES","link":"https:\/\/lasprimeras.com.do\/index.php\/category\/nacionales\/"},"img":{"alt_text":"","src":"https:\/\/i0.wp.com\/lasprimeras.com.do\/wp-content\/uploads\/2025\/04\/Luis-Abinader-JS.jpg?resize=350%2C200&ssl=1","width":350,"height":200},"classes":[]}],"jetpack_sharing_enabled":true,"_links":{"self":[{"href":"https:\/\/lasprimeras.com.do\/index.php\/wp-json\/wp\/v2\/posts\/97430","targetHints":{"allow":["GET"]}}],"collection":[{"href":"https:\/\/lasprimeras.com.do\/index.php\/wp-json\/wp\/v2\/posts"}],"about":[{"href":"https:\/\/lasprimeras.com.do\/index.php\/wp-json\/wp\/v2\/types\/post"}],"author":[{"embeddable":true,"href":"https:\/\/lasprimeras.com.do\/index.php\/wp-json\/wp\/v2\/users\/2"}],"replies":[{"embeddable":true,"href":"https:\/\/lasprimeras.com.do\/index.php\/wp-json\/wp\/v2\/comments?post=97430"}],"version-history":[{"count":1,"href":"https:\/\/lasprimeras.com.do\/index.php\/wp-json\/wp\/v2\/posts\/97430\/revisions"}],"predecessor-version":[{"id":97431,"href":"https:\/\/lasprimeras.com.do\/index.php\/wp-json\/wp\/v2\/posts\/97430\/revisions\/97431"}],"wp:featuredmedia":[{"embeddable":true,"href":"https:\/\/lasprimeras.com.do\/index.php\/wp-json\/wp\/v2\/media\/93253"}],"wp:attachment":[{"href":"https:\/\/lasprimeras.com.do\/index.php\/wp-json\/wp\/v2\/media?parent=97430"}],"wp:term":[{"taxonomy":"category","embeddable":true,"href":"https:\/\/lasprimeras.com.do\/index.php\/wp-json\/wp\/v2\/categories?post=97430"},{"taxonomy":"post_tag","embeddable":true,"href":"https:\/\/lasprimeras.com.do\/index.php\/wp-json\/wp\/v2\/tags?post=97430"}],"curies":[{"name":"wp","href":"https:\/\/api.w.org\/{rel}","templated":true}]}}